{"id":10003,"date":"2019-01-22T15:05:00","date_gmt":"2019-01-22T14:05:00","guid":{"rendered":"https:\/\/staging.tsp.at\/2019\/01\/22\/von-siena-london-und-plovdiv-nach-fresach\/"},"modified":"2025-10-21T14:57:32","modified_gmt":"2025-10-21T12:57:32","slug":"von-siena-london-und-plovdiv-nach-fresach","status":"publish","type":"post","link":"https:\/\/www.tsp.at\/en\/2019\/01\/22\/von-siena-london-und-plovdiv-nach-fresach\/","title":{"rendered":"Von Siena, London und Plovdiv nach Fresach"},"content":{"rendered":"<article class=\"item\">\n<h2><strong>Programm der Europ\u00e4ischen Toleranzgespr\u00e4che 2019 in Klagenfurt vorgestellt<\/strong><\/h2>\n<p>22.01.2019<\/p>\n<\/p>\n<\/p>\n<\/p>\n<\/p>\n<\/p>\n<p>Klagenfurt \u2013 In der Klagenfurt Riedergarten-Villa hat das Organisationsteam des Denk.Raum.Fresach gemeinsam mit seinen Kooperationspartnern am Dienstag 22. J\u00e4nner das Programm der Europ\u00e4ischen Toleranzgespr\u00e4che 2019 vorgestellt. Mit am Podium waren der Villacher Stadtrat Harald Sobe, Kuratoriumspr\u00e4sident Hannes Swoboda, Psychotherapeutin Margarethe Prinz-B\u00fcchl, Superintendent Manfred Sauer und PEN-Vizepr\u00e4sident Harald Kollegger.\n<\/p>\n<p>In der Vorschau wurde unter anderem festgestellt, dass die Toleranzgespr\u00e4che in diesem Jahr so international wie noch nie sind. Dichter und Denker aus \u00fcber 15 L\u00e4ndern kommen in der Woche vor Pfingsten nach K\u00e4rnten, um \u00fcber die Europ\u00e4ische Identit\u00e4t und die Ver\u00e4nderungen der globalen Kr\u00e4fteverh\u00e4ltnisse nachzudenken.\n<\/p>\n<p>F\u00fcr die Er\u00f6ffnung konnte der italienische Altphilologe Maurizio Bettini von der Universit\u00e4t Siena gewonnen werden, der \u00fcber die tr\u00fcgerischen Mythen der europ\u00e4ischen Wurzeln sprechen wird. Den Brexit und die Folgen erl\u00e4utert der Londoner Literaturwissenschafter R\u00fcdiger G\u00f6rner, aus der diesj\u00e4hrigen Kulturhauptstadt kommt \u201eEngelszungen\u201c-Autor Dimitr\u00e9 Dinev.\n<\/p>\n<p>Gastgeber in Klagenfurt war diesmal der Initiator des Kunstprojekts \u201eFor Forest\u201c, Klaus Littmann, der seine f\u00fcr September und Oktober geplante tempor\u00e4re Bauminstallation \u201eDie ungebrochene Anziehungskraft der Natur\u201c im Klagenfurter Fu\u00dfballstadium erl\u00e4uterte. (ws)<\/p>\n<\/article>\n","protected":false},"excerpt":{"rendered":"<p>Programm der Europ\u00e4ischen Toleranzgespr\u00e4che 2019 in Klagenfurt vorgestellt 22.01.2019 Klagenfurt \u2013 In der Klagenfurt Riedergarten-Villa hat das Organisationsteam des Denk.Raum.Fresach gemeinsam mit seinen Kooperationspartnern am Dienstag 22. J\u00e4nner das Programm der Europ\u00e4ischen Toleranzgespr\u00e4che 2019 vorgestellt. Mit am Podium waren der Villacher Stadtrat Harald Sobe, Kuratoriumspr\u00e4sident Hannes Swoboda, Psychotherapeutin Margarethe Prinz-B\u00fcchl, Superintendent Manfred Sauer und PEN-Vizepr\u00e4sident&hellip;<\/p>\n","protected":false},"author":2,"featured_media":10002,"comment_status":"closed","ping_status":"closed","sticky":false,"template":"","format":"standard","meta":{"footnotes":""},"categories":[3],"tags":[],"class_list":["post-10003","post","type-post","status-publish","format-standard","has-post-thumbnail","hentry","category-news","category-3","description-off"],"yoast_head":"<!-- This site is optimized with the Yoast SEO plugin v26.3 - https:\/\/yoast.com\/wordpress\/plugins\/seo\/ -->\n<title>Von Siena, London und Plovdiv nach Fresach - Temmel | Seywald - Corporate Communications<\/title>\n<meta name=\"robots\" content=\"index, follow, max-snippet:-1, max-image-preview:large, max-video-preview:-1\" \/>\n<link rel=\"canonical\" href=\"https:\/\/www.tsp.at\/en\/2019\/01\/22\/von-siena-london-und-plovdiv-nach-fresach\/\" \/>\n<meta property=\"og:locale\" content=\"en_US\" \/>\n<meta property=\"og:type\" content=\"article\" \/>\n<meta property=\"og:title\" content=\"Von Siena, London und Plovdiv nach Fresach - Temmel | Seywald - Corporate Communications\" \/>\n<meta property=\"og:description\" content=\"Programm der Europ\u00e4ischen Toleranzgespr\u00e4che 2019 in Klagenfurt vorgestellt 22.01.2019 Klagenfurt \u2013 In der Klagenfurt Riedergarten-Villa hat das Organisationsteam des Denk.Raum.Fresach gemeinsam mit seinen Kooperationspartnern am Dienstag 22. J\u00e4nner das Programm der Europ\u00e4ischen Toleranzgespr\u00e4che 2019 vorgestellt. Mit am Podium waren der Villacher Stadtrat Harald Sobe, Kuratoriumspr\u00e4sident Hannes Swoboda, Psychotherapeutin Margarethe Prinz-B\u00fcchl, Superintendent Manfred Sauer und PEN-Vizepr\u00e4sident&hellip;\" \/>\n<meta property=\"og:url\" content=\"https:\/\/www.tsp.at\/en\/2019\/01\/22\/von-siena-london-und-plovdiv-nach-fresach\/\" \/>\n<meta property=\"og:site_name\" content=\"Temmel | Seywald - Corporate Communications\" \/>\n<meta property=\"article:publisher\" content=\"https:\/\/www.facebook.com\/TemmelSeywald\" \/>\n<meta property=\"article:published_time\" content=\"2019-01-22T14:05:00+00:00\" \/>\n<meta property=\"article:modified_time\" content=\"2025-10-21T12:57:32+00:00\" \/>\n<meta property=\"og:image\" content=\"https:\/\/www.tsp.at\/wp-content\/uploads\/2025\/10\/2I8B9842-scaled.jpg\" \/>\n\t<meta property=\"og:image:width\" content=\"2560\" \/>\n\t<meta property=\"og:image:height\" content=\"1707\" \/>\n\t<meta property=\"og:image:type\" content=\"image\/jpeg\" \/>\n<meta name=\"author\" content=\"TSP Redaktion\" \/>\n<meta name=\"twitter:card\" content=\"summary_large_image\" \/>\n<meta name=\"twitter:label1\" content=\"Written by\" \/>\n\t<meta name=\"twitter:data1\" content=\"TSP Redaktion\" \/>\n\t<meta name=\"twitter:label2\" content=\"Est. reading time\" \/>\n\t<meta name=\"twitter:data2\" content=\"2 minutes\" \/>\n<script type=\"application\/ld+json\" class=\"yoast-schema-graph\">{\"@context\":\"https:\/\/schema.org\",\"@graph\":[{\"@type\":\"Article\",\"@id\":\"https:\/\/www.tsp.at\/en\/2019\/01\/22\/von-siena-london-und-plovdiv-nach-fresach\/#article\",\"isPartOf\":{\"@id\":\"https:\/\/www.tsp.at\/en\/2019\/01\/22\/von-siena-london-und-plovdiv-nach-fresach\/\"},\"author\":{\"name\":\"TSP Redaktion\",\"@id\":\"https:\/\/www.tsp.at\/en\/#\/schema\/person\/1ba5600c29da17b902b0925cea567f8a\"},\"headline\":\"Von Siena, London und Plovdiv nach Fresach\",\"datePublished\":\"2019-01-22T14:05:00+00:00\",\"dateModified\":\"2025-10-21T12:57:32+00:00\",\"mainEntityOfPage\":{\"@id\":\"https:\/\/www.tsp.at\/en\/2019\/01\/22\/von-siena-london-und-plovdiv-nach-fresach\/\"},\"wordCount\":212,\"publisher\":{\"@id\":\"https:\/\/www.tsp.at\/en\/#organization\"},\"image\":{\"@id\":\"https:\/\/www.tsp.at\/en\/2019\/01\/22\/von-siena-london-und-plovdiv-nach-fresach\/#primaryimage\"},\"thumbnailUrl\":\"https:\/\/www.tsp.at\/wp-content\/uploads\/2025\/10\/2I8B9842-scaled.jpg\",\"articleSection\":[\"News\"],\"inLanguage\":\"en-US\"},{\"@type\":\"WebPage\",\"@id\":\"https:\/\/www.tsp.at\/en\/2019\/01\/22\/von-siena-london-und-plovdiv-nach-fresach\/\",\"url\":\"https:\/\/www.tsp.at\/en\/2019\/01\/22\/von-siena-london-und-plovdiv-nach-fresach\/\",\"name\":\"Von Siena, London und Plovdiv nach Fresach - Temmel | Seywald - Corporate Communications\",\"isPartOf\":{\"@id\":\"https:\/\/www.tsp.at\/en\/#website\"},\"primaryImageOfPage\":{\"@id\":\"https:\/\/www.tsp.at\/en\/2019\/01\/22\/von-siena-london-und-plovdiv-nach-fresach\/#primaryimage\"},\"image\":{\"@id\":\"https:\/\/www.tsp.at\/en\/2019\/01\/22\/von-siena-london-und-plovdiv-nach-fresach\/#primaryimage\"},\"thumbnailUrl\":\"https:\/\/www.tsp.at\/wp-content\/uploads\/2025\/10\/2I8B9842-scaled.jpg\",\"datePublished\":\"2019-01-22T14:05:00+00:00\",\"dateModified\":\"2025-10-21T12:57:32+00:00\",\"breadcrumb\":{\"@id\":\"https:\/\/www.tsp.at\/en\/2019\/01\/22\/von-siena-london-und-plovdiv-nach-fresach\/#breadcrumb\"},\"inLanguage\":\"en-US\",\"potentialAction\":[{\"@type\":\"ReadAction\",\"target\":[\"https:\/\/www.tsp.at\/en\/2019\/01\/22\/von-siena-london-und-plovdiv-nach-fresach\/\"]}]},{\"@type\":\"ImageObject\",\"inLanguage\":\"en-US\",\"@id\":\"https:\/\/www.tsp.at\/en\/2019\/01\/22\/von-siena-london-und-plovdiv-nach-fresach\/#primaryimage\",\"url\":\"https:\/\/www.tsp.at\/wp-content\/uploads\/2025\/10\/2I8B9842-scaled.jpg\",\"contentUrl\":\"https:\/\/www.tsp.at\/wp-content\/uploads\/2025\/10\/2I8B9842-scaled.jpg\",\"width\":2560,\"height\":1707},{\"@type\":\"BreadcrumbList\",\"@id\":\"https:\/\/www.tsp.at\/en\/2019\/01\/22\/von-siena-london-und-plovdiv-nach-fresach\/#breadcrumb\",\"itemListElement\":[{\"@type\":\"ListItem\",\"position\":1,\"name\":\"Startseite\",\"item\":\"https:\/\/www.tsp.at\/en\/\"},{\"@type\":\"ListItem\",\"position\":2,\"name\":\"Von Siena, London und Plovdiv nach Fresach\"}]},{\"@type\":\"WebSite\",\"@id\":\"https:\/\/www.tsp.at\/en\/#website\",\"url\":\"https:\/\/www.tsp.at\/en\/\",\"name\":\"Temmel | Seywald - Corporate Communications\",\"description\":\"Kommunikation ist Beziehungsarbeit\",\"publisher\":{\"@id\":\"https:\/\/www.tsp.at\/en\/#organization\"},\"potentialAction\":[{\"@type\":\"SearchAction\",\"target\":{\"@type\":\"EntryPoint\",\"urlTemplate\":\"https:\/\/www.tsp.at\/en\/?s={search_term_string}\"},\"query-input\":{\"@type\":\"PropertyValueSpecification\",\"valueRequired\":true,\"valueName\":\"search_term_string\"}}],\"inLanguage\":\"en-US\"},{\"@type\":\"Organization\",\"@id\":\"https:\/\/www.tsp.at\/en\/#organization\",\"name\":\"Temmel, Seywald & Partner Communications GesmbH\",\"alternateName\":\"TSP\",\"url\":\"https:\/\/www.tsp.at\/en\/\",\"logo\":{\"@type\":\"ImageObject\",\"inLanguage\":\"en-US\",\"@id\":\"https:\/\/www.tsp.at\/en\/#\/schema\/logo\/image\/\",\"url\":\"https:\/\/www.tsp.at\/wp-content\/uploads\/2025\/10\/favicontsp.png\",\"contentUrl\":\"https:\/\/www.tsp.at\/wp-content\/uploads\/2025\/10\/favicontsp.png\",\"width\":125,\"height\":125,\"caption\":\"Temmel, Seywald & Partner Communications GesmbH\"},\"image\":{\"@id\":\"https:\/\/www.tsp.at\/en\/#\/schema\/logo\/image\/\"},\"sameAs\":[\"https:\/\/www.facebook.com\/TemmelSeywald\"]},{\"@type\":\"Person\",\"@id\":\"https:\/\/www.tsp.at\/en\/#\/schema\/person\/1ba5600c29da17b902b0925cea567f8a\",\"name\":\"TSP Redaktion\"}]}<\/script>\n<!-- \/ Yoast SEO plugin. -->","yoast_head_json":{"title":"Von Siena, London und Plovdiv nach Fresach - Temmel | Seywald - Corporate Communications","robots":{"index":"index","follow":"follow","max-snippet":"max-snippet:-1","max-image-preview":"max-image-preview:large","max-video-preview":"max-video-preview:-1"},"canonical":"https:\/\/www.tsp.at\/en\/2019\/01\/22\/von-siena-london-und-plovdiv-nach-fresach\/","og_locale":"en_US","og_type":"article","og_title":"Von Siena, London und Plovdiv nach Fresach - Temmel | Seywald - Corporate Communications","og_description":"Programm der Europ\u00e4ischen Toleranzgespr\u00e4che 2019 in Klagenfurt vorgestellt 22.01.2019 Klagenfurt \u2013 In der Klagenfurt Riedergarten-Villa hat das Organisationsteam des Denk.Raum.Fresach gemeinsam mit seinen Kooperationspartnern am Dienstag 22. J\u00e4nner das Programm der Europ\u00e4ischen Toleranzgespr\u00e4che 2019 vorgestellt. Mit am Podium waren der Villacher Stadtrat Harald Sobe, Kuratoriumspr\u00e4sident Hannes Swoboda, Psychotherapeutin Margarethe Prinz-B\u00fcchl, Superintendent Manfred Sauer und PEN-Vizepr\u00e4sident&hellip;","og_url":"https:\/\/www.tsp.at\/en\/2019\/01\/22\/von-siena-london-und-plovdiv-nach-fresach\/","og_site_name":"Temmel | Seywald - Corporate Communications","article_publisher":"https:\/\/www.facebook.com\/TemmelSeywald","article_published_time":"2019-01-22T14:05:00+00:00","article_modified_time":"2025-10-21T12:57:32+00:00","og_image":[{"width":2560,"height":1707,"url":"https:\/\/www.tsp.at\/wp-content\/uploads\/2025\/10\/2I8B9842-scaled.jpg","type":"image\/jpeg"}],"author":"TSP Redaktion","twitter_card":"summary_large_image","twitter_misc":{"Written by":"TSP Redaktion","Est. reading time":"2 minutes"},"schema":{"@context":"https:\/\/schema.org","@graph":[{"@type":"Article","@id":"https:\/\/www.tsp.at\/en\/2019\/01\/22\/von-siena-london-und-plovdiv-nach-fresach\/#article","isPartOf":{"@id":"https:\/\/www.tsp.at\/en\/2019\/01\/22\/von-siena-london-und-plovdiv-nach-fresach\/"},"author":{"name":"TSP Redaktion","@id":"https:\/\/www.tsp.at\/en\/#\/schema\/person\/1ba5600c29da17b902b0925cea567f8a"},"headline":"Von Siena, London und Plovdiv nach Fresach","datePublished":"2019-01-22T14:05:00+00:00","dateModified":"2025-10-21T12:57:32+00:00","mainEntityOfPage":{"@id":"https:\/\/www.tsp.at\/en\/2019\/01\/22\/von-siena-london-und-plovdiv-nach-fresach\/"},"wordCount":212,"publisher":{"@id":"https:\/\/www.tsp.at\/en\/#organization"},"image":{"@id":"https:\/\/www.tsp.at\/en\/2019\/01\/22\/von-siena-london-und-plovdiv-nach-fresach\/#primaryimage"},"thumbnailUrl":"https:\/\/www.tsp.at\/wp-content\/uploads\/2025\/10\/2I8B9842-scaled.jpg","articleSection":["News"],"inLanguage":"en-US"},{"@type":"WebPage","@id":"https:\/\/www.tsp.at\/en\/2019\/01\/22\/von-siena-london-und-plovdiv-nach-fresach\/","url":"https:\/\/www.tsp.at\/en\/2019\/01\/22\/von-siena-london-und-plovdiv-nach-fresach\/","name":"Von Siena, London und Plovdiv nach Fresach - Temmel | Seywald - Corporate Communications","isPartOf":{"@id":"https:\/\/www.tsp.at\/en\/#website"},"primaryImageOfPage":{"@id":"https:\/\/www.tsp.at\/en\/2019\/01\/22\/von-siena-london-und-plovdiv-nach-fresach\/#primaryimage"},"image":{"@id":"https:\/\/www.tsp.at\/en\/2019\/01\/22\/von-siena-london-und-plovdiv-nach-fresach\/#primaryimage"},"thumbnailUrl":"https:\/\/www.tsp.at\/wp-content\/uploads\/2025\/10\/2I8B9842-scaled.jpg","datePublished":"2019-01-22T14:05:00+00:00","dateModified":"2025-10-21T12:57:32+00:00","breadcrumb":{"@id":"https:\/\/www.tsp.at\/en\/2019\/01\/22\/von-siena-london-und-plovdiv-nach-fresach\/#breadcrumb"},"inLanguage":"en-US","potentialAction":[{"@type":"ReadAction","target":["https:\/\/www.tsp.at\/en\/2019\/01\/22\/von-siena-london-und-plovdiv-nach-fresach\/"]}]},{"@type":"ImageObject","inLanguage":"en-US","@id":"https:\/\/www.tsp.at\/en\/2019\/01\/22\/von-siena-london-und-plovdiv-nach-fresach\/#primaryimage","url":"https:\/\/www.tsp.at\/wp-content\/uploads\/2025\/10\/2I8B9842-scaled.jpg","contentUrl":"https:\/\/www.tsp.at\/wp-content\/uploads\/2025\/10\/2I8B9842-scaled.jpg","width":2560,"height":1707},{"@type":"BreadcrumbList","@id":"https:\/\/www.tsp.at\/en\/2019\/01\/22\/von-siena-london-und-plovdiv-nach-fresach\/#breadcrumb","itemListElement":[{"@type":"ListItem","position":1,"name":"Startseite","item":"https:\/\/www.tsp.at\/en\/"},{"@type":"ListItem","position":2,"name":"Von Siena, London und Plovdiv nach Fresach"}]},{"@type":"WebSite","@id":"https:\/\/www.tsp.at\/en\/#website","url":"https:\/\/www.tsp.at\/en\/","name":"Temmel | Seywald - Corporate Communications","description":"Kommunikation ist Beziehungsarbeit","publisher":{"@id":"https:\/\/www.tsp.at\/en\/#organization"},"potentialAction":[{"@type":"SearchAction","target":{"@type":"EntryPoint","urlTemplate":"https:\/\/www.tsp.at\/en\/?s={search_term_string}"},"query-input":{"@type":"PropertyValueSpecification","valueRequired":true,"valueName":"search_term_string"}}],"inLanguage":"en-US"},{"@type":"Organization","@id":"https:\/\/www.tsp.at\/en\/#organization","name":"Temmel, Seywald & Partner Communications GesmbH","alternateName":"TSP","url":"https:\/\/www.tsp.at\/en\/","logo":{"@type":"ImageObject","inLanguage":"en-US","@id":"https:\/\/www.tsp.at\/en\/#\/schema\/logo\/image\/","url":"https:\/\/www.tsp.at\/wp-content\/uploads\/2025\/10\/favicontsp.png","contentUrl":"https:\/\/www.tsp.at\/wp-content\/uploads\/2025\/10\/favicontsp.png","width":125,"height":125,"caption":"Temmel, Seywald & Partner Communications GesmbH"},"image":{"@id":"https:\/\/www.tsp.at\/en\/#\/schema\/logo\/image\/"},"sameAs":["https:\/\/www.facebook.com\/TemmelSeywald"]},{"@type":"Person","@id":"https:\/\/www.tsp.at\/en\/#\/schema\/person\/1ba5600c29da17b902b0925cea567f8a","name":"TSP Redaktion"}]}},"_links":{"self":[{"href":"https:\/\/www.tsp.at\/en\/wp-json\/wp\/v2\/posts\/10003","targetHints":{"allow":["GET"]}}],"collection":[{"href":"https:\/\/www.tsp.at\/en\/wp-json\/wp\/v2\/posts"}],"about":[{"href":"https:\/\/www.tsp.at\/en\/wp-json\/wp\/v2\/types\/post"}],"author":[{"embeddable":true,"href":"https:\/\/www.tsp.at\/en\/wp-json\/wp\/v2\/users\/2"}],"replies":[{"embeddable":true,"href":"https:\/\/www.tsp.at\/en\/wp-json\/wp\/v2\/comments?post=10003"}],"version-history":[{"count":1,"href":"https:\/\/www.tsp.at\/en\/wp-json\/wp\/v2\/posts\/10003\/revisions"}],"predecessor-version":[{"id":11411,"href":"https:\/\/www.tsp.at\/en\/wp-json\/wp\/v2\/posts\/10003\/revisions\/11411"}],"wp:featuredmedia":[{"embeddable":true,"href":"https:\/\/www.tsp.at\/en\/wp-json\/wp\/v2\/media\/10002"}],"wp:attachment":[{"href":"https:\/\/www.tsp.at\/en\/wp-json\/wp\/v2\/media?parent=10003"}],"wp:term":[{"taxonomy":"category","embeddable":true,"href":"https:\/\/www.tsp.at\/en\/wp-json\/wp\/v2\/categories?post=10003"},{"taxonomy":"post_tag","embeddable":true,"href":"https:\/\/www.tsp.at\/en\/wp-json\/wp\/v2\/tags?post=10003"}],"curies":[{"name":"wp","href":"https:\/\/api.w.org\/{rel}","templated":true}]}}