{"id":10035,"date":"2018-07-03T09:21:00","date_gmt":"2018-07-03T07:21:00","guid":{"rendered":"https:\/\/staging.tsp.at\/2018\/07\/03\/hotel-josefshof-am-rathaus-trennt-sich-von-accor-group\/"},"modified":"2025-10-21T14:57:34","modified_gmt":"2025-10-21T12:57:34","slug":"hotel-josefshof-am-rathaus-trennt-sich-von-accor-group","status":"publish","type":"post","link":"https:\/\/www.tsp.at\/en\/2018\/07\/03\/hotel-josefshof-am-rathaus-trennt-sich-von-accor-group\/","title":{"rendered":"Hotel Josefshof am Rathaus trennt sich von Accor Group"},"content":{"rendered":"<article class=\"item\">\n<h2><strong>G\u00e4ste suchen mehr Individualit\u00e4t und pers\u00f6nliche Note<\/strong><\/h2>\n<p>03.07.2018<\/p>\n<\/p>\n<\/p>\n<\/p>\n<\/p>\n<\/p>\n<p>Wien \u2013 <span class=\"FtxtBold\" style=\"margin-bottom: 10px;\">Das Wiener Traditionshotel Mercure Josefshof Wien am Rathaus trennt sich von der Accor-Gruppe und wird seine individuelle Note als Privathotel in der City k\u00fcnftig noch st\u00e4rker betonen. Gr\u00fcnder, Eigent\u00fcmer und Hotelier Franz Honegger will damit eine andere Kategorie von G\u00e4sten ansprechen, die mehr Individualit\u00e4t, herzlichen Service und famili\u00e4re Atmosph\u00e4re sucht. Das Hotel Josefshof am Rathaus z\u00e4hlt mit 164 Zimmern und Suiten zu den beliebtesten H\u00e4usern in der Wiener Innenstadt, viele bekannte Ton- und Unterhaltungsk\u00fcnstler sind hier zu Gast. <\/span> <a href=\"http:\/\/www.josefshof.com\" rel=\"nofollow\" target=\"_blank\">http:\/\/www.josefshof.com<\/a> <\/p>\n<p class=\"FtxtP\">Ein Wechsel zu einer anderen Hotelgruppe ist nicht geplant, Honegger will im Rahmen der Neuausrichtung des Hauses Komfort und Qualit\u00e4t weiter steigern, die Kundenzufriedenheit verbessern und die Kundenbindung weiter erh\u00f6hen. 2017 verzeichnete das Hotel Josefshof am Rathaus eine durchschnittliche Jahresbelegung von 76,2 Prozent, das B&amp;B-Hotel erwirtschaftete mit 22 Dienstnehmern \u00fcber 5 Mio. Euro Umsatz netto, Reinigung und Fr\u00fchst\u00fcck dabei ausgelagert.<\/p>\n<p class=\"FtxtP\">Gef\u00fchrt wird das Vier-Sterne-Hotel in der Wiener Josefstadt vom Musikliebhaber, S\u00e4nger (Wiener S\u00e4ngerknaben, Arnold Schoenberg Chor) und Tontechniker Franz Honegger und der Generalmanagerin Elisabeth Neubauer-Schrall, die bereits seit 1990 im Unternehmen ist, sowie einem eingeschworenen Team an langj\u00e4hrigen Mitarbeiter\/innen. Das Hotel Josefshof am Rathaus er\u00f6ffnete 1984 seine Pforten, von 1999 bis 2018 wurde es als Hotel Mercure Josefshof Wien am Rathaus gef\u00fchrt, seit 1. Juli 2018 wird es wieder als &#8220;Hotel Josefshof am Rathaus&#8221; privat gef\u00fchrt.<\/p>\n<p class=\"FtxtP\"><strong><span class=\"FtxtBold\" style=\"margin-bottom: 10px;\"> \u00dcber den Josefshof<\/span><\/strong> <br \/> Das Wiener Hotel Josefshof am Rathaus besticht durch seine zentrumsnahe, ruhige Gartenlage in unmittelbarer N\u00e4he zum Parlament, Burgtheater, Museumsviertel und Hofburg. Das im typischen Wiener Flair erbaute Hotel besteht aus zwei historischen Fin-de-Si\u00e8cle-Geb\u00e4uden, die Zimmer sind in den zwei Einrichtungsstilen &#8220;El\u00e9gance&#8221; mit Ankl\u00e4ngen an das kaiserliche Wien und &#8220;Jugendstil&#8221;, gepr\u00e4gt von der Farbe Gold, runden Formen und ber\u00fchmten Motiven, gehalten.<\/p>\n<p class=\"FtxtP\">Viele Ber\u00fchmtheiten aus der Unterhaltungsindustrie waren hier zu Gast, u.a. Autor Umberto Eco, Mode-Ikone Vivienne Westwood, Schauspieler Karl Heinz B\u00f6hm, die Pianisten Sviatoslav Richter und Friedrich Gulda, die S\u00e4nger Wolfgang Brendel oder Hubert von Goissern, Max Raabe und sein Palastorchester oder die Real Group. Zu den Besonderheiten des Hauses z\u00e4hlen sein Langschl\u00e4fer-Fr\u00fchst\u00fcck bis Mittag, Joe&#8217;s Bar mit ausgew\u00e4hlten Drinks und kleinen Snacks rund um die Uhr und der attraktive Innenhof.<\/p>\n<p class=\"FtxtP\"><strong><span class=\"FtxtBold\" style=\"margin-bottom: 10px;\"> Kontakt:<\/span><\/strong> <br \/> Elisabeth Neubauer-Schrall, General Manager<br \/> Hotel Josefshof am Rathaus, Josefsgasse 4-8, 1080 Wien<br \/> Tel. +43-1-40419, E-Mail: Elisabeth.Neubauer@josefshof.com<br \/> Web: <a href=\"http:\/\/www.josefshof.com\" rel=\"nofollow\" target=\"_blank\">http:\/\/www.josefshof.com<\/a><\/p>\n<\/article>\n","protected":false},"excerpt":{"rendered":"<p>G\u00e4ste suchen mehr Individualit\u00e4t und pers\u00f6nliche Note 03.07.2018 Wien \u2013 Das Wiener Traditionshotel Mercure Josefshof Wien am Rathaus trennt sich von der Accor-Gruppe und wird seine individuelle Note als Privathotel in der City k\u00fcnftig noch st\u00e4rker betonen. Gr\u00fcnder, Eigent\u00fcmer und Hotelier Franz Honegger will damit eine andere Kategorie von G\u00e4sten ansprechen, die mehr Individualit\u00e4t, herzlichen&hellip;<\/p>\n","protected":false},"author":2,"featured_media":10034,"comment_status":"closed","ping_status":"closed","sticky":false,"template":"","format":"standard","meta":{"footnotes":""},"categories":[3],"tags":[],"class_list":["post-10035","post","type-post","status-publish","format-standard","has-post-thumbnail","hentry","category-news","category-3","description-off"],"yoast_head":"<!-- This site is optimized with the Yoast SEO plugin v26.3 - https:\/\/yoast.com\/wordpress\/plugins\/seo\/ -->\n<title>Hotel Josefshof am Rathaus trennt sich von Accor Group - Temmel | Seywald - Corporate Communications<\/title>\n<meta name=\"robots\" content=\"index, follow, max-snippet:-1, max-image-preview:large, max-video-preview:-1\" \/>\n<link rel=\"canonical\" href=\"https:\/\/www.tsp.at\/en\/2018\/07\/03\/hotel-josefshof-am-rathaus-trennt-sich-von-accor-group\/\" \/>\n<meta property=\"og:locale\" content=\"en_US\" \/>\n<meta property=\"og:type\" content=\"article\" \/>\n<meta property=\"og:title\" content=\"Hotel Josefshof am Rathaus trennt sich von Accor Group - Temmel | Seywald - Corporate Communications\" \/>\n<meta property=\"og:description\" content=\"G\u00e4ste suchen mehr Individualit\u00e4t und pers\u00f6nliche Note 03.07.2018 Wien \u2013 Das Wiener Traditionshotel Mercure Josefshof Wien am Rathaus trennt sich von der Accor-Gruppe und wird seine individuelle Note als Privathotel in der City k\u00fcnftig noch st\u00e4rker betonen. Gr\u00fcnder, Eigent\u00fcmer und Hotelier Franz Honegger will damit eine andere Kategorie von G\u00e4sten ansprechen, die mehr Individualit\u00e4t, herzlichen&hellip;\" \/>\n<meta property=\"og:url\" content=\"https:\/\/www.tsp.at\/en\/2018\/07\/03\/hotel-josefshof-am-rathaus-trennt-sich-von-accor-group\/\" \/>\n<meta property=\"og:site_name\" content=\"Temmel | Seywald - Corporate Communications\" \/>\n<meta property=\"article:publisher\" content=\"https:\/\/www.facebook.com\/TemmelSeywald\" \/>\n<meta property=\"article:published_time\" content=\"2018-07-03T07:21:00+00:00\" \/>\n<meta property=\"article:modified_time\" content=\"2025-10-21T12:57:34+00:00\" \/>\n<meta property=\"og:image\" content=\"https:\/\/www.tsp.at\/wp-content\/uploads\/2025\/10\/Bild_Press_Hr._Honegger_1-980-m2_03.jpg\" \/>\n\t<meta property=\"og:image:width\" content=\"980\" \/>\n\t<meta property=\"og:image:height\" content=\"654\" \/>\n\t<meta property=\"og:image:type\" content=\"image\/jpeg\" \/>\n<meta name=\"author\" content=\"TSP Redaktion\" \/>\n<meta name=\"twitter:card\" content=\"summary_large_image\" \/>\n<meta name=\"twitter:label1\" content=\"Written by\" \/>\n\t<meta name=\"twitter:data1\" content=\"TSP Redaktion\" \/>\n\t<meta name=\"twitter:label2\" content=\"Est. reading time\" \/>\n\t<meta name=\"twitter:data2\" content=\"3 minutes\" \/>\n<script type=\"application\/ld+json\" class=\"yoast-schema-graph\">{\"@context\":\"https:\/\/schema.org\",\"@graph\":[{\"@type\":\"Article\",\"@id\":\"https:\/\/www.tsp.at\/en\/2018\/07\/03\/hotel-josefshof-am-rathaus-trennt-sich-von-accor-group\/#article\",\"isPartOf\":{\"@id\":\"https:\/\/www.tsp.at\/en\/2018\/07\/03\/hotel-josefshof-am-rathaus-trennt-sich-von-accor-group\/\"},\"author\":{\"name\":\"TSP Redaktion\",\"@id\":\"https:\/\/www.tsp.at\/en\/#\/schema\/person\/1ba5600c29da17b902b0925cea567f8a\"},\"headline\":\"Hotel Josefshof am Rathaus trennt sich von Accor Group\",\"datePublished\":\"2018-07-03T07:21:00+00:00\",\"dateModified\":\"2025-10-21T12:57:34+00:00\",\"mainEntityOfPage\":{\"@id\":\"https:\/\/www.tsp.at\/en\/2018\/07\/03\/hotel-josefshof-am-rathaus-trennt-sich-von-accor-group\/\"},\"wordCount\":427,\"publisher\":{\"@id\":\"https:\/\/www.tsp.at\/en\/#organization\"},\"image\":{\"@id\":\"https:\/\/www.tsp.at\/en\/2018\/07\/03\/hotel-josefshof-am-rathaus-trennt-sich-von-accor-group\/#primaryimage\"},\"thumbnailUrl\":\"https:\/\/www.tsp.at\/wp-content\/uploads\/2025\/10\/Bild_Press_Hr._Honegger_1-980-m2_03.jpg\",\"articleSection\":[\"News\"],\"inLanguage\":\"en-US\"},{\"@type\":\"WebPage\",\"@id\":\"https:\/\/www.tsp.at\/en\/2018\/07\/03\/hotel-josefshof-am-rathaus-trennt-sich-von-accor-group\/\",\"url\":\"https:\/\/www.tsp.at\/en\/2018\/07\/03\/hotel-josefshof-am-rathaus-trennt-sich-von-accor-group\/\",\"name\":\"Hotel Josefshof am Rathaus trennt sich von Accor Group - Temmel | Seywald - Corporate Communications\",\"isPartOf\":{\"@id\":\"https:\/\/www.tsp.at\/en\/#website\"},\"primaryImageOfPage\":{\"@id\":\"https:\/\/www.tsp.at\/en\/2018\/07\/03\/hotel-josefshof-am-rathaus-trennt-sich-von-accor-group\/#primaryimage\"},\"image\":{\"@id\":\"https:\/\/www.tsp.at\/en\/2018\/07\/03\/hotel-josefshof-am-rathaus-trennt-sich-von-accor-group\/#primaryimage\"},\"thumbnailUrl\":\"https:\/\/www.tsp.at\/wp-content\/uploads\/2025\/10\/Bild_Press_Hr._Honegger_1-980-m2_03.jpg\",\"datePublished\":\"2018-07-03T07:21:00+00:00\",\"dateModified\":\"2025-10-21T12:57:34+00:00\",\"breadcrumb\":{\"@id\":\"https:\/\/www.tsp.at\/en\/2018\/07\/03\/hotel-josefshof-am-rathaus-trennt-sich-von-accor-group\/#breadcrumb\"},\"inLanguage\":\"en-US\",\"potentialAction\":[{\"@type\":\"ReadAction\",\"target\":[\"https:\/\/www.tsp.at\/en\/2018\/07\/03\/hotel-josefshof-am-rathaus-trennt-sich-von-accor-group\/\"]}]},{\"@type\":\"ImageObject\",\"inLanguage\":\"en-US\",\"@id\":\"https:\/\/www.tsp.at\/en\/2018\/07\/03\/hotel-josefshof-am-rathaus-trennt-sich-von-accor-group\/#primaryimage\",\"url\":\"https:\/\/www.tsp.at\/wp-content\/uploads\/2025\/10\/Bild_Press_Hr._Honegger_1-980-m2_03.jpg\",\"contentUrl\":\"https:\/\/www.tsp.at\/wp-content\/uploads\/2025\/10\/Bild_Press_Hr._Honegger_1-980-m2_03.jpg\",\"width\":980,\"height\":654},{\"@type\":\"BreadcrumbList\",\"@id\":\"https:\/\/www.tsp.at\/en\/2018\/07\/03\/hotel-josefshof-am-rathaus-trennt-sich-von-accor-group\/#breadcrumb\",\"itemListElement\":[{\"@type\":\"ListItem\",\"position\":1,\"name\":\"Startseite\",\"item\":\"https:\/\/www.tsp.at\/en\/\"},{\"@type\":\"ListItem\",\"position\":2,\"name\":\"Hotel Josefshof am Rathaus trennt sich von Accor Group\"}]},{\"@type\":\"WebSite\",\"@id\":\"https:\/\/www.tsp.at\/en\/#website\",\"url\":\"https:\/\/www.tsp.at\/en\/\",\"name\":\"Temmel | Seywald - Corporate Communications\",\"description\":\"Kommunikation ist Beziehungsarbeit\",\"publisher\":{\"@id\":\"https:\/\/www.tsp.at\/en\/#organization\"},\"potentialAction\":[{\"@type\":\"SearchAction\",\"target\":{\"@type\":\"EntryPoint\",\"urlTemplate\":\"https:\/\/www.tsp.at\/en\/?s={search_term_string}\"},\"query-input\":{\"@type\":\"PropertyValueSpecification\",\"valueRequired\":true,\"valueName\":\"search_term_string\"}}],\"inLanguage\":\"en-US\"},{\"@type\":\"Organization\",\"@id\":\"https:\/\/www.tsp.at\/en\/#organization\",\"name\":\"Temmel, Seywald & Partner Communications GesmbH\",\"alternateName\":\"TSP\",\"url\":\"https:\/\/www.tsp.at\/en\/\",\"logo\":{\"@type\":\"ImageObject\",\"inLanguage\":\"en-US\",\"@id\":\"https:\/\/www.tsp.at\/en\/#\/schema\/logo\/image\/\",\"url\":\"https:\/\/www.tsp.at\/wp-content\/uploads\/2025\/10\/favicontsp.png\",\"contentUrl\":\"https:\/\/www.tsp.at\/wp-content\/uploads\/2025\/10\/favicontsp.png\",\"width\":125,\"height\":125,\"caption\":\"Temmel, Seywald & Partner Communications GesmbH\"},\"image\":{\"@id\":\"https:\/\/www.tsp.at\/en\/#\/schema\/logo\/image\/\"},\"sameAs\":[\"https:\/\/www.facebook.com\/TemmelSeywald\"]},{\"@type\":\"Person\",\"@id\":\"https:\/\/www.tsp.at\/en\/#\/schema\/person\/1ba5600c29da17b902b0925cea567f8a\",\"name\":\"TSP Redaktion\"}]}<\/script>\n<!-- \/ Yoast SEO plugin. -->","yoast_head_json":{"title":"Hotel Josefshof am Rathaus trennt sich von Accor Group - Temmel | Seywald - Corporate Communications","robots":{"index":"index","follow":"follow","max-snippet":"max-snippet:-1","max-image-preview":"max-image-preview:large","max-video-preview":"max-video-preview:-1"},"canonical":"https:\/\/www.tsp.at\/en\/2018\/07\/03\/hotel-josefshof-am-rathaus-trennt-sich-von-accor-group\/","og_locale":"en_US","og_type":"article","og_title":"Hotel Josefshof am Rathaus trennt sich von Accor Group - Temmel | Seywald - Corporate Communications","og_description":"G\u00e4ste suchen mehr Individualit\u00e4t und pers\u00f6nliche Note 03.07.2018 Wien \u2013 Das Wiener Traditionshotel Mercure Josefshof Wien am Rathaus trennt sich von der Accor-Gruppe und wird seine individuelle Note als Privathotel in der City k\u00fcnftig noch st\u00e4rker betonen. Gr\u00fcnder, Eigent\u00fcmer und Hotelier Franz Honegger will damit eine andere Kategorie von G\u00e4sten ansprechen, die mehr Individualit\u00e4t, herzlichen&hellip;","og_url":"https:\/\/www.tsp.at\/en\/2018\/07\/03\/hotel-josefshof-am-rathaus-trennt-sich-von-accor-group\/","og_site_name":"Temmel | Seywald - Corporate Communications","article_publisher":"https:\/\/www.facebook.com\/TemmelSeywald","article_published_time":"2018-07-03T07:21:00+00:00","article_modified_time":"2025-10-21T12:57:34+00:00","og_image":[{"width":980,"height":654,"url":"https:\/\/www.tsp.at\/wp-content\/uploads\/2025\/10\/Bild_Press_Hr._Honegger_1-980-m2_03.jpg","type":"image\/jpeg"}],"author":"TSP Redaktion","twitter_card":"summary_large_image","twitter_misc":{"Written by":"TSP Redaktion","Est. reading time":"3 minutes"},"schema":{"@context":"https:\/\/schema.org","@graph":[{"@type":"Article","@id":"https:\/\/www.tsp.at\/en\/2018\/07\/03\/hotel-josefshof-am-rathaus-trennt-sich-von-accor-group\/#article","isPartOf":{"@id":"https:\/\/www.tsp.at\/en\/2018\/07\/03\/hotel-josefshof-am-rathaus-trennt-sich-von-accor-group\/"},"author":{"name":"TSP Redaktion","@id":"https:\/\/www.tsp.at\/en\/#\/schema\/person\/1ba5600c29da17b902b0925cea567f8a"},"headline":"Hotel Josefshof am Rathaus trennt sich von Accor Group","datePublished":"2018-07-03T07:21:00+00:00","dateModified":"2025-10-21T12:57:34+00:00","mainEntityOfPage":{"@id":"https:\/\/www.tsp.at\/en\/2018\/07\/03\/hotel-josefshof-am-rathaus-trennt-sich-von-accor-group\/"},"wordCount":427,"publisher":{"@id":"https:\/\/www.tsp.at\/en\/#organization"},"image":{"@id":"https:\/\/www.tsp.at\/en\/2018\/07\/03\/hotel-josefshof-am-rathaus-trennt-sich-von-accor-group\/#primaryimage"},"thumbnailUrl":"https:\/\/www.tsp.at\/wp-content\/uploads\/2025\/10\/Bild_Press_Hr._Honegger_1-980-m2_03.jpg","articleSection":["News"],"inLanguage":"en-US"},{"@type":"WebPage","@id":"https:\/\/www.tsp.at\/en\/2018\/07\/03\/hotel-josefshof-am-rathaus-trennt-sich-von-accor-group\/","url":"https:\/\/www.tsp.at\/en\/2018\/07\/03\/hotel-josefshof-am-rathaus-trennt-sich-von-accor-group\/","name":"Hotel Josefshof am Rathaus trennt sich von Accor Group - Temmel | Seywald - Corporate Communications","isPartOf":{"@id":"https:\/\/www.tsp.at\/en\/#website"},"primaryImageOfPage":{"@id":"https:\/\/www.tsp.at\/en\/2018\/07\/03\/hotel-josefshof-am-rathaus-trennt-sich-von-accor-group\/#primaryimage"},"image":{"@id":"https:\/\/www.tsp.at\/en\/2018\/07\/03\/hotel-josefshof-am-rathaus-trennt-sich-von-accor-group\/#primaryimage"},"thumbnailUrl":"https:\/\/www.tsp.at\/wp-content\/uploads\/2025\/10\/Bild_Press_Hr._Honegger_1-980-m2_03.jpg","datePublished":"2018-07-03T07:21:00+00:00","dateModified":"2025-10-21T12:57:34+00:00","breadcrumb":{"@id":"https:\/\/www.tsp.at\/en\/2018\/07\/03\/hotel-josefshof-am-rathaus-trennt-sich-von-accor-group\/#breadcrumb"},"inLanguage":"en-US","potentialAction":[{"@type":"ReadAction","target":["https:\/\/www.tsp.at\/en\/2018\/07\/03\/hotel-josefshof-am-rathaus-trennt-sich-von-accor-group\/"]}]},{"@type":"ImageObject","inLanguage":"en-US","@id":"https:\/\/www.tsp.at\/en\/2018\/07\/03\/hotel-josefshof-am-rathaus-trennt-sich-von-accor-group\/#primaryimage","url":"https:\/\/www.tsp.at\/wp-content\/uploads\/2025\/10\/Bild_Press_Hr._Honegger_1-980-m2_03.jpg","contentUrl":"https:\/\/www.tsp.at\/wp-content\/uploads\/2025\/10\/Bild_Press_Hr._Honegger_1-980-m2_03.jpg","width":980,"height":654},{"@type":"BreadcrumbList","@id":"https:\/\/www.tsp.at\/en\/2018\/07\/03\/hotel-josefshof-am-rathaus-trennt-sich-von-accor-group\/#breadcrumb","itemListElement":[{"@type":"ListItem","position":1,"name":"Startseite","item":"https:\/\/www.tsp.at\/en\/"},{"@type":"ListItem","position":2,"name":"Hotel Josefshof am Rathaus trennt sich von Accor Group"}]},{"@type":"WebSite","@id":"https:\/\/www.tsp.at\/en\/#website","url":"https:\/\/www.tsp.at\/en\/","name":"Temmel | Seywald - Corporate Communications","description":"Kommunikation ist Beziehungsarbeit","publisher":{"@id":"https:\/\/www.tsp.at\/en\/#organization"},"potentialAction":[{"@type":"SearchAction","target":{"@type":"EntryPoint","urlTemplate":"https:\/\/www.tsp.at\/en\/?s={search_term_string}"},"query-input":{"@type":"PropertyValueSpecification","valueRequired":true,"valueName":"search_term_string"}}],"inLanguage":"en-US"},{"@type":"Organization","@id":"https:\/\/www.tsp.at\/en\/#organization","name":"Temmel, Seywald & Partner Communications GesmbH","alternateName":"TSP","url":"https:\/\/www.tsp.at\/en\/","logo":{"@type":"ImageObject","inLanguage":"en-US","@id":"https:\/\/www.tsp.at\/en\/#\/schema\/logo\/image\/","url":"https:\/\/www.tsp.at\/wp-content\/uploads\/2025\/10\/favicontsp.png","contentUrl":"https:\/\/www.tsp.at\/wp-content\/uploads\/2025\/10\/favicontsp.png","width":125,"height":125,"caption":"Temmel, Seywald & Partner Communications GesmbH"},"image":{"@id":"https:\/\/www.tsp.at\/en\/#\/schema\/logo\/image\/"},"sameAs":["https:\/\/www.facebook.com\/TemmelSeywald"]},{"@type":"Person","@id":"https:\/\/www.tsp.at\/en\/#\/schema\/person\/1ba5600c29da17b902b0925cea567f8a","name":"TSP Redaktion"}]}},"_links":{"self":[{"href":"https:\/\/www.tsp.at\/en\/wp-json\/wp\/v2\/posts\/10035","targetHints":{"allow":["GET"]}}],"collection":[{"href":"https:\/\/www.tsp.at\/en\/wp-json\/wp\/v2\/posts"}],"about":[{"href":"https:\/\/www.tsp.at\/en\/wp-json\/wp\/v2\/types\/post"}],"author":[{"embeddable":true,"href":"https:\/\/www.tsp.at\/en\/wp-json\/wp\/v2\/users\/2"}],"replies":[{"embeddable":true,"href":"https:\/\/www.tsp.at\/en\/wp-json\/wp\/v2\/comments?post=10035"}],"version-history":[{"count":1,"href":"https:\/\/www.tsp.at\/en\/wp-json\/wp\/v2\/posts\/10035\/revisions"}],"predecessor-version":[{"id":11427,"href":"https:\/\/www.tsp.at\/en\/wp-json\/wp\/v2\/posts\/10035\/revisions\/11427"}],"wp:featuredmedia":[{"embeddable":true,"href":"https:\/\/www.tsp.at\/en\/wp-json\/wp\/v2\/media\/10034"}],"wp:attachment":[{"href":"https:\/\/www.tsp.at\/en\/wp-json\/wp\/v2\/media?parent=10035"}],"wp:term":[{"taxonomy":"category","embeddable":true,"href":"https:\/\/www.tsp.at\/en\/wp-json\/wp\/v2\/categories?post=10035"},{"taxonomy":"post_tag","embeddable":true,"href":"https:\/\/www.tsp.at\/en\/wp-json\/wp\/v2\/tags?post=10035"}],"curies":[{"name":"wp","href":"https:\/\/api.w.org\/{rel}","templated":true}]}}