{"id":10039,"date":"2018-05-17T20:09:00","date_gmt":"2018-05-17T18:09:00","guid":{"rendered":"https:\/\/staging.tsp.at\/2018\/05\/17\/europaeischer-toleranzpreis-fuer-dogan-akhanli\/"},"modified":"2025-10-21T14:57:34","modified_gmt":"2025-10-21T12:57:34","slug":"europaeischer-toleranzpreis-fuer-dogan-akhanli","status":"publish","type":"post","link":"https:\/\/www.tsp.at\/en\/2018\/05\/17\/europaeischer-toleranzpreis-fuer-dogan-akhanli\/","title":{"rendered":"Europ\u00e4ischer Toleranzpreis f\u00fcr Dogan Akhanli"},"content":{"rendered":"<article class=\"item\">\n<h2><strong>Verleihung bei den Toleranzgespr\u00e4chen in Fresach<\/strong><\/h2>\n<p>17.05.2018<\/p>\n<\/p>\n<\/p>\n<\/p>\n<\/p>\n<\/p>\n<p>Fresach \u2013 <span class=\"FtxtBold\" style=\"margin-bottom: 10px;\">Der Europ\u00e4ische Toleranzpreis 2018 f\u00fcr Demokratie und Menschenrechte des \u00d6sterreichischen PEN-Club und der Stadt Villach geht an den in K\u00f6ln lebenden t\u00fcrkischen Schriftsteller Dogan Akhanli. &#8220;Die Auszeichnung erfolgt f\u00fcr seine humanistische Haltung, seinen aufrichtigen Umgang mit historischen Gewalttaten und sein uneingesch\u00fcchtert detailgenaues Schreiben&#8221;, so der PEN-Club in einer Erkl\u00e4rung. <\/span><a href=\"http:\/\/www.penclub.at\" rel=\"nofollow\" target=\"_blank\">http:\/\/www.penclub.at<\/a> <\/p>\n<p class=\"FtxtP\"><strong><span class=\"FtxtBold\" style=\"margin-bottom: 10px;\"> Willk\u00fcr und Folter am eigenen Leib erlebt<\/span><\/strong><\/p>\n<p class=\"FtxtP\">&#8220;Dogan Akhanli hat die Willk\u00fcr eines demokratiefeindlichen, autorit\u00e4ren Regimes mehrfach am eigenen Leib zu sp\u00fcren bekommen und als unbescholtener Schriftsteller, der die freie Meinungs\u00e4u\u00dferung als Menschenrecht ansieht, mehrere Gef\u00e4ngnisse in der T\u00fcrkei und j\u00fcngst eines in Spanien von innen kennengelernt, als d\u00fcrfte &#8211; in einer manipulativen Umkehr der Tatsachen &#8211; keine gute Tat unges\u00fchnt bleiben&#8221;, erkl\u00e4rte PEN-Vizepr\u00e4sident Harald Kollegger bei der Preisverleihung.<\/p>\n<p class=\"FtxtP\">Dogan Akhanli wurde 1957 in der T\u00fcrkei geboren, lebt seit 1992 in K\u00f6ln und ist deutscher Staatsb\u00fcrger. F\u00fcr seinen Kampf um Demokratie und Menschenrechte in seiner Heimat verb\u00fc\u00dfte er f\u00fcnf Jahre nach dem Milit\u00e4rputsch 1980 eine zweij\u00e4hrige Haftstrafe im Milit\u00e4rgef\u00e4ngnis von Istanbul. 2010 wurde Akhanli in der T\u00fcrkei unter dem Vorwand der Konspiration vier Monate in Untersuchungshaft genommen. Bis heute wird er von den t\u00fcrkischen Beh\u00f6rden europaweit verfolgt.<\/p>\n<p class=\"FtxtP\">\u00dcber seine j\u00fcngste Verhaftung am 19.8.2017 in Spanien hat Dogan Akhanli ein Buch mit dem Titel &#8220;Verhaftung in Granada&#8221; geschrieben. In einem anderen seiner Werke, dem dritten Band der Trilogie &#8220;Die verschwundenen Meere&#8221;, thematisierte er den V\u00f6lkermord an den Armeniern, in einem weiteren mit dem Titel &#8220;Der letzte Traum der Madonna&#8221;, die Versenkung eines Frachters mit 700 j\u00fcdischen Fl\u00fcchtlingen an Bord im Schwarzen Meer 1942 durch ein russisches U-Boot.<\/p>\n<p class=\"FtxtP\"><strong><span class=\"FtxtBold\" style=\"margin-bottom: 10px;\"> Humanistische Haltung und aufrichtiger Umgang<\/span><\/strong><\/p>\n<p class=\"FtxtP\">Der \u00f6sterreichische PEN-Club und die Stadt Villach verleihen Dogan Akhanli im Rahmen der Fresacher Toleranzgespr\u00e4che 2018, deren Er\u00f6ffnungsreferat &#8220;Sehnsucht nach Europa &#8211; Die Suche nach dem verlorenen Paradies&#8221; der verdienstvolle Autor am 17. Mai 2018 gehalten hat, f\u00fcr seine humanistische Haltung, seinen aufrichtigen Umgang mit historischen Gewalttaten und sein uneingesch\u00fcchtert detailgenaues Schreiben den Europ\u00e4ischen Toleranzpreis f\u00fcr Demokratie und Menschenrechte.<\/p>\n<p class=\"FtxtP\">Der Toleranzpreis soll k\u00fcnftig j\u00e4hrlich vergeben werden, eine individuelle Bewerbung ist nicht m\u00f6glich. Der \u00f6sterreichische PEN-Club legt Wert auf die Feststellung, dass die Statuten f\u00fcr die Suche der Auszuzeichnenden gerade erarbeitet werden und ausgeschlossen ist, dass Vertreter\/innen von Politik oder Parteien die Entscheidung beeinflussen.<\/p>\n<p class=\"FtxtP\">Fotos zur Verleihung des Toleranzpreises der Stadt Villach anl\u00e4sslich der Europ\u00e4ischen Toleranzgespr\u00e4che stehen unter <a href=\"https:\/\/fotodienst.pressetext.com\/album\/3671\" rel=\"nofollow\" target=\"_blank\">https:\/\/fotodienst.pressetext.com\/album\/3671<\/a> kostenlos als Download zur Verf\u00fcgung.<\/p>\n<p class=\"FtxtP\">Mehr Informationen zu den Europ\u00e4ischen Toleranzgespr\u00e4chen auf: <a href=\"http:\/\/www.fresach.org\" rel=\"nofollow\" target=\"_blank\">http:\/\/www.fresach.org<\/a><\/p>\n<\/article>\n","protected":false},"excerpt":{"rendered":"<p>Verleihung bei den Toleranzgespr\u00e4chen in Fresach 17.05.2018 Fresach \u2013 Der Europ\u00e4ische Toleranzpreis 2018 f\u00fcr Demokratie und Menschenrechte des \u00d6sterreichischen PEN-Club und der Stadt Villach geht an den in K\u00f6ln lebenden t\u00fcrkischen Schriftsteller Dogan Akhanli. &#8220;Die Auszeichnung erfolgt f\u00fcr seine humanistische Haltung, seinen aufrichtigen Umgang mit historischen Gewalttaten und sein uneingesch\u00fcchtert detailgenaues Schreiben&#8221;, so der PEN-Club&hellip;<\/p>\n","protected":false},"author":2,"featured_media":10038,"comment_status":"closed","ping_status":"closed","sticky":false,"template":"","format":"standard","meta":{"footnotes":""},"categories":[3],"tags":[],"class_list":["post-10039","post","type-post","status-publish","format-standard","has-post-thumbnail","hentry","category-news","category-3","description-off"],"yoast_head":"<!-- This site is optimized with the Yoast SEO plugin v26.3 - https:\/\/yoast.com\/wordpress\/plugins\/seo\/ -->\n<title>Europ\u00e4ischer Toleranzpreis f\u00fcr Dogan Akhanli - Temmel | Seywald - Corporate Communications<\/title>\n<meta name=\"robots\" content=\"index, follow, max-snippet:-1, max-image-preview:large, max-video-preview:-1\" \/>\n<link rel=\"canonical\" href=\"https:\/\/www.tsp.at\/en\/2018\/05\/17\/europaeischer-toleranzpreis-fuer-dogan-akhanli\/\" \/>\n<meta property=\"og:locale\" content=\"en_US\" \/>\n<meta property=\"og:type\" content=\"article\" \/>\n<meta property=\"og:title\" content=\"Europ\u00e4ischer Toleranzpreis f\u00fcr Dogan Akhanli - Temmel | Seywald - Corporate Communications\" \/>\n<meta property=\"og:description\" content=\"Verleihung bei den Toleranzgespr\u00e4chen in Fresach 17.05.2018 Fresach \u2013 Der Europ\u00e4ische Toleranzpreis 2018 f\u00fcr Demokratie und Menschenrechte des \u00d6sterreichischen PEN-Club und der Stadt Villach geht an den in K\u00f6ln lebenden t\u00fcrkischen Schriftsteller Dogan Akhanli. &#8220;Die Auszeichnung erfolgt f\u00fcr seine humanistische Haltung, seinen aufrichtigen Umgang mit historischen Gewalttaten und sein uneingesch\u00fcchtert detailgenaues Schreiben&#8221;, so der PEN-Club&hellip;\" \/>\n<meta property=\"og:url\" content=\"https:\/\/www.tsp.at\/en\/2018\/05\/17\/europaeischer-toleranzpreis-fuer-dogan-akhanli\/\" \/>\n<meta property=\"og:site_name\" content=\"Temmel | Seywald - Corporate Communications\" \/>\n<meta property=\"article:publisher\" content=\"https:\/\/www.facebook.com\/TemmelSeywald\" \/>\n<meta property=\"article:published_time\" content=\"2018-05-17T18:09:00+00:00\" \/>\n<meta property=\"article:modified_time\" content=\"2025-10-21T12:57:34+00:00\" \/>\n<meta property=\"og:image\" content=\"https:\/\/www.tsp.at\/wp-content\/uploads\/2025\/10\/Akhanli.jpg\" \/>\n\t<meta property=\"og:image:width\" content=\"2250\" \/>\n\t<meta property=\"og:image:height\" content=\"1601\" \/>\n\t<meta property=\"og:image:type\" content=\"image\/jpeg\" \/>\n<meta name=\"author\" content=\"TSP Redaktion\" \/>\n<meta name=\"twitter:card\" content=\"summary_large_image\" \/>\n<meta name=\"twitter:label1\" content=\"Written by\" \/>\n\t<meta name=\"twitter:data1\" content=\"TSP Redaktion\" \/>\n\t<meta name=\"twitter:label2\" content=\"Est. reading time\" \/>\n\t<meta name=\"twitter:data2\" content=\"3 minutes\" \/>\n<script type=\"application\/ld+json\" class=\"yoast-schema-graph\">{\"@context\":\"https:\/\/schema.org\",\"@graph\":[{\"@type\":\"Article\",\"@id\":\"https:\/\/www.tsp.at\/en\/2018\/05\/17\/europaeischer-toleranzpreis-fuer-dogan-akhanli\/#article\",\"isPartOf\":{\"@id\":\"https:\/\/www.tsp.at\/en\/2018\/05\/17\/europaeischer-toleranzpreis-fuer-dogan-akhanli\/\"},\"author\":{\"name\":\"TSP Redaktion\",\"@id\":\"https:\/\/www.tsp.at\/en\/#\/schema\/person\/1ba5600c29da17b902b0925cea567f8a\"},\"headline\":\"Europ\u00e4ischer Toleranzpreis f\u00fcr Dogan Akhanli\",\"datePublished\":\"2018-05-17T18:09:00+00:00\",\"dateModified\":\"2025-10-21T12:57:34+00:00\",\"mainEntityOfPage\":{\"@id\":\"https:\/\/www.tsp.at\/en\/2018\/05\/17\/europaeischer-toleranzpreis-fuer-dogan-akhanli\/\"},\"wordCount\":460,\"publisher\":{\"@id\":\"https:\/\/www.tsp.at\/en\/#organization\"},\"image\":{\"@id\":\"https:\/\/www.tsp.at\/en\/2018\/05\/17\/europaeischer-toleranzpreis-fuer-dogan-akhanli\/#primaryimage\"},\"thumbnailUrl\":\"https:\/\/www.tsp.at\/wp-content\/uploads\/2025\/10\/Akhanli.jpg\",\"articleSection\":[\"News\"],\"inLanguage\":\"en-US\"},{\"@type\":\"WebPage\",\"@id\":\"https:\/\/www.tsp.at\/en\/2018\/05\/17\/europaeischer-toleranzpreis-fuer-dogan-akhanli\/\",\"url\":\"https:\/\/www.tsp.at\/en\/2018\/05\/17\/europaeischer-toleranzpreis-fuer-dogan-akhanli\/\",\"name\":\"Europ\u00e4ischer Toleranzpreis f\u00fcr Dogan Akhanli - Temmel | Seywald - Corporate Communications\",\"isPartOf\":{\"@id\":\"https:\/\/www.tsp.at\/en\/#website\"},\"primaryImageOfPage\":{\"@id\":\"https:\/\/www.tsp.at\/en\/2018\/05\/17\/europaeischer-toleranzpreis-fuer-dogan-akhanli\/#primaryimage\"},\"image\":{\"@id\":\"https:\/\/www.tsp.at\/en\/2018\/05\/17\/europaeischer-toleranzpreis-fuer-dogan-akhanli\/#primaryimage\"},\"thumbnailUrl\":\"https:\/\/www.tsp.at\/wp-content\/uploads\/2025\/10\/Akhanli.jpg\",\"datePublished\":\"2018-05-17T18:09:00+00:00\",\"dateModified\":\"2025-10-21T12:57:34+00:00\",\"breadcrumb\":{\"@id\":\"https:\/\/www.tsp.at\/en\/2018\/05\/17\/europaeischer-toleranzpreis-fuer-dogan-akhanli\/#breadcrumb\"},\"inLanguage\":\"en-US\",\"potentialAction\":[{\"@type\":\"ReadAction\",\"target\":[\"https:\/\/www.tsp.at\/en\/2018\/05\/17\/europaeischer-toleranzpreis-fuer-dogan-akhanli\/\"]}]},{\"@type\":\"ImageObject\",\"inLanguage\":\"en-US\",\"@id\":\"https:\/\/www.tsp.at\/en\/2018\/05\/17\/europaeischer-toleranzpreis-fuer-dogan-akhanli\/#primaryimage\",\"url\":\"https:\/\/www.tsp.at\/wp-content\/uploads\/2025\/10\/Akhanli.jpg\",\"contentUrl\":\"https:\/\/www.tsp.at\/wp-content\/uploads\/2025\/10\/Akhanli.jpg\",\"width\":2250,\"height\":1601},{\"@type\":\"BreadcrumbList\",\"@id\":\"https:\/\/www.tsp.at\/en\/2018\/05\/17\/europaeischer-toleranzpreis-fuer-dogan-akhanli\/#breadcrumb\",\"itemListElement\":[{\"@type\":\"ListItem\",\"position\":1,\"name\":\"Startseite\",\"item\":\"https:\/\/www.tsp.at\/en\/\"},{\"@type\":\"ListItem\",\"position\":2,\"name\":\"Europ\u00e4ischer Toleranzpreis f\u00fcr Dogan Akhanli\"}]},{\"@type\":\"WebSite\",\"@id\":\"https:\/\/www.tsp.at\/en\/#website\",\"url\":\"https:\/\/www.tsp.at\/en\/\",\"name\":\"Temmel | Seywald - Corporate Communications\",\"description\":\"Kommunikation ist Beziehungsarbeit\",\"publisher\":{\"@id\":\"https:\/\/www.tsp.at\/en\/#organization\"},\"potentialAction\":[{\"@type\":\"SearchAction\",\"target\":{\"@type\":\"EntryPoint\",\"urlTemplate\":\"https:\/\/www.tsp.at\/en\/?s={search_term_string}\"},\"query-input\":{\"@type\":\"PropertyValueSpecification\",\"valueRequired\":true,\"valueName\":\"search_term_string\"}}],\"inLanguage\":\"en-US\"},{\"@type\":\"Organization\",\"@id\":\"https:\/\/www.tsp.at\/en\/#organization\",\"name\":\"Temmel, Seywald & Partner Communications GesmbH\",\"alternateName\":\"TSP\",\"url\":\"https:\/\/www.tsp.at\/en\/\",\"logo\":{\"@type\":\"ImageObject\",\"inLanguage\":\"en-US\",\"@id\":\"https:\/\/www.tsp.at\/en\/#\/schema\/logo\/image\/\",\"url\":\"https:\/\/www.tsp.at\/wp-content\/uploads\/2025\/10\/favicontsp.png\",\"contentUrl\":\"https:\/\/www.tsp.at\/wp-content\/uploads\/2025\/10\/favicontsp.png\",\"width\":125,\"height\":125,\"caption\":\"Temmel, Seywald & Partner Communications GesmbH\"},\"image\":{\"@id\":\"https:\/\/www.tsp.at\/en\/#\/schema\/logo\/image\/\"},\"sameAs\":[\"https:\/\/www.facebook.com\/TemmelSeywald\"]},{\"@type\":\"Person\",\"@id\":\"https:\/\/www.tsp.at\/en\/#\/schema\/person\/1ba5600c29da17b902b0925cea567f8a\",\"name\":\"TSP Redaktion\"}]}<\/script>\n<!-- \/ Yoast SEO plugin. -->","yoast_head_json":{"title":"Europ\u00e4ischer Toleranzpreis f\u00fcr Dogan Akhanli - Temmel | Seywald - Corporate Communications","robots":{"index":"index","follow":"follow","max-snippet":"max-snippet:-1","max-image-preview":"max-image-preview:large","max-video-preview":"max-video-preview:-1"},"canonical":"https:\/\/www.tsp.at\/en\/2018\/05\/17\/europaeischer-toleranzpreis-fuer-dogan-akhanli\/","og_locale":"en_US","og_type":"article","og_title":"Europ\u00e4ischer Toleranzpreis f\u00fcr Dogan Akhanli - Temmel | Seywald - Corporate Communications","og_description":"Verleihung bei den Toleranzgespr\u00e4chen in Fresach 17.05.2018 Fresach \u2013 Der Europ\u00e4ische Toleranzpreis 2018 f\u00fcr Demokratie und Menschenrechte des \u00d6sterreichischen PEN-Club und der Stadt Villach geht an den in K\u00f6ln lebenden t\u00fcrkischen Schriftsteller Dogan Akhanli. &#8220;Die Auszeichnung erfolgt f\u00fcr seine humanistische Haltung, seinen aufrichtigen Umgang mit historischen Gewalttaten und sein uneingesch\u00fcchtert detailgenaues Schreiben&#8221;, so der PEN-Club&hellip;","og_url":"https:\/\/www.tsp.at\/en\/2018\/05\/17\/europaeischer-toleranzpreis-fuer-dogan-akhanli\/","og_site_name":"Temmel | Seywald - Corporate Communications","article_publisher":"https:\/\/www.facebook.com\/TemmelSeywald","article_published_time":"2018-05-17T18:09:00+00:00","article_modified_time":"2025-10-21T12:57:34+00:00","og_image":[{"width":2250,"height":1601,"url":"https:\/\/www.tsp.at\/wp-content\/uploads\/2025\/10\/Akhanli.jpg","type":"image\/jpeg"}],"author":"TSP Redaktion","twitter_card":"summary_large_image","twitter_misc":{"Written by":"TSP Redaktion","Est. reading time":"3 minutes"},"schema":{"@context":"https:\/\/schema.org","@graph":[{"@type":"Article","@id":"https:\/\/www.tsp.at\/en\/2018\/05\/17\/europaeischer-toleranzpreis-fuer-dogan-akhanli\/#article","isPartOf":{"@id":"https:\/\/www.tsp.at\/en\/2018\/05\/17\/europaeischer-toleranzpreis-fuer-dogan-akhanli\/"},"author":{"name":"TSP Redaktion","@id":"https:\/\/www.tsp.at\/en\/#\/schema\/person\/1ba5600c29da17b902b0925cea567f8a"},"headline":"Europ\u00e4ischer Toleranzpreis f\u00fcr Dogan Akhanli","datePublished":"2018-05-17T18:09:00+00:00","dateModified":"2025-10-21T12:57:34+00:00","mainEntityOfPage":{"@id":"https:\/\/www.tsp.at\/en\/2018\/05\/17\/europaeischer-toleranzpreis-fuer-dogan-akhanli\/"},"wordCount":460,"publisher":{"@id":"https:\/\/www.tsp.at\/en\/#organization"},"image":{"@id":"https:\/\/www.tsp.at\/en\/2018\/05\/17\/europaeischer-toleranzpreis-fuer-dogan-akhanli\/#primaryimage"},"thumbnailUrl":"https:\/\/www.tsp.at\/wp-content\/uploads\/2025\/10\/Akhanli.jpg","articleSection":["News"],"inLanguage":"en-US"},{"@type":"WebPage","@id":"https:\/\/www.tsp.at\/en\/2018\/05\/17\/europaeischer-toleranzpreis-fuer-dogan-akhanli\/","url":"https:\/\/www.tsp.at\/en\/2018\/05\/17\/europaeischer-toleranzpreis-fuer-dogan-akhanli\/","name":"Europ\u00e4ischer Toleranzpreis f\u00fcr Dogan Akhanli - Temmel | Seywald - Corporate Communications","isPartOf":{"@id":"https:\/\/www.tsp.at\/en\/#website"},"primaryImageOfPage":{"@id":"https:\/\/www.tsp.at\/en\/2018\/05\/17\/europaeischer-toleranzpreis-fuer-dogan-akhanli\/#primaryimage"},"image":{"@id":"https:\/\/www.tsp.at\/en\/2018\/05\/17\/europaeischer-toleranzpreis-fuer-dogan-akhanli\/#primaryimage"},"thumbnailUrl":"https:\/\/www.tsp.at\/wp-content\/uploads\/2025\/10\/Akhanli.jpg","datePublished":"2018-05-17T18:09:00+00:00","dateModified":"2025-10-21T12:57:34+00:00","breadcrumb":{"@id":"https:\/\/www.tsp.at\/en\/2018\/05\/17\/europaeischer-toleranzpreis-fuer-dogan-akhanli\/#breadcrumb"},"inLanguage":"en-US","potentialAction":[{"@type":"ReadAction","target":["https:\/\/www.tsp.at\/en\/2018\/05\/17\/europaeischer-toleranzpreis-fuer-dogan-akhanli\/"]}]},{"@type":"ImageObject","inLanguage":"en-US","@id":"https:\/\/www.tsp.at\/en\/2018\/05\/17\/europaeischer-toleranzpreis-fuer-dogan-akhanli\/#primaryimage","url":"https:\/\/www.tsp.at\/wp-content\/uploads\/2025\/10\/Akhanli.jpg","contentUrl":"https:\/\/www.tsp.at\/wp-content\/uploads\/2025\/10\/Akhanli.jpg","width":2250,"height":1601},{"@type":"BreadcrumbList","@id":"https:\/\/www.tsp.at\/en\/2018\/05\/17\/europaeischer-toleranzpreis-fuer-dogan-akhanli\/#breadcrumb","itemListElement":[{"@type":"ListItem","position":1,"name":"Startseite","item":"https:\/\/www.tsp.at\/en\/"},{"@type":"ListItem","position":2,"name":"Europ\u00e4ischer Toleranzpreis f\u00fcr Dogan Akhanli"}]},{"@type":"WebSite","@id":"https:\/\/www.tsp.at\/en\/#website","url":"https:\/\/www.tsp.at\/en\/","name":"Temmel | Seywald - Corporate Communications","description":"Kommunikation ist Beziehungsarbeit","publisher":{"@id":"https:\/\/www.tsp.at\/en\/#organization"},"potentialAction":[{"@type":"SearchAction","target":{"@type":"EntryPoint","urlTemplate":"https:\/\/www.tsp.at\/en\/?s={search_term_string}"},"query-input":{"@type":"PropertyValueSpecification","valueRequired":true,"valueName":"search_term_string"}}],"inLanguage":"en-US"},{"@type":"Organization","@id":"https:\/\/www.tsp.at\/en\/#organization","name":"Temmel, Seywald & Partner Communications GesmbH","alternateName":"TSP","url":"https:\/\/www.tsp.at\/en\/","logo":{"@type":"ImageObject","inLanguage":"en-US","@id":"https:\/\/www.tsp.at\/en\/#\/schema\/logo\/image\/","url":"https:\/\/www.tsp.at\/wp-content\/uploads\/2025\/10\/favicontsp.png","contentUrl":"https:\/\/www.tsp.at\/wp-content\/uploads\/2025\/10\/favicontsp.png","width":125,"height":125,"caption":"Temmel, Seywald & Partner Communications GesmbH"},"image":{"@id":"https:\/\/www.tsp.at\/en\/#\/schema\/logo\/image\/"},"sameAs":["https:\/\/www.facebook.com\/TemmelSeywald"]},{"@type":"Person","@id":"https:\/\/www.tsp.at\/en\/#\/schema\/person\/1ba5600c29da17b902b0925cea567f8a","name":"TSP Redaktion"}]}},"_links":{"self":[{"href":"https:\/\/www.tsp.at\/en\/wp-json\/wp\/v2\/posts\/10039","targetHints":{"allow":["GET"]}}],"collection":[{"href":"https:\/\/www.tsp.at\/en\/wp-json\/wp\/v2\/posts"}],"about":[{"href":"https:\/\/www.tsp.at\/en\/wp-json\/wp\/v2\/types\/post"}],"author":[{"embeddable":true,"href":"https:\/\/www.tsp.at\/en\/wp-json\/wp\/v2\/users\/2"}],"replies":[{"embeddable":true,"href":"https:\/\/www.tsp.at\/en\/wp-json\/wp\/v2\/comments?post=10039"}],"version-history":[{"count":1,"href":"https:\/\/www.tsp.at\/en\/wp-json\/wp\/v2\/posts\/10039\/revisions"}],"predecessor-version":[{"id":11429,"href":"https:\/\/www.tsp.at\/en\/wp-json\/wp\/v2\/posts\/10039\/revisions\/11429"}],"wp:featuredmedia":[{"embeddable":true,"href":"https:\/\/www.tsp.at\/en\/wp-json\/wp\/v2\/media\/10038"}],"wp:attachment":[{"href":"https:\/\/www.tsp.at\/en\/wp-json\/wp\/v2\/media?parent=10039"}],"wp:term":[{"taxonomy":"category","embeddable":true,"href":"https:\/\/www.tsp.at\/en\/wp-json\/wp\/v2\/categories?post=10039"},{"taxonomy":"post_tag","embeddable":true,"href":"https:\/\/www.tsp.at\/en\/wp-json\/wp\/v2\/tags?post=10039"}],"curies":[{"name":"wp","href":"https:\/\/api.w.org\/{rel}","templated":true}]}}