{"id":10043,"date":"2018-04-26T10:59:00","date_gmt":"2018-04-26T08:59:00","guid":{"rendered":"https:\/\/staging.tsp.at\/2018\/04\/26\/tourismusforum-villach-zu-den-grenzen-des-wachstums\/"},"modified":"2025-10-21T14:57:34","modified_gmt":"2025-10-21T12:57:34","slug":"tourismusforum-villach-zu-den-grenzen-des-wachstums","status":"publish","type":"post","link":"https:\/\/www.tsp.at\/en\/2018\/04\/26\/tourismusforum-villach-zu-den-grenzen-des-wachstums\/","title":{"rendered":"Tourismusforum Villach zu den Grenzen des Wachstums"},"content":{"rendered":"<article class=\"item\">\n<h2><strong>Paradise Day im Rahmen der Europ\u00e4ischen Toleranzgespr\u00e4che 2018<\/strong><\/h2>\n<p>26.04.2018<\/p>\n<\/p>\n<\/p>\n<\/p>\n<\/p>\n<\/p>\n<p>Villach \u2013 <strong>Venedig, Barcelona, Mallorca oder Salzburg: Tourismusdestinationen mit Weltruf, aber auch hoffnungslos \u00fcberrannt &#8211; so sehr, dass sich inzwischen \u00c4rger und Widerstand regt. Wieviel Tourismus kann der Einheimische ertragen, wann ist genug genug? Diese Fragen stehen im Mittelpunkt des Tourismusforums &#8220;Paradise Day&#8221; im Rahmen der Europ\u00e4ischen Toleranzgespr\u00e4che am 16. Mai ab (13.30 bis 17.30 Uhr) im Hotel Holiday Inn Villach. Hier kommen Tourismuskritiker ebenso wie Touristiker und Marketingfachleute zu Wort. <a href=\"http:\/\/www.fresach.org\" target=\"_blank\">http:\/\/www.fresach.org<\/a> <\/strong> <\/p>\n<p><strong>Paradise lost?<\/strong> <br \/>Wenn Tourismus an seine Grenzen st\u00f6\u00dft\n<\/p>\n<p>Das Tourismusforum in Villach ist den &#8220;Grenzen des Wachstums&#8221; und den Zukunftsperspektiven einer weiterhin weltweit boomenden Branche gewidmet. Es wird mit einer Keynote der Hamburger Zukunftsforscherin Birgit Gebhardt er\u00f6ffnet, die \u00fcber das Ende des Tourismus, wie wir ihn heute kennen, sprechen wird. Anhand von Daten und Fakten und den gesellschaftlichen Ver\u00e4nderungen, wird sie aufzeigen, warum wir die (touristische) Zukunft v\u00f6llig neu denken und definieren m\u00fcssen. Zuvor wird der Wissenschaftshistoriker Werner Koroschitz einen R\u00fcckblick in die Entwicklung des Tourismus in K\u00e4rnten geben.\n<\/p>\n<p><strong>Paradise now!<\/strong> <br \/>Planet Erde: Wie wir morgen reisen\n<\/p>\n<p>Im zweiten Teil des Nachmittags wird der Salzburger Tourismusforscher und Kommunikationswissenschafter Kurt Robert Luger \u00fcber die zerst\u00f6rerischen Auswirkungen fehlgeleiteter Touristenstr\u00f6me im Alpenraum referieren und wie diese zuk\u00fcnftig besser gef\u00fchrt werden k\u00f6nnen. So gut wie jeder kann sich mit dem Motto &#8220;Love Travelling, Hate Tourism&#8221; anfreunden, aber was bedeutet dies in der Praxis? In der anschlie\u00dfenden Podiumsdiskussion geht es um &#8220;Die \u00dcberwindung der Schwerkraft und wie wir morgen reisen&#8221;. Den Part der Schwerelosigkeit durch k\u00fcnftig m\u00f6gliche Reisen ins All werden dabei die Weltraumforscher Bruno Besser und Ren\u00e9 Waclavicek \u00fcbernehmen.\n<\/p>\n<p>Das Tourismusforum ist eine Kooperation des Denk.Raum.Fresach mit dem Travel Industry Club Austria und der Tourismus Region Villach GmbH.\n<\/p>\n<p><strong>Organisation: <\/strong>Dr. Wilfried Seywald, Tel. 0699-18114006, presse@fresach.org<br \/>Weitere Highlights: <a href=\"http:\/\/www.fresach.org\" target=\"_blank\">http:\/\/www.fresach.org<\/a> | Twitter: #ETG2018\n<\/p>\n<p><strong>Anmeldungen:<\/strong> tourismusinformation.stadt@villach.at<br \/>Tagungsbeitrag: 30 Eur | F\u00fcr Mitglieder der Tourismusverb\u00e4nde in der Region freier Eintritt!<\/p>\n<\/article>\n","protected":false},"excerpt":{"rendered":"<p>Paradise Day im Rahmen der Europ\u00e4ischen Toleranzgespr\u00e4che 2018 26.04.2018 Villach \u2013 Venedig, Barcelona, Mallorca oder Salzburg: Tourismusdestinationen mit Weltruf, aber auch hoffnungslos \u00fcberrannt &#8211; so sehr, dass sich inzwischen \u00c4rger und Widerstand regt. Wieviel Tourismus kann der Einheimische ertragen, wann ist genug genug? Diese Fragen stehen im Mittelpunkt des Tourismusforums &#8220;Paradise Day&#8221; im Rahmen der&hellip;<\/p>\n","protected":false},"author":2,"featured_media":10042,"comment_status":"closed","ping_status":"closed","sticky":false,"template":"","format":"standard","meta":{"footnotes":""},"categories":[3],"tags":[],"class_list":["post-10043","post","type-post","status-publish","format-standard","has-post-thumbnail","hentry","category-news","category-3","description-off"],"yoast_head":"<!-- This site is optimized with the Yoast SEO plugin v26.3 - https:\/\/yoast.com\/wordpress\/plugins\/seo\/ -->\n<title>Tourismusforum Villach zu den Grenzen des Wachstums - Temmel | Seywald - Corporate Communications<\/title>\n<meta name=\"robots\" content=\"index, follow, max-snippet:-1, max-image-preview:large, max-video-preview:-1\" \/>\n<link rel=\"canonical\" href=\"https:\/\/www.tsp.at\/en\/2018\/04\/26\/tourismusforum-villach-zu-den-grenzen-des-wachstums\/\" \/>\n<meta property=\"og:locale\" content=\"en_US\" \/>\n<meta property=\"og:type\" content=\"article\" \/>\n<meta property=\"og:title\" content=\"Tourismusforum Villach zu den Grenzen des Wachstums - Temmel | Seywald - Corporate Communications\" \/>\n<meta property=\"og:description\" content=\"Paradise Day im Rahmen der Europ\u00e4ischen Toleranzgespr\u00e4che 2018 26.04.2018 Villach \u2013 Venedig, Barcelona, Mallorca oder Salzburg: Tourismusdestinationen mit Weltruf, aber auch hoffnungslos \u00fcberrannt &#8211; so sehr, dass sich inzwischen \u00c4rger und Widerstand regt. Wieviel Tourismus kann der Einheimische ertragen, wann ist genug genug? Diese Fragen stehen im Mittelpunkt des Tourismusforums &#8220;Paradise Day&#8221; im Rahmen der&hellip;\" \/>\n<meta property=\"og:url\" content=\"https:\/\/www.tsp.at\/en\/2018\/04\/26\/tourismusforum-villach-zu-den-grenzen-des-wachstums\/\" \/>\n<meta property=\"og:site_name\" content=\"Temmel | Seywald - Corporate Communications\" \/>\n<meta property=\"article:publisher\" content=\"https:\/\/www.facebook.com\/TemmelSeywald\" \/>\n<meta property=\"article:published_time\" content=\"2018-04-26T08:59:00+00:00\" \/>\n<meta property=\"article:modified_time\" content=\"2025-10-21T12:57:34+00:00\" \/>\n<meta property=\"og:image\" content=\"https:\/\/www.tsp.at\/wp-content\/uploads\/2025\/10\/Birgit4-scaled.jpg\" \/>\n\t<meta property=\"og:image:width\" content=\"2393\" \/>\n\t<meta property=\"og:image:height\" content=\"2560\" \/>\n\t<meta property=\"og:image:type\" content=\"image\/jpeg\" \/>\n<meta name=\"author\" content=\"TSP Redaktion\" \/>\n<meta name=\"twitter:card\" content=\"summary_large_image\" \/>\n<meta name=\"twitter:label1\" content=\"Written by\" \/>\n\t<meta name=\"twitter:data1\" content=\"TSP Redaktion\" \/>\n\t<meta name=\"twitter:label2\" content=\"Est. reading time\" \/>\n\t<meta name=\"twitter:data2\" content=\"2 minutes\" \/>\n<script type=\"application\/ld+json\" class=\"yoast-schema-graph\">{\"@context\":\"https:\/\/schema.org\",\"@graph\":[{\"@type\":\"Article\",\"@id\":\"https:\/\/www.tsp.at\/en\/2018\/04\/26\/tourismusforum-villach-zu-den-grenzen-des-wachstums\/#article\",\"isPartOf\":{\"@id\":\"https:\/\/www.tsp.at\/en\/2018\/04\/26\/tourismusforum-villach-zu-den-grenzen-des-wachstums\/\"},\"author\":{\"name\":\"TSP Redaktion\",\"@id\":\"https:\/\/www.tsp.at\/en\/#\/schema\/person\/1ba5600c29da17b902b0925cea567f8a\"},\"headline\":\"Tourismusforum Villach zu den Grenzen des Wachstums\",\"datePublished\":\"2018-04-26T08:59:00+00:00\",\"dateModified\":\"2025-10-21T12:57:34+00:00\",\"mainEntityOfPage\":{\"@id\":\"https:\/\/www.tsp.at\/en\/2018\/04\/26\/tourismusforum-villach-zu-den-grenzen-des-wachstums\/\"},\"wordCount\":343,\"publisher\":{\"@id\":\"https:\/\/www.tsp.at\/en\/#organization\"},\"image\":{\"@id\":\"https:\/\/www.tsp.at\/en\/2018\/04\/26\/tourismusforum-villach-zu-den-grenzen-des-wachstums\/#primaryimage\"},\"thumbnailUrl\":\"https:\/\/www.tsp.at\/wp-content\/uploads\/2025\/10\/Birgit4-scaled.jpg\",\"articleSection\":[\"News\"],\"inLanguage\":\"en-US\"},{\"@type\":\"WebPage\",\"@id\":\"https:\/\/www.tsp.at\/en\/2018\/04\/26\/tourismusforum-villach-zu-den-grenzen-des-wachstums\/\",\"url\":\"https:\/\/www.tsp.at\/en\/2018\/04\/26\/tourismusforum-villach-zu-den-grenzen-des-wachstums\/\",\"name\":\"Tourismusforum Villach zu den Grenzen des Wachstums - Temmel | Seywald - Corporate Communications\",\"isPartOf\":{\"@id\":\"https:\/\/www.tsp.at\/en\/#website\"},\"primaryImageOfPage\":{\"@id\":\"https:\/\/www.tsp.at\/en\/2018\/04\/26\/tourismusforum-villach-zu-den-grenzen-des-wachstums\/#primaryimage\"},\"image\":{\"@id\":\"https:\/\/www.tsp.at\/en\/2018\/04\/26\/tourismusforum-villach-zu-den-grenzen-des-wachstums\/#primaryimage\"},\"thumbnailUrl\":\"https:\/\/www.tsp.at\/wp-content\/uploads\/2025\/10\/Birgit4-scaled.jpg\",\"datePublished\":\"2018-04-26T08:59:00+00:00\",\"dateModified\":\"2025-10-21T12:57:34+00:00\",\"breadcrumb\":{\"@id\":\"https:\/\/www.tsp.at\/en\/2018\/04\/26\/tourismusforum-villach-zu-den-grenzen-des-wachstums\/#breadcrumb\"},\"inLanguage\":\"en-US\",\"potentialAction\":[{\"@type\":\"ReadAction\",\"target\":[\"https:\/\/www.tsp.at\/en\/2018\/04\/26\/tourismusforum-villach-zu-den-grenzen-des-wachstums\/\"]}]},{\"@type\":\"ImageObject\",\"inLanguage\":\"en-US\",\"@id\":\"https:\/\/www.tsp.at\/en\/2018\/04\/26\/tourismusforum-villach-zu-den-grenzen-des-wachstums\/#primaryimage\",\"url\":\"https:\/\/www.tsp.at\/wp-content\/uploads\/2025\/10\/Birgit4-scaled.jpg\",\"contentUrl\":\"https:\/\/www.tsp.at\/wp-content\/uploads\/2025\/10\/Birgit4-scaled.jpg\",\"width\":2393,\"height\":2560},{\"@type\":\"BreadcrumbList\",\"@id\":\"https:\/\/www.tsp.at\/en\/2018\/04\/26\/tourismusforum-villach-zu-den-grenzen-des-wachstums\/#breadcrumb\",\"itemListElement\":[{\"@type\":\"ListItem\",\"position\":1,\"name\":\"Startseite\",\"item\":\"https:\/\/www.tsp.at\/en\/\"},{\"@type\":\"ListItem\",\"position\":2,\"name\":\"Tourismusforum Villach zu den Grenzen des Wachstums\"}]},{\"@type\":\"WebSite\",\"@id\":\"https:\/\/www.tsp.at\/en\/#website\",\"url\":\"https:\/\/www.tsp.at\/en\/\",\"name\":\"Temmel | Seywald - Corporate Communications\",\"description\":\"Kommunikation ist Beziehungsarbeit\",\"publisher\":{\"@id\":\"https:\/\/www.tsp.at\/en\/#organization\"},\"potentialAction\":[{\"@type\":\"SearchAction\",\"target\":{\"@type\":\"EntryPoint\",\"urlTemplate\":\"https:\/\/www.tsp.at\/en\/?s={search_term_string}\"},\"query-input\":{\"@type\":\"PropertyValueSpecification\",\"valueRequired\":true,\"valueName\":\"search_term_string\"}}],\"inLanguage\":\"en-US\"},{\"@type\":\"Organization\",\"@id\":\"https:\/\/www.tsp.at\/en\/#organization\",\"name\":\"Temmel, Seywald & Partner Communications GesmbH\",\"alternateName\":\"TSP\",\"url\":\"https:\/\/www.tsp.at\/en\/\",\"logo\":{\"@type\":\"ImageObject\",\"inLanguage\":\"en-US\",\"@id\":\"https:\/\/www.tsp.at\/en\/#\/schema\/logo\/image\/\",\"url\":\"https:\/\/www.tsp.at\/wp-content\/uploads\/2025\/10\/favicontsp.png\",\"contentUrl\":\"https:\/\/www.tsp.at\/wp-content\/uploads\/2025\/10\/favicontsp.png\",\"width\":125,\"height\":125,\"caption\":\"Temmel, Seywald & Partner Communications GesmbH\"},\"image\":{\"@id\":\"https:\/\/www.tsp.at\/en\/#\/schema\/logo\/image\/\"},\"sameAs\":[\"https:\/\/www.facebook.com\/TemmelSeywald\"]},{\"@type\":\"Person\",\"@id\":\"https:\/\/www.tsp.at\/en\/#\/schema\/person\/1ba5600c29da17b902b0925cea567f8a\",\"name\":\"TSP Redaktion\"}]}<\/script>\n<!-- \/ Yoast SEO plugin. -->","yoast_head_json":{"title":"Tourismusforum Villach zu den Grenzen des Wachstums - Temmel | Seywald - Corporate Communications","robots":{"index":"index","follow":"follow","max-snippet":"max-snippet:-1","max-image-preview":"max-image-preview:large","max-video-preview":"max-video-preview:-1"},"canonical":"https:\/\/www.tsp.at\/en\/2018\/04\/26\/tourismusforum-villach-zu-den-grenzen-des-wachstums\/","og_locale":"en_US","og_type":"article","og_title":"Tourismusforum Villach zu den Grenzen des Wachstums - Temmel | Seywald - Corporate Communications","og_description":"Paradise Day im Rahmen der Europ\u00e4ischen Toleranzgespr\u00e4che 2018 26.04.2018 Villach \u2013 Venedig, Barcelona, Mallorca oder Salzburg: Tourismusdestinationen mit Weltruf, aber auch hoffnungslos \u00fcberrannt &#8211; so sehr, dass sich inzwischen \u00c4rger und Widerstand regt. Wieviel Tourismus kann der Einheimische ertragen, wann ist genug genug? Diese Fragen stehen im Mittelpunkt des Tourismusforums &#8220;Paradise Day&#8221; im Rahmen der&hellip;","og_url":"https:\/\/www.tsp.at\/en\/2018\/04\/26\/tourismusforum-villach-zu-den-grenzen-des-wachstums\/","og_site_name":"Temmel | Seywald - Corporate Communications","article_publisher":"https:\/\/www.facebook.com\/TemmelSeywald","article_published_time":"2018-04-26T08:59:00+00:00","article_modified_time":"2025-10-21T12:57:34+00:00","og_image":[{"width":2393,"height":2560,"url":"https:\/\/www.tsp.at\/wp-content\/uploads\/2025\/10\/Birgit4-scaled.jpg","type":"image\/jpeg"}],"author":"TSP Redaktion","twitter_card":"summary_large_image","twitter_misc":{"Written by":"TSP Redaktion","Est. reading time":"2 minutes"},"schema":{"@context":"https:\/\/schema.org","@graph":[{"@type":"Article","@id":"https:\/\/www.tsp.at\/en\/2018\/04\/26\/tourismusforum-villach-zu-den-grenzen-des-wachstums\/#article","isPartOf":{"@id":"https:\/\/www.tsp.at\/en\/2018\/04\/26\/tourismusforum-villach-zu-den-grenzen-des-wachstums\/"},"author":{"name":"TSP Redaktion","@id":"https:\/\/www.tsp.at\/en\/#\/schema\/person\/1ba5600c29da17b902b0925cea567f8a"},"headline":"Tourismusforum Villach zu den Grenzen des Wachstums","datePublished":"2018-04-26T08:59:00+00:00","dateModified":"2025-10-21T12:57:34+00:00","mainEntityOfPage":{"@id":"https:\/\/www.tsp.at\/en\/2018\/04\/26\/tourismusforum-villach-zu-den-grenzen-des-wachstums\/"},"wordCount":343,"publisher":{"@id":"https:\/\/www.tsp.at\/en\/#organization"},"image":{"@id":"https:\/\/www.tsp.at\/en\/2018\/04\/26\/tourismusforum-villach-zu-den-grenzen-des-wachstums\/#primaryimage"},"thumbnailUrl":"https:\/\/www.tsp.at\/wp-content\/uploads\/2025\/10\/Birgit4-scaled.jpg","articleSection":["News"],"inLanguage":"en-US"},{"@type":"WebPage","@id":"https:\/\/www.tsp.at\/en\/2018\/04\/26\/tourismusforum-villach-zu-den-grenzen-des-wachstums\/","url":"https:\/\/www.tsp.at\/en\/2018\/04\/26\/tourismusforum-villach-zu-den-grenzen-des-wachstums\/","name":"Tourismusforum Villach zu den Grenzen des Wachstums - Temmel | Seywald - Corporate Communications","isPartOf":{"@id":"https:\/\/www.tsp.at\/en\/#website"},"primaryImageOfPage":{"@id":"https:\/\/www.tsp.at\/en\/2018\/04\/26\/tourismusforum-villach-zu-den-grenzen-des-wachstums\/#primaryimage"},"image":{"@id":"https:\/\/www.tsp.at\/en\/2018\/04\/26\/tourismusforum-villach-zu-den-grenzen-des-wachstums\/#primaryimage"},"thumbnailUrl":"https:\/\/www.tsp.at\/wp-content\/uploads\/2025\/10\/Birgit4-scaled.jpg","datePublished":"2018-04-26T08:59:00+00:00","dateModified":"2025-10-21T12:57:34+00:00","breadcrumb":{"@id":"https:\/\/www.tsp.at\/en\/2018\/04\/26\/tourismusforum-villach-zu-den-grenzen-des-wachstums\/#breadcrumb"},"inLanguage":"en-US","potentialAction":[{"@type":"ReadAction","target":["https:\/\/www.tsp.at\/en\/2018\/04\/26\/tourismusforum-villach-zu-den-grenzen-des-wachstums\/"]}]},{"@type":"ImageObject","inLanguage":"en-US","@id":"https:\/\/www.tsp.at\/en\/2018\/04\/26\/tourismusforum-villach-zu-den-grenzen-des-wachstums\/#primaryimage","url":"https:\/\/www.tsp.at\/wp-content\/uploads\/2025\/10\/Birgit4-scaled.jpg","contentUrl":"https:\/\/www.tsp.at\/wp-content\/uploads\/2025\/10\/Birgit4-scaled.jpg","width":2393,"height":2560},{"@type":"BreadcrumbList","@id":"https:\/\/www.tsp.at\/en\/2018\/04\/26\/tourismusforum-villach-zu-den-grenzen-des-wachstums\/#breadcrumb","itemListElement":[{"@type":"ListItem","position":1,"name":"Startseite","item":"https:\/\/www.tsp.at\/en\/"},{"@type":"ListItem","position":2,"name":"Tourismusforum Villach zu den Grenzen des Wachstums"}]},{"@type":"WebSite","@id":"https:\/\/www.tsp.at\/en\/#website","url":"https:\/\/www.tsp.at\/en\/","name":"Temmel | Seywald - Corporate Communications","description":"Kommunikation ist Beziehungsarbeit","publisher":{"@id":"https:\/\/www.tsp.at\/en\/#organization"},"potentialAction":[{"@type":"SearchAction","target":{"@type":"EntryPoint","urlTemplate":"https:\/\/www.tsp.at\/en\/?s={search_term_string}"},"query-input":{"@type":"PropertyValueSpecification","valueRequired":true,"valueName":"search_term_string"}}],"inLanguage":"en-US"},{"@type":"Organization","@id":"https:\/\/www.tsp.at\/en\/#organization","name":"Temmel, Seywald & Partner Communications GesmbH","alternateName":"TSP","url":"https:\/\/www.tsp.at\/en\/","logo":{"@type":"ImageObject","inLanguage":"en-US","@id":"https:\/\/www.tsp.at\/en\/#\/schema\/logo\/image\/","url":"https:\/\/www.tsp.at\/wp-content\/uploads\/2025\/10\/favicontsp.png","contentUrl":"https:\/\/www.tsp.at\/wp-content\/uploads\/2025\/10\/favicontsp.png","width":125,"height":125,"caption":"Temmel, Seywald & Partner Communications GesmbH"},"image":{"@id":"https:\/\/www.tsp.at\/en\/#\/schema\/logo\/image\/"},"sameAs":["https:\/\/www.facebook.com\/TemmelSeywald"]},{"@type":"Person","@id":"https:\/\/www.tsp.at\/en\/#\/schema\/person\/1ba5600c29da17b902b0925cea567f8a","name":"TSP Redaktion"}]}},"_links":{"self":[{"href":"https:\/\/www.tsp.at\/en\/wp-json\/wp\/v2\/posts\/10043","targetHints":{"allow":["GET"]}}],"collection":[{"href":"https:\/\/www.tsp.at\/en\/wp-json\/wp\/v2\/posts"}],"about":[{"href":"https:\/\/www.tsp.at\/en\/wp-json\/wp\/v2\/types\/post"}],"author":[{"embeddable":true,"href":"https:\/\/www.tsp.at\/en\/wp-json\/wp\/v2\/users\/2"}],"replies":[{"embeddable":true,"href":"https:\/\/www.tsp.at\/en\/wp-json\/wp\/v2\/comments?post=10043"}],"version-history":[{"count":1,"href":"https:\/\/www.tsp.at\/en\/wp-json\/wp\/v2\/posts\/10043\/revisions"}],"predecessor-version":[{"id":11431,"href":"https:\/\/www.tsp.at\/en\/wp-json\/wp\/v2\/posts\/10043\/revisions\/11431"}],"wp:featuredmedia":[{"embeddable":true,"href":"https:\/\/www.tsp.at\/en\/wp-json\/wp\/v2\/media\/10042"}],"wp:attachment":[{"href":"https:\/\/www.tsp.at\/en\/wp-json\/wp\/v2\/media?parent=10043"}],"wp:term":[{"taxonomy":"category","embeddable":true,"href":"https:\/\/www.tsp.at\/en\/wp-json\/wp\/v2\/categories?post=10043"},{"taxonomy":"post_tag","embeddable":true,"href":"https:\/\/www.tsp.at\/en\/wp-json\/wp\/v2\/tags?post=10043"}],"curies":[{"name":"wp","href":"https:\/\/api.w.org\/{rel}","templated":true}]}}