{"id":10086,"date":"2017-12-11T09:47:00","date_gmt":"2017-12-11T08:47:00","guid":{"rendered":"https:\/\/staging.tsp.at\/2017\/12\/11\/tsp-projekt-erntet-kaerntner-menschenrechtspreis\/"},"modified":"2025-10-21T14:57:37","modified_gmt":"2025-10-21T12:57:37","slug":"tsp-projekt-erntet-kaerntner-menschenrechtspreis","status":"publish","type":"post","link":"https:\/\/www.tsp.at\/en\/2017\/12\/11\/tsp-projekt-erntet-kaerntner-menschenrechtspreis\/","title":{"rendered":"TSP-Projekt erntet K\u00e4rntner Menschenrechtspreis"},"content":{"rendered":"<article class=\"item\">\n<h2><strong>Europ\u00e4ische Toleranzgespr\u00e4che in Klagenfurt ausgezeichnet<\/strong><\/h2>\n<p>11.12.2017<\/p>\n<\/p>\n<\/p>\n<\/p>\n<\/p>\n<\/p>\n<p>Klagenfurt \u2013 <strong>Ein Projekt aus der Agenturschmiede von Temmel, Seywald &amp; Partner, die Europ\u00e4ischen Toleranzgespr\u00e4che, wurden am Wochenende mit dem K\u00e4rntner Menschenrechtspreis 2017 ausgezeichnet. Das Dialogforum behandelt allj\u00e4hrlich vor Pfingsten grenz\u00fcberschreitende gesellschaftspolitische Fragestellungen, 2017 stand die &#8220;Zukunft der Freiheit&#8221; auf dem Programm. Gemeinsam mit dem Denk.Raum.Fresach-Vorstand nahm Superintendent Manfred Sauer die Auszeichnung im Spiegelsaal der Landesregierung entgegen. <a href=\"https:\/\/www.ktn.gv.at\/Service\/News?nid=27695\" target=\"_blank\">https:\/\/www.ktn.gv.at\/Service\/News?nid=27695<\/a> <\/strong> <\/p>\n<p>Der Denk.Raum.Fresach wurde aus 17 Einreichungen ausgew\u00e4hlt, am Festakt nahmen Landeshauptmann Peter Kaiser und Landesrat Rolf Holub teil. Kaiser betonte in seiner Festrede, dass das Engagement f\u00fcr Toleranz und Menschlichkeit in den 24 Jahren seit es diese Auszeichnung gibt, nichts an Aktualit\u00e4t verloren habe. Unerm\u00fcdlichem Engagement sei es zu verdanken, dass die Armutsgef\u00e4hrdung in seinem Bundesland auf 10,8 Prozent gesenkt werden konnte. Superintendent Sauer betonte, diese Auszeichnung verleihe Fl\u00fcgel und werde Motivation schenken, den eingeschlagenen Weg weiterzugehen.\n<\/p>\n<p>Menschenrechtskoordinator Peter Karpf erinnerte an \u00fcber 500 Einreichungen seit Beginn der K\u00e4rntner Menschenrechtspreisverleihung, und freute sich \u00fcber das einstimmige Ergebnis der Jury in diesem Jahr. Insgesamt wurden bereits 41 Preistr\u00e4ger gek\u00fcrt. Die Anzahl der Einreichungen deutete Jury-Vorsitzende Larissa Krainer als Indiz f\u00fcr die Notwendigkeit des Engagements in diesem Bereich. Der K\u00e4rntner Menschenrechtspreis wurde im Jahr 1994 mit dem Ziel ins Leben gerufen, jene Menschen zu w\u00fcrdigen und ins Rampenlicht zu stellen, die sich mit ihrem pers\u00f6nlichen Einsatz freiwillig, uneigenn\u00fctzig und fernab der breiten \u00f6ffentlichen Wahrnehmung der Wahrung der Menschenrechte verschrieben haben.\n<\/p>\n<p>Anmerkung: Das &#8220;Europ\u00e4ische Toleranzzentrum Fresach&#8221; wird im Rahmen des \u00d6sterreichischen Programms f\u00fcr l\u00e4ndliche Entwicklung &#8211; Vorhabensart 19.2.1 gef\u00f6rdert. Der F\u00f6rderbetrag setzt sich aus Mitteln von Bund, Land und der Europ\u00e4ischen Union zusammen.<\/p>\n<\/article>\n","protected":false},"excerpt":{"rendered":"<p>Europ\u00e4ische Toleranzgespr\u00e4che in Klagenfurt ausgezeichnet 11.12.2017 Klagenfurt \u2013 Ein Projekt aus der Agenturschmiede von Temmel, Seywald &amp; Partner, die Europ\u00e4ischen Toleranzgespr\u00e4che, wurden am Wochenende mit dem K\u00e4rntner Menschenrechtspreis 2017 ausgezeichnet. Das Dialogforum behandelt allj\u00e4hrlich vor Pfingsten grenz\u00fcberschreitende gesellschaftspolitische Fragestellungen, 2017 stand die &#8220;Zukunft der Freiheit&#8221; auf dem Programm. Gemeinsam mit dem Denk.Raum.Fresach-Vorstand nahm Superintendent Manfred&hellip;<\/p>\n","protected":false},"author":2,"featured_media":10085,"comment_status":"closed","ping_status":"closed","sticky":false,"template":"","format":"standard","meta":{"footnotes":""},"categories":[3],"tags":[],"class_list":["post-10086","post","type-post","status-publish","format-standard","has-post-thumbnail","hentry","category-news","category-3","description-off"],"yoast_head":"<!-- This site is optimized with the Yoast SEO plugin v26.3 - https:\/\/yoast.com\/wordpress\/plugins\/seo\/ -->\n<title>TSP-Projekt erntet K\u00e4rntner Menschenrechtspreis - Temmel | Seywald - Corporate Communications<\/title>\n<meta name=\"robots\" content=\"index, follow, max-snippet:-1, max-image-preview:large, max-video-preview:-1\" \/>\n<link rel=\"canonical\" href=\"https:\/\/www.tsp.at\/en\/2017\/12\/11\/tsp-projekt-erntet-kaerntner-menschenrechtspreis\/\" \/>\n<meta property=\"og:locale\" content=\"en_US\" \/>\n<meta property=\"og:type\" content=\"article\" \/>\n<meta property=\"og:title\" content=\"TSP-Projekt erntet K\u00e4rntner Menschenrechtspreis - Temmel | Seywald - Corporate Communications\" \/>\n<meta property=\"og:description\" content=\"Europ\u00e4ische Toleranzgespr\u00e4che in Klagenfurt ausgezeichnet 11.12.2017 Klagenfurt \u2013 Ein Projekt aus der Agenturschmiede von Temmel, Seywald &amp; Partner, die Europ\u00e4ischen Toleranzgespr\u00e4che, wurden am Wochenende mit dem K\u00e4rntner Menschenrechtspreis 2017 ausgezeichnet. Das Dialogforum behandelt allj\u00e4hrlich vor Pfingsten grenz\u00fcberschreitende gesellschaftspolitische Fragestellungen, 2017 stand die &#8220;Zukunft der Freiheit&#8221; auf dem Programm. Gemeinsam mit dem Denk.Raum.Fresach-Vorstand nahm Superintendent Manfred&hellip;\" \/>\n<meta property=\"og:url\" content=\"https:\/\/www.tsp.at\/en\/2017\/12\/11\/tsp-projekt-erntet-kaerntner-menschenrechtspreis\/\" \/>\n<meta property=\"og:site_name\" content=\"Temmel | Seywald - Corporate Communications\" \/>\n<meta property=\"article:publisher\" content=\"https:\/\/www.facebook.com\/TemmelSeywald\" \/>\n<meta property=\"article:published_time\" content=\"2017-12-11T08:47:00+00:00\" \/>\n<meta property=\"article:modified_time\" content=\"2025-10-21T12:57:37+00:00\" \/>\n<meta property=\"og:image\" content=\"https:\/\/www.tsp.at\/wp-content\/uploads\/2025\/10\/web2-scaled.jpg\" \/>\n\t<meta property=\"og:image:width\" content=\"2560\" \/>\n\t<meta property=\"og:image:height\" content=\"1707\" \/>\n\t<meta property=\"og:image:type\" content=\"image\/jpeg\" \/>\n<meta name=\"author\" content=\"TSP Redaktion\" \/>\n<meta name=\"twitter:card\" content=\"summary_large_image\" \/>\n<meta name=\"twitter:label1\" content=\"Written by\" \/>\n\t<meta name=\"twitter:data1\" content=\"TSP Redaktion\" \/>\n\t<meta name=\"twitter:label2\" content=\"Est. reading time\" \/>\n\t<meta name=\"twitter:data2\" content=\"2 minutes\" \/>\n<script type=\"application\/ld+json\" class=\"yoast-schema-graph\">{\"@context\":\"https:\/\/schema.org\",\"@graph\":[{\"@type\":\"Article\",\"@id\":\"https:\/\/www.tsp.at\/en\/2017\/12\/11\/tsp-projekt-erntet-kaerntner-menschenrechtspreis\/#article\",\"isPartOf\":{\"@id\":\"https:\/\/www.tsp.at\/en\/2017\/12\/11\/tsp-projekt-erntet-kaerntner-menschenrechtspreis\/\"},\"author\":{\"name\":\"TSP Redaktion\",\"@id\":\"https:\/\/www.tsp.at\/en\/#\/schema\/person\/1ba5600c29da17b902b0925cea567f8a\"},\"headline\":\"TSP-Projekt erntet K\u00e4rntner Menschenrechtspreis\",\"datePublished\":\"2017-12-11T08:47:00+00:00\",\"dateModified\":\"2025-10-21T12:57:37+00:00\",\"mainEntityOfPage\":{\"@id\":\"https:\/\/www.tsp.at\/en\/2017\/12\/11\/tsp-projekt-erntet-kaerntner-menschenrechtspreis\/\"},\"wordCount\":296,\"publisher\":{\"@id\":\"https:\/\/www.tsp.at\/en\/#organization\"},\"image\":{\"@id\":\"https:\/\/www.tsp.at\/en\/2017\/12\/11\/tsp-projekt-erntet-kaerntner-menschenrechtspreis\/#primaryimage\"},\"thumbnailUrl\":\"https:\/\/www.tsp.at\/wp-content\/uploads\/2025\/10\/web2-scaled.jpg\",\"articleSection\":[\"News\"],\"inLanguage\":\"en-US\"},{\"@type\":\"WebPage\",\"@id\":\"https:\/\/www.tsp.at\/en\/2017\/12\/11\/tsp-projekt-erntet-kaerntner-menschenrechtspreis\/\",\"url\":\"https:\/\/www.tsp.at\/en\/2017\/12\/11\/tsp-projekt-erntet-kaerntner-menschenrechtspreis\/\",\"name\":\"TSP-Projekt erntet K\u00e4rntner Menschenrechtspreis - Temmel | Seywald - Corporate Communications\",\"isPartOf\":{\"@id\":\"https:\/\/www.tsp.at\/en\/#website\"},\"primaryImageOfPage\":{\"@id\":\"https:\/\/www.tsp.at\/en\/2017\/12\/11\/tsp-projekt-erntet-kaerntner-menschenrechtspreis\/#primaryimage\"},\"image\":{\"@id\":\"https:\/\/www.tsp.at\/en\/2017\/12\/11\/tsp-projekt-erntet-kaerntner-menschenrechtspreis\/#primaryimage\"},\"thumbnailUrl\":\"https:\/\/www.tsp.at\/wp-content\/uploads\/2025\/10\/web2-scaled.jpg\",\"datePublished\":\"2017-12-11T08:47:00+00:00\",\"dateModified\":\"2025-10-21T12:57:37+00:00\",\"breadcrumb\":{\"@id\":\"https:\/\/www.tsp.at\/en\/2017\/12\/11\/tsp-projekt-erntet-kaerntner-menschenrechtspreis\/#breadcrumb\"},\"inLanguage\":\"en-US\",\"potentialAction\":[{\"@type\":\"ReadAction\",\"target\":[\"https:\/\/www.tsp.at\/en\/2017\/12\/11\/tsp-projekt-erntet-kaerntner-menschenrechtspreis\/\"]}]},{\"@type\":\"ImageObject\",\"inLanguage\":\"en-US\",\"@id\":\"https:\/\/www.tsp.at\/en\/2017\/12\/11\/tsp-projekt-erntet-kaerntner-menschenrechtspreis\/#primaryimage\",\"url\":\"https:\/\/www.tsp.at\/wp-content\/uploads\/2025\/10\/web2-scaled.jpg\",\"contentUrl\":\"https:\/\/www.tsp.at\/wp-content\/uploads\/2025\/10\/web2-scaled.jpg\",\"width\":2560,\"height\":1707,\"caption\":\"Die Preistr\u00e4ger des Menschenrechtspreises mit LH Peter Kaiser und LR Rolf Holub\"},{\"@type\":\"BreadcrumbList\",\"@id\":\"https:\/\/www.tsp.at\/en\/2017\/12\/11\/tsp-projekt-erntet-kaerntner-menschenrechtspreis\/#breadcrumb\",\"itemListElement\":[{\"@type\":\"ListItem\",\"position\":1,\"name\":\"Startseite\",\"item\":\"https:\/\/www.tsp.at\/en\/\"},{\"@type\":\"ListItem\",\"position\":2,\"name\":\"TSP-Projekt erntet K\u00e4rntner Menschenrechtspreis\"}]},{\"@type\":\"WebSite\",\"@id\":\"https:\/\/www.tsp.at\/en\/#website\",\"url\":\"https:\/\/www.tsp.at\/en\/\",\"name\":\"Temmel | Seywald - Corporate Communications\",\"description\":\"Kommunikation ist Beziehungsarbeit\",\"publisher\":{\"@id\":\"https:\/\/www.tsp.at\/en\/#organization\"},\"potentialAction\":[{\"@type\":\"SearchAction\",\"target\":{\"@type\":\"EntryPoint\",\"urlTemplate\":\"https:\/\/www.tsp.at\/en\/?s={search_term_string}\"},\"query-input\":{\"@type\":\"PropertyValueSpecification\",\"valueRequired\":true,\"valueName\":\"search_term_string\"}}],\"inLanguage\":\"en-US\"},{\"@type\":\"Organization\",\"@id\":\"https:\/\/www.tsp.at\/en\/#organization\",\"name\":\"Temmel, Seywald & Partner Communications GesmbH\",\"alternateName\":\"TSP\",\"url\":\"https:\/\/www.tsp.at\/en\/\",\"logo\":{\"@type\":\"ImageObject\",\"inLanguage\":\"en-US\",\"@id\":\"https:\/\/www.tsp.at\/en\/#\/schema\/logo\/image\/\",\"url\":\"https:\/\/www.tsp.at\/wp-content\/uploads\/2025\/10\/favicontsp.png\",\"contentUrl\":\"https:\/\/www.tsp.at\/wp-content\/uploads\/2025\/10\/favicontsp.png\",\"width\":125,\"height\":125,\"caption\":\"Temmel, Seywald & Partner Communications GesmbH\"},\"image\":{\"@id\":\"https:\/\/www.tsp.at\/en\/#\/schema\/logo\/image\/\"},\"sameAs\":[\"https:\/\/www.facebook.com\/TemmelSeywald\"]},{\"@type\":\"Person\",\"@id\":\"https:\/\/www.tsp.at\/en\/#\/schema\/person\/1ba5600c29da17b902b0925cea567f8a\",\"name\":\"TSP Redaktion\"}]}<\/script>\n<!-- \/ Yoast SEO plugin. -->","yoast_head_json":{"title":"TSP-Projekt erntet K\u00e4rntner Menschenrechtspreis - Temmel | Seywald - Corporate Communications","robots":{"index":"index","follow":"follow","max-snippet":"max-snippet:-1","max-image-preview":"max-image-preview:large","max-video-preview":"max-video-preview:-1"},"canonical":"https:\/\/www.tsp.at\/en\/2017\/12\/11\/tsp-projekt-erntet-kaerntner-menschenrechtspreis\/","og_locale":"en_US","og_type":"article","og_title":"TSP-Projekt erntet K\u00e4rntner Menschenrechtspreis - Temmel | Seywald - Corporate Communications","og_description":"Europ\u00e4ische Toleranzgespr\u00e4che in Klagenfurt ausgezeichnet 11.12.2017 Klagenfurt \u2013 Ein Projekt aus der Agenturschmiede von Temmel, Seywald &amp; Partner, die Europ\u00e4ischen Toleranzgespr\u00e4che, wurden am Wochenende mit dem K\u00e4rntner Menschenrechtspreis 2017 ausgezeichnet. Das Dialogforum behandelt allj\u00e4hrlich vor Pfingsten grenz\u00fcberschreitende gesellschaftspolitische Fragestellungen, 2017 stand die &#8220;Zukunft der Freiheit&#8221; auf dem Programm. Gemeinsam mit dem Denk.Raum.Fresach-Vorstand nahm Superintendent Manfred&hellip;","og_url":"https:\/\/www.tsp.at\/en\/2017\/12\/11\/tsp-projekt-erntet-kaerntner-menschenrechtspreis\/","og_site_name":"Temmel | Seywald - Corporate Communications","article_publisher":"https:\/\/www.facebook.com\/TemmelSeywald","article_published_time":"2017-12-11T08:47:00+00:00","article_modified_time":"2025-10-21T12:57:37+00:00","og_image":[{"width":2560,"height":1707,"url":"https:\/\/www.tsp.at\/wp-content\/uploads\/2025\/10\/web2-scaled.jpg","type":"image\/jpeg"}],"author":"TSP Redaktion","twitter_card":"summary_large_image","twitter_misc":{"Written by":"TSP Redaktion","Est. reading time":"2 minutes"},"schema":{"@context":"https:\/\/schema.org","@graph":[{"@type":"Article","@id":"https:\/\/www.tsp.at\/en\/2017\/12\/11\/tsp-projekt-erntet-kaerntner-menschenrechtspreis\/#article","isPartOf":{"@id":"https:\/\/www.tsp.at\/en\/2017\/12\/11\/tsp-projekt-erntet-kaerntner-menschenrechtspreis\/"},"author":{"name":"TSP Redaktion","@id":"https:\/\/www.tsp.at\/en\/#\/schema\/person\/1ba5600c29da17b902b0925cea567f8a"},"headline":"TSP-Projekt erntet K\u00e4rntner Menschenrechtspreis","datePublished":"2017-12-11T08:47:00+00:00","dateModified":"2025-10-21T12:57:37+00:00","mainEntityOfPage":{"@id":"https:\/\/www.tsp.at\/en\/2017\/12\/11\/tsp-projekt-erntet-kaerntner-menschenrechtspreis\/"},"wordCount":296,"publisher":{"@id":"https:\/\/www.tsp.at\/en\/#organization"},"image":{"@id":"https:\/\/www.tsp.at\/en\/2017\/12\/11\/tsp-projekt-erntet-kaerntner-menschenrechtspreis\/#primaryimage"},"thumbnailUrl":"https:\/\/www.tsp.at\/wp-content\/uploads\/2025\/10\/web2-scaled.jpg","articleSection":["News"],"inLanguage":"en-US"},{"@type":"WebPage","@id":"https:\/\/www.tsp.at\/en\/2017\/12\/11\/tsp-projekt-erntet-kaerntner-menschenrechtspreis\/","url":"https:\/\/www.tsp.at\/en\/2017\/12\/11\/tsp-projekt-erntet-kaerntner-menschenrechtspreis\/","name":"TSP-Projekt erntet K\u00e4rntner Menschenrechtspreis - Temmel | Seywald - Corporate Communications","isPartOf":{"@id":"https:\/\/www.tsp.at\/en\/#website"},"primaryImageOfPage":{"@id":"https:\/\/www.tsp.at\/en\/2017\/12\/11\/tsp-projekt-erntet-kaerntner-menschenrechtspreis\/#primaryimage"},"image":{"@id":"https:\/\/www.tsp.at\/en\/2017\/12\/11\/tsp-projekt-erntet-kaerntner-menschenrechtspreis\/#primaryimage"},"thumbnailUrl":"https:\/\/www.tsp.at\/wp-content\/uploads\/2025\/10\/web2-scaled.jpg","datePublished":"2017-12-11T08:47:00+00:00","dateModified":"2025-10-21T12:57:37+00:00","breadcrumb":{"@id":"https:\/\/www.tsp.at\/en\/2017\/12\/11\/tsp-projekt-erntet-kaerntner-menschenrechtspreis\/#breadcrumb"},"inLanguage":"en-US","potentialAction":[{"@type":"ReadAction","target":["https:\/\/www.tsp.at\/en\/2017\/12\/11\/tsp-projekt-erntet-kaerntner-menschenrechtspreis\/"]}]},{"@type":"ImageObject","inLanguage":"en-US","@id":"https:\/\/www.tsp.at\/en\/2017\/12\/11\/tsp-projekt-erntet-kaerntner-menschenrechtspreis\/#primaryimage","url":"https:\/\/www.tsp.at\/wp-content\/uploads\/2025\/10\/web2-scaled.jpg","contentUrl":"https:\/\/www.tsp.at\/wp-content\/uploads\/2025\/10\/web2-scaled.jpg","width":2560,"height":1707,"caption":"Die Preistr\u00e4ger des Menschenrechtspreises mit LH Peter Kaiser und LR Rolf Holub"},{"@type":"BreadcrumbList","@id":"https:\/\/www.tsp.at\/en\/2017\/12\/11\/tsp-projekt-erntet-kaerntner-menschenrechtspreis\/#breadcrumb","itemListElement":[{"@type":"ListItem","position":1,"name":"Startseite","item":"https:\/\/www.tsp.at\/en\/"},{"@type":"ListItem","position":2,"name":"TSP-Projekt erntet K\u00e4rntner Menschenrechtspreis"}]},{"@type":"WebSite","@id":"https:\/\/www.tsp.at\/en\/#website","url":"https:\/\/www.tsp.at\/en\/","name":"Temmel | Seywald - Corporate Communications","description":"Kommunikation ist Beziehungsarbeit","publisher":{"@id":"https:\/\/www.tsp.at\/en\/#organization"},"potentialAction":[{"@type":"SearchAction","target":{"@type":"EntryPoint","urlTemplate":"https:\/\/www.tsp.at\/en\/?s={search_term_string}"},"query-input":{"@type":"PropertyValueSpecification","valueRequired":true,"valueName":"search_term_string"}}],"inLanguage":"en-US"},{"@type":"Organization","@id":"https:\/\/www.tsp.at\/en\/#organization","name":"Temmel, Seywald & Partner Communications GesmbH","alternateName":"TSP","url":"https:\/\/www.tsp.at\/en\/","logo":{"@type":"ImageObject","inLanguage":"en-US","@id":"https:\/\/www.tsp.at\/en\/#\/schema\/logo\/image\/","url":"https:\/\/www.tsp.at\/wp-content\/uploads\/2025\/10\/favicontsp.png","contentUrl":"https:\/\/www.tsp.at\/wp-content\/uploads\/2025\/10\/favicontsp.png","width":125,"height":125,"caption":"Temmel, Seywald & Partner Communications GesmbH"},"image":{"@id":"https:\/\/www.tsp.at\/en\/#\/schema\/logo\/image\/"},"sameAs":["https:\/\/www.facebook.com\/TemmelSeywald"]},{"@type":"Person","@id":"https:\/\/www.tsp.at\/en\/#\/schema\/person\/1ba5600c29da17b902b0925cea567f8a","name":"TSP Redaktion"}]}},"_links":{"self":[{"href":"https:\/\/www.tsp.at\/en\/wp-json\/wp\/v2\/posts\/10086","targetHints":{"allow":["GET"]}}],"collection":[{"href":"https:\/\/www.tsp.at\/en\/wp-json\/wp\/v2\/posts"}],"about":[{"href":"https:\/\/www.tsp.at\/en\/wp-json\/wp\/v2\/types\/post"}],"author":[{"embeddable":true,"href":"https:\/\/www.tsp.at\/en\/wp-json\/wp\/v2\/users\/2"}],"replies":[{"embeddable":true,"href":"https:\/\/www.tsp.at\/en\/wp-json\/wp\/v2\/comments?post=10086"}],"version-history":[{"count":1,"href":"https:\/\/www.tsp.at\/en\/wp-json\/wp\/v2\/posts\/10086\/revisions"}],"predecessor-version":[{"id":11453,"href":"https:\/\/www.tsp.at\/en\/wp-json\/wp\/v2\/posts\/10086\/revisions\/11453"}],"wp:featuredmedia":[{"embeddable":true,"href":"https:\/\/www.tsp.at\/en\/wp-json\/wp\/v2\/media\/10085"}],"wp:attachment":[{"href":"https:\/\/www.tsp.at\/en\/wp-json\/wp\/v2\/media?parent=10086"}],"wp:term":[{"taxonomy":"category","embeddable":true,"href":"https:\/\/www.tsp.at\/en\/wp-json\/wp\/v2\/categories?post=10086"},{"taxonomy":"post_tag","embeddable":true,"href":"https:\/\/www.tsp.at\/en\/wp-json\/wp\/v2\/tags?post=10086"}],"curies":[{"name":"wp","href":"https:\/\/api.w.org\/{rel}","templated":true}]}}