{"id":10090,"date":"2017-12-06T10:17:00","date_gmt":"2017-12-06T09:17:00","guid":{"rendered":"https:\/\/staging.tsp.at\/2017\/12\/06\/lust-auf-diplomierten-versicherungsmakler\/"},"modified":"2025-10-21T14:57:37","modified_gmt":"2025-10-21T12:57:37","slug":"lust-auf-diplomierten-versicherungsmakler","status":"publish","type":"post","link":"https:\/\/www.tsp.at\/en\/2017\/12\/06\/lust-auf-diplomierten-versicherungsmakler\/","title":{"rendered":"Lust auf diplomierten Versicherungsmakler?"},"content":{"rendered":"<article class=\"item\">\n<h2><strong>EU-Richtlinie bringt Weiterbildungspflicht &#8211; Versicherungsakademie stockt auf <\/strong><\/h2>\n<p>06.12.2017<\/p>\n<\/p>\n<\/p>\n<\/p>\n<\/p>\n<\/p>\n<p>Wien \u2013 <span class=\"FtxtBold\" style=\"margin-bottom: 10px;\">\u00d6sterreichs Versicherungsmakler m\u00fcssen sich ab 2018\/19 verpflichtend weiterbilden, jedes Jahr im Ausma\u00df von mindestens 15 Stunden. Das ist eine der wesentlichen Folgen nach Einf\u00fchrung versch\u00e4rfter Ausbildungs- und Qualit\u00e4tsstandards im Rahmen der EU-Richtlinie IDD, die f\u00fcr Oktober 2018 vorgesehen ist. Die \u00d6sterreichische Versicherungsakademie (\u00d6VA) hat bereits das entsprechende berufsbegleitende Weiterbildungsangebot geschn\u00fcrt. Der neue Lehrgang &#8220;Makler-Praxis&#8221; zum\/zur \u00d6VA diplomierte(r)n Versicherungsfachmann\/frau beginnt ab Februar.<\/span> <br \/> <a href=\"https:\/\/www.ovm.at\/akademie\/lehrgang-makler-praxis\" rel=\"nofollow\" target=\"_blank\">https:\/\/www.ovm.at\/akademie\/lehrgang-makler-praxis<\/a> <\/p>\n<p class=\"FtxtP\">Der Lehrgang besteht aus acht Modulen und widmet sich den vielf\u00e4ltigen neuen Anforderungen in Maklerb\u00fcros, erl\u00e4utert der Pr\u00e4sident des \u00d6sterreichischen Versicherungsmaklerrings, Alexander Punzl. Ziel ist es, die bereits vorhandenen Fachkenntnisse berufspraktisch zu erweitern und zu vertiefen. Ebenso wie die \u00d6VA-Fachgrundausbildung bietet auch der &#8220;Makler-Praxis&#8221;-Lehrgang die M\u00f6glichkeit einer Abschlusspr\u00fcfung mit \u00d6VA-Diplom. Danach sind AbsolventInnen jedenfalls in der Lage, im Bereich der betrieblichen Versicherungen in die fachkundige Beratung, Konzepterstellung sowie Schadenbearbeitung eingebunden zu werden.<\/p>\n<p class=\"FtxtP\">Die Ausbildungsmodule k\u00f6nnen auch einzeln &#8211; ohne Abschlusspr\u00fcfung &#8211; gebucht werden, sie werden wie die Fachgrundausbildung im Jahrestakt wiederholt. Die Inhalte und Lehrgangsmodule umfassen u.a. Rechtsgrundlagen, gewerbliche Versicherungen, betriebliche Haftpflicht und betrieblichen Rechtsschutz, Landwirtschaft, Lebensversicherungen, Fonds, Berufsunf\u00e4higkeitsversicherungen, Kranken- und Unfallversicherung, Betriebsunterbrechung f\u00fcr Freiberufler u.v.m. Das Paket mit acht Schulungstagen kostet 1.584 Euro, f\u00fcr Mehrfachbuchungen von Maklerb\u00fcro-Mitarbeitern gibt es Staffelpreise. 2018 finden die Weiterbildungskurse in Wien und Salzburg statt.<\/p>\n<p class=\"FtxtP\"><strong><span class=\"FtxtBold\" style=\"margin-bottom: 10px;\"> Mehrwert f\u00fcr angehende Versicherungsmakler<\/span><\/strong><\/p>\n<p class=\"FtxtP\">Der neue Lehrgang baut auf die \u00d6VA-Grundausbildung auf und liefert weitergehende praxisorientierte und unmittelbar anwendbare Inhalte. Dar\u00fcber hinaus werden TeilnehmerInnen darin geschult, Risikoanalysen als Basis f\u00fcr Deckungskonzepte zu erstellen. Dabei wird auch die OGH-Rechtsprechung zu den jeweiligen Unterrichtsf\u00e4chern mitber\u00fccksichtigt. Im Unterschied zu anderen Bildungstr\u00e4gern in der Versicherungsbranche richten sich die \u00d6VA-Angebote v.a. an Makler. Die Lehrinhalte ber\u00fccksichtigen daher neben der Spartenkunde auch die Kenntnisse \u00fcber die Pflichten von Versicherungsmaklern gem\u00e4\u00df \u00a7 28 MaklerG oder etwa der Gewerbeordnung. Als Vortragende werden ausschlie\u00dflich qualifizierte und engagierte Fachspezialisten verpflichtet.<\/p>\n<p class=\"FtxtP\"><strong><span class=\"FtxtBold\" style=\"margin-bottom: 10px;\"> \u00dcber die \u00d6VA<\/span><\/strong><\/p>\n<p class=\"FtxtP\"><strong><\/strong> <br \/> Die \u00d6sterreichische Versicherungsakademie \u00d6VA ist seit 1993 Aus- und Weiterbildungseinrichtung des \u00d6sterreichischen Versicherungsmaklerrings (\u00d6VM) <a href=\"http:\/\/www.oevm.at\" rel=\"nofollow\" target=\"_blank\">http:\/\/www.oevm.at<\/a> und erste Anlaufstelle f\u00fcr Versicherungsmakler und diplomierte Versicherungstreuh\u00e4nder. Sie ist vom Land Nieder\u00f6sterreich zertifiziert und die einzige Ausbildungseinrichtung \u00d6sterreichs mit Focus auf Versicherungsmakler. Die \u00d6VA adressiert Personen aller Altersgruppen und Lebensbereiche, die sich f\u00fcr neue berufliche Ziele in der Versicherungsbranche weiterbilden wollen.<\/p>\n<\/article>\n","protected":false},"excerpt":{"rendered":"<p>EU-Richtlinie bringt Weiterbildungspflicht &#8211; Versicherungsakademie stockt auf 06.12.2017 Wien \u2013 \u00d6sterreichs Versicherungsmakler m\u00fcssen sich ab 2018\/19 verpflichtend weiterbilden, jedes Jahr im Ausma\u00df von mindestens 15 Stunden. Das ist eine der wesentlichen Folgen nach Einf\u00fchrung versch\u00e4rfter Ausbildungs- und Qualit\u00e4tsstandards im Rahmen der EU-Richtlinie IDD, die f\u00fcr Oktober 2018 vorgesehen ist. Die \u00d6sterreichische Versicherungsakademie (\u00d6VA) hat bereits&hellip;<\/p>\n","protected":false},"author":2,"featured_media":10089,"comment_status":"closed","ping_status":"closed","sticky":false,"template":"","format":"standard","meta":{"footnotes":""},"categories":[3],"tags":[],"class_list":["post-10090","post","type-post","status-publish","format-standard","has-post-thumbnail","hentry","category-news","category-3","description-off"],"yoast_head":"<!-- This site is optimized with the Yoast SEO plugin v26.3 - https:\/\/yoast.com\/wordpress\/plugins\/seo\/ -->\n<title>Lust auf diplomierten Versicherungsmakler? - Temmel | Seywald - Corporate Communications<\/title>\n<meta name=\"robots\" content=\"index, follow, max-snippet:-1, max-image-preview:large, max-video-preview:-1\" \/>\n<link rel=\"canonical\" href=\"https:\/\/www.tsp.at\/en\/2017\/12\/06\/lust-auf-diplomierten-versicherungsmakler\/\" \/>\n<meta property=\"og:locale\" content=\"en_US\" \/>\n<meta property=\"og:type\" content=\"article\" \/>\n<meta property=\"og:title\" content=\"Lust auf diplomierten Versicherungsmakler? - Temmel | Seywald - Corporate Communications\" \/>\n<meta property=\"og:description\" content=\"EU-Richtlinie bringt Weiterbildungspflicht &#8211; Versicherungsakademie stockt auf 06.12.2017 Wien \u2013 \u00d6sterreichs Versicherungsmakler m\u00fcssen sich ab 2018\/19 verpflichtend weiterbilden, jedes Jahr im Ausma\u00df von mindestens 15 Stunden. Das ist eine der wesentlichen Folgen nach Einf\u00fchrung versch\u00e4rfter Ausbildungs- und Qualit\u00e4tsstandards im Rahmen der EU-Richtlinie IDD, die f\u00fcr Oktober 2018 vorgesehen ist. Die \u00d6sterreichische Versicherungsakademie (\u00d6VA) hat bereits&hellip;\" \/>\n<meta property=\"og:url\" content=\"https:\/\/www.tsp.at\/en\/2017\/12\/06\/lust-auf-diplomierten-versicherungsmakler\/\" \/>\n<meta property=\"og:site_name\" content=\"Temmel | Seywald - Corporate Communications\" \/>\n<meta property=\"article:publisher\" content=\"https:\/\/www.facebook.com\/TemmelSeywald\" \/>\n<meta property=\"article:published_time\" content=\"2017-12-06T09:17:00+00:00\" \/>\n<meta property=\"article:modified_time\" content=\"2025-10-21T12:57:37+00:00\" \/>\n<meta property=\"og:image\" content=\"https:\/\/www.tsp.at\/wp-content\/uploads\/2025\/10\/OeVOM-238-scaled.jpg\" \/>\n\t<meta property=\"og:image:width\" content=\"2560\" \/>\n\t<meta property=\"og:image:height\" content=\"1708\" \/>\n\t<meta property=\"og:image:type\" content=\"image\/jpeg\" \/>\n<meta name=\"author\" content=\"TSP Redaktion\" \/>\n<meta name=\"twitter:card\" content=\"summary_large_image\" \/>\n<meta name=\"twitter:label1\" content=\"Written by\" \/>\n\t<meta name=\"twitter:data1\" content=\"TSP Redaktion\" \/>\n\t<meta name=\"twitter:label2\" content=\"Est. reading time\" \/>\n\t<meta name=\"twitter:data2\" content=\"3 minutes\" \/>\n<script type=\"application\/ld+json\" class=\"yoast-schema-graph\">{\"@context\":\"https:\/\/schema.org\",\"@graph\":[{\"@type\":\"Article\",\"@id\":\"https:\/\/www.tsp.at\/en\/2017\/12\/06\/lust-auf-diplomierten-versicherungsmakler\/#article\",\"isPartOf\":{\"@id\":\"https:\/\/www.tsp.at\/en\/2017\/12\/06\/lust-auf-diplomierten-versicherungsmakler\/\"},\"author\":{\"name\":\"TSP Redaktion\",\"@id\":\"https:\/\/www.tsp.at\/en\/#\/schema\/person\/1ba5600c29da17b902b0925cea567f8a\"},\"headline\":\"Lust auf diplomierten Versicherungsmakler?\",\"datePublished\":\"2017-12-06T09:17:00+00:00\",\"dateModified\":\"2025-10-21T12:57:37+00:00\",\"mainEntityOfPage\":{\"@id\":\"https:\/\/www.tsp.at\/en\/2017\/12\/06\/lust-auf-diplomierten-versicherungsmakler\/\"},\"wordCount\":403,\"publisher\":{\"@id\":\"https:\/\/www.tsp.at\/en\/#organization\"},\"image\":{\"@id\":\"https:\/\/www.tsp.at\/en\/2017\/12\/06\/lust-auf-diplomierten-versicherungsmakler\/#primaryimage\"},\"thumbnailUrl\":\"https:\/\/www.tsp.at\/wp-content\/uploads\/2025\/10\/OeVOM-238-scaled.jpg\",\"articleSection\":[\"News\"],\"inLanguage\":\"en-US\"},{\"@type\":\"WebPage\",\"@id\":\"https:\/\/www.tsp.at\/en\/2017\/12\/06\/lust-auf-diplomierten-versicherungsmakler\/\",\"url\":\"https:\/\/www.tsp.at\/en\/2017\/12\/06\/lust-auf-diplomierten-versicherungsmakler\/\",\"name\":\"Lust auf diplomierten Versicherungsmakler? - Temmel | Seywald - Corporate Communications\",\"isPartOf\":{\"@id\":\"https:\/\/www.tsp.at\/en\/#website\"},\"primaryImageOfPage\":{\"@id\":\"https:\/\/www.tsp.at\/en\/2017\/12\/06\/lust-auf-diplomierten-versicherungsmakler\/#primaryimage\"},\"image\":{\"@id\":\"https:\/\/www.tsp.at\/en\/2017\/12\/06\/lust-auf-diplomierten-versicherungsmakler\/#primaryimage\"},\"thumbnailUrl\":\"https:\/\/www.tsp.at\/wp-content\/uploads\/2025\/10\/OeVOM-238-scaled.jpg\",\"datePublished\":\"2017-12-06T09:17:00+00:00\",\"dateModified\":\"2025-10-21T12:57:37+00:00\",\"breadcrumb\":{\"@id\":\"https:\/\/www.tsp.at\/en\/2017\/12\/06\/lust-auf-diplomierten-versicherungsmakler\/#breadcrumb\"},\"inLanguage\":\"en-US\",\"potentialAction\":[{\"@type\":\"ReadAction\",\"target\":[\"https:\/\/www.tsp.at\/en\/2017\/12\/06\/lust-auf-diplomierten-versicherungsmakler\/\"]}]},{\"@type\":\"ImageObject\",\"inLanguage\":\"en-US\",\"@id\":\"https:\/\/www.tsp.at\/en\/2017\/12\/06\/lust-auf-diplomierten-versicherungsmakler\/#primaryimage\",\"url\":\"https:\/\/www.tsp.at\/wp-content\/uploads\/2025\/10\/OeVOM-238-scaled.jpg\",\"contentUrl\":\"https:\/\/www.tsp.at\/wp-content\/uploads\/2025\/10\/OeVOM-238-scaled.jpg\",\"width\":2560,\"height\":1708},{\"@type\":\"BreadcrumbList\",\"@id\":\"https:\/\/www.tsp.at\/en\/2017\/12\/06\/lust-auf-diplomierten-versicherungsmakler\/#breadcrumb\",\"itemListElement\":[{\"@type\":\"ListItem\",\"position\":1,\"name\":\"Startseite\",\"item\":\"https:\/\/www.tsp.at\/en\/\"},{\"@type\":\"ListItem\",\"position\":2,\"name\":\"Lust auf diplomierten Versicherungsmakler?\"}]},{\"@type\":\"WebSite\",\"@id\":\"https:\/\/www.tsp.at\/en\/#website\",\"url\":\"https:\/\/www.tsp.at\/en\/\",\"name\":\"Temmel | Seywald - Corporate Communications\",\"description\":\"Kommunikation ist Beziehungsarbeit\",\"publisher\":{\"@id\":\"https:\/\/www.tsp.at\/en\/#organization\"},\"potentialAction\":[{\"@type\":\"SearchAction\",\"target\":{\"@type\":\"EntryPoint\",\"urlTemplate\":\"https:\/\/www.tsp.at\/en\/?s={search_term_string}\"},\"query-input\":{\"@type\":\"PropertyValueSpecification\",\"valueRequired\":true,\"valueName\":\"search_term_string\"}}],\"inLanguage\":\"en-US\"},{\"@type\":\"Organization\",\"@id\":\"https:\/\/www.tsp.at\/en\/#organization\",\"name\":\"Temmel, Seywald & Partner Communications GesmbH\",\"alternateName\":\"TSP\",\"url\":\"https:\/\/www.tsp.at\/en\/\",\"logo\":{\"@type\":\"ImageObject\",\"inLanguage\":\"en-US\",\"@id\":\"https:\/\/www.tsp.at\/en\/#\/schema\/logo\/image\/\",\"url\":\"https:\/\/www.tsp.at\/wp-content\/uploads\/2025\/10\/favicontsp.png\",\"contentUrl\":\"https:\/\/www.tsp.at\/wp-content\/uploads\/2025\/10\/favicontsp.png\",\"width\":125,\"height\":125,\"caption\":\"Temmel, Seywald & Partner Communications GesmbH\"},\"image\":{\"@id\":\"https:\/\/www.tsp.at\/en\/#\/schema\/logo\/image\/\"},\"sameAs\":[\"https:\/\/www.facebook.com\/TemmelSeywald\"]},{\"@type\":\"Person\",\"@id\":\"https:\/\/www.tsp.at\/en\/#\/schema\/person\/1ba5600c29da17b902b0925cea567f8a\",\"name\":\"TSP Redaktion\"}]}<\/script>\n<!-- \/ Yoast SEO plugin. -->","yoast_head_json":{"title":"Lust auf diplomierten Versicherungsmakler? - Temmel | Seywald - Corporate Communications","robots":{"index":"index","follow":"follow","max-snippet":"max-snippet:-1","max-image-preview":"max-image-preview:large","max-video-preview":"max-video-preview:-1"},"canonical":"https:\/\/www.tsp.at\/en\/2017\/12\/06\/lust-auf-diplomierten-versicherungsmakler\/","og_locale":"en_US","og_type":"article","og_title":"Lust auf diplomierten Versicherungsmakler? - Temmel | Seywald - Corporate Communications","og_description":"EU-Richtlinie bringt Weiterbildungspflicht &#8211; Versicherungsakademie stockt auf 06.12.2017 Wien \u2013 \u00d6sterreichs Versicherungsmakler m\u00fcssen sich ab 2018\/19 verpflichtend weiterbilden, jedes Jahr im Ausma\u00df von mindestens 15 Stunden. Das ist eine der wesentlichen Folgen nach Einf\u00fchrung versch\u00e4rfter Ausbildungs- und Qualit\u00e4tsstandards im Rahmen der EU-Richtlinie IDD, die f\u00fcr Oktober 2018 vorgesehen ist. Die \u00d6sterreichische Versicherungsakademie (\u00d6VA) hat bereits&hellip;","og_url":"https:\/\/www.tsp.at\/en\/2017\/12\/06\/lust-auf-diplomierten-versicherungsmakler\/","og_site_name":"Temmel | Seywald - Corporate Communications","article_publisher":"https:\/\/www.facebook.com\/TemmelSeywald","article_published_time":"2017-12-06T09:17:00+00:00","article_modified_time":"2025-10-21T12:57:37+00:00","og_image":[{"width":2560,"height":1708,"url":"https:\/\/www.tsp.at\/wp-content\/uploads\/2025\/10\/OeVOM-238-scaled.jpg","type":"image\/jpeg"}],"author":"TSP Redaktion","twitter_card":"summary_large_image","twitter_misc":{"Written by":"TSP Redaktion","Est. reading time":"3 minutes"},"schema":{"@context":"https:\/\/schema.org","@graph":[{"@type":"Article","@id":"https:\/\/www.tsp.at\/en\/2017\/12\/06\/lust-auf-diplomierten-versicherungsmakler\/#article","isPartOf":{"@id":"https:\/\/www.tsp.at\/en\/2017\/12\/06\/lust-auf-diplomierten-versicherungsmakler\/"},"author":{"name":"TSP Redaktion","@id":"https:\/\/www.tsp.at\/en\/#\/schema\/person\/1ba5600c29da17b902b0925cea567f8a"},"headline":"Lust auf diplomierten Versicherungsmakler?","datePublished":"2017-12-06T09:17:00+00:00","dateModified":"2025-10-21T12:57:37+00:00","mainEntityOfPage":{"@id":"https:\/\/www.tsp.at\/en\/2017\/12\/06\/lust-auf-diplomierten-versicherungsmakler\/"},"wordCount":403,"publisher":{"@id":"https:\/\/www.tsp.at\/en\/#organization"},"image":{"@id":"https:\/\/www.tsp.at\/en\/2017\/12\/06\/lust-auf-diplomierten-versicherungsmakler\/#primaryimage"},"thumbnailUrl":"https:\/\/www.tsp.at\/wp-content\/uploads\/2025\/10\/OeVOM-238-scaled.jpg","articleSection":["News"],"inLanguage":"en-US"},{"@type":"WebPage","@id":"https:\/\/www.tsp.at\/en\/2017\/12\/06\/lust-auf-diplomierten-versicherungsmakler\/","url":"https:\/\/www.tsp.at\/en\/2017\/12\/06\/lust-auf-diplomierten-versicherungsmakler\/","name":"Lust auf diplomierten Versicherungsmakler? - Temmel | Seywald - Corporate Communications","isPartOf":{"@id":"https:\/\/www.tsp.at\/en\/#website"},"primaryImageOfPage":{"@id":"https:\/\/www.tsp.at\/en\/2017\/12\/06\/lust-auf-diplomierten-versicherungsmakler\/#primaryimage"},"image":{"@id":"https:\/\/www.tsp.at\/en\/2017\/12\/06\/lust-auf-diplomierten-versicherungsmakler\/#primaryimage"},"thumbnailUrl":"https:\/\/www.tsp.at\/wp-content\/uploads\/2025\/10\/OeVOM-238-scaled.jpg","datePublished":"2017-12-06T09:17:00+00:00","dateModified":"2025-10-21T12:57:37+00:00","breadcrumb":{"@id":"https:\/\/www.tsp.at\/en\/2017\/12\/06\/lust-auf-diplomierten-versicherungsmakler\/#breadcrumb"},"inLanguage":"en-US","potentialAction":[{"@type":"ReadAction","target":["https:\/\/www.tsp.at\/en\/2017\/12\/06\/lust-auf-diplomierten-versicherungsmakler\/"]}]},{"@type":"ImageObject","inLanguage":"en-US","@id":"https:\/\/www.tsp.at\/en\/2017\/12\/06\/lust-auf-diplomierten-versicherungsmakler\/#primaryimage","url":"https:\/\/www.tsp.at\/wp-content\/uploads\/2025\/10\/OeVOM-238-scaled.jpg","contentUrl":"https:\/\/www.tsp.at\/wp-content\/uploads\/2025\/10\/OeVOM-238-scaled.jpg","width":2560,"height":1708},{"@type":"BreadcrumbList","@id":"https:\/\/www.tsp.at\/en\/2017\/12\/06\/lust-auf-diplomierten-versicherungsmakler\/#breadcrumb","itemListElement":[{"@type":"ListItem","position":1,"name":"Startseite","item":"https:\/\/www.tsp.at\/en\/"},{"@type":"ListItem","position":2,"name":"Lust auf diplomierten Versicherungsmakler?"}]},{"@type":"WebSite","@id":"https:\/\/www.tsp.at\/en\/#website","url":"https:\/\/www.tsp.at\/en\/","name":"Temmel | Seywald - Corporate Communications","description":"Kommunikation ist Beziehungsarbeit","publisher":{"@id":"https:\/\/www.tsp.at\/en\/#organization"},"potentialAction":[{"@type":"SearchAction","target":{"@type":"EntryPoint","urlTemplate":"https:\/\/www.tsp.at\/en\/?s={search_term_string}"},"query-input":{"@type":"PropertyValueSpecification","valueRequired":true,"valueName":"search_term_string"}}],"inLanguage":"en-US"},{"@type":"Organization","@id":"https:\/\/www.tsp.at\/en\/#organization","name":"Temmel, Seywald & Partner Communications GesmbH","alternateName":"TSP","url":"https:\/\/www.tsp.at\/en\/","logo":{"@type":"ImageObject","inLanguage":"en-US","@id":"https:\/\/www.tsp.at\/en\/#\/schema\/logo\/image\/","url":"https:\/\/www.tsp.at\/wp-content\/uploads\/2025\/10\/favicontsp.png","contentUrl":"https:\/\/www.tsp.at\/wp-content\/uploads\/2025\/10\/favicontsp.png","width":125,"height":125,"caption":"Temmel, Seywald & Partner Communications GesmbH"},"image":{"@id":"https:\/\/www.tsp.at\/en\/#\/schema\/logo\/image\/"},"sameAs":["https:\/\/www.facebook.com\/TemmelSeywald"]},{"@type":"Person","@id":"https:\/\/www.tsp.at\/en\/#\/schema\/person\/1ba5600c29da17b902b0925cea567f8a","name":"TSP Redaktion"}]}},"_links":{"self":[{"href":"https:\/\/www.tsp.at\/en\/wp-json\/wp\/v2\/posts\/10090","targetHints":{"allow":["GET"]}}],"collection":[{"href":"https:\/\/www.tsp.at\/en\/wp-json\/wp\/v2\/posts"}],"about":[{"href":"https:\/\/www.tsp.at\/en\/wp-json\/wp\/v2\/types\/post"}],"author":[{"embeddable":true,"href":"https:\/\/www.tsp.at\/en\/wp-json\/wp\/v2\/users\/2"}],"replies":[{"embeddable":true,"href":"https:\/\/www.tsp.at\/en\/wp-json\/wp\/v2\/comments?post=10090"}],"version-history":[{"count":1,"href":"https:\/\/www.tsp.at\/en\/wp-json\/wp\/v2\/posts\/10090\/revisions"}],"predecessor-version":[{"id":11455,"href":"https:\/\/www.tsp.at\/en\/wp-json\/wp\/v2\/posts\/10090\/revisions\/11455"}],"wp:featuredmedia":[{"embeddable":true,"href":"https:\/\/www.tsp.at\/en\/wp-json\/wp\/v2\/media\/10089"}],"wp:attachment":[{"href":"https:\/\/www.tsp.at\/en\/wp-json\/wp\/v2\/media?parent=10090"}],"wp:term":[{"taxonomy":"category","embeddable":true,"href":"https:\/\/www.tsp.at\/en\/wp-json\/wp\/v2\/categories?post=10090"},{"taxonomy":"post_tag","embeddable":true,"href":"https:\/\/www.tsp.at\/en\/wp-json\/wp\/v2\/tags?post=10090"}],"curies":[{"name":"wp","href":"https:\/\/api.w.org\/{rel}","templated":true}]}}