{"id":10097,"date":"2017-11-07T10:10:00","date_gmt":"2017-11-07T09:10:00","guid":{"rendered":"https:\/\/staging.tsp.at\/2017\/11\/07\/touristiker-kritisieren-reformstau\/"},"modified":"2025-10-21T14:57:38","modified_gmt":"2025-10-21T12:57:38","slug":"touristiker-kritisieren-reformstau","status":"publish","type":"post","link":"https:\/\/www.tsp.at\/en\/2017\/11\/07\/touristiker-kritisieren-reformstau\/","title":{"rendered":"Touristiker kritisieren Reformstau"},"content":{"rendered":"<article class=\"item\">\n<h2><strong>Travel Industry Club fordert Einbindung von Praktikern bei Gesetzgebung<\/strong><\/h2>\n<p>07.11.2017<\/p>\n<\/p>\n<\/p>\n<\/p>\n<\/p>\n<\/p>\n<p>Wien \u2013 Zu einer Abrechnung mit der Wirtschaftskammer \u00d6sterreich (WKO) hat sich eine Podiumsdiskussion des Travel Industry Club Austria \u00fcber die Gewerberechtsnovelle 2017 am Montagabend im Wiener Steigenberger Hotel Herrenhof entwickelt. Die anwesenden Experten kritisierten anhand zahlreicher Beispiele den anhaltenden Reformstau, gro\u00dffl\u00e4chiges politisches Versagen (in Br\u00fcssel) und die schwammige Umsetzung von Gesetzen. Neuer Reformwille sei nur durch eine radikale Beschneidung der Zwangsmitgliedschaft oder der Finanzmittel m\u00f6glich, so der Tenor der Veranstaltung, an der unter anderem die Unternehmer Sepp Schellhorn (NEOS) und Rudolf Tucek (The Cube Hotels) teilnahmen.\n<\/p>\n<p>Die Frage, ob die Abschaffung der Zwangsmitgliedschaft in der WKO zu mehr Reformbereitschaft f\u00fchren w\u00fcrde, beantworteten die anwesenden Clubmitglieder in einer abschlie\u00dfenden Abstimmung mehrheitlich mit &#8220;ja&#8221;. Zuvor wetterten NEOS-Wirtschaftssprecher Schellhorn und Neo-Start-up-Unternehmer Tucek gegen unf\u00e4hige und \u00e4ngstliche Funktion\u00e4re in den Kammern und \u00fcber die zunehmende Regulierungswut der Beh\u00f6rden, die jedes Unternehmertum verhindern w\u00fcrden. Die Wirtschaftskammer sei keine Standesvertretung mehr, sondern nur mehr mit sich selbst besch\u00e4figt, kritisierte die Podiumsrunde unisono.\n<\/p>\n<p><strong>Service und Beratung statt Sanktionsdrohungen<\/strong> <\/p>\n<p>Die Wirtschaftskammer solle mehr Transparenz schaffen und ihre Dienstleistungen endlich wieder st\u00e4rker auf die Mitglieder fokussieren. Schellhorn forderte hierzu mehr Service und Beratung und mehr Investitionen in die Lehrlingsausbildung. Kategorisch lehnte der NEOS-Politiker den zunehmenden Trend hin zu Sanktionen, Strafandrohungen und P\u00f6nalezahlungen ab. Es gehe nicht an, dass Strafzahlungen von Unternehmen im Budget der Kammer landen. Vom designierten WKO-Pr\u00e4sidenten &#8211; &#8220;Digitalisierungsminister&#8221; Harald Mahrer &#8211; erwarte er sich als erstes einmal die Zusammenlegung der neun verschiedenen Buchhaltungen der Landeskammern.\n<\/p>\n<p>Rudolf Tucek kritisierte, dass Kammern und Gewerkschaften nur noch f\u00fcr sich selbst arbeiten und Unternehmen so nicht mehr mit deren Hilfe rechnen k\u00f6nnten. &#8220;Da gibt es ein fl\u00e4chendeckendes politisches Versagen, vor allem, weil sich die politischen Entscheider aus der Gesetzgebung ausschlie\u00dfen.&#8221; Tucek stellte grunds\u00e4tzlich infrage, ob die immer sch\u00e4rferen Regulierungen wirklich im Sinne des Konsumentenschutzes seien und kritisierte die Beweislastumkehr. Ganz besonders erregte sich der Unternehmer dar\u00fcber, dass sich Staat und Beh\u00f6rden selbst nicht an gesetzliche Regelungen, wie etwa die neue Datenschutzgrundverordnung, gebunden f\u00fchlten, die f\u00fcr jede Firma gelten. Die DSVGO selbst nannte er eine Katastrophe f\u00fcr die Wirtschaft, die damit befassten Beh\u00f6rden &#8220;ahnungslos&#8221;, was deren Auswirkungen anlangt.\n<\/p>\n<p><strong>Kunde ist K\u00f6nig<\/strong> <\/p>\n<p>Dass die Gewerberechtsnovelle 2017 nicht viel mehr Positives gebracht habe als die &#8220;Single Licence&#8221; (eine Gewerbeberechtigung f\u00fcr mehrere Gewerbe), stellte Schellhorn fest. Simone Schmutzer von der Rechtsanwaltskanzlei Koller und Schreiber erwartet hingegen von der neuen EU-Pauschalreiserichtlinie einen weiteren zahlenm\u00e4\u00dfigen Anstieg von Klagen, zum Beispiel wegen &#8220;fehlender Urlaubsfreuden&#8221;. &#8220;Der Kunde erwartet sich immer mehr von Dienstleistern und hat meist auch ein besseres Wissen \u00fcber seine Rechte&#8221;, sagte die Reiserechts-Spezialistin. Genau davor warnte Tourismusberater Marco Riederer. Die angef\u00fchrten Prozent- und Wertgrenzen in der Pauschalreiserichtlinie seien sch\u00e4dlich, oft sogar existenzgef\u00e4hrdend f\u00fcr KMU. Er hoffe in Zukunft prim\u00e4r auf zwei Dinge: Geschwindigkeit in der Anpassung an bereits bestehende Gesetze und Gesamtheit im Denken, vor allem im Bezug auf die Gewerbeordnung.\n<\/p>\n<p>Fotos von der Veranstaltung stehen auf Fotodienst frei zum Download zur Verf\u00fcgung. <a href=\"https:\/\/fotodienst.pressetext.com\/album\/3641\" target=\"_blank\">https:\/\/fotodienst.pressetext.com\/album\/3641<\/a><\/p>\n<\/article>\n","protected":false},"excerpt":{"rendered":"<p>Travel Industry Club fordert Einbindung von Praktikern bei Gesetzgebung 07.11.2017 Wien \u2013 Zu einer Abrechnung mit der Wirtschaftskammer \u00d6sterreich (WKO) hat sich eine Podiumsdiskussion des Travel Industry Club Austria \u00fcber die Gewerberechtsnovelle 2017 am Montagabend im Wiener Steigenberger Hotel Herrenhof entwickelt. Die anwesenden Experten kritisierten anhand zahlreicher Beispiele den anhaltenden Reformstau, gro\u00dffl\u00e4chiges politisches Versagen (in&hellip;<\/p>\n","protected":false},"author":2,"featured_media":10096,"comment_status":"closed","ping_status":"closed","sticky":false,"template":"","format":"standard","meta":{"footnotes":""},"categories":[3],"tags":[],"class_list":["post-10097","post","type-post","status-publish","format-standard","has-post-thumbnail","hentry","category-news","category-3","description-off"],"yoast_head":"<!-- This site is optimized with the Yoast SEO plugin v26.3 - https:\/\/yoast.com\/wordpress\/plugins\/seo\/ -->\n<title>Touristiker kritisieren Reformstau - Temmel | Seywald - Corporate Communications<\/title>\n<meta name=\"robots\" content=\"index, follow, max-snippet:-1, max-image-preview:large, max-video-preview:-1\" \/>\n<link rel=\"canonical\" href=\"https:\/\/www.tsp.at\/en\/2017\/11\/07\/touristiker-kritisieren-reformstau\/\" \/>\n<meta property=\"og:locale\" content=\"en_US\" \/>\n<meta property=\"og:type\" content=\"article\" \/>\n<meta property=\"og:title\" content=\"Touristiker kritisieren Reformstau - Temmel | Seywald - Corporate Communications\" \/>\n<meta property=\"og:description\" content=\"Travel Industry Club fordert Einbindung von Praktikern bei Gesetzgebung 07.11.2017 Wien \u2013 Zu einer Abrechnung mit der Wirtschaftskammer \u00d6sterreich (WKO) hat sich eine Podiumsdiskussion des Travel Industry Club Austria \u00fcber die Gewerberechtsnovelle 2017 am Montagabend im Wiener Steigenberger Hotel Herrenhof entwickelt. Die anwesenden Experten kritisierten anhand zahlreicher Beispiele den anhaltenden Reformstau, gro\u00dffl\u00e4chiges politisches Versagen (in&hellip;\" \/>\n<meta property=\"og:url\" content=\"https:\/\/www.tsp.at\/en\/2017\/11\/07\/touristiker-kritisieren-reformstau\/\" \/>\n<meta property=\"og:site_name\" content=\"Temmel | Seywald - Corporate Communications\" \/>\n<meta property=\"article:publisher\" content=\"https:\/\/www.facebook.com\/TemmelSeywald\" \/>\n<meta property=\"article:published_time\" content=\"2017-11-07T09:10:00+00:00\" \/>\n<meta property=\"article:modified_time\" content=\"2025-10-21T12:57:38+00:00\" \/>\n<meta property=\"og:image\" content=\"https:\/\/www.tsp.at\/wp-content\/uploads\/2025\/10\/001Mikes-26-scaled.jpg\" \/>\n\t<meta property=\"og:image:width\" content=\"2560\" \/>\n\t<meta property=\"og:image:height\" content=\"1706\" \/>\n\t<meta property=\"og:image:type\" content=\"image\/jpeg\" \/>\n<meta name=\"author\" content=\"TSP Redaktion\" \/>\n<meta name=\"twitter:card\" content=\"summary_large_image\" \/>\n<meta name=\"twitter:label1\" content=\"Written by\" \/>\n\t<meta name=\"twitter:data1\" content=\"TSP Redaktion\" \/>\n\t<meta name=\"twitter:label2\" content=\"Est. reading time\" \/>\n\t<meta name=\"twitter:data2\" content=\"3 minutes\" \/>\n<script type=\"application\/ld+json\" class=\"yoast-schema-graph\">{\"@context\":\"https:\/\/schema.org\",\"@graph\":[{\"@type\":\"Article\",\"@id\":\"https:\/\/www.tsp.at\/en\/2017\/11\/07\/touristiker-kritisieren-reformstau\/#article\",\"isPartOf\":{\"@id\":\"https:\/\/www.tsp.at\/en\/2017\/11\/07\/touristiker-kritisieren-reformstau\/\"},\"author\":{\"name\":\"TSP Redaktion\",\"@id\":\"https:\/\/www.tsp.at\/en\/#\/schema\/person\/1ba5600c29da17b902b0925cea567f8a\"},\"headline\":\"Touristiker kritisieren Reformstau\",\"datePublished\":\"2017-11-07T09:10:00+00:00\",\"dateModified\":\"2025-10-21T12:57:38+00:00\",\"mainEntityOfPage\":{\"@id\":\"https:\/\/www.tsp.at\/en\/2017\/11\/07\/touristiker-kritisieren-reformstau\/\"},\"wordCount\":529,\"publisher\":{\"@id\":\"https:\/\/www.tsp.at\/en\/#organization\"},\"image\":{\"@id\":\"https:\/\/www.tsp.at\/en\/2017\/11\/07\/touristiker-kritisieren-reformstau\/#primaryimage\"},\"thumbnailUrl\":\"https:\/\/www.tsp.at\/wp-content\/uploads\/2025\/10\/001Mikes-26-scaled.jpg\",\"articleSection\":[\"News\"],\"inLanguage\":\"en-US\"},{\"@type\":\"WebPage\",\"@id\":\"https:\/\/www.tsp.at\/en\/2017\/11\/07\/touristiker-kritisieren-reformstau\/\",\"url\":\"https:\/\/www.tsp.at\/en\/2017\/11\/07\/touristiker-kritisieren-reformstau\/\",\"name\":\"Touristiker kritisieren Reformstau - Temmel | Seywald - Corporate Communications\",\"isPartOf\":{\"@id\":\"https:\/\/www.tsp.at\/en\/#website\"},\"primaryImageOfPage\":{\"@id\":\"https:\/\/www.tsp.at\/en\/2017\/11\/07\/touristiker-kritisieren-reformstau\/#primaryimage\"},\"image\":{\"@id\":\"https:\/\/www.tsp.at\/en\/2017\/11\/07\/touristiker-kritisieren-reformstau\/#primaryimage\"},\"thumbnailUrl\":\"https:\/\/www.tsp.at\/wp-content\/uploads\/2025\/10\/001Mikes-26-scaled.jpg\",\"datePublished\":\"2017-11-07T09:10:00+00:00\",\"dateModified\":\"2025-10-21T12:57:38+00:00\",\"breadcrumb\":{\"@id\":\"https:\/\/www.tsp.at\/en\/2017\/11\/07\/touristiker-kritisieren-reformstau\/#breadcrumb\"},\"inLanguage\":\"en-US\",\"potentialAction\":[{\"@type\":\"ReadAction\",\"target\":[\"https:\/\/www.tsp.at\/en\/2017\/11\/07\/touristiker-kritisieren-reformstau\/\"]}]},{\"@type\":\"ImageObject\",\"inLanguage\":\"en-US\",\"@id\":\"https:\/\/www.tsp.at\/en\/2017\/11\/07\/touristiker-kritisieren-reformstau\/#primaryimage\",\"url\":\"https:\/\/www.tsp.at\/wp-content\/uploads\/2025\/10\/001Mikes-26-scaled.jpg\",\"contentUrl\":\"https:\/\/www.tsp.at\/wp-content\/uploads\/2025\/10\/001Mikes-26-scaled.jpg\",\"width\":2560,\"height\":1706},{\"@type\":\"BreadcrumbList\",\"@id\":\"https:\/\/www.tsp.at\/en\/2017\/11\/07\/touristiker-kritisieren-reformstau\/#breadcrumb\",\"itemListElement\":[{\"@type\":\"ListItem\",\"position\":1,\"name\":\"Startseite\",\"item\":\"https:\/\/www.tsp.at\/en\/\"},{\"@type\":\"ListItem\",\"position\":2,\"name\":\"Touristiker kritisieren Reformstau\"}]},{\"@type\":\"WebSite\",\"@id\":\"https:\/\/www.tsp.at\/en\/#website\",\"url\":\"https:\/\/www.tsp.at\/en\/\",\"name\":\"Temmel | Seywald - Corporate Communications\",\"description\":\"Kommunikation ist Beziehungsarbeit\",\"publisher\":{\"@id\":\"https:\/\/www.tsp.at\/en\/#organization\"},\"potentialAction\":[{\"@type\":\"SearchAction\",\"target\":{\"@type\":\"EntryPoint\",\"urlTemplate\":\"https:\/\/www.tsp.at\/en\/?s={search_term_string}\"},\"query-input\":{\"@type\":\"PropertyValueSpecification\",\"valueRequired\":true,\"valueName\":\"search_term_string\"}}],\"inLanguage\":\"en-US\"},{\"@type\":\"Organization\",\"@id\":\"https:\/\/www.tsp.at\/en\/#organization\",\"name\":\"Temmel, Seywald & Partner Communications GesmbH\",\"alternateName\":\"TSP\",\"url\":\"https:\/\/www.tsp.at\/en\/\",\"logo\":{\"@type\":\"ImageObject\",\"inLanguage\":\"en-US\",\"@id\":\"https:\/\/www.tsp.at\/en\/#\/schema\/logo\/image\/\",\"url\":\"https:\/\/www.tsp.at\/wp-content\/uploads\/2025\/10\/favicontsp.png\",\"contentUrl\":\"https:\/\/www.tsp.at\/wp-content\/uploads\/2025\/10\/favicontsp.png\",\"width\":125,\"height\":125,\"caption\":\"Temmel, Seywald & Partner Communications GesmbH\"},\"image\":{\"@id\":\"https:\/\/www.tsp.at\/en\/#\/schema\/logo\/image\/\"},\"sameAs\":[\"https:\/\/www.facebook.com\/TemmelSeywald\"]},{\"@type\":\"Person\",\"@id\":\"https:\/\/www.tsp.at\/en\/#\/schema\/person\/1ba5600c29da17b902b0925cea567f8a\",\"name\":\"TSP Redaktion\"}]}<\/script>\n<!-- \/ Yoast SEO plugin. -->","yoast_head_json":{"title":"Touristiker kritisieren Reformstau - Temmel | Seywald - Corporate Communications","robots":{"index":"index","follow":"follow","max-snippet":"max-snippet:-1","max-image-preview":"max-image-preview:large","max-video-preview":"max-video-preview:-1"},"canonical":"https:\/\/www.tsp.at\/en\/2017\/11\/07\/touristiker-kritisieren-reformstau\/","og_locale":"en_US","og_type":"article","og_title":"Touristiker kritisieren Reformstau - Temmel | Seywald - Corporate Communications","og_description":"Travel Industry Club fordert Einbindung von Praktikern bei Gesetzgebung 07.11.2017 Wien \u2013 Zu einer Abrechnung mit der Wirtschaftskammer \u00d6sterreich (WKO) hat sich eine Podiumsdiskussion des Travel Industry Club Austria \u00fcber die Gewerberechtsnovelle 2017 am Montagabend im Wiener Steigenberger Hotel Herrenhof entwickelt. Die anwesenden Experten kritisierten anhand zahlreicher Beispiele den anhaltenden Reformstau, gro\u00dffl\u00e4chiges politisches Versagen (in&hellip;","og_url":"https:\/\/www.tsp.at\/en\/2017\/11\/07\/touristiker-kritisieren-reformstau\/","og_site_name":"Temmel | Seywald - Corporate Communications","article_publisher":"https:\/\/www.facebook.com\/TemmelSeywald","article_published_time":"2017-11-07T09:10:00+00:00","article_modified_time":"2025-10-21T12:57:38+00:00","og_image":[{"width":2560,"height":1706,"url":"https:\/\/www.tsp.at\/wp-content\/uploads\/2025\/10\/001Mikes-26-scaled.jpg","type":"image\/jpeg"}],"author":"TSP Redaktion","twitter_card":"summary_large_image","twitter_misc":{"Written by":"TSP Redaktion","Est. reading time":"3 minutes"},"schema":{"@context":"https:\/\/schema.org","@graph":[{"@type":"Article","@id":"https:\/\/www.tsp.at\/en\/2017\/11\/07\/touristiker-kritisieren-reformstau\/#article","isPartOf":{"@id":"https:\/\/www.tsp.at\/en\/2017\/11\/07\/touristiker-kritisieren-reformstau\/"},"author":{"name":"TSP Redaktion","@id":"https:\/\/www.tsp.at\/en\/#\/schema\/person\/1ba5600c29da17b902b0925cea567f8a"},"headline":"Touristiker kritisieren Reformstau","datePublished":"2017-11-07T09:10:00+00:00","dateModified":"2025-10-21T12:57:38+00:00","mainEntityOfPage":{"@id":"https:\/\/www.tsp.at\/en\/2017\/11\/07\/touristiker-kritisieren-reformstau\/"},"wordCount":529,"publisher":{"@id":"https:\/\/www.tsp.at\/en\/#organization"},"image":{"@id":"https:\/\/www.tsp.at\/en\/2017\/11\/07\/touristiker-kritisieren-reformstau\/#primaryimage"},"thumbnailUrl":"https:\/\/www.tsp.at\/wp-content\/uploads\/2025\/10\/001Mikes-26-scaled.jpg","articleSection":["News"],"inLanguage":"en-US"},{"@type":"WebPage","@id":"https:\/\/www.tsp.at\/en\/2017\/11\/07\/touristiker-kritisieren-reformstau\/","url":"https:\/\/www.tsp.at\/en\/2017\/11\/07\/touristiker-kritisieren-reformstau\/","name":"Touristiker kritisieren Reformstau - Temmel | Seywald - Corporate Communications","isPartOf":{"@id":"https:\/\/www.tsp.at\/en\/#website"},"primaryImageOfPage":{"@id":"https:\/\/www.tsp.at\/en\/2017\/11\/07\/touristiker-kritisieren-reformstau\/#primaryimage"},"image":{"@id":"https:\/\/www.tsp.at\/en\/2017\/11\/07\/touristiker-kritisieren-reformstau\/#primaryimage"},"thumbnailUrl":"https:\/\/www.tsp.at\/wp-content\/uploads\/2025\/10\/001Mikes-26-scaled.jpg","datePublished":"2017-11-07T09:10:00+00:00","dateModified":"2025-10-21T12:57:38+00:00","breadcrumb":{"@id":"https:\/\/www.tsp.at\/en\/2017\/11\/07\/touristiker-kritisieren-reformstau\/#breadcrumb"},"inLanguage":"en-US","potentialAction":[{"@type":"ReadAction","target":["https:\/\/www.tsp.at\/en\/2017\/11\/07\/touristiker-kritisieren-reformstau\/"]}]},{"@type":"ImageObject","inLanguage":"en-US","@id":"https:\/\/www.tsp.at\/en\/2017\/11\/07\/touristiker-kritisieren-reformstau\/#primaryimage","url":"https:\/\/www.tsp.at\/wp-content\/uploads\/2025\/10\/001Mikes-26-scaled.jpg","contentUrl":"https:\/\/www.tsp.at\/wp-content\/uploads\/2025\/10\/001Mikes-26-scaled.jpg","width":2560,"height":1706},{"@type":"BreadcrumbList","@id":"https:\/\/www.tsp.at\/en\/2017\/11\/07\/touristiker-kritisieren-reformstau\/#breadcrumb","itemListElement":[{"@type":"ListItem","position":1,"name":"Startseite","item":"https:\/\/www.tsp.at\/en\/"},{"@type":"ListItem","position":2,"name":"Touristiker kritisieren Reformstau"}]},{"@type":"WebSite","@id":"https:\/\/www.tsp.at\/en\/#website","url":"https:\/\/www.tsp.at\/en\/","name":"Temmel | Seywald - Corporate Communications","description":"Kommunikation ist Beziehungsarbeit","publisher":{"@id":"https:\/\/www.tsp.at\/en\/#organization"},"potentialAction":[{"@type":"SearchAction","target":{"@type":"EntryPoint","urlTemplate":"https:\/\/www.tsp.at\/en\/?s={search_term_string}"},"query-input":{"@type":"PropertyValueSpecification","valueRequired":true,"valueName":"search_term_string"}}],"inLanguage":"en-US"},{"@type":"Organization","@id":"https:\/\/www.tsp.at\/en\/#organization","name":"Temmel, Seywald & Partner Communications GesmbH","alternateName":"TSP","url":"https:\/\/www.tsp.at\/en\/","logo":{"@type":"ImageObject","inLanguage":"en-US","@id":"https:\/\/www.tsp.at\/en\/#\/schema\/logo\/image\/","url":"https:\/\/www.tsp.at\/wp-content\/uploads\/2025\/10\/favicontsp.png","contentUrl":"https:\/\/www.tsp.at\/wp-content\/uploads\/2025\/10\/favicontsp.png","width":125,"height":125,"caption":"Temmel, Seywald & Partner Communications GesmbH"},"image":{"@id":"https:\/\/www.tsp.at\/en\/#\/schema\/logo\/image\/"},"sameAs":["https:\/\/www.facebook.com\/TemmelSeywald"]},{"@type":"Person","@id":"https:\/\/www.tsp.at\/en\/#\/schema\/person\/1ba5600c29da17b902b0925cea567f8a","name":"TSP Redaktion"}]}},"_links":{"self":[{"href":"https:\/\/www.tsp.at\/en\/wp-json\/wp\/v2\/posts\/10097","targetHints":{"allow":["GET"]}}],"collection":[{"href":"https:\/\/www.tsp.at\/en\/wp-json\/wp\/v2\/posts"}],"about":[{"href":"https:\/\/www.tsp.at\/en\/wp-json\/wp\/v2\/types\/post"}],"author":[{"embeddable":true,"href":"https:\/\/www.tsp.at\/en\/wp-json\/wp\/v2\/users\/2"}],"replies":[{"embeddable":true,"href":"https:\/\/www.tsp.at\/en\/wp-json\/wp\/v2\/comments?post=10097"}],"version-history":[{"count":1,"href":"https:\/\/www.tsp.at\/en\/wp-json\/wp\/v2\/posts\/10097\/revisions"}],"predecessor-version":[{"id":11459,"href":"https:\/\/www.tsp.at\/en\/wp-json\/wp\/v2\/posts\/10097\/revisions\/11459"}],"wp:featuredmedia":[{"embeddable":true,"href":"https:\/\/www.tsp.at\/en\/wp-json\/wp\/v2\/media\/10096"}],"wp:attachment":[{"href":"https:\/\/www.tsp.at\/en\/wp-json\/wp\/v2\/media?parent=10097"}],"wp:term":[{"taxonomy":"category","embeddable":true,"href":"https:\/\/www.tsp.at\/en\/wp-json\/wp\/v2\/categories?post=10097"},{"taxonomy":"post_tag","embeddable":true,"href":"https:\/\/www.tsp.at\/en\/wp-json\/wp\/v2\/tags?post=10097"}],"curies":[{"name":"wp","href":"https:\/\/api.w.org\/{rel}","templated":true}]}}