{"id":10113,"date":"2017-09-01T15:36:00","date_gmt":"2017-09-01T13:36:00","guid":{"rendered":"https:\/\/staging.tsp.at\/2017\/09\/01\/ruheparadies-an-der-costa-de-la-calma\/"},"modified":"2025-10-21T14:57:39","modified_gmt":"2025-10-21T12:57:39","slug":"ruheparadies-an-der-costa-de-la-calma","status":"publish","type":"post","link":"https:\/\/www.tsp.at\/en\/2017\/09\/01\/ruheparadies-an-der-costa-de-la-calma\/","title":{"rendered":"Ruheparadies an der Costa de la Calma"},"content":{"rendered":"<article class=\"item\">\n<h2><strong> FIRST MALLORCA offeriert Gr\u00fcn-Oase mit privatem Meerzugang <\/strong><\/h2>\n<p>01.09.2017<\/p>\n<\/p>\n<\/p>\n<\/p>\n<\/p>\n<\/p>\n<p>Palma de Mallorce \u2013 <span class=\"FtxtBold\" style=\"margin-bottom: 10px;\">Erholsam, beschaulich und gem\u00fctlich. Wer in seiner Freizeit Entspannung sucht und die Stille der Meereswellen genie\u00dfen m\u00f6chte, ist in Costa de la Calma gut aufgehoben. Wie schon der Name erahnen l\u00e4sst, verspricht die Ortschaft im S\u00fcdwesten der spanischen Mittelmeerinsel Mallorca viel Ruhe und Gelassenheit. Doch das war nicht immer so. Von hier aus eroberte K\u00f6nig Pedro IV. von Aragon nach seiner Landung im Jahre 1343 die Insel und vertrieb den jungen Jaime III. von Mallorca.<\/span> <\/p>\n<p class=\"FtxtP\">Der K\u00fcstenabschnitt zwischen Santa Pon\u00e7a und Paguera ist heute ein beliebtes und inzwischen auch belebtes Wohngebiet. Hier befindet sich der herrliche Strand von Cala Blanca mit pittoresken felsigen Meerzug\u00e4ngen und kleinen vertr\u00e4umten Buchten. Inmitten dieser lauschigen Idylle bietet der Premium-Makler FIRST MALLORCA eine luxuri\u00f6se Ruhe-Oase mit viel Privatsph\u00e4re, eine moderne, lichtdurchflutete Villa mit privatem Meerzugang (Ref. 54794). <a href=\"http:\/\/bit.ly\/2viAI7r\" rel=\"nofollow\" target=\"_blank\">http:\/\/bit.ly\/2viAI7r<\/a><\/p>\n<p class=\"FtxtP\"><strong><span class=\"FtxtBold\" style=\"margin-bottom: 10px;\"> Gepflegter Garten, schattige Terrasse<\/span><\/strong><\/p>\n<p class=\"FtxtP\">Auf einer Grundst\u00fccksfl\u00e4che von 400 Quadratmeter und einer bebauten Fl\u00e4che von 205 Quadratmetern befinden sich drei Schlafzimmer, zwei B\u00e4der und eine 70 Quadratmeter gro\u00dfe, \u00fcberdachte Terrasse. Die Schlafzimmer befinden sich im ersten Stock, w\u00e4hrend sich der Wohn- und Essbereich \u00fcber beide Etagen verteilt. Hinzu kommen ein gepflegter Garten, eine offene K\u00fcche und ein G\u00e4ste-WC sowie eine eigene Garage, die direkt ins Haus f\u00fchrt. Die Immobilie ist umfassend ausgestattet und voll m\u00f6bliert. Sie verf\u00fcgt \u00fcber eine Klimaanlage, eine elektrische Heizung und besticht durch edle Marmorb\u00f6den.<\/p>\n<p class=\"FtxtP\"><strong><span class=\"FtxtBold\" style=\"margin-bottom: 10px;\"> Doppelhaush\u00e4lfte mit Pool<\/span><\/strong><\/p>\n<p class=\"FtxtP\">Bei dieser Villa in der ersten Meereslinie handelt es sich konkret um eine Doppelhaush\u00e4lfte. Darin inbegriffen ist auch ein Gemeinschaftspool. Wer die Ruhe und das sanfte Rauschen des Meeres gegen urbanes Treiben eintauschen m\u00f6chte, der braucht nur 25 Fahrminuten bis in die Hauptstadt Palma, das wirtschaftliche und kulturelle Herz der Insel. Der Kaufpreis der Villa betr\u00e4gt 1,51 Mio. EUR.<\/p>\n<p class=\"FtxtP\"><strong><span class=\"FtxtBold\" style=\"margin-bottom: 10px;\"> \u00dcber FIRST MALLORCA<\/span><\/strong><\/p>\n<p class=\"FtxtP\"><strong><\/strong> <br \/> FIRST MALLORCA ist eine private spanische Kapitalgesellschaft (S.L.) mit Sitz auf Mallorca, die vielf\u00e4ltige Immobilien-Dienstleistungen anbietet. Das Unternehmen ist Marktf\u00fchrer unter den &#8220;Boutique Style&#8221;-Anbietern mit hochqualitativen und innovativen Services. Das Team besteht aus 45Berater\/innen, die \u00fcber einschl\u00e4gige Erfahrung in Immobilienentwicklung und Verm\u00f6gensverwaltung verf\u00fcgen. Da jede Abwicklung individuell angelegt ist, setzt das Expertenteam von FIRST MALLORCA stets neue und innovative Wege, Technologien und Strategien ein, um beste Resultate f\u00fcr seine Kunden zu erzielen. Die vier strategisch positionierten Filialen werden k\u00fcnftig durch einen weiteren Standort auf Mallorca erg\u00e4nzt. <a href=\"http:\/\/www.firstmallorca.com\" rel=\"nofollow\" target=\"_blank\">http:\/\/www.firstmallorca.com<\/a><\/p>\n<\/article>\n","protected":false},"excerpt":{"rendered":"<p>FIRST MALLORCA offeriert Gr\u00fcn-Oase mit privatem Meerzugang 01.09.2017 Palma de Mallorce \u2013 Erholsam, beschaulich und gem\u00fctlich. Wer in seiner Freizeit Entspannung sucht und die Stille der Meereswellen genie\u00dfen m\u00f6chte, ist in Costa de la Calma gut aufgehoben. Wie schon der Name erahnen l\u00e4sst, verspricht die Ortschaft im S\u00fcdwesten der spanischen Mittelmeerinsel Mallorca viel Ruhe und&hellip;<\/p>\n","protected":false},"author":2,"featured_media":10112,"comment_status":"closed","ping_status":"closed","sticky":false,"template":"","format":"standard","meta":{"footnotes":""},"categories":[3],"tags":[],"class_list":["post-10113","post","type-post","status-publish","format-standard","has-post-thumbnail","hentry","category-news","category-3","description-off"],"yoast_head":"<!-- This site is optimized with the Yoast SEO plugin v26.3 - https:\/\/yoast.com\/wordpress\/plugins\/seo\/ -->\n<title>Ruheparadies an der Costa de la Calma - Temmel | Seywald - Corporate Communications<\/title>\n<meta name=\"robots\" content=\"index, follow, max-snippet:-1, max-image-preview:large, max-video-preview:-1\" \/>\n<link rel=\"canonical\" href=\"https:\/\/www.tsp.at\/en\/2017\/09\/01\/ruheparadies-an-der-costa-de-la-calma\/\" \/>\n<meta property=\"og:locale\" content=\"en_US\" \/>\n<meta property=\"og:type\" content=\"article\" \/>\n<meta property=\"og:title\" content=\"Ruheparadies an der Costa de la Calma - Temmel | Seywald - Corporate Communications\" \/>\n<meta property=\"og:description\" content=\"FIRST MALLORCA offeriert Gr\u00fcn-Oase mit privatem Meerzugang 01.09.2017 Palma de Mallorce \u2013 Erholsam, beschaulich und gem\u00fctlich. Wer in seiner Freizeit Entspannung sucht und die Stille der Meereswellen genie\u00dfen m\u00f6chte, ist in Costa de la Calma gut aufgehoben. Wie schon der Name erahnen l\u00e4sst, verspricht die Ortschaft im S\u00fcdwesten der spanischen Mittelmeerinsel Mallorca viel Ruhe und&hellip;\" \/>\n<meta property=\"og:url\" content=\"https:\/\/www.tsp.at\/en\/2017\/09\/01\/ruheparadies-an-der-costa-de-la-calma\/\" \/>\n<meta property=\"og:site_name\" content=\"Temmel | Seywald - Corporate Communications\" \/>\n<meta property=\"article:publisher\" content=\"https:\/\/www.facebook.com\/TemmelSeywald\" \/>\n<meta property=\"article:published_time\" content=\"2017-09-01T13:36:00+00:00\" \/>\n<meta property=\"article:modified_time\" content=\"2025-10-21T12:57:39+00:00\" \/>\n<meta property=\"og:image\" content=\"https:\/\/www.tsp.at\/wp-content\/uploads\/2025\/10\/long01_54794_Costacalma-scaled.jpg\" \/>\n\t<meta property=\"og:image:width\" content=\"2560\" \/>\n\t<meta property=\"og:image:height\" content=\"1709\" \/>\n\t<meta property=\"og:image:type\" content=\"image\/jpeg\" \/>\n<meta name=\"author\" content=\"TSP Redaktion\" \/>\n<meta name=\"twitter:card\" content=\"summary_large_image\" \/>\n<meta name=\"twitter:label1\" content=\"Written by\" \/>\n\t<meta name=\"twitter:data1\" content=\"TSP Redaktion\" \/>\n\t<meta name=\"twitter:label2\" content=\"Est. reading time\" \/>\n\t<meta name=\"twitter:data2\" content=\"3 minutes\" \/>\n<script type=\"application\/ld+json\" class=\"yoast-schema-graph\">{\"@context\":\"https:\/\/schema.org\",\"@graph\":[{\"@type\":\"Article\",\"@id\":\"https:\/\/www.tsp.at\/en\/2017\/09\/01\/ruheparadies-an-der-costa-de-la-calma\/#article\",\"isPartOf\":{\"@id\":\"https:\/\/www.tsp.at\/en\/2017\/09\/01\/ruheparadies-an-der-costa-de-la-calma\/\"},\"author\":{\"name\":\"TSP Redaktion\",\"@id\":\"https:\/\/www.tsp.at\/en\/#\/schema\/person\/1ba5600c29da17b902b0925cea567f8a\"},\"headline\":\"Ruheparadies an der Costa de la Calma\",\"datePublished\":\"2017-09-01T13:36:00+00:00\",\"dateModified\":\"2025-10-21T12:57:39+00:00\",\"mainEntityOfPage\":{\"@id\":\"https:\/\/www.tsp.at\/en\/2017\/09\/01\/ruheparadies-an-der-costa-de-la-calma\/\"},\"wordCount\":430,\"publisher\":{\"@id\":\"https:\/\/www.tsp.at\/en\/#organization\"},\"image\":{\"@id\":\"https:\/\/www.tsp.at\/en\/2017\/09\/01\/ruheparadies-an-der-costa-de-la-calma\/#primaryimage\"},\"thumbnailUrl\":\"https:\/\/www.tsp.at\/wp-content\/uploads\/2025\/10\/long01_54794_Costacalma-scaled.jpg\",\"articleSection\":[\"News\"],\"inLanguage\":\"en-US\"},{\"@type\":\"WebPage\",\"@id\":\"https:\/\/www.tsp.at\/en\/2017\/09\/01\/ruheparadies-an-der-costa-de-la-calma\/\",\"url\":\"https:\/\/www.tsp.at\/en\/2017\/09\/01\/ruheparadies-an-der-costa-de-la-calma\/\",\"name\":\"Ruheparadies an der Costa de la Calma - Temmel | Seywald - Corporate Communications\",\"isPartOf\":{\"@id\":\"https:\/\/www.tsp.at\/en\/#website\"},\"primaryImageOfPage\":{\"@id\":\"https:\/\/www.tsp.at\/en\/2017\/09\/01\/ruheparadies-an-der-costa-de-la-calma\/#primaryimage\"},\"image\":{\"@id\":\"https:\/\/www.tsp.at\/en\/2017\/09\/01\/ruheparadies-an-der-costa-de-la-calma\/#primaryimage\"},\"thumbnailUrl\":\"https:\/\/www.tsp.at\/wp-content\/uploads\/2025\/10\/long01_54794_Costacalma-scaled.jpg\",\"datePublished\":\"2017-09-01T13:36:00+00:00\",\"dateModified\":\"2025-10-21T12:57:39+00:00\",\"breadcrumb\":{\"@id\":\"https:\/\/www.tsp.at\/en\/2017\/09\/01\/ruheparadies-an-der-costa-de-la-calma\/#breadcrumb\"},\"inLanguage\":\"en-US\",\"potentialAction\":[{\"@type\":\"ReadAction\",\"target\":[\"https:\/\/www.tsp.at\/en\/2017\/09\/01\/ruheparadies-an-der-costa-de-la-calma\/\"]}]},{\"@type\":\"ImageObject\",\"inLanguage\":\"en-US\",\"@id\":\"https:\/\/www.tsp.at\/en\/2017\/09\/01\/ruheparadies-an-der-costa-de-la-calma\/#primaryimage\",\"url\":\"https:\/\/www.tsp.at\/wp-content\/uploads\/2025\/10\/long01_54794_Costacalma-scaled.jpg\",\"contentUrl\":\"https:\/\/www.tsp.at\/wp-content\/uploads\/2025\/10\/long01_54794_Costacalma-scaled.jpg\",\"width\":2560,\"height\":1709},{\"@type\":\"BreadcrumbList\",\"@id\":\"https:\/\/www.tsp.at\/en\/2017\/09\/01\/ruheparadies-an-der-costa-de-la-calma\/#breadcrumb\",\"itemListElement\":[{\"@type\":\"ListItem\",\"position\":1,\"name\":\"Startseite\",\"item\":\"https:\/\/www.tsp.at\/en\/\"},{\"@type\":\"ListItem\",\"position\":2,\"name\":\"Ruheparadies an der Costa de la Calma\"}]},{\"@type\":\"WebSite\",\"@id\":\"https:\/\/www.tsp.at\/en\/#website\",\"url\":\"https:\/\/www.tsp.at\/en\/\",\"name\":\"Temmel | Seywald - Corporate Communications\",\"description\":\"Kommunikation ist Beziehungsarbeit\",\"publisher\":{\"@id\":\"https:\/\/www.tsp.at\/en\/#organization\"},\"potentialAction\":[{\"@type\":\"SearchAction\",\"target\":{\"@type\":\"EntryPoint\",\"urlTemplate\":\"https:\/\/www.tsp.at\/en\/?s={search_term_string}\"},\"query-input\":{\"@type\":\"PropertyValueSpecification\",\"valueRequired\":true,\"valueName\":\"search_term_string\"}}],\"inLanguage\":\"en-US\"},{\"@type\":\"Organization\",\"@id\":\"https:\/\/www.tsp.at\/en\/#organization\",\"name\":\"Temmel, Seywald & Partner Communications GesmbH\",\"alternateName\":\"TSP\",\"url\":\"https:\/\/www.tsp.at\/en\/\",\"logo\":{\"@type\":\"ImageObject\",\"inLanguage\":\"en-US\",\"@id\":\"https:\/\/www.tsp.at\/en\/#\/schema\/logo\/image\/\",\"url\":\"https:\/\/www.tsp.at\/wp-content\/uploads\/2025\/10\/favicontsp.png\",\"contentUrl\":\"https:\/\/www.tsp.at\/wp-content\/uploads\/2025\/10\/favicontsp.png\",\"width\":125,\"height\":125,\"caption\":\"Temmel, Seywald & Partner Communications GesmbH\"},\"image\":{\"@id\":\"https:\/\/www.tsp.at\/en\/#\/schema\/logo\/image\/\"},\"sameAs\":[\"https:\/\/www.facebook.com\/TemmelSeywald\"]},{\"@type\":\"Person\",\"@id\":\"https:\/\/www.tsp.at\/en\/#\/schema\/person\/1ba5600c29da17b902b0925cea567f8a\",\"name\":\"TSP Redaktion\"}]}<\/script>\n<!-- \/ Yoast SEO plugin. -->","yoast_head_json":{"title":"Ruheparadies an der Costa de la Calma - Temmel | Seywald - Corporate Communications","robots":{"index":"index","follow":"follow","max-snippet":"max-snippet:-1","max-image-preview":"max-image-preview:large","max-video-preview":"max-video-preview:-1"},"canonical":"https:\/\/www.tsp.at\/en\/2017\/09\/01\/ruheparadies-an-der-costa-de-la-calma\/","og_locale":"en_US","og_type":"article","og_title":"Ruheparadies an der Costa de la Calma - Temmel | Seywald - Corporate Communications","og_description":"FIRST MALLORCA offeriert Gr\u00fcn-Oase mit privatem Meerzugang 01.09.2017 Palma de Mallorce \u2013 Erholsam, beschaulich und gem\u00fctlich. Wer in seiner Freizeit Entspannung sucht und die Stille der Meereswellen genie\u00dfen m\u00f6chte, ist in Costa de la Calma gut aufgehoben. Wie schon der Name erahnen l\u00e4sst, verspricht die Ortschaft im S\u00fcdwesten der spanischen Mittelmeerinsel Mallorca viel Ruhe und&hellip;","og_url":"https:\/\/www.tsp.at\/en\/2017\/09\/01\/ruheparadies-an-der-costa-de-la-calma\/","og_site_name":"Temmel | Seywald - Corporate Communications","article_publisher":"https:\/\/www.facebook.com\/TemmelSeywald","article_published_time":"2017-09-01T13:36:00+00:00","article_modified_time":"2025-10-21T12:57:39+00:00","og_image":[{"width":2560,"height":1709,"url":"https:\/\/www.tsp.at\/wp-content\/uploads\/2025\/10\/long01_54794_Costacalma-scaled.jpg","type":"image\/jpeg"}],"author":"TSP Redaktion","twitter_card":"summary_large_image","twitter_misc":{"Written by":"TSP Redaktion","Est. reading time":"3 minutes"},"schema":{"@context":"https:\/\/schema.org","@graph":[{"@type":"Article","@id":"https:\/\/www.tsp.at\/en\/2017\/09\/01\/ruheparadies-an-der-costa-de-la-calma\/#article","isPartOf":{"@id":"https:\/\/www.tsp.at\/en\/2017\/09\/01\/ruheparadies-an-der-costa-de-la-calma\/"},"author":{"name":"TSP Redaktion","@id":"https:\/\/www.tsp.at\/en\/#\/schema\/person\/1ba5600c29da17b902b0925cea567f8a"},"headline":"Ruheparadies an der Costa de la Calma","datePublished":"2017-09-01T13:36:00+00:00","dateModified":"2025-10-21T12:57:39+00:00","mainEntityOfPage":{"@id":"https:\/\/www.tsp.at\/en\/2017\/09\/01\/ruheparadies-an-der-costa-de-la-calma\/"},"wordCount":430,"publisher":{"@id":"https:\/\/www.tsp.at\/en\/#organization"},"image":{"@id":"https:\/\/www.tsp.at\/en\/2017\/09\/01\/ruheparadies-an-der-costa-de-la-calma\/#primaryimage"},"thumbnailUrl":"https:\/\/www.tsp.at\/wp-content\/uploads\/2025\/10\/long01_54794_Costacalma-scaled.jpg","articleSection":["News"],"inLanguage":"en-US"},{"@type":"WebPage","@id":"https:\/\/www.tsp.at\/en\/2017\/09\/01\/ruheparadies-an-der-costa-de-la-calma\/","url":"https:\/\/www.tsp.at\/en\/2017\/09\/01\/ruheparadies-an-der-costa-de-la-calma\/","name":"Ruheparadies an der Costa de la Calma - Temmel | Seywald - Corporate Communications","isPartOf":{"@id":"https:\/\/www.tsp.at\/en\/#website"},"primaryImageOfPage":{"@id":"https:\/\/www.tsp.at\/en\/2017\/09\/01\/ruheparadies-an-der-costa-de-la-calma\/#primaryimage"},"image":{"@id":"https:\/\/www.tsp.at\/en\/2017\/09\/01\/ruheparadies-an-der-costa-de-la-calma\/#primaryimage"},"thumbnailUrl":"https:\/\/www.tsp.at\/wp-content\/uploads\/2025\/10\/long01_54794_Costacalma-scaled.jpg","datePublished":"2017-09-01T13:36:00+00:00","dateModified":"2025-10-21T12:57:39+00:00","breadcrumb":{"@id":"https:\/\/www.tsp.at\/en\/2017\/09\/01\/ruheparadies-an-der-costa-de-la-calma\/#breadcrumb"},"inLanguage":"en-US","potentialAction":[{"@type":"ReadAction","target":["https:\/\/www.tsp.at\/en\/2017\/09\/01\/ruheparadies-an-der-costa-de-la-calma\/"]}]},{"@type":"ImageObject","inLanguage":"en-US","@id":"https:\/\/www.tsp.at\/en\/2017\/09\/01\/ruheparadies-an-der-costa-de-la-calma\/#primaryimage","url":"https:\/\/www.tsp.at\/wp-content\/uploads\/2025\/10\/long01_54794_Costacalma-scaled.jpg","contentUrl":"https:\/\/www.tsp.at\/wp-content\/uploads\/2025\/10\/long01_54794_Costacalma-scaled.jpg","width":2560,"height":1709},{"@type":"BreadcrumbList","@id":"https:\/\/www.tsp.at\/en\/2017\/09\/01\/ruheparadies-an-der-costa-de-la-calma\/#breadcrumb","itemListElement":[{"@type":"ListItem","position":1,"name":"Startseite","item":"https:\/\/www.tsp.at\/en\/"},{"@type":"ListItem","position":2,"name":"Ruheparadies an der Costa de la Calma"}]},{"@type":"WebSite","@id":"https:\/\/www.tsp.at\/en\/#website","url":"https:\/\/www.tsp.at\/en\/","name":"Temmel | Seywald - Corporate Communications","description":"Kommunikation ist Beziehungsarbeit","publisher":{"@id":"https:\/\/www.tsp.at\/en\/#organization"},"potentialAction":[{"@type":"SearchAction","target":{"@type":"EntryPoint","urlTemplate":"https:\/\/www.tsp.at\/en\/?s={search_term_string}"},"query-input":{"@type":"PropertyValueSpecification","valueRequired":true,"valueName":"search_term_string"}}],"inLanguage":"en-US"},{"@type":"Organization","@id":"https:\/\/www.tsp.at\/en\/#organization","name":"Temmel, Seywald & Partner Communications GesmbH","alternateName":"TSP","url":"https:\/\/www.tsp.at\/en\/","logo":{"@type":"ImageObject","inLanguage":"en-US","@id":"https:\/\/www.tsp.at\/en\/#\/schema\/logo\/image\/","url":"https:\/\/www.tsp.at\/wp-content\/uploads\/2025\/10\/favicontsp.png","contentUrl":"https:\/\/www.tsp.at\/wp-content\/uploads\/2025\/10\/favicontsp.png","width":125,"height":125,"caption":"Temmel, Seywald & Partner Communications GesmbH"},"image":{"@id":"https:\/\/www.tsp.at\/en\/#\/schema\/logo\/image\/"},"sameAs":["https:\/\/www.facebook.com\/TemmelSeywald"]},{"@type":"Person","@id":"https:\/\/www.tsp.at\/en\/#\/schema\/person\/1ba5600c29da17b902b0925cea567f8a","name":"TSP Redaktion"}]}},"_links":{"self":[{"href":"https:\/\/www.tsp.at\/en\/wp-json\/wp\/v2\/posts\/10113","targetHints":{"allow":["GET"]}}],"collection":[{"href":"https:\/\/www.tsp.at\/en\/wp-json\/wp\/v2\/posts"}],"about":[{"href":"https:\/\/www.tsp.at\/en\/wp-json\/wp\/v2\/types\/post"}],"author":[{"embeddable":true,"href":"https:\/\/www.tsp.at\/en\/wp-json\/wp\/v2\/users\/2"}],"replies":[{"embeddable":true,"href":"https:\/\/www.tsp.at\/en\/wp-json\/wp\/v2\/comments?post=10113"}],"version-history":[{"count":1,"href":"https:\/\/www.tsp.at\/en\/wp-json\/wp\/v2\/posts\/10113\/revisions"}],"predecessor-version":[{"id":11467,"href":"https:\/\/www.tsp.at\/en\/wp-json\/wp\/v2\/posts\/10113\/revisions\/11467"}],"wp:featuredmedia":[{"embeddable":true,"href":"https:\/\/www.tsp.at\/en\/wp-json\/wp\/v2\/media\/10112"}],"wp:attachment":[{"href":"https:\/\/www.tsp.at\/en\/wp-json\/wp\/v2\/media?parent=10113"}],"wp:term":[{"taxonomy":"category","embeddable":true,"href":"https:\/\/www.tsp.at\/en\/wp-json\/wp\/v2\/categories?post=10113"},{"taxonomy":"post_tag","embeddable":true,"href":"https:\/\/www.tsp.at\/en\/wp-json\/wp\/v2\/tags?post=10113"}],"curies":[{"name":"wp","href":"https:\/\/api.w.org\/{rel}","templated":true}]}}