{"id":10115,"date":"2017-08-24T15:46:00","date_gmt":"2017-08-24T13:46:00","guid":{"rendered":"https:\/\/staging.tsp.at\/2017\/08\/24\/aichelin-group-beruft-dr-eibler-in-den-vorstand\/"},"modified":"2025-10-21T14:57:39","modified_gmt":"2025-10-21T12:57:39","slug":"aichelin-group-beruft-dr-eibler-in-den-vorstand","status":"publish","type":"post","link":"https:\/\/www.tsp.at\/en\/2017\/08\/24\/aichelin-group-beruft-dr-eibler-in-den-vorstand\/","title":{"rendered":"Aichelin Group beruft Dr. Eibler in den Vorstand"},"content":{"rendered":"<article class=\"item\">\n<h2><strong>Verst\u00e4rkte F\u00fchrung unterst\u00fctzt weitere Expansion<br \/>\n<\/strong><\/h2>\n<p>24.08.2017<\/p>\n<\/p>\n<\/p>\n<\/p>\n<\/p>\n<\/p>\n<p>M\u00f6dling \u2013 <span class=\"FtxtBold\" style=\"margin-bottom: 10px;\"><strong>Durch den erfolgreichen Gesch\u00e4ftsverlauf und das internationale Wachstum der AICHELIN Gruppe haben die F\u00fchrungsaufgaben kontinuierlich zugenommen. Aus diesem Grund haben sich der Eigent\u00fcmer, die Berndorf AG und die Gesch\u00e4ftsf\u00fchrung der AICHELIN Holding dazu entschlossen, die Stelle des CFO als zweite Gesch\u00e4ftsf\u00fchrerposition zu besetzen.<\/strong> <\/span> <\/p>\n<p class=\"FtxtP\">&#8220;Wir freuen uns nach einem sorgf\u00e4ltigen Auswahlprozess, Herrn Dr. Ronald W. Eibler f\u00fcr diese Position gewonnen zu haben. Mit ihm zusammen werde ich den erfolgreichen Kurs der AICHELIN Gruppe weiter fortsetzen&#8221;, zeigt sich der bisherige Allein-Gesch\u00e4ftsf\u00fchrer Dr. Peter Schobesberger sehr zufrieden.<\/p>\n<p class=\"FtxtP\">Dr. Ronald W. Eibler blickt auf eine langj\u00e4hrige internationale Karriere bei der Firma Philips Electronics zur\u00fcck, bei der er in verschiedensten kaufm\u00e4nnischen Leitungsfunktionen die letzten 18 Jahre im Ausland war, zuletzt als CFO und Managing Director der Philips IT Infrastruktur and Operations in Eindhoven. Der 50-j\u00e4hrige Wiener startet seine Position in M\u00f6dling am 21. August 2017.<\/p>\n<p class=\"FtxtP\"><strong><span class=\"FtxtBold\" style=\"margin-bottom: 10px;\"> \u00dcber die AICHELIN Holding<\/span> <\/strong><\/p>\n<p class=\"FtxtP\">Die AICHELIN Holding &#8211; mit ihren produzierenden Unternehmen AICHELIN, AFC-Holcroft, EMA Indutec, SAFED, BOSIO und NOXMAT &#8211; ist ein f\u00fchrender Anbieter von qualitativ hochwertigen Anlagen und Systemen f\u00fcr W\u00e4rmebehandlungs-L\u00f6sungen wie Industrie\u00f6fen, Induktionsh\u00e4rteanlagen, Industriegasbrennern und Servicedienstleistungen. Die Wurzeln des Unternehmens gehen ins Jahr 1868 zur\u00fcck. Mit einem Umsatz von ca. 200 Millionen Euro und mehr als 1.000 Mitarbeitern ist es heute unter den Top-3-Unternehmen f\u00fcr W\u00e4rmebehandlung weltweit. Eigent\u00fcmer der AICHELIN Group ist die Berndorf AG. Mit dem Hauptsitz in M\u00f6dling bei Wien verf\u00fcgt die AICHELIN Group \u00fcber eine starke Pr\u00e4senz in Europa mit Tochtergesellschaften in Frankreich, Deutschland, Slowenien und der Schweiz. Die weltweite Pr\u00e4senz umfasst Tochtergesellschaften und Niederlassungen in China, Indien, Russland und den USA, sowie \u00fcber ein Vertriebsnetz in 22 L\u00e4ndern. <a href=\"http:\/\/www.aichelin.com\" rel=\"nofollow\" target=\"_blank\">http:\/\/www.aichelin.com<\/a><\/p>\n<\/article>\n","protected":false},"excerpt":{"rendered":"<p>Verst\u00e4rkte F\u00fchrung unterst\u00fctzt weitere Expansion 24.08.2017 M\u00f6dling \u2013 Durch den erfolgreichen Gesch\u00e4ftsverlauf und das internationale Wachstum der AICHELIN Gruppe haben die F\u00fchrungsaufgaben kontinuierlich zugenommen. Aus diesem Grund haben sich der Eigent\u00fcmer, die Berndorf AG und die Gesch\u00e4ftsf\u00fchrung der AICHELIN Holding dazu entschlossen, die Stelle des CFO als zweite Gesch\u00e4ftsf\u00fchrerposition zu besetzen. &#8220;Wir freuen uns nach&hellip;<\/p>\n","protected":false},"author":2,"featured_media":10114,"comment_status":"closed","ping_status":"closed","sticky":false,"template":"","format":"standard","meta":{"footnotes":""},"categories":[3],"tags":[],"class_list":["post-10115","post","type-post","status-publish","format-standard","has-post-thumbnail","hentry","category-news","category-3","description-off"],"yoast_head":"<!-- This site is optimized with the Yoast SEO plugin v26.3 - https:\/\/yoast.com\/wordpress\/plugins\/seo\/ -->\n<title>Aichelin Group beruft Dr. Eibler in den Vorstand - Temmel | Seywald - Corporate Communications<\/title>\n<meta name=\"robots\" content=\"index, follow, max-snippet:-1, max-image-preview:large, max-video-preview:-1\" \/>\n<link rel=\"canonical\" href=\"https:\/\/www.tsp.at\/en\/2017\/08\/24\/aichelin-group-beruft-dr-eibler-in-den-vorstand\/\" \/>\n<meta property=\"og:locale\" content=\"en_US\" \/>\n<meta property=\"og:type\" content=\"article\" \/>\n<meta property=\"og:title\" content=\"Aichelin Group beruft Dr. Eibler in den Vorstand - Temmel | Seywald - Corporate Communications\" \/>\n<meta property=\"og:description\" content=\"Verst\u00e4rkte F\u00fchrung unterst\u00fctzt weitere Expansion 24.08.2017 M\u00f6dling \u2013 Durch den erfolgreichen Gesch\u00e4ftsverlauf und das internationale Wachstum der AICHELIN Gruppe haben die F\u00fchrungsaufgaben kontinuierlich zugenommen. Aus diesem Grund haben sich der Eigent\u00fcmer, die Berndorf AG und die Gesch\u00e4ftsf\u00fchrung der AICHELIN Holding dazu entschlossen, die Stelle des CFO als zweite Gesch\u00e4ftsf\u00fchrerposition zu besetzen. &#8220;Wir freuen uns nach&hellip;\" \/>\n<meta property=\"og:url\" content=\"https:\/\/www.tsp.at\/en\/2017\/08\/24\/aichelin-group-beruft-dr-eibler-in-den-vorstand\/\" \/>\n<meta property=\"og:site_name\" content=\"Temmel | Seywald - Corporate Communications\" \/>\n<meta property=\"article:publisher\" content=\"https:\/\/www.facebook.com\/TemmelSeywald\" \/>\n<meta property=\"article:published_time\" content=\"2017-08-24T13:46:00+00:00\" \/>\n<meta property=\"article:modified_time\" content=\"2025-10-21T12:57:39+00:00\" \/>\n<meta property=\"og:image\" content=\"https:\/\/www.tsp.at\/wp-content\/uploads\/2025\/10\/ShP_Eibler-scaled.jpg\" \/>\n\t<meta property=\"og:image:width\" content=\"2560\" \/>\n\t<meta property=\"og:image:height\" content=\"1779\" \/>\n\t<meta property=\"og:image:type\" content=\"image\/jpeg\" \/>\n<meta name=\"author\" content=\"TSP Redaktion\" \/>\n<meta name=\"twitter:card\" content=\"summary_large_image\" \/>\n<meta name=\"twitter:label1\" content=\"Written by\" \/>\n\t<meta name=\"twitter:data1\" content=\"TSP Redaktion\" \/>\n\t<meta name=\"twitter:label2\" content=\"Est. reading time\" \/>\n\t<meta name=\"twitter:data2\" content=\"2 minutes\" \/>\n<script type=\"application\/ld+json\" class=\"yoast-schema-graph\">{\"@context\":\"https:\/\/schema.org\",\"@graph\":[{\"@type\":\"Article\",\"@id\":\"https:\/\/www.tsp.at\/en\/2017\/08\/24\/aichelin-group-beruft-dr-eibler-in-den-vorstand\/#article\",\"isPartOf\":{\"@id\":\"https:\/\/www.tsp.at\/en\/2017\/08\/24\/aichelin-group-beruft-dr-eibler-in-den-vorstand\/\"},\"author\":{\"name\":\"TSP Redaktion\",\"@id\":\"https:\/\/www.tsp.at\/en\/#\/schema\/person\/1ba5600c29da17b902b0925cea567f8a\"},\"headline\":\"Aichelin Group beruft Dr. Eibler in den Vorstand\",\"datePublished\":\"2017-08-24T13:46:00+00:00\",\"dateModified\":\"2025-10-21T12:57:39+00:00\",\"mainEntityOfPage\":{\"@id\":\"https:\/\/www.tsp.at\/en\/2017\/08\/24\/aichelin-group-beruft-dr-eibler-in-den-vorstand\/\"},\"wordCount\":312,\"publisher\":{\"@id\":\"https:\/\/www.tsp.at\/en\/#organization\"},\"image\":{\"@id\":\"https:\/\/www.tsp.at\/en\/2017\/08\/24\/aichelin-group-beruft-dr-eibler-in-den-vorstand\/#primaryimage\"},\"thumbnailUrl\":\"https:\/\/www.tsp.at\/wp-content\/uploads\/2025\/10\/ShP_Eibler-scaled.jpg\",\"articleSection\":[\"News\"],\"inLanguage\":\"en-US\"},{\"@type\":\"WebPage\",\"@id\":\"https:\/\/www.tsp.at\/en\/2017\/08\/24\/aichelin-group-beruft-dr-eibler-in-den-vorstand\/\",\"url\":\"https:\/\/www.tsp.at\/en\/2017\/08\/24\/aichelin-group-beruft-dr-eibler-in-den-vorstand\/\",\"name\":\"Aichelin Group beruft Dr. Eibler in den Vorstand - Temmel | Seywald - Corporate Communications\",\"isPartOf\":{\"@id\":\"https:\/\/www.tsp.at\/en\/#website\"},\"primaryImageOfPage\":{\"@id\":\"https:\/\/www.tsp.at\/en\/2017\/08\/24\/aichelin-group-beruft-dr-eibler-in-den-vorstand\/#primaryimage\"},\"image\":{\"@id\":\"https:\/\/www.tsp.at\/en\/2017\/08\/24\/aichelin-group-beruft-dr-eibler-in-den-vorstand\/#primaryimage\"},\"thumbnailUrl\":\"https:\/\/www.tsp.at\/wp-content\/uploads\/2025\/10\/ShP_Eibler-scaled.jpg\",\"datePublished\":\"2017-08-24T13:46:00+00:00\",\"dateModified\":\"2025-10-21T12:57:39+00:00\",\"breadcrumb\":{\"@id\":\"https:\/\/www.tsp.at\/en\/2017\/08\/24\/aichelin-group-beruft-dr-eibler-in-den-vorstand\/#breadcrumb\"},\"inLanguage\":\"en-US\",\"potentialAction\":[{\"@type\":\"ReadAction\",\"target\":[\"https:\/\/www.tsp.at\/en\/2017\/08\/24\/aichelin-group-beruft-dr-eibler-in-den-vorstand\/\"]}]},{\"@type\":\"ImageObject\",\"inLanguage\":\"en-US\",\"@id\":\"https:\/\/www.tsp.at\/en\/2017\/08\/24\/aichelin-group-beruft-dr-eibler-in-den-vorstand\/#primaryimage\",\"url\":\"https:\/\/www.tsp.at\/wp-content\/uploads\/2025\/10\/ShP_Eibler-scaled.jpg\",\"contentUrl\":\"https:\/\/www.tsp.at\/wp-content\/uploads\/2025\/10\/ShP_Eibler-scaled.jpg\",\"width\":2560,\"height\":1779},{\"@type\":\"BreadcrumbList\",\"@id\":\"https:\/\/www.tsp.at\/en\/2017\/08\/24\/aichelin-group-beruft-dr-eibler-in-den-vorstand\/#breadcrumb\",\"itemListElement\":[{\"@type\":\"ListItem\",\"position\":1,\"name\":\"Startseite\",\"item\":\"https:\/\/www.tsp.at\/en\/\"},{\"@type\":\"ListItem\",\"position\":2,\"name\":\"Aichelin Group beruft Dr. Eibler in den Vorstand\"}]},{\"@type\":\"WebSite\",\"@id\":\"https:\/\/www.tsp.at\/en\/#website\",\"url\":\"https:\/\/www.tsp.at\/en\/\",\"name\":\"Temmel | Seywald - Corporate Communications\",\"description\":\"Kommunikation ist Beziehungsarbeit\",\"publisher\":{\"@id\":\"https:\/\/www.tsp.at\/en\/#organization\"},\"potentialAction\":[{\"@type\":\"SearchAction\",\"target\":{\"@type\":\"EntryPoint\",\"urlTemplate\":\"https:\/\/www.tsp.at\/en\/?s={search_term_string}\"},\"query-input\":{\"@type\":\"PropertyValueSpecification\",\"valueRequired\":true,\"valueName\":\"search_term_string\"}}],\"inLanguage\":\"en-US\"},{\"@type\":\"Organization\",\"@id\":\"https:\/\/www.tsp.at\/en\/#organization\",\"name\":\"Temmel, Seywald & Partner Communications GesmbH\",\"alternateName\":\"TSP\",\"url\":\"https:\/\/www.tsp.at\/en\/\",\"logo\":{\"@type\":\"ImageObject\",\"inLanguage\":\"en-US\",\"@id\":\"https:\/\/www.tsp.at\/en\/#\/schema\/logo\/image\/\",\"url\":\"https:\/\/www.tsp.at\/wp-content\/uploads\/2025\/10\/favicontsp.png\",\"contentUrl\":\"https:\/\/www.tsp.at\/wp-content\/uploads\/2025\/10\/favicontsp.png\",\"width\":125,\"height\":125,\"caption\":\"Temmel, Seywald & Partner Communications GesmbH\"},\"image\":{\"@id\":\"https:\/\/www.tsp.at\/en\/#\/schema\/logo\/image\/\"},\"sameAs\":[\"https:\/\/www.facebook.com\/TemmelSeywald\"]},{\"@type\":\"Person\",\"@id\":\"https:\/\/www.tsp.at\/en\/#\/schema\/person\/1ba5600c29da17b902b0925cea567f8a\",\"name\":\"TSP Redaktion\"}]}<\/script>\n<!-- \/ Yoast SEO plugin. -->","yoast_head_json":{"title":"Aichelin Group beruft Dr. Eibler in den Vorstand - Temmel | Seywald - Corporate Communications","robots":{"index":"index","follow":"follow","max-snippet":"max-snippet:-1","max-image-preview":"max-image-preview:large","max-video-preview":"max-video-preview:-1"},"canonical":"https:\/\/www.tsp.at\/en\/2017\/08\/24\/aichelin-group-beruft-dr-eibler-in-den-vorstand\/","og_locale":"en_US","og_type":"article","og_title":"Aichelin Group beruft Dr. Eibler in den Vorstand - Temmel | Seywald - Corporate Communications","og_description":"Verst\u00e4rkte F\u00fchrung unterst\u00fctzt weitere Expansion 24.08.2017 M\u00f6dling \u2013 Durch den erfolgreichen Gesch\u00e4ftsverlauf und das internationale Wachstum der AICHELIN Gruppe haben die F\u00fchrungsaufgaben kontinuierlich zugenommen. Aus diesem Grund haben sich der Eigent\u00fcmer, die Berndorf AG und die Gesch\u00e4ftsf\u00fchrung der AICHELIN Holding dazu entschlossen, die Stelle des CFO als zweite Gesch\u00e4ftsf\u00fchrerposition zu besetzen. &#8220;Wir freuen uns nach&hellip;","og_url":"https:\/\/www.tsp.at\/en\/2017\/08\/24\/aichelin-group-beruft-dr-eibler-in-den-vorstand\/","og_site_name":"Temmel | Seywald - Corporate Communications","article_publisher":"https:\/\/www.facebook.com\/TemmelSeywald","article_published_time":"2017-08-24T13:46:00+00:00","article_modified_time":"2025-10-21T12:57:39+00:00","og_image":[{"width":2560,"height":1779,"url":"https:\/\/www.tsp.at\/wp-content\/uploads\/2025\/10\/ShP_Eibler-scaled.jpg","type":"image\/jpeg"}],"author":"TSP Redaktion","twitter_card":"summary_large_image","twitter_misc":{"Written by":"TSP Redaktion","Est. reading time":"2 minutes"},"schema":{"@context":"https:\/\/schema.org","@graph":[{"@type":"Article","@id":"https:\/\/www.tsp.at\/en\/2017\/08\/24\/aichelin-group-beruft-dr-eibler-in-den-vorstand\/#article","isPartOf":{"@id":"https:\/\/www.tsp.at\/en\/2017\/08\/24\/aichelin-group-beruft-dr-eibler-in-den-vorstand\/"},"author":{"name":"TSP Redaktion","@id":"https:\/\/www.tsp.at\/en\/#\/schema\/person\/1ba5600c29da17b902b0925cea567f8a"},"headline":"Aichelin Group beruft Dr. Eibler in den Vorstand","datePublished":"2017-08-24T13:46:00+00:00","dateModified":"2025-10-21T12:57:39+00:00","mainEntityOfPage":{"@id":"https:\/\/www.tsp.at\/en\/2017\/08\/24\/aichelin-group-beruft-dr-eibler-in-den-vorstand\/"},"wordCount":312,"publisher":{"@id":"https:\/\/www.tsp.at\/en\/#organization"},"image":{"@id":"https:\/\/www.tsp.at\/en\/2017\/08\/24\/aichelin-group-beruft-dr-eibler-in-den-vorstand\/#primaryimage"},"thumbnailUrl":"https:\/\/www.tsp.at\/wp-content\/uploads\/2025\/10\/ShP_Eibler-scaled.jpg","articleSection":["News"],"inLanguage":"en-US"},{"@type":"WebPage","@id":"https:\/\/www.tsp.at\/en\/2017\/08\/24\/aichelin-group-beruft-dr-eibler-in-den-vorstand\/","url":"https:\/\/www.tsp.at\/en\/2017\/08\/24\/aichelin-group-beruft-dr-eibler-in-den-vorstand\/","name":"Aichelin Group beruft Dr. Eibler in den Vorstand - Temmel | Seywald - Corporate Communications","isPartOf":{"@id":"https:\/\/www.tsp.at\/en\/#website"},"primaryImageOfPage":{"@id":"https:\/\/www.tsp.at\/en\/2017\/08\/24\/aichelin-group-beruft-dr-eibler-in-den-vorstand\/#primaryimage"},"image":{"@id":"https:\/\/www.tsp.at\/en\/2017\/08\/24\/aichelin-group-beruft-dr-eibler-in-den-vorstand\/#primaryimage"},"thumbnailUrl":"https:\/\/www.tsp.at\/wp-content\/uploads\/2025\/10\/ShP_Eibler-scaled.jpg","datePublished":"2017-08-24T13:46:00+00:00","dateModified":"2025-10-21T12:57:39+00:00","breadcrumb":{"@id":"https:\/\/www.tsp.at\/en\/2017\/08\/24\/aichelin-group-beruft-dr-eibler-in-den-vorstand\/#breadcrumb"},"inLanguage":"en-US","potentialAction":[{"@type":"ReadAction","target":["https:\/\/www.tsp.at\/en\/2017\/08\/24\/aichelin-group-beruft-dr-eibler-in-den-vorstand\/"]}]},{"@type":"ImageObject","inLanguage":"en-US","@id":"https:\/\/www.tsp.at\/en\/2017\/08\/24\/aichelin-group-beruft-dr-eibler-in-den-vorstand\/#primaryimage","url":"https:\/\/www.tsp.at\/wp-content\/uploads\/2025\/10\/ShP_Eibler-scaled.jpg","contentUrl":"https:\/\/www.tsp.at\/wp-content\/uploads\/2025\/10\/ShP_Eibler-scaled.jpg","width":2560,"height":1779},{"@type":"BreadcrumbList","@id":"https:\/\/www.tsp.at\/en\/2017\/08\/24\/aichelin-group-beruft-dr-eibler-in-den-vorstand\/#breadcrumb","itemListElement":[{"@type":"ListItem","position":1,"name":"Startseite","item":"https:\/\/www.tsp.at\/en\/"},{"@type":"ListItem","position":2,"name":"Aichelin Group beruft Dr. Eibler in den Vorstand"}]},{"@type":"WebSite","@id":"https:\/\/www.tsp.at\/en\/#website","url":"https:\/\/www.tsp.at\/en\/","name":"Temmel | Seywald - Corporate Communications","description":"Kommunikation ist Beziehungsarbeit","publisher":{"@id":"https:\/\/www.tsp.at\/en\/#organization"},"potentialAction":[{"@type":"SearchAction","target":{"@type":"EntryPoint","urlTemplate":"https:\/\/www.tsp.at\/en\/?s={search_term_string}"},"query-input":{"@type":"PropertyValueSpecification","valueRequired":true,"valueName":"search_term_string"}}],"inLanguage":"en-US"},{"@type":"Organization","@id":"https:\/\/www.tsp.at\/en\/#organization","name":"Temmel, Seywald & Partner Communications GesmbH","alternateName":"TSP","url":"https:\/\/www.tsp.at\/en\/","logo":{"@type":"ImageObject","inLanguage":"en-US","@id":"https:\/\/www.tsp.at\/en\/#\/schema\/logo\/image\/","url":"https:\/\/www.tsp.at\/wp-content\/uploads\/2025\/10\/favicontsp.png","contentUrl":"https:\/\/www.tsp.at\/wp-content\/uploads\/2025\/10\/favicontsp.png","width":125,"height":125,"caption":"Temmel, Seywald & Partner Communications GesmbH"},"image":{"@id":"https:\/\/www.tsp.at\/en\/#\/schema\/logo\/image\/"},"sameAs":["https:\/\/www.facebook.com\/TemmelSeywald"]},{"@type":"Person","@id":"https:\/\/www.tsp.at\/en\/#\/schema\/person\/1ba5600c29da17b902b0925cea567f8a","name":"TSP Redaktion"}]}},"_links":{"self":[{"href":"https:\/\/www.tsp.at\/en\/wp-json\/wp\/v2\/posts\/10115","targetHints":{"allow":["GET"]}}],"collection":[{"href":"https:\/\/www.tsp.at\/en\/wp-json\/wp\/v2\/posts"}],"about":[{"href":"https:\/\/www.tsp.at\/en\/wp-json\/wp\/v2\/types\/post"}],"author":[{"embeddable":true,"href":"https:\/\/www.tsp.at\/en\/wp-json\/wp\/v2\/users\/2"}],"replies":[{"embeddable":true,"href":"https:\/\/www.tsp.at\/en\/wp-json\/wp\/v2\/comments?post=10115"}],"version-history":[{"count":1,"href":"https:\/\/www.tsp.at\/en\/wp-json\/wp\/v2\/posts\/10115\/revisions"}],"predecessor-version":[{"id":11468,"href":"https:\/\/www.tsp.at\/en\/wp-json\/wp\/v2\/posts\/10115\/revisions\/11468"}],"wp:featuredmedia":[{"embeddable":true,"href":"https:\/\/www.tsp.at\/en\/wp-json\/wp\/v2\/media\/10114"}],"wp:attachment":[{"href":"https:\/\/www.tsp.at\/en\/wp-json\/wp\/v2\/media?parent=10115"}],"wp:term":[{"taxonomy":"category","embeddable":true,"href":"https:\/\/www.tsp.at\/en\/wp-json\/wp\/v2\/categories?post=10115"},{"taxonomy":"post_tag","embeddable":true,"href":"https:\/\/www.tsp.at\/en\/wp-json\/wp\/v2\/tags?post=10115"}],"curies":[{"name":"wp","href":"https:\/\/api.w.org\/{rel}","templated":true}]}}