{"id":10135,"date":"2017-06-13T11:15:00","date_gmt":"2017-06-13T09:15:00","guid":{"rendered":"https:\/\/staging.tsp.at\/2017\/06\/13\/buergerdialog-fresach-erarbeitet-freiheits-charta\/"},"modified":"2025-10-21T14:57:40","modified_gmt":"2025-10-21T12:57:40","slug":"buergerdialog-fresach-erarbeitet-freiheits-charta","status":"publish","type":"post","link":"https:\/\/www.tsp.at\/en\/2017\/06\/13\/buergerdialog-fresach-erarbeitet-freiheits-charta\/","title":{"rendered":"B\u00fcrgerdialog Fresach erarbeitet Freiheits-Charta"},"content":{"rendered":"<article class=\"item\">\n<h2><strong> Erkl\u00e4rung soll in Klagenfurt, Wien und Br\u00fcssel vorgelegt werden <\/strong><\/h2>\n<p>13.06.2017<\/p>\n<\/p>\n<\/p>\n<\/p>\n<\/p>\n<\/p>\n<p>Fresach\/Villach \u2013 <strong><span class=\"FtxtBold\" style=\"margin-bottom: 10px;\">Die Teilnehmerinnen und Teilnehmer der Europ\u00e4ischen Toleranzgespr\u00e4che 2017 im K\u00e4rntner Bergdorf Fresach haben eine Freiheitserkl\u00e4rung erarbeitet, die in den n\u00e4chsten Wochen der Landesregierung in Klagenfurt, Vertretern der Bundesregierung in Wien und sp\u00e4ter dem Europ\u00e4ischen Parlament in Br\u00fcssel vorgelegt werden soll. Als erstes unterschrieben Vertreter\/innen der Nachbargemeinden und der Kirchen.<\/span><\/strong> <\/p>\n<p class=\"FtxtP\">Die &#8220;Fresacher Freiheits Charta&#8221; entstand durch intensive Gespr\u00e4che in gemischten Kleingruppen. Insgesamt 80 Personen aus Fresach, K\u00e4rnten, \u00d6sterreich, Europa und der arabischen Welt haben dabei formuliert, was ihnen f\u00fcr die &#8220;Zukunft der Freiheit&#8221; wichtig ist. Der B\u00fcrgerdialog wurde von den ortsans\u00e4ssigen Kommunikationsprofis Karin Krobath und Margarethe Prinz-B\u00fchl moderiert und vom ehemaligen Europaparlamentarier Hannes Swoboda begleitet.<\/p>\n<p class=\"FtxtP\">Das zweiseitige Dokument gliedert sich in drei Kapitel: Pers\u00f6nliche Freiheit, Politische Freiheit und Religi\u00f6se Freiheit. Kurz und klar, vor allem leicht verst\u00e4ndlich, werden hier die wichtigsten Anliegen freiheitsliebender Menschen und ihre Sorgen auf den Punkt gebracht. Freiheit sei die Basis eines selbstbestimmten Lebens, gehe aber Hand in Hand mit Verantwortung, hei\u00dft es im ersten Abschnitt. Bildung ist eine Voraussetzung.<\/p>\n<p class=\"FtxtP\"><strong><span class=\"FtxtBold\" style=\"margin-bottom: 10px;\"> Meinungsfreiheit als Grundlage<\/span><\/strong><\/p>\n<p class=\"FtxtP\">Meinungs- und Medienfreiheit werden als Grundlage unserer Demokratie hervorgehoben, doch dass sich jedermann und jedefrau auch aktiv f\u00fcr die Freiheit einsetzen muss, wird auch betont. Anerkennung und Unterst\u00fctzung verdienten dabei alle, die durch ihre Arbeit &#8211; trotz pers\u00f6nlicher Nachteile &#8211; zur Bewahrung und Durchsetzung der Freiheit beitragen.<\/p>\n<p class=\"FtxtP\">Im Abschnitt &#8220;Polititische Freiheit&#8221; halten die involvierten B\u00fcrgerinnen fest, dass sie in einer vielf\u00e4ltigen Gesellschaft einen Beitrag zur Freiheit sehen. Sie fordern, dass die Europ\u00e4ische Union in ihrem Inneren Freiheit, Demokratie und Toleranz vertritt und diese Werte auch nach au\u00dfen als Modell anbietet. Freiheit brauche aber auch wirtschaftliche und soziale Sicherheit, Fairness am Arbeitsmarkt ebenso wie den freien Markt und globale Verantwortung.<\/p>\n<p class=\"FtxtP\">Im Abschnitt &#8220;Religi\u00f6se Freiheit&#8221; wird betont, dass jeder frei entscheiden darf, kann und muss, welcher Religion er oder sie angeh\u00f6ren m\u00f6chte oder ob er oder sie frei von religi\u00f6ser Zugeh\u00f6rigkeit leben will. Die Unterzeichner bekennen sich zur freien Relgionsaus\u00fcbung und zum interreligi\u00f6sen Dialog bei voller Anerkennung der Menschenrechte und der geltenden Gesetze. Dazu geh\u00f6rt auch die Trennung von Staat und Kirche(n).<\/p>\n<p class=\"FtxtP\"><strong class=\"FtxtBold\" style=\"margin-bottom: 10px;\"><span class=\"FtxtBold\" style=\"margin-bottom: 10px;\"> PDF der Fresacher Freiheits-Charta<\/span><\/strong><\/p>\n<p class=\"FtxtP\">Weitere Informationen zu den Europ\u00e4ischen Toleranzgespr\u00e4chen 2017, Texte, Fotos und Videos sowie Aufzeichnungen der Diskussionsbeitr\u00e4ge zum Download in der Mediathek auf: <a href=\"http:\/\/www.fresach.org\" rel=\"nofollow\" target=\"_blank\">http:\/\/www.fresach.org<\/a><\/p>\n<\/article>\n","protected":false},"excerpt":{"rendered":"<p>Erkl\u00e4rung soll in Klagenfurt, Wien und Br\u00fcssel vorgelegt werden 13.06.2017 Fresach\/Villach \u2013 Die Teilnehmerinnen und Teilnehmer der Europ\u00e4ischen Toleranzgespr\u00e4che 2017 im K\u00e4rntner Bergdorf Fresach haben eine Freiheitserkl\u00e4rung erarbeitet, die in den n\u00e4chsten Wochen der Landesregierung in Klagenfurt, Vertretern der Bundesregierung in Wien und sp\u00e4ter dem Europ\u00e4ischen Parlament in Br\u00fcssel vorgelegt werden soll. Als erstes unterschrieben&hellip;<\/p>\n","protected":false},"author":2,"featured_media":10134,"comment_status":"closed","ping_status":"closed","sticky":false,"template":"","format":"standard","meta":{"footnotes":""},"categories":[3],"tags":[],"class_list":["post-10135","post","type-post","status-publish","format-standard","has-post-thumbnail","hentry","category-news","category-3","description-off"],"yoast_head":"<!-- This site is optimized with the Yoast SEO plugin v26.3 - https:\/\/yoast.com\/wordpress\/plugins\/seo\/ -->\n<title>B\u00fcrgerdialog Fresach erarbeitet Freiheits-Charta - Temmel | Seywald - Corporate Communications<\/title>\n<meta name=\"robots\" content=\"index, follow, max-snippet:-1, max-image-preview:large, max-video-preview:-1\" \/>\n<link rel=\"canonical\" href=\"https:\/\/www.tsp.at\/en\/2017\/06\/13\/buergerdialog-fresach-erarbeitet-freiheits-charta\/\" \/>\n<meta property=\"og:locale\" content=\"en_US\" \/>\n<meta property=\"og:type\" content=\"article\" \/>\n<meta property=\"og:title\" content=\"B\u00fcrgerdialog Fresach erarbeitet Freiheits-Charta - Temmel | Seywald - Corporate Communications\" \/>\n<meta property=\"og:description\" content=\"Erkl\u00e4rung soll in Klagenfurt, Wien und Br\u00fcssel vorgelegt werden 13.06.2017 Fresach\/Villach \u2013 Die Teilnehmerinnen und Teilnehmer der Europ\u00e4ischen Toleranzgespr\u00e4che 2017 im K\u00e4rntner Bergdorf Fresach haben eine Freiheitserkl\u00e4rung erarbeitet, die in den n\u00e4chsten Wochen der Landesregierung in Klagenfurt, Vertretern der Bundesregierung in Wien und sp\u00e4ter dem Europ\u00e4ischen Parlament in Br\u00fcssel vorgelegt werden soll. Als erstes unterschrieben&hellip;\" \/>\n<meta property=\"og:url\" content=\"https:\/\/www.tsp.at\/en\/2017\/06\/13\/buergerdialog-fresach-erarbeitet-freiheits-charta\/\" \/>\n<meta property=\"og:site_name\" content=\"Temmel | Seywald - Corporate Communications\" \/>\n<meta property=\"article:publisher\" content=\"https:\/\/www.facebook.com\/TemmelSeywald\" \/>\n<meta property=\"article:published_time\" content=\"2017-06-13T09:15:00+00:00\" \/>\n<meta property=\"article:modified_time\" content=\"2025-10-21T12:57:40+00:00\" \/>\n<meta property=\"og:image\" content=\"https:\/\/www.tsp.at\/wp-content\/uploads\/2025\/10\/IMG_6226.jpg\" \/>\n\t<meta property=\"og:image:width\" content=\"1600\" \/>\n\t<meta property=\"og:image:height\" content=\"1200\" \/>\n\t<meta property=\"og:image:type\" content=\"image\/jpeg\" \/>\n<meta name=\"author\" content=\"TSP Redaktion\" \/>\n<meta name=\"twitter:card\" content=\"summary_large_image\" \/>\n<meta name=\"twitter:label1\" content=\"Written by\" \/>\n\t<meta name=\"twitter:data1\" content=\"TSP Redaktion\" \/>\n\t<meta name=\"twitter:label2\" content=\"Est. reading time\" \/>\n\t<meta name=\"twitter:data2\" content=\"3 minutes\" \/>\n<script type=\"application\/ld+json\" class=\"yoast-schema-graph\">{\"@context\":\"https:\/\/schema.org\",\"@graph\":[{\"@type\":\"Article\",\"@id\":\"https:\/\/www.tsp.at\/en\/2017\/06\/13\/buergerdialog-fresach-erarbeitet-freiheits-charta\/#article\",\"isPartOf\":{\"@id\":\"https:\/\/www.tsp.at\/en\/2017\/06\/13\/buergerdialog-fresach-erarbeitet-freiheits-charta\/\"},\"author\":{\"name\":\"TSP Redaktion\",\"@id\":\"https:\/\/www.tsp.at\/en\/#\/schema\/person\/1ba5600c29da17b902b0925cea567f8a\"},\"headline\":\"B\u00fcrgerdialog Fresach erarbeitet Freiheits-Charta\",\"datePublished\":\"2017-06-13T09:15:00+00:00\",\"dateModified\":\"2025-10-21T12:57:40+00:00\",\"mainEntityOfPage\":{\"@id\":\"https:\/\/www.tsp.at\/en\/2017\/06\/13\/buergerdialog-fresach-erarbeitet-freiheits-charta\/\"},\"wordCount\":418,\"publisher\":{\"@id\":\"https:\/\/www.tsp.at\/en\/#organization\"},\"image\":{\"@id\":\"https:\/\/www.tsp.at\/en\/2017\/06\/13\/buergerdialog-fresach-erarbeitet-freiheits-charta\/#primaryimage\"},\"thumbnailUrl\":\"https:\/\/www.tsp.at\/wp-content\/uploads\/2025\/10\/IMG_6226.jpg\",\"articleSection\":[\"News\"],\"inLanguage\":\"en-US\"},{\"@type\":\"WebPage\",\"@id\":\"https:\/\/www.tsp.at\/en\/2017\/06\/13\/buergerdialog-fresach-erarbeitet-freiheits-charta\/\",\"url\":\"https:\/\/www.tsp.at\/en\/2017\/06\/13\/buergerdialog-fresach-erarbeitet-freiheits-charta\/\",\"name\":\"B\u00fcrgerdialog Fresach erarbeitet Freiheits-Charta - Temmel | Seywald - Corporate Communications\",\"isPartOf\":{\"@id\":\"https:\/\/www.tsp.at\/en\/#website\"},\"primaryImageOfPage\":{\"@id\":\"https:\/\/www.tsp.at\/en\/2017\/06\/13\/buergerdialog-fresach-erarbeitet-freiheits-charta\/#primaryimage\"},\"image\":{\"@id\":\"https:\/\/www.tsp.at\/en\/2017\/06\/13\/buergerdialog-fresach-erarbeitet-freiheits-charta\/#primaryimage\"},\"thumbnailUrl\":\"https:\/\/www.tsp.at\/wp-content\/uploads\/2025\/10\/IMG_6226.jpg\",\"datePublished\":\"2017-06-13T09:15:00+00:00\",\"dateModified\":\"2025-10-21T12:57:40+00:00\",\"breadcrumb\":{\"@id\":\"https:\/\/www.tsp.at\/en\/2017\/06\/13\/buergerdialog-fresach-erarbeitet-freiheits-charta\/#breadcrumb\"},\"inLanguage\":\"en-US\",\"potentialAction\":[{\"@type\":\"ReadAction\",\"target\":[\"https:\/\/www.tsp.at\/en\/2017\/06\/13\/buergerdialog-fresach-erarbeitet-freiheits-charta\/\"]}]},{\"@type\":\"ImageObject\",\"inLanguage\":\"en-US\",\"@id\":\"https:\/\/www.tsp.at\/en\/2017\/06\/13\/buergerdialog-fresach-erarbeitet-freiheits-charta\/#primaryimage\",\"url\":\"https:\/\/www.tsp.at\/wp-content\/uploads\/2025\/10\/IMG_6226.jpg\",\"contentUrl\":\"https:\/\/www.tsp.at\/wp-content\/uploads\/2025\/10\/IMG_6226.jpg\",\"width\":1600,\"height\":1200},{\"@type\":\"BreadcrumbList\",\"@id\":\"https:\/\/www.tsp.at\/en\/2017\/06\/13\/buergerdialog-fresach-erarbeitet-freiheits-charta\/#breadcrumb\",\"itemListElement\":[{\"@type\":\"ListItem\",\"position\":1,\"name\":\"Startseite\",\"item\":\"https:\/\/www.tsp.at\/en\/\"},{\"@type\":\"ListItem\",\"position\":2,\"name\":\"B\u00fcrgerdialog Fresach erarbeitet Freiheits-Charta\"}]},{\"@type\":\"WebSite\",\"@id\":\"https:\/\/www.tsp.at\/en\/#website\",\"url\":\"https:\/\/www.tsp.at\/en\/\",\"name\":\"Temmel | Seywald - Corporate Communications\",\"description\":\"Kommunikation ist Beziehungsarbeit\",\"publisher\":{\"@id\":\"https:\/\/www.tsp.at\/en\/#organization\"},\"potentialAction\":[{\"@type\":\"SearchAction\",\"target\":{\"@type\":\"EntryPoint\",\"urlTemplate\":\"https:\/\/www.tsp.at\/en\/?s={search_term_string}\"},\"query-input\":{\"@type\":\"PropertyValueSpecification\",\"valueRequired\":true,\"valueName\":\"search_term_string\"}}],\"inLanguage\":\"en-US\"},{\"@type\":\"Organization\",\"@id\":\"https:\/\/www.tsp.at\/en\/#organization\",\"name\":\"Temmel, Seywald & Partner Communications GesmbH\",\"alternateName\":\"TSP\",\"url\":\"https:\/\/www.tsp.at\/en\/\",\"logo\":{\"@type\":\"ImageObject\",\"inLanguage\":\"en-US\",\"@id\":\"https:\/\/www.tsp.at\/en\/#\/schema\/logo\/image\/\",\"url\":\"https:\/\/www.tsp.at\/wp-content\/uploads\/2025\/10\/favicontsp.png\",\"contentUrl\":\"https:\/\/www.tsp.at\/wp-content\/uploads\/2025\/10\/favicontsp.png\",\"width\":125,\"height\":125,\"caption\":\"Temmel, Seywald & Partner Communications GesmbH\"},\"image\":{\"@id\":\"https:\/\/www.tsp.at\/en\/#\/schema\/logo\/image\/\"},\"sameAs\":[\"https:\/\/www.facebook.com\/TemmelSeywald\"]},{\"@type\":\"Person\",\"@id\":\"https:\/\/www.tsp.at\/en\/#\/schema\/person\/1ba5600c29da17b902b0925cea567f8a\",\"name\":\"TSP Redaktion\"}]}<\/script>\n<!-- \/ Yoast SEO plugin. -->","yoast_head_json":{"title":"B\u00fcrgerdialog Fresach erarbeitet Freiheits-Charta - Temmel | Seywald - Corporate Communications","robots":{"index":"index","follow":"follow","max-snippet":"max-snippet:-1","max-image-preview":"max-image-preview:large","max-video-preview":"max-video-preview:-1"},"canonical":"https:\/\/www.tsp.at\/en\/2017\/06\/13\/buergerdialog-fresach-erarbeitet-freiheits-charta\/","og_locale":"en_US","og_type":"article","og_title":"B\u00fcrgerdialog Fresach erarbeitet Freiheits-Charta - Temmel | Seywald - Corporate Communications","og_description":"Erkl\u00e4rung soll in Klagenfurt, Wien und Br\u00fcssel vorgelegt werden 13.06.2017 Fresach\/Villach \u2013 Die Teilnehmerinnen und Teilnehmer der Europ\u00e4ischen Toleranzgespr\u00e4che 2017 im K\u00e4rntner Bergdorf Fresach haben eine Freiheitserkl\u00e4rung erarbeitet, die in den n\u00e4chsten Wochen der Landesregierung in Klagenfurt, Vertretern der Bundesregierung in Wien und sp\u00e4ter dem Europ\u00e4ischen Parlament in Br\u00fcssel vorgelegt werden soll. Als erstes unterschrieben&hellip;","og_url":"https:\/\/www.tsp.at\/en\/2017\/06\/13\/buergerdialog-fresach-erarbeitet-freiheits-charta\/","og_site_name":"Temmel | Seywald - Corporate Communications","article_publisher":"https:\/\/www.facebook.com\/TemmelSeywald","article_published_time":"2017-06-13T09:15:00+00:00","article_modified_time":"2025-10-21T12:57:40+00:00","og_image":[{"width":1600,"height":1200,"url":"https:\/\/www.tsp.at\/wp-content\/uploads\/2025\/10\/IMG_6226.jpg","type":"image\/jpeg"}],"author":"TSP Redaktion","twitter_card":"summary_large_image","twitter_misc":{"Written by":"TSP Redaktion","Est. reading time":"3 minutes"},"schema":{"@context":"https:\/\/schema.org","@graph":[{"@type":"Article","@id":"https:\/\/www.tsp.at\/en\/2017\/06\/13\/buergerdialog-fresach-erarbeitet-freiheits-charta\/#article","isPartOf":{"@id":"https:\/\/www.tsp.at\/en\/2017\/06\/13\/buergerdialog-fresach-erarbeitet-freiheits-charta\/"},"author":{"name":"TSP Redaktion","@id":"https:\/\/www.tsp.at\/en\/#\/schema\/person\/1ba5600c29da17b902b0925cea567f8a"},"headline":"B\u00fcrgerdialog Fresach erarbeitet Freiheits-Charta","datePublished":"2017-06-13T09:15:00+00:00","dateModified":"2025-10-21T12:57:40+00:00","mainEntityOfPage":{"@id":"https:\/\/www.tsp.at\/en\/2017\/06\/13\/buergerdialog-fresach-erarbeitet-freiheits-charta\/"},"wordCount":418,"publisher":{"@id":"https:\/\/www.tsp.at\/en\/#organization"},"image":{"@id":"https:\/\/www.tsp.at\/en\/2017\/06\/13\/buergerdialog-fresach-erarbeitet-freiheits-charta\/#primaryimage"},"thumbnailUrl":"https:\/\/www.tsp.at\/wp-content\/uploads\/2025\/10\/IMG_6226.jpg","articleSection":["News"],"inLanguage":"en-US"},{"@type":"WebPage","@id":"https:\/\/www.tsp.at\/en\/2017\/06\/13\/buergerdialog-fresach-erarbeitet-freiheits-charta\/","url":"https:\/\/www.tsp.at\/en\/2017\/06\/13\/buergerdialog-fresach-erarbeitet-freiheits-charta\/","name":"B\u00fcrgerdialog Fresach erarbeitet Freiheits-Charta - Temmel | Seywald - Corporate Communications","isPartOf":{"@id":"https:\/\/www.tsp.at\/en\/#website"},"primaryImageOfPage":{"@id":"https:\/\/www.tsp.at\/en\/2017\/06\/13\/buergerdialog-fresach-erarbeitet-freiheits-charta\/#primaryimage"},"image":{"@id":"https:\/\/www.tsp.at\/en\/2017\/06\/13\/buergerdialog-fresach-erarbeitet-freiheits-charta\/#primaryimage"},"thumbnailUrl":"https:\/\/www.tsp.at\/wp-content\/uploads\/2025\/10\/IMG_6226.jpg","datePublished":"2017-06-13T09:15:00+00:00","dateModified":"2025-10-21T12:57:40+00:00","breadcrumb":{"@id":"https:\/\/www.tsp.at\/en\/2017\/06\/13\/buergerdialog-fresach-erarbeitet-freiheits-charta\/#breadcrumb"},"inLanguage":"en-US","potentialAction":[{"@type":"ReadAction","target":["https:\/\/www.tsp.at\/en\/2017\/06\/13\/buergerdialog-fresach-erarbeitet-freiheits-charta\/"]}]},{"@type":"ImageObject","inLanguage":"en-US","@id":"https:\/\/www.tsp.at\/en\/2017\/06\/13\/buergerdialog-fresach-erarbeitet-freiheits-charta\/#primaryimage","url":"https:\/\/www.tsp.at\/wp-content\/uploads\/2025\/10\/IMG_6226.jpg","contentUrl":"https:\/\/www.tsp.at\/wp-content\/uploads\/2025\/10\/IMG_6226.jpg","width":1600,"height":1200},{"@type":"BreadcrumbList","@id":"https:\/\/www.tsp.at\/en\/2017\/06\/13\/buergerdialog-fresach-erarbeitet-freiheits-charta\/#breadcrumb","itemListElement":[{"@type":"ListItem","position":1,"name":"Startseite","item":"https:\/\/www.tsp.at\/en\/"},{"@type":"ListItem","position":2,"name":"B\u00fcrgerdialog Fresach erarbeitet Freiheits-Charta"}]},{"@type":"WebSite","@id":"https:\/\/www.tsp.at\/en\/#website","url":"https:\/\/www.tsp.at\/en\/","name":"Temmel | Seywald - Corporate Communications","description":"Kommunikation ist Beziehungsarbeit","publisher":{"@id":"https:\/\/www.tsp.at\/en\/#organization"},"potentialAction":[{"@type":"SearchAction","target":{"@type":"EntryPoint","urlTemplate":"https:\/\/www.tsp.at\/en\/?s={search_term_string}"},"query-input":{"@type":"PropertyValueSpecification","valueRequired":true,"valueName":"search_term_string"}}],"inLanguage":"en-US"},{"@type":"Organization","@id":"https:\/\/www.tsp.at\/en\/#organization","name":"Temmel, Seywald & Partner Communications GesmbH","alternateName":"TSP","url":"https:\/\/www.tsp.at\/en\/","logo":{"@type":"ImageObject","inLanguage":"en-US","@id":"https:\/\/www.tsp.at\/en\/#\/schema\/logo\/image\/","url":"https:\/\/www.tsp.at\/wp-content\/uploads\/2025\/10\/favicontsp.png","contentUrl":"https:\/\/www.tsp.at\/wp-content\/uploads\/2025\/10\/favicontsp.png","width":125,"height":125,"caption":"Temmel, Seywald & Partner Communications GesmbH"},"image":{"@id":"https:\/\/www.tsp.at\/en\/#\/schema\/logo\/image\/"},"sameAs":["https:\/\/www.facebook.com\/TemmelSeywald"]},{"@type":"Person","@id":"https:\/\/www.tsp.at\/en\/#\/schema\/person\/1ba5600c29da17b902b0925cea567f8a","name":"TSP Redaktion"}]}},"_links":{"self":[{"href":"https:\/\/www.tsp.at\/en\/wp-json\/wp\/v2\/posts\/10135","targetHints":{"allow":["GET"]}}],"collection":[{"href":"https:\/\/www.tsp.at\/en\/wp-json\/wp\/v2\/posts"}],"about":[{"href":"https:\/\/www.tsp.at\/en\/wp-json\/wp\/v2\/types\/post"}],"author":[{"embeddable":true,"href":"https:\/\/www.tsp.at\/en\/wp-json\/wp\/v2\/users\/2"}],"replies":[{"embeddable":true,"href":"https:\/\/www.tsp.at\/en\/wp-json\/wp\/v2\/comments?post=10135"}],"version-history":[{"count":1,"href":"https:\/\/www.tsp.at\/en\/wp-json\/wp\/v2\/posts\/10135\/revisions"}],"predecessor-version":[{"id":11478,"href":"https:\/\/www.tsp.at\/en\/wp-json\/wp\/v2\/posts\/10135\/revisions\/11478"}],"wp:featuredmedia":[{"embeddable":true,"href":"https:\/\/www.tsp.at\/en\/wp-json\/wp\/v2\/media\/10134"}],"wp:attachment":[{"href":"https:\/\/www.tsp.at\/en\/wp-json\/wp\/v2\/media?parent=10135"}],"wp:term":[{"taxonomy":"category","embeddable":true,"href":"https:\/\/www.tsp.at\/en\/wp-json\/wp\/v2\/categories?post=10135"},{"taxonomy":"post_tag","embeddable":true,"href":"https:\/\/www.tsp.at\/en\/wp-json\/wp\/v2\/tags?post=10135"}],"curies":[{"name":"wp","href":"https:\/\/api.w.org\/{rel}","templated":true}]}}