{"id":10139,"date":"2017-06-09T11:28:00","date_gmt":"2017-06-09T09:28:00","guid":{"rendered":"https:\/\/staging.tsp.at\/2017\/06\/09\/starke-nachfrage-nach-mallorca-immobilien\/"},"modified":"2025-10-21T14:57:40","modified_gmt":"2025-10-21T12:57:40","slug":"starke-nachfrage-nach-mallorca-immobilien","status":"publish","type":"post","link":"https:\/\/www.tsp.at\/en\/2017\/06\/09\/starke-nachfrage-nach-mallorca-immobilien\/","title":{"rendered":"Starke Nachfrage nach Mallorca-Immobilien"},"content":{"rendered":"<article class=\"item\">\n<h2><strong>First Mallorca CEO Heidi Stadler prognostiziert weiteres Wachstum<br \/>\n<\/strong><\/h2>\n<p>09.06.2017<\/p>\n<\/p>\n<\/p>\n<\/p>\n<\/p>\n<\/p>\n<p class=\"FtxtP\">Port Adriano\/Palma de Mallorca  \u2013 <strong><span class=\"FtxtBold\">Die Immobilienfirma FIRST MALLORCA hat im Rahmen seines traditionellen Summer Openings vor rund 650 G\u00e4sten und \u00fcber 40 MitarbeiterInnen einen positiven Ausblick auf die weitere Gesch\u00e4ftsentwicklung prognostiziert. &#8220;Trotz Brexit und Eurokrise: Der Markt ist gesund und neue Objekte bringen neuen Schwung&#8221;, so CEO Heidi Stadler hochzufrieden mit den ersten f\u00fcnf Monaten.<\/span>\u00a0<a href=\"http:\/\/firstmallorca.com\/\" rel=\"nofollow\" target=\"_blank\">http:\/\/firstmallorca.com<\/a><\/strong><\/p>\n<p class=\"FtxtP\">Die rauschende Fiesta fand direkt vor der Filiale in Port Adriano im S\u00fcdwesten Mallorcas statt und diente unter anderem der Pr\u00e4sentation der 132 Seiten starken Neuauflage des Firmenmagazins &#8220;Passion&#8221;. Heidi Stadler nutzte die Gelegenheit, um all jenen zu danken, die in den vergangenen 21 Jahren die Geschichte von FIRST MALLORCA mitgepr\u00e4gt haben und die kontinuierliche Weiterentwicklung des Unternehmens auch in Zukunft sicherstellen.<\/p>\n<p class=\"FtxtP\"><strong><span class=\"FtxtBold\">Nachhaltigkeit, Pluralismus und Respekt<\/span><\/strong><\/p>\n<p class=\"FtxtP\">FIRST MALLORCA ist im Laufe der Jahre zu einer starken Marke herangereift und so eine der Top-Adressen bei der Vermittlung von Luxus-Villen und Apartments auf der Baleareninsel. &#8220;So wie unsere H\u00e4user eine Seele haben, so hat auch die Marke eine Seele&#8221;, erkl\u00e4rte Stadler in ihrer Ansprache. Einmal mehr betonte die geb\u00fcrtige \u00d6sterreicherin die Bedeutung einer intakten Unternehmensphilosophie, gepr\u00e4gt von Nachhaltigkeit, Pluralismus und Respekt.<\/p>\n<p class=\"FtxtP\">Hinter der Philosophie von FIRST MALLORCA stecken jede Menge Emotionen und Energie. Das Unternehmen vereint unter seinem Dach insgesamt 16 verschiedene Muttersprachen. Die MitarbeiterInnen sind nicht nur weit gereist, sondern haben auch einen pers\u00f6nlichen Mallorca-Bezug. &#8220;Wir verkaufen nicht nur Immobilien, sondern geben unsere Philosophie auch der Insel weiter&#8221;, brachte Stadler eines ihrer zentralen Erfolgsgeheimnisse auf den Punkt.<\/p>\n<p class=\"FtxtP\"><strong><span class=\"FtxtBold\">Kunden werden immer internationaler<\/span><\/strong><\/p>\n<p class=\"FtxtP\">Ein Spiegelbild der Firmenmentalit\u00e4t ist die &#8220;Passion&#8221; des Hauses. Das Magazin enth\u00e4lt zahlreiche neue Immobilien, bietet dem interessierten Leser aber auch spannende Reportagen und Berichte &#8211; also Geschichten, wie sie das Leben schreibt. Nicht nur das Team wird immer internationaler, sondern auch die Kunden von FIRST MALLORCA &#8211; ein Trend, der sich auch bei der Fiesta in Port Adriano deutlich bemerkbar machte.<\/p>\n<p class=\"FtxtP\"><strong><span class=\"FtxtBold\">\u00dcber First Mallorca<\/span><\/strong><br \/>First Mallorca ist eine private spanische Kapitalgesellschaft (S.L.) mit Sitz auf Mallorca, die vielf\u00e4ltige Immobilien-Dienstleistungen anbietet. Das Unternehmen ist Marktf\u00fchrer unter den &#8220;Boutique Style&#8221;-Anbietern mit hochqualitativen und innovativen Services. Das Team besteht aus 45 Beraten\/innen, die \u00fcber einschl\u00e4gige Erfahrung in Immobilienentwicklung und Verm\u00f6gensverwaltung verf\u00fcgen. Da jede Abwicklung individuell angelegt ist, setzt das Expertenteam von First Mallorca stets neue und innovative Wege, Technologien und Strategien ein, um beste Resultate f\u00fcr ihre Kunden zu erzielen. Die vier strategisch positionierten Filialen werden k\u00fcnftig durch einen weiteren Standort auf Mallorca und einen auf Ibiza erg\u00e4nzt.<\/p>\n<\/article>\n","protected":false},"excerpt":{"rendered":"<p>First Mallorca CEO Heidi Stadler prognostiziert weiteres Wachstum 09.06.2017 Port Adriano\/Palma de Mallorca \u2013 Die Immobilienfirma FIRST MALLORCA hat im Rahmen seines traditionellen Summer Openings vor rund 650 G\u00e4sten und \u00fcber 40 MitarbeiterInnen einen positiven Ausblick auf die weitere Gesch\u00e4ftsentwicklung prognostiziert. &#8220;Trotz Brexit und Eurokrise: Der Markt ist gesund und neue Objekte bringen neuen Schwung&#8221;,&hellip;<\/p>\n","protected":false},"author":2,"featured_media":10138,"comment_status":"closed","ping_status":"closed","sticky":false,"template":"","format":"standard","meta":{"footnotes":""},"categories":[3],"tags":[],"class_list":["post-10139","post","type-post","status-publish","format-standard","has-post-thumbnail","hentry","category-news","category-3","description-off"],"yoast_head":"<!-- This site is optimized with the Yoast SEO plugin v26.3 - https:\/\/yoast.com\/wordpress\/plugins\/seo\/ -->\n<title>Starke Nachfrage nach Mallorca-Immobilien - Temmel | Seywald - Corporate Communications<\/title>\n<meta name=\"robots\" content=\"index, follow, max-snippet:-1, max-image-preview:large, max-video-preview:-1\" \/>\n<link rel=\"canonical\" href=\"https:\/\/www.tsp.at\/en\/2017\/06\/09\/starke-nachfrage-nach-mallorca-immobilien\/\" \/>\n<meta property=\"og:locale\" content=\"en_US\" \/>\n<meta property=\"og:type\" content=\"article\" \/>\n<meta property=\"og:title\" content=\"Starke Nachfrage nach Mallorca-Immobilien - Temmel | Seywald - Corporate Communications\" \/>\n<meta property=\"og:description\" content=\"First Mallorca CEO Heidi Stadler prognostiziert weiteres Wachstum 09.06.2017 Port Adriano\/Palma de Mallorca \u2013 Die Immobilienfirma FIRST MALLORCA hat im Rahmen seines traditionellen Summer Openings vor rund 650 G\u00e4sten und \u00fcber 40 MitarbeiterInnen einen positiven Ausblick auf die weitere Gesch\u00e4ftsentwicklung prognostiziert. &#8220;Trotz Brexit und Eurokrise: Der Markt ist gesund und neue Objekte bringen neuen Schwung&#8221;,&hellip;\" \/>\n<meta property=\"og:url\" content=\"https:\/\/www.tsp.at\/en\/2017\/06\/09\/starke-nachfrage-nach-mallorca-immobilien\/\" \/>\n<meta property=\"og:site_name\" content=\"Temmel | Seywald - Corporate Communications\" \/>\n<meta property=\"article:publisher\" content=\"https:\/\/www.facebook.com\/TemmelSeywald\" \/>\n<meta property=\"article:published_time\" content=\"2017-06-09T09:28:00+00:00\" \/>\n<meta property=\"article:modified_time\" content=\"2025-10-21T12:57:40+00:00\" \/>\n<meta property=\"og:image\" content=\"https:\/\/www.tsp.at\/wp-content\/uploads\/2025\/10\/Stadler_01-1024x684.jpg\" \/>\n\t<meta property=\"og:image:width\" content=\"1024\" \/>\n\t<meta property=\"og:image:height\" content=\"684\" \/>\n\t<meta property=\"og:image:type\" content=\"image\/jpeg\" \/>\n<meta name=\"author\" content=\"TSP Redaktion\" \/>\n<meta name=\"twitter:card\" content=\"summary_large_image\" \/>\n<meta name=\"twitter:label1\" content=\"Written by\" \/>\n\t<meta name=\"twitter:data1\" content=\"TSP Redaktion\" \/>\n\t<meta name=\"twitter:label2\" content=\"Est. reading time\" \/>\n\t<meta name=\"twitter:data2\" content=\"3 minutes\" \/>\n<script type=\"application\/ld+json\" class=\"yoast-schema-graph\">{\"@context\":\"https:\/\/schema.org\",\"@graph\":[{\"@type\":\"Article\",\"@id\":\"https:\/\/www.tsp.at\/en\/2017\/06\/09\/starke-nachfrage-nach-mallorca-immobilien\/#article\",\"isPartOf\":{\"@id\":\"https:\/\/www.tsp.at\/en\/2017\/06\/09\/starke-nachfrage-nach-mallorca-immobilien\/\"},\"author\":{\"name\":\"TSP Redaktion\",\"@id\":\"https:\/\/www.tsp.at\/en\/#\/schema\/person\/1ba5600c29da17b902b0925cea567f8a\"},\"headline\":\"Starke Nachfrage nach Mallorca-Immobilien\",\"datePublished\":\"2017-06-09T09:28:00+00:00\",\"dateModified\":\"2025-10-21T12:57:40+00:00\",\"mainEntityOfPage\":{\"@id\":\"https:\/\/www.tsp.at\/en\/2017\/06\/09\/starke-nachfrage-nach-mallorca-immobilien\/\"},\"wordCount\":435,\"publisher\":{\"@id\":\"https:\/\/www.tsp.at\/en\/#organization\"},\"image\":{\"@id\":\"https:\/\/www.tsp.at\/en\/2017\/06\/09\/starke-nachfrage-nach-mallorca-immobilien\/#primaryimage\"},\"thumbnailUrl\":\"https:\/\/www.tsp.at\/wp-content\/uploads\/2025\/10\/Stadler_01.jpg\",\"articleSection\":[\"News\"],\"inLanguage\":\"en-US\"},{\"@type\":\"WebPage\",\"@id\":\"https:\/\/www.tsp.at\/en\/2017\/06\/09\/starke-nachfrage-nach-mallorca-immobilien\/\",\"url\":\"https:\/\/www.tsp.at\/en\/2017\/06\/09\/starke-nachfrage-nach-mallorca-immobilien\/\",\"name\":\"Starke Nachfrage nach Mallorca-Immobilien - Temmel | Seywald - Corporate Communications\",\"isPartOf\":{\"@id\":\"https:\/\/www.tsp.at\/en\/#website\"},\"primaryImageOfPage\":{\"@id\":\"https:\/\/www.tsp.at\/en\/2017\/06\/09\/starke-nachfrage-nach-mallorca-immobilien\/#primaryimage\"},\"image\":{\"@id\":\"https:\/\/www.tsp.at\/en\/2017\/06\/09\/starke-nachfrage-nach-mallorca-immobilien\/#primaryimage\"},\"thumbnailUrl\":\"https:\/\/www.tsp.at\/wp-content\/uploads\/2025\/10\/Stadler_01.jpg\",\"datePublished\":\"2017-06-09T09:28:00+00:00\",\"dateModified\":\"2025-10-21T12:57:40+00:00\",\"breadcrumb\":{\"@id\":\"https:\/\/www.tsp.at\/en\/2017\/06\/09\/starke-nachfrage-nach-mallorca-immobilien\/#breadcrumb\"},\"inLanguage\":\"en-US\",\"potentialAction\":[{\"@type\":\"ReadAction\",\"target\":[\"https:\/\/www.tsp.at\/en\/2017\/06\/09\/starke-nachfrage-nach-mallorca-immobilien\/\"]}]},{\"@type\":\"ImageObject\",\"inLanguage\":\"en-US\",\"@id\":\"https:\/\/www.tsp.at\/en\/2017\/06\/09\/starke-nachfrage-nach-mallorca-immobilien\/#primaryimage\",\"url\":\"https:\/\/www.tsp.at\/wp-content\/uploads\/2025\/10\/Stadler_01.jpg\",\"contentUrl\":\"https:\/\/www.tsp.at\/wp-content\/uploads\/2025\/10\/Stadler_01.jpg\",\"width\":2100,\"height\":1402},{\"@type\":\"BreadcrumbList\",\"@id\":\"https:\/\/www.tsp.at\/en\/2017\/06\/09\/starke-nachfrage-nach-mallorca-immobilien\/#breadcrumb\",\"itemListElement\":[{\"@type\":\"ListItem\",\"position\":1,\"name\":\"Startseite\",\"item\":\"https:\/\/www.tsp.at\/en\/\"},{\"@type\":\"ListItem\",\"position\":2,\"name\":\"Starke Nachfrage nach Mallorca-Immobilien\"}]},{\"@type\":\"WebSite\",\"@id\":\"https:\/\/www.tsp.at\/en\/#website\",\"url\":\"https:\/\/www.tsp.at\/en\/\",\"name\":\"Temmel | Seywald - Corporate Communications\",\"description\":\"Kommunikation ist Beziehungsarbeit\",\"publisher\":{\"@id\":\"https:\/\/www.tsp.at\/en\/#organization\"},\"potentialAction\":[{\"@type\":\"SearchAction\",\"target\":{\"@type\":\"EntryPoint\",\"urlTemplate\":\"https:\/\/www.tsp.at\/en\/?s={search_term_string}\"},\"query-input\":{\"@type\":\"PropertyValueSpecification\",\"valueRequired\":true,\"valueName\":\"search_term_string\"}}],\"inLanguage\":\"en-US\"},{\"@type\":\"Organization\",\"@id\":\"https:\/\/www.tsp.at\/en\/#organization\",\"name\":\"Temmel, Seywald & Partner Communications GesmbH\",\"alternateName\":\"TSP\",\"url\":\"https:\/\/www.tsp.at\/en\/\",\"logo\":{\"@type\":\"ImageObject\",\"inLanguage\":\"en-US\",\"@id\":\"https:\/\/www.tsp.at\/en\/#\/schema\/logo\/image\/\",\"url\":\"https:\/\/www.tsp.at\/wp-content\/uploads\/2025\/10\/favicontsp.png\",\"contentUrl\":\"https:\/\/www.tsp.at\/wp-content\/uploads\/2025\/10\/favicontsp.png\",\"width\":125,\"height\":125,\"caption\":\"Temmel, Seywald & Partner Communications GesmbH\"},\"image\":{\"@id\":\"https:\/\/www.tsp.at\/en\/#\/schema\/logo\/image\/\"},\"sameAs\":[\"https:\/\/www.facebook.com\/TemmelSeywald\"]},{\"@type\":\"Person\",\"@id\":\"https:\/\/www.tsp.at\/en\/#\/schema\/person\/1ba5600c29da17b902b0925cea567f8a\",\"name\":\"TSP Redaktion\"}]}<\/script>\n<!-- \/ Yoast SEO plugin. -->","yoast_head_json":{"title":"Starke Nachfrage nach Mallorca-Immobilien - Temmel | Seywald - Corporate Communications","robots":{"index":"index","follow":"follow","max-snippet":"max-snippet:-1","max-image-preview":"max-image-preview:large","max-video-preview":"max-video-preview:-1"},"canonical":"https:\/\/www.tsp.at\/en\/2017\/06\/09\/starke-nachfrage-nach-mallorca-immobilien\/","og_locale":"en_US","og_type":"article","og_title":"Starke Nachfrage nach Mallorca-Immobilien - Temmel | Seywald - Corporate Communications","og_description":"First Mallorca CEO Heidi Stadler prognostiziert weiteres Wachstum 09.06.2017 Port Adriano\/Palma de Mallorca \u2013 Die Immobilienfirma FIRST MALLORCA hat im Rahmen seines traditionellen Summer Openings vor rund 650 G\u00e4sten und \u00fcber 40 MitarbeiterInnen einen positiven Ausblick auf die weitere Gesch\u00e4ftsentwicklung prognostiziert. &#8220;Trotz Brexit und Eurokrise: Der Markt ist gesund und neue Objekte bringen neuen Schwung&#8221;,&hellip;","og_url":"https:\/\/www.tsp.at\/en\/2017\/06\/09\/starke-nachfrage-nach-mallorca-immobilien\/","og_site_name":"Temmel | Seywald - Corporate Communications","article_publisher":"https:\/\/www.facebook.com\/TemmelSeywald","article_published_time":"2017-06-09T09:28:00+00:00","article_modified_time":"2025-10-21T12:57:40+00:00","og_image":[{"width":1024,"height":684,"url":"https:\/\/www.tsp.at\/wp-content\/uploads\/2025\/10\/Stadler_01-1024x684.jpg","type":"image\/jpeg"}],"author":"TSP Redaktion","twitter_card":"summary_large_image","twitter_misc":{"Written by":"TSP Redaktion","Est. reading time":"3 minutes"},"schema":{"@context":"https:\/\/schema.org","@graph":[{"@type":"Article","@id":"https:\/\/www.tsp.at\/en\/2017\/06\/09\/starke-nachfrage-nach-mallorca-immobilien\/#article","isPartOf":{"@id":"https:\/\/www.tsp.at\/en\/2017\/06\/09\/starke-nachfrage-nach-mallorca-immobilien\/"},"author":{"name":"TSP Redaktion","@id":"https:\/\/www.tsp.at\/en\/#\/schema\/person\/1ba5600c29da17b902b0925cea567f8a"},"headline":"Starke Nachfrage nach Mallorca-Immobilien","datePublished":"2017-06-09T09:28:00+00:00","dateModified":"2025-10-21T12:57:40+00:00","mainEntityOfPage":{"@id":"https:\/\/www.tsp.at\/en\/2017\/06\/09\/starke-nachfrage-nach-mallorca-immobilien\/"},"wordCount":435,"publisher":{"@id":"https:\/\/www.tsp.at\/en\/#organization"},"image":{"@id":"https:\/\/www.tsp.at\/en\/2017\/06\/09\/starke-nachfrage-nach-mallorca-immobilien\/#primaryimage"},"thumbnailUrl":"https:\/\/www.tsp.at\/wp-content\/uploads\/2025\/10\/Stadler_01.jpg","articleSection":["News"],"inLanguage":"en-US"},{"@type":"WebPage","@id":"https:\/\/www.tsp.at\/en\/2017\/06\/09\/starke-nachfrage-nach-mallorca-immobilien\/","url":"https:\/\/www.tsp.at\/en\/2017\/06\/09\/starke-nachfrage-nach-mallorca-immobilien\/","name":"Starke Nachfrage nach Mallorca-Immobilien - Temmel | Seywald - Corporate Communications","isPartOf":{"@id":"https:\/\/www.tsp.at\/en\/#website"},"primaryImageOfPage":{"@id":"https:\/\/www.tsp.at\/en\/2017\/06\/09\/starke-nachfrage-nach-mallorca-immobilien\/#primaryimage"},"image":{"@id":"https:\/\/www.tsp.at\/en\/2017\/06\/09\/starke-nachfrage-nach-mallorca-immobilien\/#primaryimage"},"thumbnailUrl":"https:\/\/www.tsp.at\/wp-content\/uploads\/2025\/10\/Stadler_01.jpg","datePublished":"2017-06-09T09:28:00+00:00","dateModified":"2025-10-21T12:57:40+00:00","breadcrumb":{"@id":"https:\/\/www.tsp.at\/en\/2017\/06\/09\/starke-nachfrage-nach-mallorca-immobilien\/#breadcrumb"},"inLanguage":"en-US","potentialAction":[{"@type":"ReadAction","target":["https:\/\/www.tsp.at\/en\/2017\/06\/09\/starke-nachfrage-nach-mallorca-immobilien\/"]}]},{"@type":"ImageObject","inLanguage":"en-US","@id":"https:\/\/www.tsp.at\/en\/2017\/06\/09\/starke-nachfrage-nach-mallorca-immobilien\/#primaryimage","url":"https:\/\/www.tsp.at\/wp-content\/uploads\/2025\/10\/Stadler_01.jpg","contentUrl":"https:\/\/www.tsp.at\/wp-content\/uploads\/2025\/10\/Stadler_01.jpg","width":2100,"height":1402},{"@type":"BreadcrumbList","@id":"https:\/\/www.tsp.at\/en\/2017\/06\/09\/starke-nachfrage-nach-mallorca-immobilien\/#breadcrumb","itemListElement":[{"@type":"ListItem","position":1,"name":"Startseite","item":"https:\/\/www.tsp.at\/en\/"},{"@type":"ListItem","position":2,"name":"Starke Nachfrage nach Mallorca-Immobilien"}]},{"@type":"WebSite","@id":"https:\/\/www.tsp.at\/en\/#website","url":"https:\/\/www.tsp.at\/en\/","name":"Temmel | Seywald - Corporate Communications","description":"Kommunikation ist Beziehungsarbeit","publisher":{"@id":"https:\/\/www.tsp.at\/en\/#organization"},"potentialAction":[{"@type":"SearchAction","target":{"@type":"EntryPoint","urlTemplate":"https:\/\/www.tsp.at\/en\/?s={search_term_string}"},"query-input":{"@type":"PropertyValueSpecification","valueRequired":true,"valueName":"search_term_string"}}],"inLanguage":"en-US"},{"@type":"Organization","@id":"https:\/\/www.tsp.at\/en\/#organization","name":"Temmel, Seywald & Partner Communications GesmbH","alternateName":"TSP","url":"https:\/\/www.tsp.at\/en\/","logo":{"@type":"ImageObject","inLanguage":"en-US","@id":"https:\/\/www.tsp.at\/en\/#\/schema\/logo\/image\/","url":"https:\/\/www.tsp.at\/wp-content\/uploads\/2025\/10\/favicontsp.png","contentUrl":"https:\/\/www.tsp.at\/wp-content\/uploads\/2025\/10\/favicontsp.png","width":125,"height":125,"caption":"Temmel, Seywald & Partner Communications GesmbH"},"image":{"@id":"https:\/\/www.tsp.at\/en\/#\/schema\/logo\/image\/"},"sameAs":["https:\/\/www.facebook.com\/TemmelSeywald"]},{"@type":"Person","@id":"https:\/\/www.tsp.at\/en\/#\/schema\/person\/1ba5600c29da17b902b0925cea567f8a","name":"TSP Redaktion"}]}},"_links":{"self":[{"href":"https:\/\/www.tsp.at\/en\/wp-json\/wp\/v2\/posts\/10139","targetHints":{"allow":["GET"]}}],"collection":[{"href":"https:\/\/www.tsp.at\/en\/wp-json\/wp\/v2\/posts"}],"about":[{"href":"https:\/\/www.tsp.at\/en\/wp-json\/wp\/v2\/types\/post"}],"author":[{"embeddable":true,"href":"https:\/\/www.tsp.at\/en\/wp-json\/wp\/v2\/users\/2"}],"replies":[{"embeddable":true,"href":"https:\/\/www.tsp.at\/en\/wp-json\/wp\/v2\/comments?post=10139"}],"version-history":[{"count":1,"href":"https:\/\/www.tsp.at\/en\/wp-json\/wp\/v2\/posts\/10139\/revisions"}],"predecessor-version":[{"id":11480,"href":"https:\/\/www.tsp.at\/en\/wp-json\/wp\/v2\/posts\/10139\/revisions\/11480"}],"wp:featuredmedia":[{"embeddable":true,"href":"https:\/\/www.tsp.at\/en\/wp-json\/wp\/v2\/media\/10138"}],"wp:attachment":[{"href":"https:\/\/www.tsp.at\/en\/wp-json\/wp\/v2\/media?parent=10139"}],"wp:term":[{"taxonomy":"category","embeddable":true,"href":"https:\/\/www.tsp.at\/en\/wp-json\/wp\/v2\/categories?post=10139"},{"taxonomy":"post_tag","embeddable":true,"href":"https:\/\/www.tsp.at\/en\/wp-json\/wp\/v2\/tags?post=10139"}],"curies":[{"name":"wp","href":"https:\/\/api.w.org\/{rel}","templated":true}]}}