{"id":10147,"date":"2017-05-12T17:58:00","date_gmt":"2017-05-12T15:58:00","guid":{"rendered":"https:\/\/staging.tsp.at\/2017\/05\/12\/unternehmerinnen-tag-am-2-juni-in-fresach\/"},"modified":"2025-10-21T14:57:41","modified_gmt":"2025-10-21T12:57:41","slug":"unternehmerinnen-tag-am-2-juni-in-fresach","status":"publish","type":"post","link":"https:\/\/www.tsp.at\/en\/2017\/05\/12\/unternehmerinnen-tag-am-2-juni-in-fresach\/","title":{"rendered":"Unternehmerinnen-Tag am 2. Juni in Fresach"},"content":{"rendered":"<article class=\"item\">\n<h2><strong>&#8220;Freiheit als Innovationstreiber f\u00fcr die Wirtschaft&#8221; Thema der Europ\u00e4ischen Toleranzgespr\u00e4che in Fresach<\/strong><\/h2>\n<p>12.05.2017<\/p>\n<\/p>\n<\/p>\n<\/p>\n<\/p>\n<\/p>\n<p>Villach \u2013 <span class=\"FtxtBold\" style=\"margin-bottom: 10px;\">Die &#8220;Zukunft der Freiheit&#8221; steht im Mittelpunkt der Europ\u00e4ischen Toleranzgespr\u00e4che 2017 im K\u00e4rntner Bergdorf Fresach, die &#8220;Freiheit als Innovationstreiber f\u00fcr die Wirtschaft&#8221; wird am 2. Juni behandelt. Im Rahmen des Unternehmerinnentages kommen unter anderem Wirtschaftskammer-Vizepr\u00e4sidentin Sylvia Gst\u00e4ttner, Infineon-Chefin Sabine Herlitschka, die Demografin Elisabeth Gruber und die als &#8220;Waxing-Lady&#8221; bekannt gewordene Beauty-Unternehmerin Katja Wagner zu Wort. Tickets sind noch zu haben. <\/span><a href=\"http:\/\/www.fresach.org\/anmeldung\" rel=\"nofollow\" target=\"_blank\">http:\/\/www.fresach.org\/anmeldung<\/a> <\/p>\n<p class=\"FtxtP\">Er\u00f6ffnet wird der Diskussionsreigen mit einem Gespr\u00e4ch \u00fcber die Werte der freien Welt mit dem emeritierten Psychoanalytiker an der Alpen-Adria-Universit\u00e4t Klagenfurt, Prof. Klaus Ottomeyer, und einer Podiumsdiskussion \u00fcber den freien Markt und &#8220;Eine Wirtschaft f\u00fcr alle: Utopie oder l\u00e4ngst verwirklicht&#8221;. Im Anschluss daran geben die bekannten Autoren J\u00fcrgen Roth und Peter Heintel Einblick ins &#8220;Spinnennetz der Macht&#8221; beziehungsweise in das Thema &#8220;Angst als Preis der Freiheit&#8221;.<\/p>\n<p class=\"FtxtP\">Am Nachmittag stehen Foren zum Thema &#8220;Freihandel&#8221; (Globalisierung und Regionalisierung) und &#8220;Freies Unternehmertum&#8221; (Kapitalismus und B\u00fcrokratie) auf dem Programm. &#8220;Wieviel Freiheit braucht die Wirtschaft?&#8221; und wie kann die immer mehr ausufernde B\u00fcrokratie gez\u00fcgelt werden? Mit dabei Top-Experten aus der der EU-Kommission und der IV, Johann Sollgruber und Igor Sekardi, Tourismusforscher Peter Zellmann, sowie Unternehmerinnen aus K\u00e4rnten wie Christiane Holzinger, Sabrina Sch\u00fctz-Oberl\u00e4nder und Ingun Kluppenegger.<\/p>\n<p class=\"FtxtP\"><strong><span class=\"FtxtBold\" style=\"margin-bottom: 10px;\">Intensiv-Workshops f\u00fcr Frauen<\/span><\/strong><\/p>\n<p class=\"FtxtP\">Wer sich lieber in einen der Workshops einklinkt, hat die Auswahl zwischen Intensivkursen \u00fcber &#8220;Die Macht der Sprache und des Sprechens&#8221; (mit Prof. Elisabeth Schrattenholzer), Frauen in der Kirche, Frauen im Islam: Was wir voneinander lernen k\u00f6nnen (mit Autor Hassan Baroud und evang. Theologin Maria Moser) und einem Spieltraining: Wie man Vielfalt positiv begegnet (Bea Ainetter).<\/p>\n<p class=\"FtxtP\"><strong><span class=\"FtxtBold\" style=\"margin-bottom: 10px;\">Jazz-Konzert zum Ausklang<\/span><\/strong><\/p>\n<p class=\"FtxtP\">Der Unternehmerinnentag findet mit musikalischen Erinnerungen am Abend seinen Ausklang. Das bekannte Jazzduo Christoph Pepe Auer und Manu Delago liefert mit &#8220;Songs, I like&#8221; eine sorgf\u00e4ltige Auswahl an Eigenkompositionen und Arrangements &#8220;musikalischer Jugenderinnerungen&#8221;, die den Komponisten und Musiker seit geraumer Zeit begleiten. Nach vielen Jahren intensiver Konzertt\u00e4tigkeit im In- und Ausland tritt Christoph Pepe Auer (Saxophonist, Klarinettist und Gr\u00fcnder des Labels Session Work Records) erstmals in K\u00e4rnten auf. Mit dabei ist der in London lebende Tiroler Perkussionist und Komponist Manu Delago, der vor allem durch sein Hang-Solo &#8220;Mono Desire&#8221; bekannt wurde, das online millionenfach angeklickt wurde und auf Youtube unter die Top30 der bestbewerteten Musikvideos gew\u00e4hlt wurde.<\/p>\n<p class=\"FtxtP\"><span class=\"FtxtBold\" style=\"margin-bottom: 10px;\">Information:<\/span> presse@fresach.org<br \/> <span class=\"FtxtBold\" style=\"margin-bottom: 10px;\">Tickets:<\/span> Tel. 0699-11063656<br \/> <a href=\"http:\/\/www.fresach.org\" rel=\"nofollow\" target=\"_blank\">http:\/\/www.fresach.org<\/a><\/p>\n<\/article>\n","protected":false},"excerpt":{"rendered":"<p>&#8220;Freiheit als Innovationstreiber f\u00fcr die Wirtschaft&#8221; Thema der Europ\u00e4ischen Toleranzgespr\u00e4che in Fresach 12.05.2017 Villach \u2013 Die &#8220;Zukunft der Freiheit&#8221; steht im Mittelpunkt der Europ\u00e4ischen Toleranzgespr\u00e4che 2017 im K\u00e4rntner Bergdorf Fresach, die &#8220;Freiheit als Innovationstreiber f\u00fcr die Wirtschaft&#8221; wird am 2. Juni behandelt. Im Rahmen des Unternehmerinnentages kommen unter anderem Wirtschaftskammer-Vizepr\u00e4sidentin Sylvia Gst\u00e4ttner, Infineon-Chefin Sabine Herlitschka,&hellip;<\/p>\n","protected":false},"author":2,"featured_media":10146,"comment_status":"closed","ping_status":"closed","sticky":false,"template":"","format":"standard","meta":{"footnotes":""},"categories":[3],"tags":[],"class_list":["post-10147","post","type-post","status-publish","format-standard","has-post-thumbnail","hentry","category-news","category-3","description-off"],"yoast_head":"<!-- This site is optimized with the Yoast SEO plugin v26.3 - https:\/\/yoast.com\/wordpress\/plugins\/seo\/ -->\n<title>Unternehmerinnen-Tag am 2. Juni in Fresach - Temmel | Seywald - Corporate Communications<\/title>\n<meta name=\"robots\" content=\"index, follow, max-snippet:-1, max-image-preview:large, max-video-preview:-1\" \/>\n<link rel=\"canonical\" href=\"https:\/\/www.tsp.at\/en\/2017\/05\/12\/unternehmerinnen-tag-am-2-juni-in-fresach\/\" \/>\n<meta property=\"og:locale\" content=\"en_US\" \/>\n<meta property=\"og:type\" content=\"article\" \/>\n<meta property=\"og:title\" content=\"Unternehmerinnen-Tag am 2. Juni in Fresach - Temmel | Seywald - Corporate Communications\" \/>\n<meta property=\"og:description\" content=\"&#8220;Freiheit als Innovationstreiber f\u00fcr die Wirtschaft&#8221; Thema der Europ\u00e4ischen Toleranzgespr\u00e4che in Fresach 12.05.2017 Villach \u2013 Die &#8220;Zukunft der Freiheit&#8221; steht im Mittelpunkt der Europ\u00e4ischen Toleranzgespr\u00e4che 2017 im K\u00e4rntner Bergdorf Fresach, die &#8220;Freiheit als Innovationstreiber f\u00fcr die Wirtschaft&#8221; wird am 2. Juni behandelt. Im Rahmen des Unternehmerinnentages kommen unter anderem Wirtschaftskammer-Vizepr\u00e4sidentin Sylvia Gst\u00e4ttner, Infineon-Chefin Sabine Herlitschka,&hellip;\" \/>\n<meta property=\"og:url\" content=\"https:\/\/www.tsp.at\/en\/2017\/05\/12\/unternehmerinnen-tag-am-2-juni-in-fresach\/\" \/>\n<meta property=\"og:site_name\" content=\"Temmel | Seywald - Corporate Communications\" \/>\n<meta property=\"article:publisher\" content=\"https:\/\/www.facebook.com\/TemmelSeywald\" \/>\n<meta property=\"article:published_time\" content=\"2017-05-12T15:58:00+00:00\" \/>\n<meta property=\"article:modified_time\" content=\"2025-10-21T12:57:41+00:00\" \/>\n<meta property=\"og:image\" content=\"https:\/\/www.tsp.at\/wp-content\/uploads\/2025\/10\/Sabine-Herlitschka_presse_WEB_01.jpg\" \/>\n\t<meta property=\"og:image:width\" content=\"817\" \/>\n\t<meta property=\"og:image:height\" content=\"467\" \/>\n\t<meta property=\"og:image:type\" content=\"image\/jpeg\" \/>\n<meta name=\"author\" content=\"TSP Redaktion\" \/>\n<meta name=\"twitter:card\" content=\"summary_large_image\" \/>\n<meta name=\"twitter:label1\" content=\"Written by\" \/>\n\t<meta name=\"twitter:data1\" content=\"TSP Redaktion\" \/>\n\t<meta name=\"twitter:label2\" content=\"Est. reading time\" \/>\n\t<meta name=\"twitter:data2\" content=\"3 minutes\" \/>\n<script type=\"application\/ld+json\" class=\"yoast-schema-graph\">{\"@context\":\"https:\/\/schema.org\",\"@graph\":[{\"@type\":\"Article\",\"@id\":\"https:\/\/www.tsp.at\/en\/2017\/05\/12\/unternehmerinnen-tag-am-2-juni-in-fresach\/#article\",\"isPartOf\":{\"@id\":\"https:\/\/www.tsp.at\/en\/2017\/05\/12\/unternehmerinnen-tag-am-2-juni-in-fresach\/\"},\"author\":{\"name\":\"TSP Redaktion\",\"@id\":\"https:\/\/www.tsp.at\/en\/#\/schema\/person\/1ba5600c29da17b902b0925cea567f8a\"},\"headline\":\"Unternehmerinnen-Tag am 2. Juni in Fresach\",\"datePublished\":\"2017-05-12T15:58:00+00:00\",\"dateModified\":\"2025-10-21T12:57:41+00:00\",\"mainEntityOfPage\":{\"@id\":\"https:\/\/www.tsp.at\/en\/2017\/05\/12\/unternehmerinnen-tag-am-2-juni-in-fresach\/\"},\"wordCount\":419,\"publisher\":{\"@id\":\"https:\/\/www.tsp.at\/en\/#organization\"},\"image\":{\"@id\":\"https:\/\/www.tsp.at\/en\/2017\/05\/12\/unternehmerinnen-tag-am-2-juni-in-fresach\/#primaryimage\"},\"thumbnailUrl\":\"https:\/\/www.tsp.at\/wp-content\/uploads\/2025\/10\/Sabine-Herlitschka_presse_WEB_01.jpg\",\"articleSection\":[\"News\"],\"inLanguage\":\"en-US\"},{\"@type\":\"WebPage\",\"@id\":\"https:\/\/www.tsp.at\/en\/2017\/05\/12\/unternehmerinnen-tag-am-2-juni-in-fresach\/\",\"url\":\"https:\/\/www.tsp.at\/en\/2017\/05\/12\/unternehmerinnen-tag-am-2-juni-in-fresach\/\",\"name\":\"Unternehmerinnen-Tag am 2. Juni in Fresach - Temmel | Seywald - Corporate Communications\",\"isPartOf\":{\"@id\":\"https:\/\/www.tsp.at\/en\/#website\"},\"primaryImageOfPage\":{\"@id\":\"https:\/\/www.tsp.at\/en\/2017\/05\/12\/unternehmerinnen-tag-am-2-juni-in-fresach\/#primaryimage\"},\"image\":{\"@id\":\"https:\/\/www.tsp.at\/en\/2017\/05\/12\/unternehmerinnen-tag-am-2-juni-in-fresach\/#primaryimage\"},\"thumbnailUrl\":\"https:\/\/www.tsp.at\/wp-content\/uploads\/2025\/10\/Sabine-Herlitschka_presse_WEB_01.jpg\",\"datePublished\":\"2017-05-12T15:58:00+00:00\",\"dateModified\":\"2025-10-21T12:57:41+00:00\",\"breadcrumb\":{\"@id\":\"https:\/\/www.tsp.at\/en\/2017\/05\/12\/unternehmerinnen-tag-am-2-juni-in-fresach\/#breadcrumb\"},\"inLanguage\":\"en-US\",\"potentialAction\":[{\"@type\":\"ReadAction\",\"target\":[\"https:\/\/www.tsp.at\/en\/2017\/05\/12\/unternehmerinnen-tag-am-2-juni-in-fresach\/\"]}]},{\"@type\":\"ImageObject\",\"inLanguage\":\"en-US\",\"@id\":\"https:\/\/www.tsp.at\/en\/2017\/05\/12\/unternehmerinnen-tag-am-2-juni-in-fresach\/#primaryimage\",\"url\":\"https:\/\/www.tsp.at\/wp-content\/uploads\/2025\/10\/Sabine-Herlitschka_presse_WEB_01.jpg\",\"contentUrl\":\"https:\/\/www.tsp.at\/wp-content\/uploads\/2025\/10\/Sabine-Herlitschka_presse_WEB_01.jpg\",\"width\":817,\"height\":467},{\"@type\":\"BreadcrumbList\",\"@id\":\"https:\/\/www.tsp.at\/en\/2017\/05\/12\/unternehmerinnen-tag-am-2-juni-in-fresach\/#breadcrumb\",\"itemListElement\":[{\"@type\":\"ListItem\",\"position\":1,\"name\":\"Startseite\",\"item\":\"https:\/\/www.tsp.at\/en\/\"},{\"@type\":\"ListItem\",\"position\":2,\"name\":\"Unternehmerinnen-Tag am 2. Juni in Fresach\"}]},{\"@type\":\"WebSite\",\"@id\":\"https:\/\/www.tsp.at\/en\/#website\",\"url\":\"https:\/\/www.tsp.at\/en\/\",\"name\":\"Temmel | Seywald - Corporate Communications\",\"description\":\"Kommunikation ist Beziehungsarbeit\",\"publisher\":{\"@id\":\"https:\/\/www.tsp.at\/en\/#organization\"},\"potentialAction\":[{\"@type\":\"SearchAction\",\"target\":{\"@type\":\"EntryPoint\",\"urlTemplate\":\"https:\/\/www.tsp.at\/en\/?s={search_term_string}\"},\"query-input\":{\"@type\":\"PropertyValueSpecification\",\"valueRequired\":true,\"valueName\":\"search_term_string\"}}],\"inLanguage\":\"en-US\"},{\"@type\":\"Organization\",\"@id\":\"https:\/\/www.tsp.at\/en\/#organization\",\"name\":\"Temmel, Seywald & Partner Communications GesmbH\",\"alternateName\":\"TSP\",\"url\":\"https:\/\/www.tsp.at\/en\/\",\"logo\":{\"@type\":\"ImageObject\",\"inLanguage\":\"en-US\",\"@id\":\"https:\/\/www.tsp.at\/en\/#\/schema\/logo\/image\/\",\"url\":\"https:\/\/www.tsp.at\/wp-content\/uploads\/2025\/10\/favicontsp.png\",\"contentUrl\":\"https:\/\/www.tsp.at\/wp-content\/uploads\/2025\/10\/favicontsp.png\",\"width\":125,\"height\":125,\"caption\":\"Temmel, Seywald & Partner Communications GesmbH\"},\"image\":{\"@id\":\"https:\/\/www.tsp.at\/en\/#\/schema\/logo\/image\/\"},\"sameAs\":[\"https:\/\/www.facebook.com\/TemmelSeywald\"]},{\"@type\":\"Person\",\"@id\":\"https:\/\/www.tsp.at\/en\/#\/schema\/person\/1ba5600c29da17b902b0925cea567f8a\",\"name\":\"TSP Redaktion\"}]}<\/script>\n<!-- \/ Yoast SEO plugin. -->","yoast_head_json":{"title":"Unternehmerinnen-Tag am 2. Juni in Fresach - Temmel | Seywald - Corporate Communications","robots":{"index":"index","follow":"follow","max-snippet":"max-snippet:-1","max-image-preview":"max-image-preview:large","max-video-preview":"max-video-preview:-1"},"canonical":"https:\/\/www.tsp.at\/en\/2017\/05\/12\/unternehmerinnen-tag-am-2-juni-in-fresach\/","og_locale":"en_US","og_type":"article","og_title":"Unternehmerinnen-Tag am 2. Juni in Fresach - Temmel | Seywald - Corporate Communications","og_description":"&#8220;Freiheit als Innovationstreiber f\u00fcr die Wirtschaft&#8221; Thema der Europ\u00e4ischen Toleranzgespr\u00e4che in Fresach 12.05.2017 Villach \u2013 Die &#8220;Zukunft der Freiheit&#8221; steht im Mittelpunkt der Europ\u00e4ischen Toleranzgespr\u00e4che 2017 im K\u00e4rntner Bergdorf Fresach, die &#8220;Freiheit als Innovationstreiber f\u00fcr die Wirtschaft&#8221; wird am 2. Juni behandelt. Im Rahmen des Unternehmerinnentages kommen unter anderem Wirtschaftskammer-Vizepr\u00e4sidentin Sylvia Gst\u00e4ttner, Infineon-Chefin Sabine Herlitschka,&hellip;","og_url":"https:\/\/www.tsp.at\/en\/2017\/05\/12\/unternehmerinnen-tag-am-2-juni-in-fresach\/","og_site_name":"Temmel | Seywald - Corporate Communications","article_publisher":"https:\/\/www.facebook.com\/TemmelSeywald","article_published_time":"2017-05-12T15:58:00+00:00","article_modified_time":"2025-10-21T12:57:41+00:00","og_image":[{"width":817,"height":467,"url":"https:\/\/www.tsp.at\/wp-content\/uploads\/2025\/10\/Sabine-Herlitschka_presse_WEB_01.jpg","type":"image\/jpeg"}],"author":"TSP Redaktion","twitter_card":"summary_large_image","twitter_misc":{"Written by":"TSP Redaktion","Est. reading time":"3 minutes"},"schema":{"@context":"https:\/\/schema.org","@graph":[{"@type":"Article","@id":"https:\/\/www.tsp.at\/en\/2017\/05\/12\/unternehmerinnen-tag-am-2-juni-in-fresach\/#article","isPartOf":{"@id":"https:\/\/www.tsp.at\/en\/2017\/05\/12\/unternehmerinnen-tag-am-2-juni-in-fresach\/"},"author":{"name":"TSP Redaktion","@id":"https:\/\/www.tsp.at\/en\/#\/schema\/person\/1ba5600c29da17b902b0925cea567f8a"},"headline":"Unternehmerinnen-Tag am 2. Juni in Fresach","datePublished":"2017-05-12T15:58:00+00:00","dateModified":"2025-10-21T12:57:41+00:00","mainEntityOfPage":{"@id":"https:\/\/www.tsp.at\/en\/2017\/05\/12\/unternehmerinnen-tag-am-2-juni-in-fresach\/"},"wordCount":419,"publisher":{"@id":"https:\/\/www.tsp.at\/en\/#organization"},"image":{"@id":"https:\/\/www.tsp.at\/en\/2017\/05\/12\/unternehmerinnen-tag-am-2-juni-in-fresach\/#primaryimage"},"thumbnailUrl":"https:\/\/www.tsp.at\/wp-content\/uploads\/2025\/10\/Sabine-Herlitschka_presse_WEB_01.jpg","articleSection":["News"],"inLanguage":"en-US"},{"@type":"WebPage","@id":"https:\/\/www.tsp.at\/en\/2017\/05\/12\/unternehmerinnen-tag-am-2-juni-in-fresach\/","url":"https:\/\/www.tsp.at\/en\/2017\/05\/12\/unternehmerinnen-tag-am-2-juni-in-fresach\/","name":"Unternehmerinnen-Tag am 2. Juni in Fresach - Temmel | Seywald - Corporate Communications","isPartOf":{"@id":"https:\/\/www.tsp.at\/en\/#website"},"primaryImageOfPage":{"@id":"https:\/\/www.tsp.at\/en\/2017\/05\/12\/unternehmerinnen-tag-am-2-juni-in-fresach\/#primaryimage"},"image":{"@id":"https:\/\/www.tsp.at\/en\/2017\/05\/12\/unternehmerinnen-tag-am-2-juni-in-fresach\/#primaryimage"},"thumbnailUrl":"https:\/\/www.tsp.at\/wp-content\/uploads\/2025\/10\/Sabine-Herlitschka_presse_WEB_01.jpg","datePublished":"2017-05-12T15:58:00+00:00","dateModified":"2025-10-21T12:57:41+00:00","breadcrumb":{"@id":"https:\/\/www.tsp.at\/en\/2017\/05\/12\/unternehmerinnen-tag-am-2-juni-in-fresach\/#breadcrumb"},"inLanguage":"en-US","potentialAction":[{"@type":"ReadAction","target":["https:\/\/www.tsp.at\/en\/2017\/05\/12\/unternehmerinnen-tag-am-2-juni-in-fresach\/"]}]},{"@type":"ImageObject","inLanguage":"en-US","@id":"https:\/\/www.tsp.at\/en\/2017\/05\/12\/unternehmerinnen-tag-am-2-juni-in-fresach\/#primaryimage","url":"https:\/\/www.tsp.at\/wp-content\/uploads\/2025\/10\/Sabine-Herlitschka_presse_WEB_01.jpg","contentUrl":"https:\/\/www.tsp.at\/wp-content\/uploads\/2025\/10\/Sabine-Herlitschka_presse_WEB_01.jpg","width":817,"height":467},{"@type":"BreadcrumbList","@id":"https:\/\/www.tsp.at\/en\/2017\/05\/12\/unternehmerinnen-tag-am-2-juni-in-fresach\/#breadcrumb","itemListElement":[{"@type":"ListItem","position":1,"name":"Startseite","item":"https:\/\/www.tsp.at\/en\/"},{"@type":"ListItem","position":2,"name":"Unternehmerinnen-Tag am 2. Juni in Fresach"}]},{"@type":"WebSite","@id":"https:\/\/www.tsp.at\/en\/#website","url":"https:\/\/www.tsp.at\/en\/","name":"Temmel | Seywald - Corporate Communications","description":"Kommunikation ist Beziehungsarbeit","publisher":{"@id":"https:\/\/www.tsp.at\/en\/#organization"},"potentialAction":[{"@type":"SearchAction","target":{"@type":"EntryPoint","urlTemplate":"https:\/\/www.tsp.at\/en\/?s={search_term_string}"},"query-input":{"@type":"PropertyValueSpecification","valueRequired":true,"valueName":"search_term_string"}}],"inLanguage":"en-US"},{"@type":"Organization","@id":"https:\/\/www.tsp.at\/en\/#organization","name":"Temmel, Seywald & Partner Communications GesmbH","alternateName":"TSP","url":"https:\/\/www.tsp.at\/en\/","logo":{"@type":"ImageObject","inLanguage":"en-US","@id":"https:\/\/www.tsp.at\/en\/#\/schema\/logo\/image\/","url":"https:\/\/www.tsp.at\/wp-content\/uploads\/2025\/10\/favicontsp.png","contentUrl":"https:\/\/www.tsp.at\/wp-content\/uploads\/2025\/10\/favicontsp.png","width":125,"height":125,"caption":"Temmel, Seywald & Partner Communications GesmbH"},"image":{"@id":"https:\/\/www.tsp.at\/en\/#\/schema\/logo\/image\/"},"sameAs":["https:\/\/www.facebook.com\/TemmelSeywald"]},{"@type":"Person","@id":"https:\/\/www.tsp.at\/en\/#\/schema\/person\/1ba5600c29da17b902b0925cea567f8a","name":"TSP Redaktion"}]}},"_links":{"self":[{"href":"https:\/\/www.tsp.at\/en\/wp-json\/wp\/v2\/posts\/10147","targetHints":{"allow":["GET"]}}],"collection":[{"href":"https:\/\/www.tsp.at\/en\/wp-json\/wp\/v2\/posts"}],"about":[{"href":"https:\/\/www.tsp.at\/en\/wp-json\/wp\/v2\/types\/post"}],"author":[{"embeddable":true,"href":"https:\/\/www.tsp.at\/en\/wp-json\/wp\/v2\/users\/2"}],"replies":[{"embeddable":true,"href":"https:\/\/www.tsp.at\/en\/wp-json\/wp\/v2\/comments?post=10147"}],"version-history":[{"count":1,"href":"https:\/\/www.tsp.at\/en\/wp-json\/wp\/v2\/posts\/10147\/revisions"}],"predecessor-version":[{"id":11483,"href":"https:\/\/www.tsp.at\/en\/wp-json\/wp\/v2\/posts\/10147\/revisions\/11483"}],"wp:featuredmedia":[{"embeddable":true,"href":"https:\/\/www.tsp.at\/en\/wp-json\/wp\/v2\/media\/10146"}],"wp:attachment":[{"href":"https:\/\/www.tsp.at\/en\/wp-json\/wp\/v2\/media?parent=10147"}],"wp:term":[{"taxonomy":"category","embeddable":true,"href":"https:\/\/www.tsp.at\/en\/wp-json\/wp\/v2\/categories?post=10147"},{"taxonomy":"post_tag","embeddable":true,"href":"https:\/\/www.tsp.at\/en\/wp-json\/wp\/v2\/tags?post=10147"}],"curies":[{"name":"wp","href":"https:\/\/api.w.org\/{rel}","templated":true}]}}