{"id":10164,"date":"2017-04-05T15:44:00","date_gmt":"2017-04-05T13:44:00","guid":{"rendered":"https:\/\/staging.tsp.at\/2017\/04\/05\/wellness-gipfel-mit-travel-industry-club-salzburg\/"},"modified":"2025-10-21T14:57:42","modified_gmt":"2025-10-21T12:57:42","slug":"wellness-gipfel-mit-travel-industry-club-salzburg","status":"publish","type":"post","link":"https:\/\/www.tsp.at\/en\/2017\/04\/05\/wellness-gipfel-mit-travel-industry-club-salzburg\/","title":{"rendered":"Wellness-Gipfel mit Travel Industry Club Salzburg"},"content":{"rendered":"<article class=\"item\">\n<h2><strong>Wie der Markt auf barrierefreie Urlaubsangebote reagiert<br \/>\n<\/strong><\/h2>\n<p>05.04.2017<\/p>\n<\/p>\n<\/p>\n<\/p>\n<\/p>\n<\/p>\n<p class=\"FtxtP\">Sant Johann im Pongau \u2013 <span class=\"FtxtBold\"><strong>Der Travel Industry Club Austria, Think Tank der heimischen Reisebranche, l\u00e4dt anl\u00e4sslich des 2. Alpinen Gesundheitskongress &#8220;Heilkraft der Alpen&#8221; am 5. Mai zu einem besonderen Networking nach St. Johann im Pongau. Im Rahmen seiner Informationsoffensive zum UN-Jahr f\u00fcr nachhaltigen Tourismus diskutieren Expert\/innen in der Salzburger Bezirksstadt \u00fcber die &#8220;Zukunft barrierefreier Urlaubsangebote f\u00fcr \u00e4ltere Menschen&#8221; (65+).<\/strong>\u00a0<\/span><a href=\"http:\/\/www.heilkraftderalpen.com\/\" rel=\"nofollow\" target=\"_blank\">http:\/\/www.heilkraftderalpen.com<\/a><\/p>\n<p class=\"FtxtP\"><span class=\"FtxtBold\"><strong>Ort:<\/strong>\u00a0<\/span>Kultur- und Kongresshaus am Dom, Leo-Neumayer-Platz 1, 5600 St. Johann im Pongau<br \/><span class=\"FtxtBold\"><strong>Thema<\/strong>:<\/span>\u00a0Zwischen Berggipfel und Wellnessbereich: Barrierefreier Urlaub f\u00fcr Senioren<br \/><strong><span class=\"FtxtBold\">Beginn:<\/span><\/strong>\u00a018.30 Uhr, Podiumsdiskussion ab 19.30 Uhr<\/p>\n<p class=\"FtxtP\">Das Thema &#8220;tourism4all &#8211; zwischen Berggipfeln und Wellness&#8221; wird im Rahmen des zweit\u00e4gigen Fachprogramms er\u00f6rtert, das die &#8220;Heilkraft der Alpen&#8221; insbesondere f\u00fcr ein \u00e4lteres Publikum (65+) untersuchen soll. Senioren sind eine Zielgruppe mit vielf\u00e4ltigen Anspr\u00fcchen und Bed\u00fcrfnissen &#8211; von sehr aktiv bis altersbedingt k\u00f6rperlich eingeschr\u00e4nkt. In der Diskussion erkl\u00e4ren ExpertInnen, wie und mit welchen Angeboten die Tourismusbranche darauf reagieren kann.<\/p>\n<p class=\"FtxtP\">Die Initiative der Naturfreunde Internationale (NFI) &#8220;tourism4all&#8221; ist ein wichtiger Beitrag zum UN-Jahr f\u00fcr nachhaltigen Tourismus, das auch vom Travel Industry Club Austria unterst\u00fctzt wird. W\u00e4hrend die Barrierefreiheit von betrieblicher Seite vor allem mit Kosten und Aufwendungen verbunden ist, sollen bei dieser Veranstaltung die Chancen in den Mittelpunkt gestellt werden. Anhand von Best Practice Beispielen wird so gekl\u00e4rt, wie Barrierefreiheit zum Nutzen von \u00e4lteren G\u00e4sten eingesetzt werden kann.<\/p>\n<p class=\"FtxtP\">Da es bei dem Thema auch um die Umsetzung von EU-Recht geht und in \u00d6sterreich seit 2016 das Behinderten-Gleichstellungsgesetz gilt, sind praktische Tipps, F\u00f6rderungen und Rahmenbedingungen weitere inhaltliche Schwerpunkte in der Diskussion. Damit ergeben sich folgende Fragestellungen f\u00fcr die Podiumsdiskussion:<br \/>+ Was hei\u00dft eigentlich &#8220;Barrierefreiheit&#8221; und was soll damit erreicht werden?<br \/>+ Welche Chancen lassen sich f\u00fcr die Zielgruppe 65+ ableiten?<br \/>+ Welche Kosten und Aufwendungen sind zu ber\u00fccksichtigen?<br \/>+ Welche Rahmenbedingungen bestehen?<br \/>+ Welche F\u00f6rderungen gibt es?<\/p>\n<p class=\"FtxtP\"><strong><span class=\"FtxtBold\">Am Podium:<\/span>\u00a0<\/strong><br \/>Philipp Hochenburger, Behindertenverband \u00d6ZIV<br \/>Friedrich Kaindlstorfer, 1. Zentrum f\u00fcr traditionelle europ\u00e4ische Medizin der Marienschwestern von Karmel, Bad Kreuzen<br \/>Helmut Schwarzenberger, Landesgesch\u00e4ftsf\u00fchrer Naturfreunde Salzburg<br \/>Cathrine Maislinger, Gesch\u00e4ftsf\u00fchrerin LEADER LebensWertPongau<br \/>Harald Hafner, Pr\u00e4sident des Travel Industry Club und Moderator<\/p>\n<p class=\"FtxtP\"><strong><span class=\"FtxtBold\">Anmeldungen:<\/span>\u00a0<\/strong>Auf der an Webseite des Travel Industry Club Austria\u00a0<a href=\"http:\/\/www.travelindustryclub.at\/go\/tourism4all-zwischen-berggipfel-und-wellnessbereich-barrierefreier-urlaub-fuer-senioren\" rel=\"nofollow\" target=\"_blank\">http:\/\/www.travelindustryclub.at\/go\/tourism4all-zwischen-berggipfel-und-wellnessbereich-barrierefreier-urlaub-fuer-senioren<\/a>\u00a0oder per E-Mail: office@travelindustryclub.at. Die Teilnahme am Networking ist kostenlos.<\/p>\n<\/article>\n","protected":false},"excerpt":{"rendered":"<p>Wie der Markt auf barrierefreie Urlaubsangebote reagiert 05.04.2017 Sant Johann im Pongau \u2013 Der Travel Industry Club Austria, Think Tank der heimischen Reisebranche, l\u00e4dt anl\u00e4sslich des 2. Alpinen Gesundheitskongress &#8220;Heilkraft der Alpen&#8221; am 5. Mai zu einem besonderen Networking nach St. Johann im Pongau. Im Rahmen seiner Informationsoffensive zum UN-Jahr f\u00fcr nachhaltigen Tourismus diskutieren Expert\/innen&hellip;<\/p>\n","protected":false},"author":2,"featured_media":10163,"comment_status":"closed","ping_status":"closed","sticky":false,"template":"","format":"standard","meta":{"footnotes":""},"categories":[3],"tags":[],"class_list":["post-10164","post","type-post","status-publish","format-standard","has-post-thumbnail","hentry","category-news","category-3","description-off"],"yoast_head":"<!-- This site is optimized with the Yoast SEO plugin v26.3 - https:\/\/yoast.com\/wordpress\/plugins\/seo\/ -->\n<title>Wellness-Gipfel mit Travel Industry Club Salzburg - Temmel | Seywald - Corporate Communications<\/title>\n<meta name=\"robots\" content=\"index, follow, max-snippet:-1, max-image-preview:large, max-video-preview:-1\" \/>\n<link rel=\"canonical\" href=\"https:\/\/www.tsp.at\/en\/2017\/04\/05\/wellness-gipfel-mit-travel-industry-club-salzburg\/\" \/>\n<meta property=\"og:locale\" content=\"en_US\" \/>\n<meta property=\"og:type\" content=\"article\" \/>\n<meta property=\"og:title\" content=\"Wellness-Gipfel mit Travel Industry Club Salzburg - Temmel | Seywald - Corporate Communications\" \/>\n<meta property=\"og:description\" content=\"Wie der Markt auf barrierefreie Urlaubsangebote reagiert 05.04.2017 Sant Johann im Pongau \u2013 Der Travel Industry Club Austria, Think Tank der heimischen Reisebranche, l\u00e4dt anl\u00e4sslich des 2. Alpinen Gesundheitskongress &#8220;Heilkraft der Alpen&#8221; am 5. Mai zu einem besonderen Networking nach St. Johann im Pongau. Im Rahmen seiner Informationsoffensive zum UN-Jahr f\u00fcr nachhaltigen Tourismus diskutieren Expert\/innen&hellip;\" \/>\n<meta property=\"og:url\" content=\"https:\/\/www.tsp.at\/en\/2017\/04\/05\/wellness-gipfel-mit-travel-industry-club-salzburg\/\" \/>\n<meta property=\"og:site_name\" content=\"Temmel | Seywald - Corporate Communications\" \/>\n<meta property=\"article:publisher\" content=\"https:\/\/www.facebook.com\/TemmelSeywald\" \/>\n<meta property=\"article:published_time\" content=\"2017-04-05T13:44:00+00:00\" \/>\n<meta property=\"article:modified_time\" content=\"2025-10-21T12:57:42+00:00\" \/>\n<meta property=\"og:image\" content=\"https:\/\/www.tsp.at\/wp-content\/uploads\/2025\/10\/alpendorf-sommer-gross.jpg\" \/>\n\t<meta property=\"og:image:width\" content=\"600\" \/>\n\t<meta property=\"og:image:height\" content=\"400\" \/>\n\t<meta property=\"og:image:type\" content=\"image\/jpeg\" \/>\n<meta name=\"author\" content=\"TSP Redaktion\" \/>\n<meta name=\"twitter:card\" content=\"summary_large_image\" \/>\n<meta name=\"twitter:label1\" content=\"Written by\" \/>\n\t<meta name=\"twitter:data1\" content=\"TSP Redaktion\" \/>\n\t<meta name=\"twitter:label2\" content=\"Est. reading time\" \/>\n\t<meta name=\"twitter:data2\" content=\"3 minutes\" \/>\n<script type=\"application\/ld+json\" class=\"yoast-schema-graph\">{\"@context\":\"https:\/\/schema.org\",\"@graph\":[{\"@type\":\"Article\",\"@id\":\"https:\/\/www.tsp.at\/en\/2017\/04\/05\/wellness-gipfel-mit-travel-industry-club-salzburg\/#article\",\"isPartOf\":{\"@id\":\"https:\/\/www.tsp.at\/en\/2017\/04\/05\/wellness-gipfel-mit-travel-industry-club-salzburg\/\"},\"author\":{\"name\":\"TSP Redaktion\",\"@id\":\"https:\/\/www.tsp.at\/en\/#\/schema\/person\/1ba5600c29da17b902b0925cea567f8a\"},\"headline\":\"Wellness-Gipfel mit Travel Industry Club Salzburg\",\"datePublished\":\"2017-04-05T13:44:00+00:00\",\"dateModified\":\"2025-10-21T12:57:42+00:00\",\"mainEntityOfPage\":{\"@id\":\"https:\/\/www.tsp.at\/en\/2017\/04\/05\/wellness-gipfel-mit-travel-industry-club-salzburg\/\"},\"wordCount\":394,\"publisher\":{\"@id\":\"https:\/\/www.tsp.at\/en\/#organization\"},\"image\":{\"@id\":\"https:\/\/www.tsp.at\/en\/2017\/04\/05\/wellness-gipfel-mit-travel-industry-club-salzburg\/#primaryimage\"},\"thumbnailUrl\":\"https:\/\/www.tsp.at\/wp-content\/uploads\/2025\/10\/alpendorf-sommer-gross.jpg\",\"articleSection\":[\"News\"],\"inLanguage\":\"en-US\"},{\"@type\":\"WebPage\",\"@id\":\"https:\/\/www.tsp.at\/en\/2017\/04\/05\/wellness-gipfel-mit-travel-industry-club-salzburg\/\",\"url\":\"https:\/\/www.tsp.at\/en\/2017\/04\/05\/wellness-gipfel-mit-travel-industry-club-salzburg\/\",\"name\":\"Wellness-Gipfel mit Travel Industry Club Salzburg - Temmel | Seywald - Corporate Communications\",\"isPartOf\":{\"@id\":\"https:\/\/www.tsp.at\/en\/#website\"},\"primaryImageOfPage\":{\"@id\":\"https:\/\/www.tsp.at\/en\/2017\/04\/05\/wellness-gipfel-mit-travel-industry-club-salzburg\/#primaryimage\"},\"image\":{\"@id\":\"https:\/\/www.tsp.at\/en\/2017\/04\/05\/wellness-gipfel-mit-travel-industry-club-salzburg\/#primaryimage\"},\"thumbnailUrl\":\"https:\/\/www.tsp.at\/wp-content\/uploads\/2025\/10\/alpendorf-sommer-gross.jpg\",\"datePublished\":\"2017-04-05T13:44:00+00:00\",\"dateModified\":\"2025-10-21T12:57:42+00:00\",\"breadcrumb\":{\"@id\":\"https:\/\/www.tsp.at\/en\/2017\/04\/05\/wellness-gipfel-mit-travel-industry-club-salzburg\/#breadcrumb\"},\"inLanguage\":\"en-US\",\"potentialAction\":[{\"@type\":\"ReadAction\",\"target\":[\"https:\/\/www.tsp.at\/en\/2017\/04\/05\/wellness-gipfel-mit-travel-industry-club-salzburg\/\"]}]},{\"@type\":\"ImageObject\",\"inLanguage\":\"en-US\",\"@id\":\"https:\/\/www.tsp.at\/en\/2017\/04\/05\/wellness-gipfel-mit-travel-industry-club-salzburg\/#primaryimage\",\"url\":\"https:\/\/www.tsp.at\/wp-content\/uploads\/2025\/10\/alpendorf-sommer-gross.jpg\",\"contentUrl\":\"https:\/\/www.tsp.at\/wp-content\/uploads\/2025\/10\/alpendorf-sommer-gross.jpg\",\"width\":600,\"height\":400},{\"@type\":\"BreadcrumbList\",\"@id\":\"https:\/\/www.tsp.at\/en\/2017\/04\/05\/wellness-gipfel-mit-travel-industry-club-salzburg\/#breadcrumb\",\"itemListElement\":[{\"@type\":\"ListItem\",\"position\":1,\"name\":\"Startseite\",\"item\":\"https:\/\/www.tsp.at\/en\/\"},{\"@type\":\"ListItem\",\"position\":2,\"name\":\"Wellness-Gipfel mit Travel Industry Club Salzburg\"}]},{\"@type\":\"WebSite\",\"@id\":\"https:\/\/www.tsp.at\/en\/#website\",\"url\":\"https:\/\/www.tsp.at\/en\/\",\"name\":\"Temmel | Seywald - Corporate Communications\",\"description\":\"Kommunikation ist Beziehungsarbeit\",\"publisher\":{\"@id\":\"https:\/\/www.tsp.at\/en\/#organization\"},\"potentialAction\":[{\"@type\":\"SearchAction\",\"target\":{\"@type\":\"EntryPoint\",\"urlTemplate\":\"https:\/\/www.tsp.at\/en\/?s={search_term_string}\"},\"query-input\":{\"@type\":\"PropertyValueSpecification\",\"valueRequired\":true,\"valueName\":\"search_term_string\"}}],\"inLanguage\":\"en-US\"},{\"@type\":\"Organization\",\"@id\":\"https:\/\/www.tsp.at\/en\/#organization\",\"name\":\"Temmel, Seywald & Partner Communications GesmbH\",\"alternateName\":\"TSP\",\"url\":\"https:\/\/www.tsp.at\/en\/\",\"logo\":{\"@type\":\"ImageObject\",\"inLanguage\":\"en-US\",\"@id\":\"https:\/\/www.tsp.at\/en\/#\/schema\/logo\/image\/\",\"url\":\"https:\/\/www.tsp.at\/wp-content\/uploads\/2025\/10\/favicontsp.png\",\"contentUrl\":\"https:\/\/www.tsp.at\/wp-content\/uploads\/2025\/10\/favicontsp.png\",\"width\":125,\"height\":125,\"caption\":\"Temmel, Seywald & Partner Communications GesmbH\"},\"image\":{\"@id\":\"https:\/\/www.tsp.at\/en\/#\/schema\/logo\/image\/\"},\"sameAs\":[\"https:\/\/www.facebook.com\/TemmelSeywald\"]},{\"@type\":\"Person\",\"@id\":\"https:\/\/www.tsp.at\/en\/#\/schema\/person\/1ba5600c29da17b902b0925cea567f8a\",\"name\":\"TSP Redaktion\"}]}<\/script>\n<!-- \/ Yoast SEO plugin. -->","yoast_head_json":{"title":"Wellness-Gipfel mit Travel Industry Club Salzburg - Temmel | Seywald - Corporate Communications","robots":{"index":"index","follow":"follow","max-snippet":"max-snippet:-1","max-image-preview":"max-image-preview:large","max-video-preview":"max-video-preview:-1"},"canonical":"https:\/\/www.tsp.at\/en\/2017\/04\/05\/wellness-gipfel-mit-travel-industry-club-salzburg\/","og_locale":"en_US","og_type":"article","og_title":"Wellness-Gipfel mit Travel Industry Club Salzburg - Temmel | Seywald - Corporate Communications","og_description":"Wie der Markt auf barrierefreie Urlaubsangebote reagiert 05.04.2017 Sant Johann im Pongau \u2013 Der Travel Industry Club Austria, Think Tank der heimischen Reisebranche, l\u00e4dt anl\u00e4sslich des 2. Alpinen Gesundheitskongress &#8220;Heilkraft der Alpen&#8221; am 5. Mai zu einem besonderen Networking nach St. Johann im Pongau. Im Rahmen seiner Informationsoffensive zum UN-Jahr f\u00fcr nachhaltigen Tourismus diskutieren Expert\/innen&hellip;","og_url":"https:\/\/www.tsp.at\/en\/2017\/04\/05\/wellness-gipfel-mit-travel-industry-club-salzburg\/","og_site_name":"Temmel | Seywald - Corporate Communications","article_publisher":"https:\/\/www.facebook.com\/TemmelSeywald","article_published_time":"2017-04-05T13:44:00+00:00","article_modified_time":"2025-10-21T12:57:42+00:00","og_image":[{"width":600,"height":400,"url":"https:\/\/www.tsp.at\/wp-content\/uploads\/2025\/10\/alpendorf-sommer-gross.jpg","type":"image\/jpeg"}],"author":"TSP Redaktion","twitter_card":"summary_large_image","twitter_misc":{"Written by":"TSP Redaktion","Est. reading time":"3 minutes"},"schema":{"@context":"https:\/\/schema.org","@graph":[{"@type":"Article","@id":"https:\/\/www.tsp.at\/en\/2017\/04\/05\/wellness-gipfel-mit-travel-industry-club-salzburg\/#article","isPartOf":{"@id":"https:\/\/www.tsp.at\/en\/2017\/04\/05\/wellness-gipfel-mit-travel-industry-club-salzburg\/"},"author":{"name":"TSP Redaktion","@id":"https:\/\/www.tsp.at\/en\/#\/schema\/person\/1ba5600c29da17b902b0925cea567f8a"},"headline":"Wellness-Gipfel mit Travel Industry Club Salzburg","datePublished":"2017-04-05T13:44:00+00:00","dateModified":"2025-10-21T12:57:42+00:00","mainEntityOfPage":{"@id":"https:\/\/www.tsp.at\/en\/2017\/04\/05\/wellness-gipfel-mit-travel-industry-club-salzburg\/"},"wordCount":394,"publisher":{"@id":"https:\/\/www.tsp.at\/en\/#organization"},"image":{"@id":"https:\/\/www.tsp.at\/en\/2017\/04\/05\/wellness-gipfel-mit-travel-industry-club-salzburg\/#primaryimage"},"thumbnailUrl":"https:\/\/www.tsp.at\/wp-content\/uploads\/2025\/10\/alpendorf-sommer-gross.jpg","articleSection":["News"],"inLanguage":"en-US"},{"@type":"WebPage","@id":"https:\/\/www.tsp.at\/en\/2017\/04\/05\/wellness-gipfel-mit-travel-industry-club-salzburg\/","url":"https:\/\/www.tsp.at\/en\/2017\/04\/05\/wellness-gipfel-mit-travel-industry-club-salzburg\/","name":"Wellness-Gipfel mit Travel Industry Club Salzburg - Temmel | Seywald - Corporate Communications","isPartOf":{"@id":"https:\/\/www.tsp.at\/en\/#website"},"primaryImageOfPage":{"@id":"https:\/\/www.tsp.at\/en\/2017\/04\/05\/wellness-gipfel-mit-travel-industry-club-salzburg\/#primaryimage"},"image":{"@id":"https:\/\/www.tsp.at\/en\/2017\/04\/05\/wellness-gipfel-mit-travel-industry-club-salzburg\/#primaryimage"},"thumbnailUrl":"https:\/\/www.tsp.at\/wp-content\/uploads\/2025\/10\/alpendorf-sommer-gross.jpg","datePublished":"2017-04-05T13:44:00+00:00","dateModified":"2025-10-21T12:57:42+00:00","breadcrumb":{"@id":"https:\/\/www.tsp.at\/en\/2017\/04\/05\/wellness-gipfel-mit-travel-industry-club-salzburg\/#breadcrumb"},"inLanguage":"en-US","potentialAction":[{"@type":"ReadAction","target":["https:\/\/www.tsp.at\/en\/2017\/04\/05\/wellness-gipfel-mit-travel-industry-club-salzburg\/"]}]},{"@type":"ImageObject","inLanguage":"en-US","@id":"https:\/\/www.tsp.at\/en\/2017\/04\/05\/wellness-gipfel-mit-travel-industry-club-salzburg\/#primaryimage","url":"https:\/\/www.tsp.at\/wp-content\/uploads\/2025\/10\/alpendorf-sommer-gross.jpg","contentUrl":"https:\/\/www.tsp.at\/wp-content\/uploads\/2025\/10\/alpendorf-sommer-gross.jpg","width":600,"height":400},{"@type":"BreadcrumbList","@id":"https:\/\/www.tsp.at\/en\/2017\/04\/05\/wellness-gipfel-mit-travel-industry-club-salzburg\/#breadcrumb","itemListElement":[{"@type":"ListItem","position":1,"name":"Startseite","item":"https:\/\/www.tsp.at\/en\/"},{"@type":"ListItem","position":2,"name":"Wellness-Gipfel mit Travel Industry Club Salzburg"}]},{"@type":"WebSite","@id":"https:\/\/www.tsp.at\/en\/#website","url":"https:\/\/www.tsp.at\/en\/","name":"Temmel | Seywald - Corporate Communications","description":"Kommunikation ist Beziehungsarbeit","publisher":{"@id":"https:\/\/www.tsp.at\/en\/#organization"},"potentialAction":[{"@type":"SearchAction","target":{"@type":"EntryPoint","urlTemplate":"https:\/\/www.tsp.at\/en\/?s={search_term_string}"},"query-input":{"@type":"PropertyValueSpecification","valueRequired":true,"valueName":"search_term_string"}}],"inLanguage":"en-US"},{"@type":"Organization","@id":"https:\/\/www.tsp.at\/en\/#organization","name":"Temmel, Seywald & Partner Communications GesmbH","alternateName":"TSP","url":"https:\/\/www.tsp.at\/en\/","logo":{"@type":"ImageObject","inLanguage":"en-US","@id":"https:\/\/www.tsp.at\/en\/#\/schema\/logo\/image\/","url":"https:\/\/www.tsp.at\/wp-content\/uploads\/2025\/10\/favicontsp.png","contentUrl":"https:\/\/www.tsp.at\/wp-content\/uploads\/2025\/10\/favicontsp.png","width":125,"height":125,"caption":"Temmel, Seywald & Partner Communications GesmbH"},"image":{"@id":"https:\/\/www.tsp.at\/en\/#\/schema\/logo\/image\/"},"sameAs":["https:\/\/www.facebook.com\/TemmelSeywald"]},{"@type":"Person","@id":"https:\/\/www.tsp.at\/en\/#\/schema\/person\/1ba5600c29da17b902b0925cea567f8a","name":"TSP Redaktion"}]}},"_links":{"self":[{"href":"https:\/\/www.tsp.at\/en\/wp-json\/wp\/v2\/posts\/10164","targetHints":{"allow":["GET"]}}],"collection":[{"href":"https:\/\/www.tsp.at\/en\/wp-json\/wp\/v2\/posts"}],"about":[{"href":"https:\/\/www.tsp.at\/en\/wp-json\/wp\/v2\/types\/post"}],"author":[{"embeddable":true,"href":"https:\/\/www.tsp.at\/en\/wp-json\/wp\/v2\/users\/2"}],"replies":[{"embeddable":true,"href":"https:\/\/www.tsp.at\/en\/wp-json\/wp\/v2\/comments?post=10164"}],"version-history":[{"count":1,"href":"https:\/\/www.tsp.at\/en\/wp-json\/wp\/v2\/posts\/10164\/revisions"}],"predecessor-version":[{"id":11492,"href":"https:\/\/www.tsp.at\/en\/wp-json\/wp\/v2\/posts\/10164\/revisions\/11492"}],"wp:featuredmedia":[{"embeddable":true,"href":"https:\/\/www.tsp.at\/en\/wp-json\/wp\/v2\/media\/10163"}],"wp:attachment":[{"href":"https:\/\/www.tsp.at\/en\/wp-json\/wp\/v2\/media?parent=10164"}],"wp:term":[{"taxonomy":"category","embeddable":true,"href":"https:\/\/www.tsp.at\/en\/wp-json\/wp\/v2\/categories?post=10164"},{"taxonomy":"post_tag","embeddable":true,"href":"https:\/\/www.tsp.at\/en\/wp-json\/wp\/v2\/tags?post=10164"}],"curies":[{"name":"wp","href":"https:\/\/api.w.org\/{rel}","templated":true}]}}