{"id":10218,"date":"2016-08-31T13:05:00","date_gmt":"2016-08-31T11:05:00","guid":{"rendered":"https:\/\/staging.tsp.at\/2016\/08\/31\/hansjoerg-wagner-neuer-aufsichtsrat-bei-dexwet\/"},"modified":"2025-10-21T14:57:45","modified_gmt":"2025-10-21T12:57:45","slug":"hansjoerg-wagner-neuer-aufsichtsrat-bei-dexwet","status":"publish","type":"post","link":"https:\/\/www.tsp.at\/en\/2016\/08\/31\/hansjoerg-wagner-neuer-aufsichtsrat-bei-dexwet\/","title":{"rendered":"Hansj\u00f6rg Wagner neuer Aufsichtsrat bei dexwet"},"content":{"rendered":"<article class=\"item\">\n<h2><strong>Alexander Wiesm\u00fcller zieht in den Vorstand ein<\/strong><\/h2>\n<p>31.08.2016<\/p>\n<\/p>\n<\/p>\n<\/p>\n<\/p>\n<\/p>\n<div style=\"float: right; margin-left: 3px; margin-bottom: 5px; text-align: center;\">Wien \u2013 <\/p>\n<p>\u00a0<\/p>\n<\/div>\n<p class=\"FtxtP\"><span class=\"FtxtP\"><span class=\"FtxtP\">Mit Hansj\u00f6rg Wagner zieht ein erfahrener internationaler Business Development Investor in den Aufsichtsrat des austro-amerikanischen Filterherstellers Dexwet International AG ein. Der geb\u00fcrtige \u00d6sterreicher mit Lebensmittelpunkt in Singapur sieht gro\u00dfe Wachstumschancen f\u00fcr dexwet-Filterinnovationen in Asien. D<\/span>er IT-Unternehmer Alexander Wiesm\u00fcller (Vianet, GlobalCore) wurde auf der <span class=\"FtxtP\">4. Jahreshauptversammlung <\/span>zum neuen Chief Operating Officer (COO) bestellt. Gemeinsam mit CEO Clemens Sparowitz bildet Wiesm\u00fcller die k\u00fcnftige Doppelspitze des Unternehmens. Dexwet-Gr\u00fcnder Erich Peteln wechselt in den Aufsichtsrat.<\/span> <a href=\"http:\/\/www.dexwet.com\" rel=\"nofollow\" target=\"_blank\">http:\/\/www.dexwet.com<\/a><\/p>\n<p class=\"FtxtP\">Nach einem durchwachsenen Gesch\u00e4ftsjahr 2015 und im Vergleich zum Jahr davor deutlich eingebrochenen Ums\u00e4tzen im Kerngesch\u00e4ft musste der Vorstand den rund 100 anwesenden Aktion\u00e4ren den h\u00f6chsten Jahresverlust der Unternehmensgeschichte berichten. Verschiedene Kapitalma\u00dfnahmen, die vom Vorstand bereits 2015 umgesetzt wurden, konnten den entstandenen Verlust allerdings durch frisches Eigenkapital wettmachen. Der hohe Jahresverlust 2015 aufgrund ausbleibenden Vertriebserfolges macht harte Sparma\u00dfnahmen erforderlich, pr\u00e4zisierte der Vorstand und pr\u00e4sentierte die &#8220;Dexwet Agenda 2017\/18&#8221; mit dem Ziel, den Turnaround im vierten Quartal 2016 zu schaffen, das Unternehmen in die Gewinnzone zu f\u00fchren und den Break-Even bis Ende 2018 herzustellen. Dazu wurde Alexander Wiesm\u00fcller ins Unternehmen geholt.<\/p>\n<p class=\"FtxtP\">&#8220;Entgegen dem Plan war 2015 ein weiteres Aufbaujahr. Wir haben unsere Investitionen in die automatisierte Roboterfertigung abgeschlossen und sind jetzt erstmals in vier Produktbereichen in gro\u00dfen Mengen f\u00fcr den internationalen Markt lieferf\u00e4hig&#8221;, erkl\u00e4rte Sparowitz auf der Hauptversammlung. Wir haben so etwa einen Motorsport-Filter entwickelt, den die gesamte europ\u00e4ische NASCAR-Serie einsetzt, und konnten so rascher als vorgesehen in der Automobilindustrie Fu\u00df fassen, wo wir bereits erste Ums\u00e4tze machen. Entsprechende Disziplin vorausgesetzt, haben wir die Basis gelegt, den Turnaround aus eigener Kraft schaffen. Wir haben es selbst in der Hand&#8221;, so dexwet-CEO Sparowitz.<\/p>\n<p class=\"FtxtP\"><strong><span class=\"FtxtBold\" style=\"margin-bottom: 10px;\"> Wiesm\u00fcller soll operatives Gesch\u00e4ft forcieren<\/span><\/strong><\/p>\n<p class=\"FtxtP\">&#8220;Dexwet ist ein Prototyp f\u00fcr nachhaltige und wettbewerbsf\u00e4hige Technologie. Damit kann man sehr viel machen. Ich freue mich auf diese Herausforderung&#8221;, betonte der neue COO Alexander Wiesm\u00fcller nach seiner Wahl in den Vorstand. Dexwet zu einer internationalen Marke zu formen, auf Basis einer soliden Gesch\u00e4ftsentwicklung sei Priorit\u00e4t Nr. 1. Der Wert des Unternehmens entstehe vor allem durch die Verbreiterung der Anwendungsfelder. &#8220;dexwet als Marke wird daf\u00fcr stehen, dass man jeden Filter in der Geschirrsp\u00fcl-Maschine waschen und wiederverwenden kann. Eine starke Marke sichert den Wertzuwachs des Unternehmens \u00fcber die Wachstumsphase hinaus. Daran werden wir arbeiten.&#8221;<\/p>\n<p class=\"FtxtP\"><span class=\"FtxtBold\" style=\"margin-bottom: 10px;\"> Kampf dem Feinstaub als Zukunftsbusiness<\/span><\/p>\n<p class=\"FtxtP\">dexwet-Gr\u00fcnder und Neo-Aufsichtsrat Erich Peteln betonte auf der Hauptversammlung die positiven Zukunftsaussichten. &#8220;Die Feinstaubbelastung im Au\u00dfen- wie Innenbereich wird uns auch in Zukunft begleiten. Mit dexwet haben wir eine Technologie entwickelt, die Gesundheitsbelastungen mildert und den Betrieb von Industrieanlagen, Maschinen und Motoren schont. Wir liefern unseren Kunden schon heute Filter f\u00fcr sehr vielf\u00e4ltige Anwendungen. &#8220;dexwet pure air&#8221; home, unser passives Raumluftfiltersystem, wird zum Beispiel jetzt noch durch aktive Komponenten erg\u00e4nzt, um ganzj\u00e4hrigen Schutz zuhause und in der Arbeit zu bieten. Und man wird uns in den Autos von morgen finden&#8221;, sagte Peteln.<\/p>\n<p class=\"FtxtP\"><strong><span class=\"FtxtBold\" style=\"margin-bottom: 10px;\"> Asien als Hoffnungsmarkt<\/span><\/strong><\/p>\n<p class=\"FtxtP\">Der neue Aufsichtsrat Hansj\u00f6rg Wagner, als Technologie-Unternehmer, Berater und Business Angel international erfolgreich, sieht f\u00fcr das Unternehmen gro\u00dfe Wachstumschancen in Asien. Wagner will dexwet von Singapur aus mit Strategie-Empfehlungen und Business Development Aktivit\u00e4ten unterst\u00fctzen. &#8220;Wir m\u00fcssen auf die M\u00e4rkte in China und ganz Asien schauen, da entwickelt sich alles sehr rasch. Wenn man auf den Zug aufspringen will, muss man bereit sein, Gas zu geben. Ich sehe hier gro\u00dfe Chancen, aber wir d\u00fcrfen nicht l\u00e4nger abwarten&#8221;, so der geb\u00fcrtige \u00d6sterreicher mit Lebensmittelpunkt in Singapur.<\/p>\n<p class=\"FtxtP\"><strong><span class=\"FtxtBold\" style=\"margin-bottom: 10px;\"> \u00dcber dexwet<\/span><\/strong><\/p>\n<p class=\"FtxtP\"><strong><\/strong> Die dexwet International AG ist Spezialist f\u00fcr innovative Filtertechnologien und h\u00e4lt knapp 50 Patente in den USA und Europa. Ihr einzigartiges Filtersystem scheidet Grob- wie Fein- und Mikrostaub effektiv und verl\u00e4sslich ab und zeichnet sich dabei durch eine sehr hohe Luftdurchl\u00e4ssigkeit aus. dexwet produziert und vertreibt seine Filtersysteme als Feinstaubfilter f\u00fcr Office-Equipment (Drucker, Kopierer, Fax), in der Pharmaindustrie, in der Gl\u00fccksspiel- und Bankenbranche (Geldspielautomaten, Bankomaten). Seit 2014 arbeitet das Unternehmen intensiv an L\u00f6sungen f\u00fcr die Automobilindustrie und die Innenraumfilterung. <a href=\"http:\/\/www.dexwet.com\" rel=\"nofollow\" target=\"_blank\">http:\/\/www.dexwet.com<\/a><\/p>\n<p class=\"FtxtP\"><span class=\"FtxtBold\" style=\"margin-bottom: 10px;\">Zusammensetzung des neuen F\u00fchrungsteams:<\/span><\/p>\n<p class=\"FtxtP\"><strong><span class=\"FtxtBold\" style=\"margin-bottom: 10px;\"> Vorstand<\/span><\/strong> <br \/> Mag. Clemens Sparowitz, CEO<br \/> Alexander Wiesm\u00fcller, COO<\/p>\n<p class=\"FtxtP\"><strong><span class=\"FtxtBold\" style=\"margin-bottom: 10px;\"> Aufsichtsrat<\/span><\/strong> <br \/> Erich Peteln, Gr\u00fcnder und Entwickler<br \/> Dr. Wolfgang Schiketanz, Capital Advisor<br \/> Robert Socha, Wertpapierexperte<br \/> Hansj\u00f6rg Wagner, Business Angel<br \/> Thomas Wally, Gr\u00fcndungspartner<\/p>\n<p class=\"FtxtP\">Weitere Fotos von der Hauptversammlung sind auf Fotodienst zum Download verf\u00fcgbar: <a href=\"https:\/\/fotodienst.pressetext.com\/album\/3572\" rel=\"nofollow\" target=\"_blank\">https:\/\/fotodienst.pressetext.com\/album\/3572 <\/a>Auch ein Videobeitrag wird in K\u00fcrze online gestellt.<\/p>\n<\/article>\n","protected":false},"excerpt":{"rendered":"<p>Alexander Wiesm\u00fcller zieht in den Vorstand ein 31.08.2016 Wien \u2013 \u00a0 Mit Hansj\u00f6rg Wagner zieht ein erfahrener internationaler Business Development Investor in den Aufsichtsrat des austro-amerikanischen Filterherstellers Dexwet International AG ein. Der geb\u00fcrtige \u00d6sterreicher mit Lebensmittelpunkt in Singapur sieht gro\u00dfe Wachstumschancen f\u00fcr dexwet-Filterinnovationen in Asien. Der IT-Unternehmer Alexander Wiesm\u00fcller (Vianet, GlobalCore) wurde auf der 4.&hellip;<\/p>\n","protected":false},"author":2,"featured_media":10217,"comment_status":"closed","ping_status":"closed","sticky":false,"template":"","format":"standard","meta":{"footnotes":""},"categories":[3],"tags":[],"class_list":["post-10218","post","type-post","status-publish","format-standard","has-post-thumbnail","hentry","category-news","category-3","description-off"],"yoast_head":"<!-- This site is optimized with the Yoast SEO plugin v26.3 - https:\/\/yoast.com\/wordpress\/plugins\/seo\/ -->\n<title>Hansj\u00f6rg Wagner neuer Aufsichtsrat bei dexwet - Temmel | Seywald - Corporate Communications<\/title>\n<meta name=\"robots\" content=\"index, follow, max-snippet:-1, max-image-preview:large, max-video-preview:-1\" \/>\n<link rel=\"canonical\" href=\"https:\/\/www.tsp.at\/en\/2016\/08\/31\/hansjoerg-wagner-neuer-aufsichtsrat-bei-dexwet\/\" \/>\n<meta property=\"og:locale\" content=\"en_US\" \/>\n<meta property=\"og:type\" content=\"article\" \/>\n<meta property=\"og:title\" content=\"Hansj\u00f6rg Wagner neuer Aufsichtsrat bei dexwet - Temmel | Seywald - Corporate Communications\" \/>\n<meta property=\"og:description\" content=\"Alexander Wiesm\u00fcller zieht in den Vorstand ein 31.08.2016 Wien \u2013 \u00a0 Mit Hansj\u00f6rg Wagner zieht ein erfahrener internationaler Business Development Investor in den Aufsichtsrat des austro-amerikanischen Filterherstellers Dexwet International AG ein. Der geb\u00fcrtige \u00d6sterreicher mit Lebensmittelpunkt in Singapur sieht gro\u00dfe Wachstumschancen f\u00fcr dexwet-Filterinnovationen in Asien. Der IT-Unternehmer Alexander Wiesm\u00fcller (Vianet, GlobalCore) wurde auf der 4.&hellip;\" \/>\n<meta property=\"og:url\" content=\"https:\/\/www.tsp.at\/en\/2016\/08\/31\/hansjoerg-wagner-neuer-aufsichtsrat-bei-dexwet\/\" \/>\n<meta property=\"og:site_name\" content=\"Temmel | Seywald - Corporate Communications\" \/>\n<meta property=\"article:publisher\" content=\"https:\/\/www.facebook.com\/TemmelSeywald\" \/>\n<meta property=\"article:published_time\" content=\"2016-08-31T11:05:00+00:00\" \/>\n<meta property=\"article:modified_time\" content=\"2025-10-21T12:57:45+00:00\" \/>\n<meta property=\"og:image\" content=\"https:\/\/www.tsp.at\/wp-content\/uploads\/2025\/10\/001Mikes-16-scaled.jpg\" \/>\n\t<meta property=\"og:image:width\" content=\"2560\" \/>\n\t<meta property=\"og:image:height\" content=\"1772\" \/>\n\t<meta property=\"og:image:type\" content=\"image\/jpeg\" \/>\n<meta name=\"author\" content=\"TSP Redaktion\" \/>\n<meta name=\"twitter:card\" content=\"summary_large_image\" \/>\n<meta name=\"twitter:label1\" content=\"Written by\" \/>\n\t<meta name=\"twitter:data1\" content=\"TSP Redaktion\" \/>\n\t<meta name=\"twitter:label2\" content=\"Est. reading time\" \/>\n\t<meta name=\"twitter:data2\" content=\"5 minutes\" \/>\n<script type=\"application\/ld+json\" class=\"yoast-schema-graph\">{\"@context\":\"https:\/\/schema.org\",\"@graph\":[{\"@type\":\"Article\",\"@id\":\"https:\/\/www.tsp.at\/en\/2016\/08\/31\/hansjoerg-wagner-neuer-aufsichtsrat-bei-dexwet\/#article\",\"isPartOf\":{\"@id\":\"https:\/\/www.tsp.at\/en\/2016\/08\/31\/hansjoerg-wagner-neuer-aufsichtsrat-bei-dexwet\/\"},\"author\":{\"name\":\"TSP Redaktion\",\"@id\":\"https:\/\/www.tsp.at\/en\/#\/schema\/person\/1ba5600c29da17b902b0925cea567f8a\"},\"headline\":\"Hansj\u00f6rg Wagner neuer Aufsichtsrat bei dexwet\",\"datePublished\":\"2016-08-31T11:05:00+00:00\",\"dateModified\":\"2025-10-21T12:57:45+00:00\",\"mainEntityOfPage\":{\"@id\":\"https:\/\/www.tsp.at\/en\/2016\/08\/31\/hansjoerg-wagner-neuer-aufsichtsrat-bei-dexwet\/\"},\"wordCount\":761,\"publisher\":{\"@id\":\"https:\/\/www.tsp.at\/en\/#organization\"},\"image\":{\"@id\":\"https:\/\/www.tsp.at\/en\/2016\/08\/31\/hansjoerg-wagner-neuer-aufsichtsrat-bei-dexwet\/#primaryimage\"},\"thumbnailUrl\":\"https:\/\/www.tsp.at\/wp-content\/uploads\/2025\/10\/001Mikes-16-scaled.jpg\",\"articleSection\":[\"News\"],\"inLanguage\":\"en-US\"},{\"@type\":\"WebPage\",\"@id\":\"https:\/\/www.tsp.at\/en\/2016\/08\/31\/hansjoerg-wagner-neuer-aufsichtsrat-bei-dexwet\/\",\"url\":\"https:\/\/www.tsp.at\/en\/2016\/08\/31\/hansjoerg-wagner-neuer-aufsichtsrat-bei-dexwet\/\",\"name\":\"Hansj\u00f6rg Wagner neuer Aufsichtsrat bei dexwet - Temmel | Seywald - Corporate Communications\",\"isPartOf\":{\"@id\":\"https:\/\/www.tsp.at\/en\/#website\"},\"primaryImageOfPage\":{\"@id\":\"https:\/\/www.tsp.at\/en\/2016\/08\/31\/hansjoerg-wagner-neuer-aufsichtsrat-bei-dexwet\/#primaryimage\"},\"image\":{\"@id\":\"https:\/\/www.tsp.at\/en\/2016\/08\/31\/hansjoerg-wagner-neuer-aufsichtsrat-bei-dexwet\/#primaryimage\"},\"thumbnailUrl\":\"https:\/\/www.tsp.at\/wp-content\/uploads\/2025\/10\/001Mikes-16-scaled.jpg\",\"datePublished\":\"2016-08-31T11:05:00+00:00\",\"dateModified\":\"2025-10-21T12:57:45+00:00\",\"breadcrumb\":{\"@id\":\"https:\/\/www.tsp.at\/en\/2016\/08\/31\/hansjoerg-wagner-neuer-aufsichtsrat-bei-dexwet\/#breadcrumb\"},\"inLanguage\":\"en-US\",\"potentialAction\":[{\"@type\":\"ReadAction\",\"target\":[\"https:\/\/www.tsp.at\/en\/2016\/08\/31\/hansjoerg-wagner-neuer-aufsichtsrat-bei-dexwet\/\"]}]},{\"@type\":\"ImageObject\",\"inLanguage\":\"en-US\",\"@id\":\"https:\/\/www.tsp.at\/en\/2016\/08\/31\/hansjoerg-wagner-neuer-aufsichtsrat-bei-dexwet\/#primaryimage\",\"url\":\"https:\/\/www.tsp.at\/wp-content\/uploads\/2025\/10\/001Mikes-16-scaled.jpg\",\"contentUrl\":\"https:\/\/www.tsp.at\/wp-content\/uploads\/2025\/10\/001Mikes-16-scaled.jpg\",\"width\":2560,\"height\":1772},{\"@type\":\"BreadcrumbList\",\"@id\":\"https:\/\/www.tsp.at\/en\/2016\/08\/31\/hansjoerg-wagner-neuer-aufsichtsrat-bei-dexwet\/#breadcrumb\",\"itemListElement\":[{\"@type\":\"ListItem\",\"position\":1,\"name\":\"Startseite\",\"item\":\"https:\/\/www.tsp.at\/en\/\"},{\"@type\":\"ListItem\",\"position\":2,\"name\":\"Hansj\u00f6rg Wagner neuer Aufsichtsrat bei dexwet\"}]},{\"@type\":\"WebSite\",\"@id\":\"https:\/\/www.tsp.at\/en\/#website\",\"url\":\"https:\/\/www.tsp.at\/en\/\",\"name\":\"Temmel | Seywald - Corporate Communications\",\"description\":\"Kommunikation ist Beziehungsarbeit\",\"publisher\":{\"@id\":\"https:\/\/www.tsp.at\/en\/#organization\"},\"potentialAction\":[{\"@type\":\"SearchAction\",\"target\":{\"@type\":\"EntryPoint\",\"urlTemplate\":\"https:\/\/www.tsp.at\/en\/?s={search_term_string}\"},\"query-input\":{\"@type\":\"PropertyValueSpecification\",\"valueRequired\":true,\"valueName\":\"search_term_string\"}}],\"inLanguage\":\"en-US\"},{\"@type\":\"Organization\",\"@id\":\"https:\/\/www.tsp.at\/en\/#organization\",\"name\":\"Temmel, Seywald & Partner Communications GesmbH\",\"alternateName\":\"TSP\",\"url\":\"https:\/\/www.tsp.at\/en\/\",\"logo\":{\"@type\":\"ImageObject\",\"inLanguage\":\"en-US\",\"@id\":\"https:\/\/www.tsp.at\/en\/#\/schema\/logo\/image\/\",\"url\":\"https:\/\/www.tsp.at\/wp-content\/uploads\/2025\/10\/favicontsp.png\",\"contentUrl\":\"https:\/\/www.tsp.at\/wp-content\/uploads\/2025\/10\/favicontsp.png\",\"width\":125,\"height\":125,\"caption\":\"Temmel, Seywald & Partner Communications GesmbH\"},\"image\":{\"@id\":\"https:\/\/www.tsp.at\/en\/#\/schema\/logo\/image\/\"},\"sameAs\":[\"https:\/\/www.facebook.com\/TemmelSeywald\"]},{\"@type\":\"Person\",\"@id\":\"https:\/\/www.tsp.at\/en\/#\/schema\/person\/1ba5600c29da17b902b0925cea567f8a\",\"name\":\"TSP Redaktion\"}]}<\/script>\n<!-- \/ Yoast SEO plugin. -->","yoast_head_json":{"title":"Hansj\u00f6rg Wagner neuer Aufsichtsrat bei dexwet - Temmel | Seywald - Corporate Communications","robots":{"index":"index","follow":"follow","max-snippet":"max-snippet:-1","max-image-preview":"max-image-preview:large","max-video-preview":"max-video-preview:-1"},"canonical":"https:\/\/www.tsp.at\/en\/2016\/08\/31\/hansjoerg-wagner-neuer-aufsichtsrat-bei-dexwet\/","og_locale":"en_US","og_type":"article","og_title":"Hansj\u00f6rg Wagner neuer Aufsichtsrat bei dexwet - Temmel | Seywald - Corporate Communications","og_description":"Alexander Wiesm\u00fcller zieht in den Vorstand ein 31.08.2016 Wien \u2013 \u00a0 Mit Hansj\u00f6rg Wagner zieht ein erfahrener internationaler Business Development Investor in den Aufsichtsrat des austro-amerikanischen Filterherstellers Dexwet International AG ein. Der geb\u00fcrtige \u00d6sterreicher mit Lebensmittelpunkt in Singapur sieht gro\u00dfe Wachstumschancen f\u00fcr dexwet-Filterinnovationen in Asien. Der IT-Unternehmer Alexander Wiesm\u00fcller (Vianet, GlobalCore) wurde auf der 4.&hellip;","og_url":"https:\/\/www.tsp.at\/en\/2016\/08\/31\/hansjoerg-wagner-neuer-aufsichtsrat-bei-dexwet\/","og_site_name":"Temmel | Seywald - Corporate Communications","article_publisher":"https:\/\/www.facebook.com\/TemmelSeywald","article_published_time":"2016-08-31T11:05:00+00:00","article_modified_time":"2025-10-21T12:57:45+00:00","og_image":[{"width":2560,"height":1772,"url":"https:\/\/www.tsp.at\/wp-content\/uploads\/2025\/10\/001Mikes-16-scaled.jpg","type":"image\/jpeg"}],"author":"TSP Redaktion","twitter_card":"summary_large_image","twitter_misc":{"Written by":"TSP Redaktion","Est. reading time":"5 minutes"},"schema":{"@context":"https:\/\/schema.org","@graph":[{"@type":"Article","@id":"https:\/\/www.tsp.at\/en\/2016\/08\/31\/hansjoerg-wagner-neuer-aufsichtsrat-bei-dexwet\/#article","isPartOf":{"@id":"https:\/\/www.tsp.at\/en\/2016\/08\/31\/hansjoerg-wagner-neuer-aufsichtsrat-bei-dexwet\/"},"author":{"name":"TSP Redaktion","@id":"https:\/\/www.tsp.at\/en\/#\/schema\/person\/1ba5600c29da17b902b0925cea567f8a"},"headline":"Hansj\u00f6rg Wagner neuer Aufsichtsrat bei dexwet","datePublished":"2016-08-31T11:05:00+00:00","dateModified":"2025-10-21T12:57:45+00:00","mainEntityOfPage":{"@id":"https:\/\/www.tsp.at\/en\/2016\/08\/31\/hansjoerg-wagner-neuer-aufsichtsrat-bei-dexwet\/"},"wordCount":761,"publisher":{"@id":"https:\/\/www.tsp.at\/en\/#organization"},"image":{"@id":"https:\/\/www.tsp.at\/en\/2016\/08\/31\/hansjoerg-wagner-neuer-aufsichtsrat-bei-dexwet\/#primaryimage"},"thumbnailUrl":"https:\/\/www.tsp.at\/wp-content\/uploads\/2025\/10\/001Mikes-16-scaled.jpg","articleSection":["News"],"inLanguage":"en-US"},{"@type":"WebPage","@id":"https:\/\/www.tsp.at\/en\/2016\/08\/31\/hansjoerg-wagner-neuer-aufsichtsrat-bei-dexwet\/","url":"https:\/\/www.tsp.at\/en\/2016\/08\/31\/hansjoerg-wagner-neuer-aufsichtsrat-bei-dexwet\/","name":"Hansj\u00f6rg Wagner neuer Aufsichtsrat bei dexwet - Temmel | Seywald - Corporate Communications","isPartOf":{"@id":"https:\/\/www.tsp.at\/en\/#website"},"primaryImageOfPage":{"@id":"https:\/\/www.tsp.at\/en\/2016\/08\/31\/hansjoerg-wagner-neuer-aufsichtsrat-bei-dexwet\/#primaryimage"},"image":{"@id":"https:\/\/www.tsp.at\/en\/2016\/08\/31\/hansjoerg-wagner-neuer-aufsichtsrat-bei-dexwet\/#primaryimage"},"thumbnailUrl":"https:\/\/www.tsp.at\/wp-content\/uploads\/2025\/10\/001Mikes-16-scaled.jpg","datePublished":"2016-08-31T11:05:00+00:00","dateModified":"2025-10-21T12:57:45+00:00","breadcrumb":{"@id":"https:\/\/www.tsp.at\/en\/2016\/08\/31\/hansjoerg-wagner-neuer-aufsichtsrat-bei-dexwet\/#breadcrumb"},"inLanguage":"en-US","potentialAction":[{"@type":"ReadAction","target":["https:\/\/www.tsp.at\/en\/2016\/08\/31\/hansjoerg-wagner-neuer-aufsichtsrat-bei-dexwet\/"]}]},{"@type":"ImageObject","inLanguage":"en-US","@id":"https:\/\/www.tsp.at\/en\/2016\/08\/31\/hansjoerg-wagner-neuer-aufsichtsrat-bei-dexwet\/#primaryimage","url":"https:\/\/www.tsp.at\/wp-content\/uploads\/2025\/10\/001Mikes-16-scaled.jpg","contentUrl":"https:\/\/www.tsp.at\/wp-content\/uploads\/2025\/10\/001Mikes-16-scaled.jpg","width":2560,"height":1772},{"@type":"BreadcrumbList","@id":"https:\/\/www.tsp.at\/en\/2016\/08\/31\/hansjoerg-wagner-neuer-aufsichtsrat-bei-dexwet\/#breadcrumb","itemListElement":[{"@type":"ListItem","position":1,"name":"Startseite","item":"https:\/\/www.tsp.at\/en\/"},{"@type":"ListItem","position":2,"name":"Hansj\u00f6rg Wagner neuer Aufsichtsrat bei dexwet"}]},{"@type":"WebSite","@id":"https:\/\/www.tsp.at\/en\/#website","url":"https:\/\/www.tsp.at\/en\/","name":"Temmel | Seywald - Corporate Communications","description":"Kommunikation ist Beziehungsarbeit","publisher":{"@id":"https:\/\/www.tsp.at\/en\/#organization"},"potentialAction":[{"@type":"SearchAction","target":{"@type":"EntryPoint","urlTemplate":"https:\/\/www.tsp.at\/en\/?s={search_term_string}"},"query-input":{"@type":"PropertyValueSpecification","valueRequired":true,"valueName":"search_term_string"}}],"inLanguage":"en-US"},{"@type":"Organization","@id":"https:\/\/www.tsp.at\/en\/#organization","name":"Temmel, Seywald & Partner Communications GesmbH","alternateName":"TSP","url":"https:\/\/www.tsp.at\/en\/","logo":{"@type":"ImageObject","inLanguage":"en-US","@id":"https:\/\/www.tsp.at\/en\/#\/schema\/logo\/image\/","url":"https:\/\/www.tsp.at\/wp-content\/uploads\/2025\/10\/favicontsp.png","contentUrl":"https:\/\/www.tsp.at\/wp-content\/uploads\/2025\/10\/favicontsp.png","width":125,"height":125,"caption":"Temmel, Seywald & Partner Communications GesmbH"},"image":{"@id":"https:\/\/www.tsp.at\/en\/#\/schema\/logo\/image\/"},"sameAs":["https:\/\/www.facebook.com\/TemmelSeywald"]},{"@type":"Person","@id":"https:\/\/www.tsp.at\/en\/#\/schema\/person\/1ba5600c29da17b902b0925cea567f8a","name":"TSP Redaktion"}]}},"_links":{"self":[{"href":"https:\/\/www.tsp.at\/en\/wp-json\/wp\/v2\/posts\/10218","targetHints":{"allow":["GET"]}}],"collection":[{"href":"https:\/\/www.tsp.at\/en\/wp-json\/wp\/v2\/posts"}],"about":[{"href":"https:\/\/www.tsp.at\/en\/wp-json\/wp\/v2\/types\/post"}],"author":[{"embeddable":true,"href":"https:\/\/www.tsp.at\/en\/wp-json\/wp\/v2\/users\/2"}],"replies":[{"embeddable":true,"href":"https:\/\/www.tsp.at\/en\/wp-json\/wp\/v2\/comments?post=10218"}],"version-history":[{"count":1,"href":"https:\/\/www.tsp.at\/en\/wp-json\/wp\/v2\/posts\/10218\/revisions"}],"predecessor-version":[{"id":11519,"href":"https:\/\/www.tsp.at\/en\/wp-json\/wp\/v2\/posts\/10218\/revisions\/11519"}],"wp:featuredmedia":[{"embeddable":true,"href":"https:\/\/www.tsp.at\/en\/wp-json\/wp\/v2\/media\/10217"}],"wp:attachment":[{"href":"https:\/\/www.tsp.at\/en\/wp-json\/wp\/v2\/media?parent=10218"}],"wp:term":[{"taxonomy":"category","embeddable":true,"href":"https:\/\/www.tsp.at\/en\/wp-json\/wp\/v2\/categories?post=10218"},{"taxonomy":"post_tag","embeddable":true,"href":"https:\/\/www.tsp.at\/en\/wp-json\/wp\/v2\/tags?post=10218"}],"curies":[{"name":"wp","href":"https:\/\/api.w.org\/{rel}","templated":true}]}}