{"id":10220,"date":"2016-08-29T09:30:00","date_gmt":"2016-08-29T07:30:00","guid":{"rendered":"https:\/\/staging.tsp.at\/2016\/08\/29\/traumhafter-ausblick-in-authentischem-ambiente\/"},"modified":"2025-10-21T14:57:46","modified_gmt":"2025-10-21T12:57:46","slug":"traumhafter-ausblick-in-authentischem-ambiente","status":"publish","type":"post","link":"https:\/\/www.tsp.at\/en\/2016\/08\/29\/traumhafter-ausblick-in-authentischem-ambiente\/","title":{"rendered":"Traumhafter Ausblick in authentischem Ambiente"},"content":{"rendered":"<article class=\"item\">\n<h2><strong>First Mallorca bietet Designer-Apartment am Stadtrand von Palma <\/strong><\/h2>\n<p>29.08.2016<\/p>\n<\/p>\n<\/p>\n<\/p>\n<\/p>\n<\/p>\n<p class=\"FtxtP\">San Agustin \u2013 <strong><span class=\"FtxtBold\">Authentisch, angenehm und ein atemberaubender Ausblick. Wer sich in San Augustin niederl\u00e4sst, macht das nicht ohne Grund. Der s\u00fcd\u00f6stlichste Stadtteil von Palma kennt keine touristischen Trampelpfade und wird auch in keinem Reisef\u00fchrer detailliert beschrieben. Vielmehr sch\u00e4tzen die Bewohner die Echtheit des Viertels abseits der ber\u00fchmten Sehensw\u00fcrdigkeiten.<\/span><\/strong><\/p>\n<p class=\"FtxtP\">Mit Einheimischen in Kontakt treten, seine Spanischkenntnisse vertiefen und bodenst\u00e4ndige K\u00fcche genie\u00dfen, all das geht hier leichter als anderswo. In San Agustin offeriert der Immobilienprofi First Mallorca ein traumhaftes Designer-Apartment mit einzigartigem Meerblick. Und wer sich doch ab und an ins Get\u00fcmmel st\u00fcrzen will, der bummelt in der nur sieben Kilometer entfernten Altstadt oder an belebten Str\u00e4nden in den angrenzenden Stadtteilen.\u00a0<a href=\"http:\/\/firstmallorca.com\/\" rel=\"nofollow\" target=\"_blank\">http:\/\/firstmallorca.com<\/a><\/p>\n<p class=\"FtxtP\"><strong><span class=\"FtxtBold\">Chill-Out auf der Terrasse<\/span><\/strong><\/p>\n<p class=\"FtxtP\">Das qualitativ hochwertige Apartment mit seinen rund 120 Quadratmetern thront hoch \u00fcber der Bucht von Palma. Herzst\u00fcck ist die 18 m2 gro\u00dfe Terrasse. Sie bietet einen Ausblick bis zum Horizont und l\u00e4dt mit ihrer Chill-Out-Ecke zum Relaxen ein. Die lichtdurchflutete Wohnung ist nach S\u00fcden ausgerichtet und \u00fcberzeugt mit ihrer offenen Aufteilung.\u00a0<a href=\"http:\/\/bit.ly\/2blz22V\" rel=\"nofollow\" target=\"_blank\">http:\/\/bit.ly\/2blz22V<\/a><\/p>\n<p class=\"FtxtP\">Die Einrichtung ist in hervorragendem Zustand, Fenster sind doppelverglast. Wohnzimmer, K\u00fcche und Hauptschlafzimmer blicken direkt auf die balearische See. Daneben verf\u00fcgt das Apartment \u00fcber ein weiteres Schlafzimmer und drei Badezimmer. Mit wenig Aufwand l\u00e4sst sich auch ein drittes Schlafzimmer realisieren.<\/p>\n<p class=\"FtxtP\"><strong><span class=\"FtxtBold\">Direkter Meerzugang<\/span><\/strong><\/p>\n<p class=\"FtxtP\">Die familienfreundliche Anlage verf\u00fcgt \u00fcber einen direkten Meerzugang und ist \u00fcberwacht. Sie hat einen Garten, einen gemeinsamen Spa-Bereich, einen Fitnessraum, einen beheizten Innen-, sowie einen Au\u00dfenpool und eine Sauna. Inkludiert ist nat\u00fcrlich auch ein Tiefgaragenparkplatz. Das Areal befindet sich in der N\u00e4he zum Hafen und einem Golfplatz. Der Preis des Apartments bel\u00e4uft sich auf 1.395.000 Euro.<\/p>\n<p class=\"FtxtP\"><strong><span class=\"FtxtBold\">\u00dcber First Mallorca<\/span><\/strong><br \/>FIRST MALLORCA ist eine spanische private Kapitalgesellschaft (S.L.) mit Sitz auf der Baleareninsel Mallorca, die Top-Immobilienserviceleistungen anbietet. Das Unternehmen ist Marktf\u00fchrer unter den &#8220;Boutique Style&#8221;-Immobilienfirmen. Das Team besteht aus 40 Mitarbeitern, die \u00fcber einschl\u00e4gige Erfahrung in Immobilien, Immobilienentwicklung und Verm\u00f6gensverwaltung verf\u00fcgen. Da jede Abwicklung individuell ist, setzt das Expertenteam von FIRST MALLORCA stets auf neue und innovative Wege, Technologien und Strategien, um das beste Resultat f\u00fcr den Kunden zu erzielen. Die vier strategisch positionierten Filialen werden k\u00fcnftig durch eine weitere auf Mallorca und eine auf Ibiza erg\u00e4nzt.<\/p>\n<\/article>\n","protected":false},"excerpt":{"rendered":"<p>First Mallorca bietet Designer-Apartment am Stadtrand von Palma 29.08.2016 San Agustin \u2013 Authentisch, angenehm und ein atemberaubender Ausblick. Wer sich in San Augustin niederl\u00e4sst, macht das nicht ohne Grund. Der s\u00fcd\u00f6stlichste Stadtteil von Palma kennt keine touristischen Trampelpfade und wird auch in keinem Reisef\u00fchrer detailliert beschrieben. Vielmehr sch\u00e4tzen die Bewohner die Echtheit des Viertels abseits&hellip;<\/p>\n","protected":false},"author":2,"featured_media":10219,"comment_status":"closed","ping_status":"closed","sticky":false,"template":"","format":"standard","meta":{"footnotes":""},"categories":[3],"tags":[],"class_list":["post-10220","post","type-post","status-publish","format-standard","has-post-thumbnail","hentry","category-news","category-3","description-off"],"yoast_head":"<!-- This site is optimized with the Yoast SEO plugin v26.3 - https:\/\/yoast.com\/wordpress\/plugins\/seo\/ -->\n<title>Traumhafter Ausblick in authentischem Ambiente - Temmel | Seywald - Corporate Communications<\/title>\n<meta name=\"robots\" content=\"index, follow, max-snippet:-1, max-image-preview:large, max-video-preview:-1\" \/>\n<link rel=\"canonical\" href=\"https:\/\/www.tsp.at\/en\/2016\/08\/29\/traumhafter-ausblick-in-authentischem-ambiente\/\" \/>\n<meta property=\"og:locale\" content=\"en_US\" \/>\n<meta property=\"og:type\" content=\"article\" \/>\n<meta property=\"og:title\" content=\"Traumhafter Ausblick in authentischem Ambiente - Temmel | Seywald - Corporate Communications\" \/>\n<meta property=\"og:description\" content=\"First Mallorca bietet Designer-Apartment am Stadtrand von Palma 29.08.2016 San Agustin \u2013 Authentisch, angenehm und ein atemberaubender Ausblick. Wer sich in San Augustin niederl\u00e4sst, macht das nicht ohne Grund. Der s\u00fcd\u00f6stlichste Stadtteil von Palma kennt keine touristischen Trampelpfade und wird auch in keinem Reisef\u00fchrer detailliert beschrieben. Vielmehr sch\u00e4tzen die Bewohner die Echtheit des Viertels abseits&hellip;\" \/>\n<meta property=\"og:url\" content=\"https:\/\/www.tsp.at\/en\/2016\/08\/29\/traumhafter-ausblick-in-authentischem-ambiente\/\" \/>\n<meta property=\"og:site_name\" content=\"Temmel | Seywald - Corporate Communications\" \/>\n<meta property=\"article:publisher\" content=\"https:\/\/www.facebook.com\/TemmelSeywald\" \/>\n<meta property=\"article:published_time\" content=\"2016-08-29T07:30:00+00:00\" \/>\n<meta property=\"article:modified_time\" content=\"2025-10-21T12:57:46+00:00\" \/>\n<meta property=\"og:image\" content=\"https:\/\/www.tsp.at\/wp-content\/uploads\/2025\/10\/Apartment_San_Agustin_62170_org-1-1024x684.jpg\" \/>\n\t<meta property=\"og:image:width\" content=\"1024\" \/>\n\t<meta property=\"og:image:height\" content=\"684\" \/>\n\t<meta property=\"og:image:type\" content=\"image\/jpeg\" \/>\n<meta name=\"author\" content=\"TSP Redaktion\" \/>\n<meta name=\"twitter:card\" content=\"summary_large_image\" \/>\n<meta name=\"twitter:label1\" content=\"Written by\" \/>\n\t<meta name=\"twitter:data1\" content=\"TSP Redaktion\" \/>\n\t<meta name=\"twitter:label2\" content=\"Est. reading time\" \/>\n\t<meta name=\"twitter:data2\" content=\"3 minutes\" \/>\n<script type=\"application\/ld+json\" class=\"yoast-schema-graph\">{\"@context\":\"https:\/\/schema.org\",\"@graph\":[{\"@type\":\"Article\",\"@id\":\"https:\/\/www.tsp.at\/en\/2016\/08\/29\/traumhafter-ausblick-in-authentischem-ambiente\/#article\",\"isPartOf\":{\"@id\":\"https:\/\/www.tsp.at\/en\/2016\/08\/29\/traumhafter-ausblick-in-authentischem-ambiente\/\"},\"author\":{\"name\":\"TSP Redaktion\",\"@id\":\"https:\/\/www.tsp.at\/en\/#\/schema\/person\/1ba5600c29da17b902b0925cea567f8a\"},\"headline\":\"Traumhafter Ausblick in authentischem Ambiente\",\"datePublished\":\"2016-08-29T07:30:00+00:00\",\"dateModified\":\"2025-10-21T12:57:46+00:00\",\"mainEntityOfPage\":{\"@id\":\"https:\/\/www.tsp.at\/en\/2016\/08\/29\/traumhafter-ausblick-in-authentischem-ambiente\/\"},\"wordCount\":403,\"publisher\":{\"@id\":\"https:\/\/www.tsp.at\/en\/#organization\"},\"image\":{\"@id\":\"https:\/\/www.tsp.at\/en\/2016\/08\/29\/traumhafter-ausblick-in-authentischem-ambiente\/#primaryimage\"},\"thumbnailUrl\":\"https:\/\/www.tsp.at\/wp-content\/uploads\/2025\/10\/Apartment_San_Agustin_62170_org-1.jpg\",\"articleSection\":[\"News\"],\"inLanguage\":\"en-US\"},{\"@type\":\"WebPage\",\"@id\":\"https:\/\/www.tsp.at\/en\/2016\/08\/29\/traumhafter-ausblick-in-authentischem-ambiente\/\",\"url\":\"https:\/\/www.tsp.at\/en\/2016\/08\/29\/traumhafter-ausblick-in-authentischem-ambiente\/\",\"name\":\"Traumhafter Ausblick in authentischem Ambiente - Temmel | Seywald - Corporate Communications\",\"isPartOf\":{\"@id\":\"https:\/\/www.tsp.at\/en\/#website\"},\"primaryImageOfPage\":{\"@id\":\"https:\/\/www.tsp.at\/en\/2016\/08\/29\/traumhafter-ausblick-in-authentischem-ambiente\/#primaryimage\"},\"image\":{\"@id\":\"https:\/\/www.tsp.at\/en\/2016\/08\/29\/traumhafter-ausblick-in-authentischem-ambiente\/#primaryimage\"},\"thumbnailUrl\":\"https:\/\/www.tsp.at\/wp-content\/uploads\/2025\/10\/Apartment_San_Agustin_62170_org-1.jpg\",\"datePublished\":\"2016-08-29T07:30:00+00:00\",\"dateModified\":\"2025-10-21T12:57:46+00:00\",\"breadcrumb\":{\"@id\":\"https:\/\/www.tsp.at\/en\/2016\/08\/29\/traumhafter-ausblick-in-authentischem-ambiente\/#breadcrumb\"},\"inLanguage\":\"en-US\",\"potentialAction\":[{\"@type\":\"ReadAction\",\"target\":[\"https:\/\/www.tsp.at\/en\/2016\/08\/29\/traumhafter-ausblick-in-authentischem-ambiente\/\"]}]},{\"@type\":\"ImageObject\",\"inLanguage\":\"en-US\",\"@id\":\"https:\/\/www.tsp.at\/en\/2016\/08\/29\/traumhafter-ausblick-in-authentischem-ambiente\/#primaryimage\",\"url\":\"https:\/\/www.tsp.at\/wp-content\/uploads\/2025\/10\/Apartment_San_Agustin_62170_org-1.jpg\",\"contentUrl\":\"https:\/\/www.tsp.at\/wp-content\/uploads\/2025\/10\/Apartment_San_Agustin_62170_org-1.jpg\",\"width\":2100,\"height\":1402},{\"@type\":\"BreadcrumbList\",\"@id\":\"https:\/\/www.tsp.at\/en\/2016\/08\/29\/traumhafter-ausblick-in-authentischem-ambiente\/#breadcrumb\",\"itemListElement\":[{\"@type\":\"ListItem\",\"position\":1,\"name\":\"Startseite\",\"item\":\"https:\/\/www.tsp.at\/en\/\"},{\"@type\":\"ListItem\",\"position\":2,\"name\":\"Traumhafter Ausblick in authentischem Ambiente\"}]},{\"@type\":\"WebSite\",\"@id\":\"https:\/\/www.tsp.at\/en\/#website\",\"url\":\"https:\/\/www.tsp.at\/en\/\",\"name\":\"Temmel | Seywald - Corporate Communications\",\"description\":\"Kommunikation ist Beziehungsarbeit\",\"publisher\":{\"@id\":\"https:\/\/www.tsp.at\/en\/#organization\"},\"potentialAction\":[{\"@type\":\"SearchAction\",\"target\":{\"@type\":\"EntryPoint\",\"urlTemplate\":\"https:\/\/www.tsp.at\/en\/?s={search_term_string}\"},\"query-input\":{\"@type\":\"PropertyValueSpecification\",\"valueRequired\":true,\"valueName\":\"search_term_string\"}}],\"inLanguage\":\"en-US\"},{\"@type\":\"Organization\",\"@id\":\"https:\/\/www.tsp.at\/en\/#organization\",\"name\":\"Temmel, Seywald & Partner Communications GesmbH\",\"alternateName\":\"TSP\",\"url\":\"https:\/\/www.tsp.at\/en\/\",\"logo\":{\"@type\":\"ImageObject\",\"inLanguage\":\"en-US\",\"@id\":\"https:\/\/www.tsp.at\/en\/#\/schema\/logo\/image\/\",\"url\":\"https:\/\/www.tsp.at\/wp-content\/uploads\/2025\/10\/favicontsp.png\",\"contentUrl\":\"https:\/\/www.tsp.at\/wp-content\/uploads\/2025\/10\/favicontsp.png\",\"width\":125,\"height\":125,\"caption\":\"Temmel, Seywald & Partner Communications GesmbH\"},\"image\":{\"@id\":\"https:\/\/www.tsp.at\/en\/#\/schema\/logo\/image\/\"},\"sameAs\":[\"https:\/\/www.facebook.com\/TemmelSeywald\"]},{\"@type\":\"Person\",\"@id\":\"https:\/\/www.tsp.at\/en\/#\/schema\/person\/1ba5600c29da17b902b0925cea567f8a\",\"name\":\"TSP Redaktion\"}]}<\/script>\n<!-- \/ Yoast SEO plugin. -->","yoast_head_json":{"title":"Traumhafter Ausblick in authentischem Ambiente - Temmel | Seywald - Corporate Communications","robots":{"index":"index","follow":"follow","max-snippet":"max-snippet:-1","max-image-preview":"max-image-preview:large","max-video-preview":"max-video-preview:-1"},"canonical":"https:\/\/www.tsp.at\/en\/2016\/08\/29\/traumhafter-ausblick-in-authentischem-ambiente\/","og_locale":"en_US","og_type":"article","og_title":"Traumhafter Ausblick in authentischem Ambiente - Temmel | Seywald - Corporate Communications","og_description":"First Mallorca bietet Designer-Apartment am Stadtrand von Palma 29.08.2016 San Agustin \u2013 Authentisch, angenehm und ein atemberaubender Ausblick. Wer sich in San Augustin niederl\u00e4sst, macht das nicht ohne Grund. Der s\u00fcd\u00f6stlichste Stadtteil von Palma kennt keine touristischen Trampelpfade und wird auch in keinem Reisef\u00fchrer detailliert beschrieben. Vielmehr sch\u00e4tzen die Bewohner die Echtheit des Viertels abseits&hellip;","og_url":"https:\/\/www.tsp.at\/en\/2016\/08\/29\/traumhafter-ausblick-in-authentischem-ambiente\/","og_site_name":"Temmel | Seywald - Corporate Communications","article_publisher":"https:\/\/www.facebook.com\/TemmelSeywald","article_published_time":"2016-08-29T07:30:00+00:00","article_modified_time":"2025-10-21T12:57:46+00:00","og_image":[{"width":1024,"height":684,"url":"https:\/\/www.tsp.at\/wp-content\/uploads\/2025\/10\/Apartment_San_Agustin_62170_org-1-1024x684.jpg","type":"image\/jpeg"}],"author":"TSP Redaktion","twitter_card":"summary_large_image","twitter_misc":{"Written by":"TSP Redaktion","Est. reading time":"3 minutes"},"schema":{"@context":"https:\/\/schema.org","@graph":[{"@type":"Article","@id":"https:\/\/www.tsp.at\/en\/2016\/08\/29\/traumhafter-ausblick-in-authentischem-ambiente\/#article","isPartOf":{"@id":"https:\/\/www.tsp.at\/en\/2016\/08\/29\/traumhafter-ausblick-in-authentischem-ambiente\/"},"author":{"name":"TSP Redaktion","@id":"https:\/\/www.tsp.at\/en\/#\/schema\/person\/1ba5600c29da17b902b0925cea567f8a"},"headline":"Traumhafter Ausblick in authentischem Ambiente","datePublished":"2016-08-29T07:30:00+00:00","dateModified":"2025-10-21T12:57:46+00:00","mainEntityOfPage":{"@id":"https:\/\/www.tsp.at\/en\/2016\/08\/29\/traumhafter-ausblick-in-authentischem-ambiente\/"},"wordCount":403,"publisher":{"@id":"https:\/\/www.tsp.at\/en\/#organization"},"image":{"@id":"https:\/\/www.tsp.at\/en\/2016\/08\/29\/traumhafter-ausblick-in-authentischem-ambiente\/#primaryimage"},"thumbnailUrl":"https:\/\/www.tsp.at\/wp-content\/uploads\/2025\/10\/Apartment_San_Agustin_62170_org-1.jpg","articleSection":["News"],"inLanguage":"en-US"},{"@type":"WebPage","@id":"https:\/\/www.tsp.at\/en\/2016\/08\/29\/traumhafter-ausblick-in-authentischem-ambiente\/","url":"https:\/\/www.tsp.at\/en\/2016\/08\/29\/traumhafter-ausblick-in-authentischem-ambiente\/","name":"Traumhafter Ausblick in authentischem Ambiente - Temmel | Seywald - Corporate Communications","isPartOf":{"@id":"https:\/\/www.tsp.at\/en\/#website"},"primaryImageOfPage":{"@id":"https:\/\/www.tsp.at\/en\/2016\/08\/29\/traumhafter-ausblick-in-authentischem-ambiente\/#primaryimage"},"image":{"@id":"https:\/\/www.tsp.at\/en\/2016\/08\/29\/traumhafter-ausblick-in-authentischem-ambiente\/#primaryimage"},"thumbnailUrl":"https:\/\/www.tsp.at\/wp-content\/uploads\/2025\/10\/Apartment_San_Agustin_62170_org-1.jpg","datePublished":"2016-08-29T07:30:00+00:00","dateModified":"2025-10-21T12:57:46+00:00","breadcrumb":{"@id":"https:\/\/www.tsp.at\/en\/2016\/08\/29\/traumhafter-ausblick-in-authentischem-ambiente\/#breadcrumb"},"inLanguage":"en-US","potentialAction":[{"@type":"ReadAction","target":["https:\/\/www.tsp.at\/en\/2016\/08\/29\/traumhafter-ausblick-in-authentischem-ambiente\/"]}]},{"@type":"ImageObject","inLanguage":"en-US","@id":"https:\/\/www.tsp.at\/en\/2016\/08\/29\/traumhafter-ausblick-in-authentischem-ambiente\/#primaryimage","url":"https:\/\/www.tsp.at\/wp-content\/uploads\/2025\/10\/Apartment_San_Agustin_62170_org-1.jpg","contentUrl":"https:\/\/www.tsp.at\/wp-content\/uploads\/2025\/10\/Apartment_San_Agustin_62170_org-1.jpg","width":2100,"height":1402},{"@type":"BreadcrumbList","@id":"https:\/\/www.tsp.at\/en\/2016\/08\/29\/traumhafter-ausblick-in-authentischem-ambiente\/#breadcrumb","itemListElement":[{"@type":"ListItem","position":1,"name":"Startseite","item":"https:\/\/www.tsp.at\/en\/"},{"@type":"ListItem","position":2,"name":"Traumhafter Ausblick in authentischem Ambiente"}]},{"@type":"WebSite","@id":"https:\/\/www.tsp.at\/en\/#website","url":"https:\/\/www.tsp.at\/en\/","name":"Temmel | Seywald - Corporate Communications","description":"Kommunikation ist Beziehungsarbeit","publisher":{"@id":"https:\/\/www.tsp.at\/en\/#organization"},"potentialAction":[{"@type":"SearchAction","target":{"@type":"EntryPoint","urlTemplate":"https:\/\/www.tsp.at\/en\/?s={search_term_string}"},"query-input":{"@type":"PropertyValueSpecification","valueRequired":true,"valueName":"search_term_string"}}],"inLanguage":"en-US"},{"@type":"Organization","@id":"https:\/\/www.tsp.at\/en\/#organization","name":"Temmel, Seywald & Partner Communications GesmbH","alternateName":"TSP","url":"https:\/\/www.tsp.at\/en\/","logo":{"@type":"ImageObject","inLanguage":"en-US","@id":"https:\/\/www.tsp.at\/en\/#\/schema\/logo\/image\/","url":"https:\/\/www.tsp.at\/wp-content\/uploads\/2025\/10\/favicontsp.png","contentUrl":"https:\/\/www.tsp.at\/wp-content\/uploads\/2025\/10\/favicontsp.png","width":125,"height":125,"caption":"Temmel, Seywald & Partner Communications GesmbH"},"image":{"@id":"https:\/\/www.tsp.at\/en\/#\/schema\/logo\/image\/"},"sameAs":["https:\/\/www.facebook.com\/TemmelSeywald"]},{"@type":"Person","@id":"https:\/\/www.tsp.at\/en\/#\/schema\/person\/1ba5600c29da17b902b0925cea567f8a","name":"TSP Redaktion"}]}},"_links":{"self":[{"href":"https:\/\/www.tsp.at\/en\/wp-json\/wp\/v2\/posts\/10220","targetHints":{"allow":["GET"]}}],"collection":[{"href":"https:\/\/www.tsp.at\/en\/wp-json\/wp\/v2\/posts"}],"about":[{"href":"https:\/\/www.tsp.at\/en\/wp-json\/wp\/v2\/types\/post"}],"author":[{"embeddable":true,"href":"https:\/\/www.tsp.at\/en\/wp-json\/wp\/v2\/users\/2"}],"replies":[{"embeddable":true,"href":"https:\/\/www.tsp.at\/en\/wp-json\/wp\/v2\/comments?post=10220"}],"version-history":[{"count":1,"href":"https:\/\/www.tsp.at\/en\/wp-json\/wp\/v2\/posts\/10220\/revisions"}],"predecessor-version":[{"id":11520,"href":"https:\/\/www.tsp.at\/en\/wp-json\/wp\/v2\/posts\/10220\/revisions\/11520"}],"wp:featuredmedia":[{"embeddable":true,"href":"https:\/\/www.tsp.at\/en\/wp-json\/wp\/v2\/media\/10219"}],"wp:attachment":[{"href":"https:\/\/www.tsp.at\/en\/wp-json\/wp\/v2\/media?parent=10220"}],"wp:term":[{"taxonomy":"category","embeddable":true,"href":"https:\/\/www.tsp.at\/en\/wp-json\/wp\/v2\/categories?post=10220"},{"taxonomy":"post_tag","embeddable":true,"href":"https:\/\/www.tsp.at\/en\/wp-json\/wp\/v2\/tags?post=10220"}],"curies":[{"name":"wp","href":"https:\/\/api.w.org\/{rel}","templated":true}]}}