{"id":10230,"date":"2016-07-20T14:56:00","date_gmt":"2016-07-20T12:56:00","guid":{"rendered":"https:\/\/staging.tsp.at\/2016\/07\/20\/wolkenkuckucksheim-fuer-liebhaber\/"},"modified":"2025-10-21T14:57:46","modified_gmt":"2025-10-21T12:57:46","slug":"wolkenkuckucksheim-fuer-liebhaber","status":"publish","type":"post","link":"https:\/\/www.tsp.at\/en\/2016\/07\/20\/wolkenkuckucksheim-fuer-liebhaber\/","title":{"rendered":"Wolkenkuckucksheim f\u00fcr Liebhaber"},"content":{"rendered":"<article class=\"item\">\n<h2><strong>First Mallorca bietet Anwesen mit Meerblick in ruhiger Bucht<\/strong><\/h2>\n<p>20.07.2016<\/p>\n<\/p>\n<\/p>\n<\/p>\n<\/p>\n<\/p>\n<p class=\"FtxtP\">Palma de Mallorca\/Port d&#8217;Andratx  \u2013 <strong><span class=\"FtxtBold\">Verteidigungst\u00fcrme boten schon im Mittelalter den besten Blick \u00fcbers Meer, sie dienten dem Schutz des Landes und der raschen Hilfe aus Seenot. Noch heute stehen einige dieser T\u00fcrme im S\u00fcdwesten der Ferieninsel Mallorca. Die Relikte aus dem 16. Jahrhundert haben allerdings eine neue, deutlich angenehmere Funktion.<\/span><\/strong><\/p>\n<p class=\"FtxtP\">Wer heute einen traumhaften Blick bis zum Horizont sucht und zugleich h\u00f6chsten Wert auf Komfort legt, ist in Port d&#8217;Andratx am besten aufgehoben. Der alte Fischerhafen ist bekannt f\u00fcr sein angenehmes Ambiente und liegt in einem mediterranen Fjord. In unmittelbarer N\u00e4he, aber gleichzeitig abgeschieden, wurde erst vor kurzem eine au\u00dfergew\u00f6hnliche Villa fertiggestellt. Sie befindet sich in einer ruhigen Bucht und freut sich dank ihrer s\u00fcdlichen Ausrichtung den ganzen Tag \u00fcber reichlich Sonne.<\/p>\n<p class=\"FtxtP\"><strong><span class=\"FtxtBold\">Ein Platz \u00fcber den Wolken<\/span><\/strong><\/p>\n<p class=\"FtxtP\">Das gerade einmal einen Kilometer vom Hafen entfernte Anwesen befindet sich auf einem 1.176 m2 gro\u00dfen Grundst\u00fcck und bietet h\u00f6chsten Komfort f\u00fcr die ganze Familie. Die Villa verf\u00fcgt \u00fcber f\u00fcnf Schlafzimmer, f\u00fcnf Badezimmer und zwei G\u00e4ste-WCs. Sie erf\u00fcllt die Top-Qualit\u00e4tsstandards wie Fu\u00dfbodenheizung, Aufzug, Geb\u00e4udeautomation, Designer-K\u00fcche, Heimkino und modernste Audiosysteme. Ein 50 m2 gro\u00dfer Pool und ein eigenes Kinderbecken sorgen f\u00fcr die n\u00f6tige Abk\u00fchlung in der hei\u00dfen Jahreszeit.<\/p>\n<p class=\"FtxtP\">W\u00e4hrend fr\u00fcher k\u00f6nigliche Truppen auf Verteidigungst\u00fcrmen fieberhaft nach feindlichen Schiffen Ausschau hielten, kann man heute in Port d&#8217;Andratx in aller Ruhe entspannen und den traumhaften Meerblick genie\u00dfen, aber auch Feste feiern und Freunde einladen. Mit ihren gro\u00dfz\u00fcgigen Terrassen eignet sich die neue Villa daf\u00fcr besonders gut. Die malerische Landschaft tr\u00e4gt ihr \u00dcbriges dazu bei. Die Umgebung, in die die Immobilie von First Mallorca eingebettet ist, hat zahlreiche Freizeitm\u00f6glichkeiten zu bieten.<\/p>\n<p class=\"FtxtP\"><strong><span class=\"FtxtBold\">Tauchen, staunen und genie\u00dfen<\/span><\/strong><\/p>\n<p class=\"FtxtP\">Neben seiner atemberaubenden Lage ist Port d&#8217;Andratx f\u00fcr Sport und Kultur bekannt. Bei Tauchg\u00e4ngen kann man die Unterwasserwelt entdecken, bei einer Fahrt mit dem Katamaran die Vogelwelt. F\u00fcr Liebhaber von Kunst und Kultur ist wiederum das Centro Cultural Andratx erste Adresse. Die Galerie z\u00e4hlt zu den gr\u00f6\u00dferen Zentren zeitgen\u00f6ssischer Kunst in Europa. Auch die Galerie Asociacio Cultural Sa Taronja ist einen Besuch wert &#8211; mit Ausstellungen, musikalische Darbietungen und Vortr\u00e4gen.<\/p>\n<p class=\"FtxtP\">Aber auch der Hafen selbst lockt zum Besuch. Mit seinen zahlreichen Restaurants, Bars, Caf\u00e9s und Boutiquen sorgt er vor allem in den Abendstunden f\u00fcr ein unvergessliches mediterranes Flair. Die Gemeinde Andratx selbst liegt zehn Fahrminuten im Landesinneren. Von der Hauptstadt Palma aus ist das Anwesen innerhalb von 30 Minuten zu erreichen. Der Kaufpreis f\u00fcr die Luxusvilla (Ref. 61322) in dem 2.500 Einwohner z\u00e4hlenden Fischerort betr\u00e4gt 5,59 Mio. Euro.<a href=\"http:\/\/bit.ly\/29Qt1Jy\" rel=\"nofollow\" target=\"_blank\">http:\/\/bit.ly\/29Qt1Jy<\/a><\/p>\n<p class=\"FtxtP\"><strong><span class=\"FtxtBold\">\u00dcber First Mallorca<\/span><\/strong><br \/>First Mallorca ist eine spanische private Kapitalgesellschaft (S.L.) mit Sitz auf der Baleareninsel Mallorca, die Top-Immobilienserviceleistungen anbietet. Das Unternehmen ist Marktf\u00fchrer unter den &#8220;Boutique Style&#8221;-Immobilienfirmen. Das Team besteht aus 40 Mitarbeitern, die \u00fcber einschl\u00e4gige Erfahrung in Immobilien, Immobilienentwicklung und Verm\u00f6gensverwaltung verf\u00fcgen. Da jede Abwicklung individuell ist, setzt das Expertenteam von First Mallorca stets neue und innovative Wege, Technologien und Strategien um, um das beste Resultat f\u00fcr den Kunden zu erzielen. Die vier strategisch positionierten Filialen werden k\u00fcnftig durch eine weitere auf Mallorca und eine auf Ibiza erg\u00e4nzt.<\/p>\n<\/article>\n","protected":false},"excerpt":{"rendered":"<p>First Mallorca bietet Anwesen mit Meerblick in ruhiger Bucht 20.07.2016 Palma de Mallorca\/Port d&#8217;Andratx \u2013 Verteidigungst\u00fcrme boten schon im Mittelalter den besten Blick \u00fcbers Meer, sie dienten dem Schutz des Landes und der raschen Hilfe aus Seenot. Noch heute stehen einige dieser T\u00fcrme im S\u00fcdwesten der Ferieninsel Mallorca. Die Relikte aus dem 16. Jahrhundert haben&hellip;<\/p>\n","protected":false},"author":2,"featured_media":10229,"comment_status":"closed","ping_status":"closed","sticky":false,"template":"","format":"standard","meta":{"footnotes":""},"categories":[3],"tags":[],"class_list":["post-10230","post","type-post","status-publish","format-standard","has-post-thumbnail","hentry","category-news","category-3","description-off"],"yoast_head":"<!-- This site is optimized with the Yoast SEO plugin v26.3 - https:\/\/yoast.com\/wordpress\/plugins\/seo\/ -->\n<title>Wolkenkuckucksheim f\u00fcr Liebhaber - Temmel | Seywald - Corporate Communications<\/title>\n<meta name=\"robots\" content=\"index, follow, max-snippet:-1, max-image-preview:large, max-video-preview:-1\" \/>\n<link rel=\"canonical\" href=\"https:\/\/www.tsp.at\/en\/2016\/07\/20\/wolkenkuckucksheim-fuer-liebhaber\/\" \/>\n<meta property=\"og:locale\" content=\"en_US\" \/>\n<meta property=\"og:type\" content=\"article\" \/>\n<meta property=\"og:title\" content=\"Wolkenkuckucksheim f\u00fcr Liebhaber - Temmel | Seywald - Corporate Communications\" \/>\n<meta property=\"og:description\" content=\"First Mallorca bietet Anwesen mit Meerblick in ruhiger Bucht 20.07.2016 Palma de Mallorca\/Port d&#8217;Andratx \u2013 Verteidigungst\u00fcrme boten schon im Mittelalter den besten Blick \u00fcbers Meer, sie dienten dem Schutz des Landes und der raschen Hilfe aus Seenot. Noch heute stehen einige dieser T\u00fcrme im S\u00fcdwesten der Ferieninsel Mallorca. Die Relikte aus dem 16. Jahrhundert haben&hellip;\" \/>\n<meta property=\"og:url\" content=\"https:\/\/www.tsp.at\/en\/2016\/07\/20\/wolkenkuckucksheim-fuer-liebhaber\/\" \/>\n<meta property=\"og:site_name\" content=\"Temmel | Seywald - Corporate Communications\" \/>\n<meta property=\"article:publisher\" content=\"https:\/\/www.facebook.com\/TemmelSeywald\" \/>\n<meta property=\"article:published_time\" content=\"2016-07-20T12:56:00+00:00\" \/>\n<meta property=\"article:modified_time\" content=\"2025-10-21T12:57:46+00:00\" \/>\n<meta property=\"og:image\" content=\"https:\/\/www.tsp.at\/wp-content\/uploads\/2025\/10\/MR20150911010-1024x683.jpg\" \/>\n\t<meta property=\"og:image:width\" content=\"1024\" \/>\n\t<meta property=\"og:image:height\" content=\"683\" \/>\n\t<meta property=\"og:image:type\" content=\"image\/jpeg\" \/>\n<meta name=\"author\" content=\"TSP Redaktion\" \/>\n<meta name=\"twitter:card\" content=\"summary_large_image\" \/>\n<meta name=\"twitter:label1\" content=\"Written by\" \/>\n\t<meta name=\"twitter:data1\" content=\"TSP Redaktion\" \/>\n\t<meta name=\"twitter:label2\" content=\"Est. reading time\" \/>\n\t<meta name=\"twitter:data2\" content=\"4 minutes\" \/>\n<script type=\"application\/ld+json\" class=\"yoast-schema-graph\">{\"@context\":\"https:\/\/schema.org\",\"@graph\":[{\"@type\":\"Article\",\"@id\":\"https:\/\/www.tsp.at\/en\/2016\/07\/20\/wolkenkuckucksheim-fuer-liebhaber\/#article\",\"isPartOf\":{\"@id\":\"https:\/\/www.tsp.at\/en\/2016\/07\/20\/wolkenkuckucksheim-fuer-liebhaber\/\"},\"author\":{\"name\":\"TSP Redaktion\",\"@id\":\"https:\/\/www.tsp.at\/en\/#\/schema\/person\/1ba5600c29da17b902b0925cea567f8a\"},\"headline\":\"Wolkenkuckucksheim f\u00fcr Liebhaber\",\"datePublished\":\"2016-07-20T12:56:00+00:00\",\"dateModified\":\"2025-10-21T12:57:46+00:00\",\"mainEntityOfPage\":{\"@id\":\"https:\/\/www.tsp.at\/en\/2016\/07\/20\/wolkenkuckucksheim-fuer-liebhaber\/\"},\"wordCount\":570,\"publisher\":{\"@id\":\"https:\/\/www.tsp.at\/en\/#organization\"},\"image\":{\"@id\":\"https:\/\/www.tsp.at\/en\/2016\/07\/20\/wolkenkuckucksheim-fuer-liebhaber\/#primaryimage\"},\"thumbnailUrl\":\"https:\/\/www.tsp.at\/wp-content\/uploads\/2025\/10\/MR20150911010.jpg\",\"articleSection\":[\"News\"],\"inLanguage\":\"en-US\"},{\"@type\":\"WebPage\",\"@id\":\"https:\/\/www.tsp.at\/en\/2016\/07\/20\/wolkenkuckucksheim-fuer-liebhaber\/\",\"url\":\"https:\/\/www.tsp.at\/en\/2016\/07\/20\/wolkenkuckucksheim-fuer-liebhaber\/\",\"name\":\"Wolkenkuckucksheim f\u00fcr Liebhaber - Temmel | Seywald - Corporate Communications\",\"isPartOf\":{\"@id\":\"https:\/\/www.tsp.at\/en\/#website\"},\"primaryImageOfPage\":{\"@id\":\"https:\/\/www.tsp.at\/en\/2016\/07\/20\/wolkenkuckucksheim-fuer-liebhaber\/#primaryimage\"},\"image\":{\"@id\":\"https:\/\/www.tsp.at\/en\/2016\/07\/20\/wolkenkuckucksheim-fuer-liebhaber\/#primaryimage\"},\"thumbnailUrl\":\"https:\/\/www.tsp.at\/wp-content\/uploads\/2025\/10\/MR20150911010.jpg\",\"datePublished\":\"2016-07-20T12:56:00+00:00\",\"dateModified\":\"2025-10-21T12:57:46+00:00\",\"breadcrumb\":{\"@id\":\"https:\/\/www.tsp.at\/en\/2016\/07\/20\/wolkenkuckucksheim-fuer-liebhaber\/#breadcrumb\"},\"inLanguage\":\"en-US\",\"potentialAction\":[{\"@type\":\"ReadAction\",\"target\":[\"https:\/\/www.tsp.at\/en\/2016\/07\/20\/wolkenkuckucksheim-fuer-liebhaber\/\"]}]},{\"@type\":\"ImageObject\",\"inLanguage\":\"en-US\",\"@id\":\"https:\/\/www.tsp.at\/en\/2016\/07\/20\/wolkenkuckucksheim-fuer-liebhaber\/#primaryimage\",\"url\":\"https:\/\/www.tsp.at\/wp-content\/uploads\/2025\/10\/MR20150911010.jpg\",\"contentUrl\":\"https:\/\/www.tsp.at\/wp-content\/uploads\/2025\/10\/MR20150911010.jpg\",\"width\":2496,\"height\":1664,\"caption\":\"Bildmaterial (Honorarfrei, bei Quellenangabe) S\u00e4mtliche Bilder dieser Serie stehen zur honorarfreien Verwendung zur Verf\u00fcgung. Bedingung ist die Nennung des Copyrights: Foto Marco Richter oder www.mallorco.com f\u00fcr unterlassene, unvollst\u00e4ndig, falsch platzierte oder nicht zuordnungsf\u00e4hige Urhebervermerke ist f\u00fcr jeden Einzelfall eine Vertragsstrafe in H\u00f6he des f\u00fcnffachen Nutzungshonorars zu zahlen, vorbehaltlich weitergehender Schadensersatzanspr\u00fcche.!!!Ebenso ist der Weiterverkauf des Bildmaterials an Dritte ohne ausdr\u00fcckliche Genehmigung von Marco Richter (Mallorco Photography) untersagt. Diese Regelung gilt auch bei jeglicher unberechtigt (ohne Zustimmung durch den Fotograf Marco Richter (Mallorco Photography) erfolgten Nutzung, Verwendung, Wiedergabe oder Weitergabe des Bildmaterials.\"},{\"@type\":\"BreadcrumbList\",\"@id\":\"https:\/\/www.tsp.at\/en\/2016\/07\/20\/wolkenkuckucksheim-fuer-liebhaber\/#breadcrumb\",\"itemListElement\":[{\"@type\":\"ListItem\",\"position\":1,\"name\":\"Startseite\",\"item\":\"https:\/\/www.tsp.at\/en\/\"},{\"@type\":\"ListItem\",\"position\":2,\"name\":\"Wolkenkuckucksheim f\u00fcr Liebhaber\"}]},{\"@type\":\"WebSite\",\"@id\":\"https:\/\/www.tsp.at\/en\/#website\",\"url\":\"https:\/\/www.tsp.at\/en\/\",\"name\":\"Temmel | Seywald - Corporate Communications\",\"description\":\"Kommunikation ist Beziehungsarbeit\",\"publisher\":{\"@id\":\"https:\/\/www.tsp.at\/en\/#organization\"},\"potentialAction\":[{\"@type\":\"SearchAction\",\"target\":{\"@type\":\"EntryPoint\",\"urlTemplate\":\"https:\/\/www.tsp.at\/en\/?s={search_term_string}\"},\"query-input\":{\"@type\":\"PropertyValueSpecification\",\"valueRequired\":true,\"valueName\":\"search_term_string\"}}],\"inLanguage\":\"en-US\"},{\"@type\":\"Organization\",\"@id\":\"https:\/\/www.tsp.at\/en\/#organization\",\"name\":\"Temmel, Seywald & Partner Communications GesmbH\",\"alternateName\":\"TSP\",\"url\":\"https:\/\/www.tsp.at\/en\/\",\"logo\":{\"@type\":\"ImageObject\",\"inLanguage\":\"en-US\",\"@id\":\"https:\/\/www.tsp.at\/en\/#\/schema\/logo\/image\/\",\"url\":\"https:\/\/www.tsp.at\/wp-content\/uploads\/2025\/10\/favicontsp.png\",\"contentUrl\":\"https:\/\/www.tsp.at\/wp-content\/uploads\/2025\/10\/favicontsp.png\",\"width\":125,\"height\":125,\"caption\":\"Temmel, Seywald & Partner Communications GesmbH\"},\"image\":{\"@id\":\"https:\/\/www.tsp.at\/en\/#\/schema\/logo\/image\/\"},\"sameAs\":[\"https:\/\/www.facebook.com\/TemmelSeywald\"]},{\"@type\":\"Person\",\"@id\":\"https:\/\/www.tsp.at\/en\/#\/schema\/person\/1ba5600c29da17b902b0925cea567f8a\",\"name\":\"TSP Redaktion\"}]}<\/script>\n<!-- \/ Yoast SEO plugin. -->","yoast_head_json":{"title":"Wolkenkuckucksheim f\u00fcr Liebhaber - Temmel | Seywald - Corporate Communications","robots":{"index":"index","follow":"follow","max-snippet":"max-snippet:-1","max-image-preview":"max-image-preview:large","max-video-preview":"max-video-preview:-1"},"canonical":"https:\/\/www.tsp.at\/en\/2016\/07\/20\/wolkenkuckucksheim-fuer-liebhaber\/","og_locale":"en_US","og_type":"article","og_title":"Wolkenkuckucksheim f\u00fcr Liebhaber - Temmel | Seywald - Corporate Communications","og_description":"First Mallorca bietet Anwesen mit Meerblick in ruhiger Bucht 20.07.2016 Palma de Mallorca\/Port d&#8217;Andratx \u2013 Verteidigungst\u00fcrme boten schon im Mittelalter den besten Blick \u00fcbers Meer, sie dienten dem Schutz des Landes und der raschen Hilfe aus Seenot. Noch heute stehen einige dieser T\u00fcrme im S\u00fcdwesten der Ferieninsel Mallorca. Die Relikte aus dem 16. Jahrhundert haben&hellip;","og_url":"https:\/\/www.tsp.at\/en\/2016\/07\/20\/wolkenkuckucksheim-fuer-liebhaber\/","og_site_name":"Temmel | Seywald - Corporate Communications","article_publisher":"https:\/\/www.facebook.com\/TemmelSeywald","article_published_time":"2016-07-20T12:56:00+00:00","article_modified_time":"2025-10-21T12:57:46+00:00","og_image":[{"width":1024,"height":683,"url":"https:\/\/www.tsp.at\/wp-content\/uploads\/2025\/10\/MR20150911010-1024x683.jpg","type":"image\/jpeg"}],"author":"TSP Redaktion","twitter_card":"summary_large_image","twitter_misc":{"Written by":"TSP Redaktion","Est. reading time":"4 minutes"},"schema":{"@context":"https:\/\/schema.org","@graph":[{"@type":"Article","@id":"https:\/\/www.tsp.at\/en\/2016\/07\/20\/wolkenkuckucksheim-fuer-liebhaber\/#article","isPartOf":{"@id":"https:\/\/www.tsp.at\/en\/2016\/07\/20\/wolkenkuckucksheim-fuer-liebhaber\/"},"author":{"name":"TSP Redaktion","@id":"https:\/\/www.tsp.at\/en\/#\/schema\/person\/1ba5600c29da17b902b0925cea567f8a"},"headline":"Wolkenkuckucksheim f\u00fcr Liebhaber","datePublished":"2016-07-20T12:56:00+00:00","dateModified":"2025-10-21T12:57:46+00:00","mainEntityOfPage":{"@id":"https:\/\/www.tsp.at\/en\/2016\/07\/20\/wolkenkuckucksheim-fuer-liebhaber\/"},"wordCount":570,"publisher":{"@id":"https:\/\/www.tsp.at\/en\/#organization"},"image":{"@id":"https:\/\/www.tsp.at\/en\/2016\/07\/20\/wolkenkuckucksheim-fuer-liebhaber\/#primaryimage"},"thumbnailUrl":"https:\/\/www.tsp.at\/wp-content\/uploads\/2025\/10\/MR20150911010.jpg","articleSection":["News"],"inLanguage":"en-US"},{"@type":"WebPage","@id":"https:\/\/www.tsp.at\/en\/2016\/07\/20\/wolkenkuckucksheim-fuer-liebhaber\/","url":"https:\/\/www.tsp.at\/en\/2016\/07\/20\/wolkenkuckucksheim-fuer-liebhaber\/","name":"Wolkenkuckucksheim f\u00fcr Liebhaber - Temmel | Seywald - Corporate Communications","isPartOf":{"@id":"https:\/\/www.tsp.at\/en\/#website"},"primaryImageOfPage":{"@id":"https:\/\/www.tsp.at\/en\/2016\/07\/20\/wolkenkuckucksheim-fuer-liebhaber\/#primaryimage"},"image":{"@id":"https:\/\/www.tsp.at\/en\/2016\/07\/20\/wolkenkuckucksheim-fuer-liebhaber\/#primaryimage"},"thumbnailUrl":"https:\/\/www.tsp.at\/wp-content\/uploads\/2025\/10\/MR20150911010.jpg","datePublished":"2016-07-20T12:56:00+00:00","dateModified":"2025-10-21T12:57:46+00:00","breadcrumb":{"@id":"https:\/\/www.tsp.at\/en\/2016\/07\/20\/wolkenkuckucksheim-fuer-liebhaber\/#breadcrumb"},"inLanguage":"en-US","potentialAction":[{"@type":"ReadAction","target":["https:\/\/www.tsp.at\/en\/2016\/07\/20\/wolkenkuckucksheim-fuer-liebhaber\/"]}]},{"@type":"ImageObject","inLanguage":"en-US","@id":"https:\/\/www.tsp.at\/en\/2016\/07\/20\/wolkenkuckucksheim-fuer-liebhaber\/#primaryimage","url":"https:\/\/www.tsp.at\/wp-content\/uploads\/2025\/10\/MR20150911010.jpg","contentUrl":"https:\/\/www.tsp.at\/wp-content\/uploads\/2025\/10\/MR20150911010.jpg","width":2496,"height":1664,"caption":"Bildmaterial (Honorarfrei, bei Quellenangabe) S\u00e4mtliche Bilder dieser Serie stehen zur honorarfreien Verwendung zur Verf\u00fcgung. Bedingung ist die Nennung des Copyrights: Foto Marco Richter oder www.mallorco.com f\u00fcr unterlassene, unvollst\u00e4ndig, falsch platzierte oder nicht zuordnungsf\u00e4hige Urhebervermerke ist f\u00fcr jeden Einzelfall eine Vertragsstrafe in H\u00f6he des f\u00fcnffachen Nutzungshonorars zu zahlen, vorbehaltlich weitergehender Schadensersatzanspr\u00fcche.!!!Ebenso ist der Weiterverkauf des Bildmaterials an Dritte ohne ausdr\u00fcckliche Genehmigung von Marco Richter (Mallorco Photography) untersagt. Diese Regelung gilt auch bei jeglicher unberechtigt (ohne Zustimmung durch den Fotograf Marco Richter (Mallorco Photography) erfolgten Nutzung, Verwendung, Wiedergabe oder Weitergabe des Bildmaterials."},{"@type":"BreadcrumbList","@id":"https:\/\/www.tsp.at\/en\/2016\/07\/20\/wolkenkuckucksheim-fuer-liebhaber\/#breadcrumb","itemListElement":[{"@type":"ListItem","position":1,"name":"Startseite","item":"https:\/\/www.tsp.at\/en\/"},{"@type":"ListItem","position":2,"name":"Wolkenkuckucksheim f\u00fcr Liebhaber"}]},{"@type":"WebSite","@id":"https:\/\/www.tsp.at\/en\/#website","url":"https:\/\/www.tsp.at\/en\/","name":"Temmel | Seywald - Corporate Communications","description":"Kommunikation ist Beziehungsarbeit","publisher":{"@id":"https:\/\/www.tsp.at\/en\/#organization"},"potentialAction":[{"@type":"SearchAction","target":{"@type":"EntryPoint","urlTemplate":"https:\/\/www.tsp.at\/en\/?s={search_term_string}"},"query-input":{"@type":"PropertyValueSpecification","valueRequired":true,"valueName":"search_term_string"}}],"inLanguage":"en-US"},{"@type":"Organization","@id":"https:\/\/www.tsp.at\/en\/#organization","name":"Temmel, Seywald & Partner Communications GesmbH","alternateName":"TSP","url":"https:\/\/www.tsp.at\/en\/","logo":{"@type":"ImageObject","inLanguage":"en-US","@id":"https:\/\/www.tsp.at\/en\/#\/schema\/logo\/image\/","url":"https:\/\/www.tsp.at\/wp-content\/uploads\/2025\/10\/favicontsp.png","contentUrl":"https:\/\/www.tsp.at\/wp-content\/uploads\/2025\/10\/favicontsp.png","width":125,"height":125,"caption":"Temmel, Seywald & Partner Communications GesmbH"},"image":{"@id":"https:\/\/www.tsp.at\/en\/#\/schema\/logo\/image\/"},"sameAs":["https:\/\/www.facebook.com\/TemmelSeywald"]},{"@type":"Person","@id":"https:\/\/www.tsp.at\/en\/#\/schema\/person\/1ba5600c29da17b902b0925cea567f8a","name":"TSP Redaktion"}]}},"_links":{"self":[{"href":"https:\/\/www.tsp.at\/en\/wp-json\/wp\/v2\/posts\/10230","targetHints":{"allow":["GET"]}}],"collection":[{"href":"https:\/\/www.tsp.at\/en\/wp-json\/wp\/v2\/posts"}],"about":[{"href":"https:\/\/www.tsp.at\/en\/wp-json\/wp\/v2\/types\/post"}],"author":[{"embeddable":true,"href":"https:\/\/www.tsp.at\/en\/wp-json\/wp\/v2\/users\/2"}],"replies":[{"embeddable":true,"href":"https:\/\/www.tsp.at\/en\/wp-json\/wp\/v2\/comments?post=10230"}],"version-history":[{"count":1,"href":"https:\/\/www.tsp.at\/en\/wp-json\/wp\/v2\/posts\/10230\/revisions"}],"predecessor-version":[{"id":11525,"href":"https:\/\/www.tsp.at\/en\/wp-json\/wp\/v2\/posts\/10230\/revisions\/11525"}],"wp:featuredmedia":[{"embeddable":true,"href":"https:\/\/www.tsp.at\/en\/wp-json\/wp\/v2\/media\/10229"}],"wp:attachment":[{"href":"https:\/\/www.tsp.at\/en\/wp-json\/wp\/v2\/media?parent=10230"}],"wp:term":[{"taxonomy":"category","embeddable":true,"href":"https:\/\/www.tsp.at\/en\/wp-json\/wp\/v2\/categories?post=10230"},{"taxonomy":"post_tag","embeddable":true,"href":"https:\/\/www.tsp.at\/en\/wp-json\/wp\/v2\/tags?post=10230"}],"curies":[{"name":"wp","href":"https:\/\/api.w.org\/{rel}","templated":true}]}}