{"id":10232,"date":"2016-07-18T10:05:00","date_gmt":"2016-07-18T08:05:00","guid":{"rendered":"https:\/\/staging.tsp.at\/2016\/07\/18\/makler-pionier-setzt-auf-oevm-seit-erster-stunde\/"},"modified":"2025-10-21T14:57:46","modified_gmt":"2025-10-21T12:57:46","slug":"makler-pionier-setzt-auf-oevm-seit-erster-stunde","status":"publish","type":"post","link":"https:\/\/www.tsp.at\/en\/2016\/07\/18\/makler-pionier-setzt-auf-oevm-seit-erster-stunde\/","title":{"rendered":"Makler-Pionier setzt auf \u00d6VM seit erster Stunde"},"content":{"rendered":"<article class=\"item\">\n<h2><strong>Gemeinsam statt einsam: Herbert Schmaranzer blickt auf 33-j\u00e4hrige Mitgliedschaft<br \/>\n<\/strong><\/h2>\n<p>18.07.2016<\/p>\n<\/p>\n<\/p>\n<\/p>\n<\/p>\n<\/p>\n<p class=\"FtxtP\">Gosau\/Wien \u2013 <strong>\u00a0<\/strong><span class=\"FtxtBold\"><strong>&#8220;Langfristigen Erfolg kann man nur gemeinsam erzielen. Denn wer sich am Austausch von Erfahrung und Wissen beteiligt, ist Einzelk\u00e4mpfern immer einen Schritt voraus&#8221;, sagt Versicherungsmakler und &#8220;\u00d6VM-Rekordmitglied&#8221; Herbert Schmaranzer. Der Ober\u00f6sterreicher war immer schon ein Teamplayer mit der n\u00f6tigen Weitsicht. Bereits 1983, als der \u00d6sterreichische Versicherungsmaklerring noch in seinen Kinderschuhen steckte, hat sich Schmaranzer der nunmehr gr\u00f6\u00dften privaten Interessenvereinigung f\u00fcr heimische Makler angeschlossen<\/strong>.\u00a0<\/span><a href=\"http:\/\/vb-schmaranzer.at\/\" rel=\"nofollow\" target=\"_blank\">http:\/\/vb-schmaranzer.at<\/a><\/p>\n<p class=\"FtxtP\">Im Laufe seiner 33-j\u00e4hrigen Mitgliedschaft haben sich beide Seiten sehr gut erg\u00e4nzt. Schmaranzer bereichert den Verband mit seiner Erfahrung und Expertise, der \u00d6VM bietet wiederum mit seinem engmaschigen Netzwerk und zahlreichen Angeboten einen sp\u00fcrbaren Mehrwert.\u00a0<a href=\"http:\/\/ovm.at\/\" rel=\"nofollow\" target=\"_blank\">http:\/\/ovm.at<\/a><\/p>\n<p class=\"FtxtP\"><strong><span class=\"FtxtBold\">Kein eigener Telefonanschluss<\/span><\/strong><\/p>\n<p class=\"FtxtP\">Im Alter von 25 Jahren hat Schmaranzer 1971 als hauptberuflicher Au\u00dfendienstmitarbeiter f\u00fcr die damalige Interunfall-Versicherung zu arbeiten begonnen. 1977 machte er sich dann selbst\u00e4ndig und gr\u00fcndete sein eigenes Maklerb\u00fcro. Sein Fokus lag vor allem auf der umfassenden Beratung in allen Versicherungssparten, insbesondere achtete er auf das beste Preis-Leistungsverh\u00e4ltnis. Die ersten Jahre seien jedoch nicht leicht gewesen, erz\u00e4hlt der Pionier.<\/p>\n<p class=\"FtxtP\">Viele der technischen M\u00f6glichkeiten, die das Gesch\u00e4ft heute einfacher gestalten und nicht mehr wegzudenken sind, habe es fr\u00fcher nicht gegeben. Von 1971 bis 1974 habe er sich den Telefonanschluss (sogenannter Halbanschluss) noch mit meiner Schwiegermutter geteilt. An ein Faxger\u00e4t war damals noch gar nicht zu denken.<\/p>\n<p class=\"FtxtP\"><strong><span class=\"FtxtBold\">Vertrauen von 3.000 Kunden<\/span><\/strong><\/p>\n<p class=\"FtxtP\">Neben der bescheidenen Technik war es auch die fehlende Infrastruktur, die das Gesch\u00e4ft der ersten selbst\u00e4ndigen Versicherungsmakler erschwerte. Von Gosau aus war die n\u00e4chstgelegene Kfz-Zulassungsstelle im 60 Kilometer entfernten Gmunden. Lange, zeitintensive Wege geh\u00f6rten zum Alltag. Einige Jahre sp\u00e4ter waren es dann nur mehr 30 Kilometer bis nach Bad Ischl. Heute betreibt das Versicherungsb\u00fcro Schmaranzer eine Zulassungsstelle direkt im eigenen B\u00fcro.<\/p>\n<p class=\"FtxtP\">Anfang der 1970er-Jahre gab es in Gosau zwei hauptberufliche und 16 nebenberufliche Versicherungsvertreter. Fast 50 Jahre sp\u00e4ter gibt es in der Gemeinde nur mehr eine Adresse, es ist Schmaranzers Familienbetrieb mit f\u00fcnf Mitarbeitern. Vor genau zehn Jahren hat sein Sohn Thomas die Geschicke der Firma \u00fcbernommen und betreut jetzt am Fu\u00dfe des Dachsteins mittlerweile \u00fcber 3.000 Kunden.<\/p>\n<p class=\"FtxtP\"><strong><span class=\"FtxtBold\">&#8220;Bodenst\u00e4ndiger Vorzeigebetrieb&#8221;<\/span><\/strong><\/p>\n<p class=\"FtxtP\">&#8220;Dieser Werdegang zeigt eindr\u00fccklich, dass jahrzehntelange Kontinuit\u00e4t kein Selbstl\u00e4ufer ist&#8221;, erkl\u00e4rt \u00d6VM-Pr\u00e4sident Alexander Punzl. &#8220;Mit Beharrlichkeit, Mut f\u00fcr Neues und einem feinen Gesp\u00fcr f\u00fcr die Bed\u00fcrfnisse der Kunden hat Herbert Schmaranzer einen bodenst\u00e4ndigen Vorzeigebetrieb aufgebaut und ist eine feste Gr\u00f6\u00dfe in seiner Umgebung. Deshalb freut es mich umso mehr, dass er uns schon seit so vielen Jahren als aktives Mitglied begleitet&#8221;, so Punzl.<\/p>\n<p class=\"FtxtP\">Schmaranzer war stets Versicherungsmakler mit Leib und Seele. So war er zehn Jahre lang Ombudsmann f\u00fcr die Versicherungsmakler und Versicherungsagenten in der WKO\u00d6 . Deshalb bleibt er auch nach der Firmen\u00fcbergabe der Branche erhalten. Im Anschluss an seine jahrelange T\u00e4tigkeit als Ombudsmann engagiert er sich bis heute als Mitglied bei der Rechtsservice- und Schlichtungsstelle des Fachverbands der Versicherungsmakler. Dar\u00fcber hinaus lehrt er am Wirtschaftsf\u00f6rderungsinstitut (WIFI) und ist als Pr\u00fcfer in der Sparte der Versicherungsmakler und Berater in Versicherungsangelegenheiten im Auftrag der Wirtschaftskammer t\u00e4tig.<\/p>\n<p class=\"FtxtP\"><strong><span class=\"FtxtBold\">\u00dcber das Versicherungsb\u00fcro Schmaranzer<\/span><\/strong><br \/>Das Versicherungsmaklerb\u00fcro Schmaranzer mit mehr als 40 Jahren Erfahrung ist in zweiter Generation t\u00e4tig. Das Unternehmen bietet unabh\u00e4ngige Beratung und kompetente Betreuung auf Basis einer ehrlichen und verantwortungsbewussten Zusammenarbeit. Als Ratgeber und Anlaufstelle steht Schmaranzer in schwierigen Situationen als aktiver Zuh\u00f6rer, Krisenmanager und Organisator zur Stelle.<br \/><a href=\"http:\/\/vb-schmaranzer.at\/\" rel=\"nofollow\" target=\"_blank\">http:\/\/vb-schmaranzer.at<\/a><\/p>\n<p class=\"FtxtP\"><strong><span class=\"FtxtBold\">\u00d6sterreichischer Versicherungsmaklerring (\u00d6VM)<\/span><\/strong><br \/>Christine Weil\u00e4nder, \u00d6VM-Generalsekret\u00e4rin<br \/>Gottfried-Alber-Gasse 5-6, A-1140 Wien<br \/>Tel.: +43 1 4169 333<br \/>Mail: office@oevm.at<br \/>Web:\u00a0<a href=\"http:\/\/www.oevm.at\/\" rel=\"nofollow\" target=\"_blank\">http:\/\/www.oevm.at<\/a><\/p>\n<\/article>\n","protected":false},"excerpt":{"rendered":"<p>Gemeinsam statt einsam: Herbert Schmaranzer blickt auf 33-j\u00e4hrige Mitgliedschaft 18.07.2016 Gosau\/Wien \u2013 \u00a0&#8220;Langfristigen Erfolg kann man nur gemeinsam erzielen. Denn wer sich am Austausch von Erfahrung und Wissen beteiligt, ist Einzelk\u00e4mpfern immer einen Schritt voraus&#8221;, sagt Versicherungsmakler und &#8220;\u00d6VM-Rekordmitglied&#8221; Herbert Schmaranzer. Der Ober\u00f6sterreicher war immer schon ein Teamplayer mit der n\u00f6tigen Weitsicht. Bereits 1983, als&hellip;<\/p>\n","protected":false},"author":2,"featured_media":10231,"comment_status":"closed","ping_status":"closed","sticky":false,"template":"","format":"standard","meta":{"footnotes":""},"categories":[3],"tags":[],"class_list":["post-10232","post","type-post","status-publish","format-standard","has-post-thumbnail","hentry","category-news","category-3","description-off"],"yoast_head":"<!-- This site is optimized with the Yoast SEO plugin v26.3 - https:\/\/yoast.com\/wordpress\/plugins\/seo\/ -->\n<title>Makler-Pionier setzt auf \u00d6VM seit erster Stunde - Temmel | Seywald - Corporate Communications<\/title>\n<meta name=\"robots\" content=\"index, follow, max-snippet:-1, max-image-preview:large, max-video-preview:-1\" \/>\n<link rel=\"canonical\" href=\"https:\/\/www.tsp.at\/en\/2016\/07\/18\/makler-pionier-setzt-auf-oevm-seit-erster-stunde\/\" \/>\n<meta property=\"og:locale\" content=\"en_US\" \/>\n<meta property=\"og:type\" content=\"article\" \/>\n<meta property=\"og:title\" content=\"Makler-Pionier setzt auf \u00d6VM seit erster Stunde - Temmel | Seywald - Corporate Communications\" \/>\n<meta property=\"og:description\" content=\"Gemeinsam statt einsam: Herbert Schmaranzer blickt auf 33-j\u00e4hrige Mitgliedschaft 18.07.2016 Gosau\/Wien \u2013 \u00a0&#8220;Langfristigen Erfolg kann man nur gemeinsam erzielen. Denn wer sich am Austausch von Erfahrung und Wissen beteiligt, ist Einzelk\u00e4mpfern immer einen Schritt voraus&#8221;, sagt Versicherungsmakler und &#8220;\u00d6VM-Rekordmitglied&#8221; Herbert Schmaranzer. Der Ober\u00f6sterreicher war immer schon ein Teamplayer mit der n\u00f6tigen Weitsicht. Bereits 1983, als&hellip;\" \/>\n<meta property=\"og:url\" content=\"https:\/\/www.tsp.at\/en\/2016\/07\/18\/makler-pionier-setzt-auf-oevm-seit-erster-stunde\/\" \/>\n<meta property=\"og:site_name\" content=\"Temmel | Seywald - Corporate Communications\" \/>\n<meta property=\"article:publisher\" content=\"https:\/\/www.facebook.com\/TemmelSeywald\" \/>\n<meta property=\"article:published_time\" content=\"2016-07-18T08:05:00+00:00\" \/>\n<meta property=\"article:modified_time\" content=\"2025-10-21T12:57:46+00:00\" \/>\n<meta property=\"og:image\" content=\"https:\/\/www.tsp.at\/wp-content\/uploads\/2025\/10\/Schmaranzer.jpg\" \/>\n\t<meta property=\"og:image:width\" content=\"1772\" \/>\n\t<meta property=\"og:image:height\" content=\"1181\" \/>\n\t<meta property=\"og:image:type\" content=\"image\/jpeg\" \/>\n<meta name=\"author\" content=\"TSP Redaktion\" \/>\n<meta name=\"twitter:card\" content=\"summary_large_image\" \/>\n<meta name=\"twitter:label1\" content=\"Written by\" \/>\n\t<meta name=\"twitter:data1\" content=\"TSP Redaktion\" \/>\n\t<meta name=\"twitter:label2\" content=\"Est. reading time\" \/>\n\t<meta name=\"twitter:data2\" content=\"4 minutes\" \/>\n<script type=\"application\/ld+json\" class=\"yoast-schema-graph\">{\"@context\":\"https:\/\/schema.org\",\"@graph\":[{\"@type\":\"Article\",\"@id\":\"https:\/\/www.tsp.at\/en\/2016\/07\/18\/makler-pionier-setzt-auf-oevm-seit-erster-stunde\/#article\",\"isPartOf\":{\"@id\":\"https:\/\/www.tsp.at\/en\/2016\/07\/18\/makler-pionier-setzt-auf-oevm-seit-erster-stunde\/\"},\"author\":{\"name\":\"TSP Redaktion\",\"@id\":\"https:\/\/www.tsp.at\/en\/#\/schema\/person\/1ba5600c29da17b902b0925cea567f8a\"},\"headline\":\"Makler-Pionier setzt auf \u00d6VM seit erster Stunde\",\"datePublished\":\"2016-07-18T08:05:00+00:00\",\"dateModified\":\"2025-10-21T12:57:46+00:00\",\"mainEntityOfPage\":{\"@id\":\"https:\/\/www.tsp.at\/en\/2016\/07\/18\/makler-pionier-setzt-auf-oevm-seit-erster-stunde\/\"},\"wordCount\":612,\"publisher\":{\"@id\":\"https:\/\/www.tsp.at\/en\/#organization\"},\"image\":{\"@id\":\"https:\/\/www.tsp.at\/en\/2016\/07\/18\/makler-pionier-setzt-auf-oevm-seit-erster-stunde\/#primaryimage\"},\"thumbnailUrl\":\"https:\/\/www.tsp.at\/wp-content\/uploads\/2025\/10\/Schmaranzer.jpg\",\"articleSection\":[\"News\"],\"inLanguage\":\"en-US\"},{\"@type\":\"WebPage\",\"@id\":\"https:\/\/www.tsp.at\/en\/2016\/07\/18\/makler-pionier-setzt-auf-oevm-seit-erster-stunde\/\",\"url\":\"https:\/\/www.tsp.at\/en\/2016\/07\/18\/makler-pionier-setzt-auf-oevm-seit-erster-stunde\/\",\"name\":\"Makler-Pionier setzt auf \u00d6VM seit erster Stunde - Temmel | Seywald - Corporate Communications\",\"isPartOf\":{\"@id\":\"https:\/\/www.tsp.at\/en\/#website\"},\"primaryImageOfPage\":{\"@id\":\"https:\/\/www.tsp.at\/en\/2016\/07\/18\/makler-pionier-setzt-auf-oevm-seit-erster-stunde\/#primaryimage\"},\"image\":{\"@id\":\"https:\/\/www.tsp.at\/en\/2016\/07\/18\/makler-pionier-setzt-auf-oevm-seit-erster-stunde\/#primaryimage\"},\"thumbnailUrl\":\"https:\/\/www.tsp.at\/wp-content\/uploads\/2025\/10\/Schmaranzer.jpg\",\"datePublished\":\"2016-07-18T08:05:00+00:00\",\"dateModified\":\"2025-10-21T12:57:46+00:00\",\"breadcrumb\":{\"@id\":\"https:\/\/www.tsp.at\/en\/2016\/07\/18\/makler-pionier-setzt-auf-oevm-seit-erster-stunde\/#breadcrumb\"},\"inLanguage\":\"en-US\",\"potentialAction\":[{\"@type\":\"ReadAction\",\"target\":[\"https:\/\/www.tsp.at\/en\/2016\/07\/18\/makler-pionier-setzt-auf-oevm-seit-erster-stunde\/\"]}]},{\"@type\":\"ImageObject\",\"inLanguage\":\"en-US\",\"@id\":\"https:\/\/www.tsp.at\/en\/2016\/07\/18\/makler-pionier-setzt-auf-oevm-seit-erster-stunde\/#primaryimage\",\"url\":\"https:\/\/www.tsp.at\/wp-content\/uploads\/2025\/10\/Schmaranzer.jpg\",\"contentUrl\":\"https:\/\/www.tsp.at\/wp-content\/uploads\/2025\/10\/Schmaranzer.jpg\",\"width\":1772,\"height\":1181},{\"@type\":\"BreadcrumbList\",\"@id\":\"https:\/\/www.tsp.at\/en\/2016\/07\/18\/makler-pionier-setzt-auf-oevm-seit-erster-stunde\/#breadcrumb\",\"itemListElement\":[{\"@type\":\"ListItem\",\"position\":1,\"name\":\"Startseite\",\"item\":\"https:\/\/www.tsp.at\/en\/\"},{\"@type\":\"ListItem\",\"position\":2,\"name\":\"Makler-Pionier setzt auf \u00d6VM seit erster Stunde\"}]},{\"@type\":\"WebSite\",\"@id\":\"https:\/\/www.tsp.at\/en\/#website\",\"url\":\"https:\/\/www.tsp.at\/en\/\",\"name\":\"Temmel | Seywald - Corporate Communications\",\"description\":\"Kommunikation ist Beziehungsarbeit\",\"publisher\":{\"@id\":\"https:\/\/www.tsp.at\/en\/#organization\"},\"potentialAction\":[{\"@type\":\"SearchAction\",\"target\":{\"@type\":\"EntryPoint\",\"urlTemplate\":\"https:\/\/www.tsp.at\/en\/?s={search_term_string}\"},\"query-input\":{\"@type\":\"PropertyValueSpecification\",\"valueRequired\":true,\"valueName\":\"search_term_string\"}}],\"inLanguage\":\"en-US\"},{\"@type\":\"Organization\",\"@id\":\"https:\/\/www.tsp.at\/en\/#organization\",\"name\":\"Temmel, Seywald & Partner Communications GesmbH\",\"alternateName\":\"TSP\",\"url\":\"https:\/\/www.tsp.at\/en\/\",\"logo\":{\"@type\":\"ImageObject\",\"inLanguage\":\"en-US\",\"@id\":\"https:\/\/www.tsp.at\/en\/#\/schema\/logo\/image\/\",\"url\":\"https:\/\/www.tsp.at\/wp-content\/uploads\/2025\/10\/favicontsp.png\",\"contentUrl\":\"https:\/\/www.tsp.at\/wp-content\/uploads\/2025\/10\/favicontsp.png\",\"width\":125,\"height\":125,\"caption\":\"Temmel, Seywald & Partner Communications GesmbH\"},\"image\":{\"@id\":\"https:\/\/www.tsp.at\/en\/#\/schema\/logo\/image\/\"},\"sameAs\":[\"https:\/\/www.facebook.com\/TemmelSeywald\"]},{\"@type\":\"Person\",\"@id\":\"https:\/\/www.tsp.at\/en\/#\/schema\/person\/1ba5600c29da17b902b0925cea567f8a\",\"name\":\"TSP Redaktion\"}]}<\/script>\n<!-- \/ Yoast SEO plugin. -->","yoast_head_json":{"title":"Makler-Pionier setzt auf \u00d6VM seit erster Stunde - Temmel | Seywald - Corporate Communications","robots":{"index":"index","follow":"follow","max-snippet":"max-snippet:-1","max-image-preview":"max-image-preview:large","max-video-preview":"max-video-preview:-1"},"canonical":"https:\/\/www.tsp.at\/en\/2016\/07\/18\/makler-pionier-setzt-auf-oevm-seit-erster-stunde\/","og_locale":"en_US","og_type":"article","og_title":"Makler-Pionier setzt auf \u00d6VM seit erster Stunde - Temmel | Seywald - Corporate Communications","og_description":"Gemeinsam statt einsam: Herbert Schmaranzer blickt auf 33-j\u00e4hrige Mitgliedschaft 18.07.2016 Gosau\/Wien \u2013 \u00a0&#8220;Langfristigen Erfolg kann man nur gemeinsam erzielen. Denn wer sich am Austausch von Erfahrung und Wissen beteiligt, ist Einzelk\u00e4mpfern immer einen Schritt voraus&#8221;, sagt Versicherungsmakler und &#8220;\u00d6VM-Rekordmitglied&#8221; Herbert Schmaranzer. Der Ober\u00f6sterreicher war immer schon ein Teamplayer mit der n\u00f6tigen Weitsicht. Bereits 1983, als&hellip;","og_url":"https:\/\/www.tsp.at\/en\/2016\/07\/18\/makler-pionier-setzt-auf-oevm-seit-erster-stunde\/","og_site_name":"Temmel | Seywald - Corporate Communications","article_publisher":"https:\/\/www.facebook.com\/TemmelSeywald","article_published_time":"2016-07-18T08:05:00+00:00","article_modified_time":"2025-10-21T12:57:46+00:00","og_image":[{"width":1772,"height":1181,"url":"https:\/\/www.tsp.at\/wp-content\/uploads\/2025\/10\/Schmaranzer.jpg","type":"image\/jpeg"}],"author":"TSP Redaktion","twitter_card":"summary_large_image","twitter_misc":{"Written by":"TSP Redaktion","Est. reading time":"4 minutes"},"schema":{"@context":"https:\/\/schema.org","@graph":[{"@type":"Article","@id":"https:\/\/www.tsp.at\/en\/2016\/07\/18\/makler-pionier-setzt-auf-oevm-seit-erster-stunde\/#article","isPartOf":{"@id":"https:\/\/www.tsp.at\/en\/2016\/07\/18\/makler-pionier-setzt-auf-oevm-seit-erster-stunde\/"},"author":{"name":"TSP Redaktion","@id":"https:\/\/www.tsp.at\/en\/#\/schema\/person\/1ba5600c29da17b902b0925cea567f8a"},"headline":"Makler-Pionier setzt auf \u00d6VM seit erster Stunde","datePublished":"2016-07-18T08:05:00+00:00","dateModified":"2025-10-21T12:57:46+00:00","mainEntityOfPage":{"@id":"https:\/\/www.tsp.at\/en\/2016\/07\/18\/makler-pionier-setzt-auf-oevm-seit-erster-stunde\/"},"wordCount":612,"publisher":{"@id":"https:\/\/www.tsp.at\/en\/#organization"},"image":{"@id":"https:\/\/www.tsp.at\/en\/2016\/07\/18\/makler-pionier-setzt-auf-oevm-seit-erster-stunde\/#primaryimage"},"thumbnailUrl":"https:\/\/www.tsp.at\/wp-content\/uploads\/2025\/10\/Schmaranzer.jpg","articleSection":["News"],"inLanguage":"en-US"},{"@type":"WebPage","@id":"https:\/\/www.tsp.at\/en\/2016\/07\/18\/makler-pionier-setzt-auf-oevm-seit-erster-stunde\/","url":"https:\/\/www.tsp.at\/en\/2016\/07\/18\/makler-pionier-setzt-auf-oevm-seit-erster-stunde\/","name":"Makler-Pionier setzt auf \u00d6VM seit erster Stunde - Temmel | Seywald - Corporate Communications","isPartOf":{"@id":"https:\/\/www.tsp.at\/en\/#website"},"primaryImageOfPage":{"@id":"https:\/\/www.tsp.at\/en\/2016\/07\/18\/makler-pionier-setzt-auf-oevm-seit-erster-stunde\/#primaryimage"},"image":{"@id":"https:\/\/www.tsp.at\/en\/2016\/07\/18\/makler-pionier-setzt-auf-oevm-seit-erster-stunde\/#primaryimage"},"thumbnailUrl":"https:\/\/www.tsp.at\/wp-content\/uploads\/2025\/10\/Schmaranzer.jpg","datePublished":"2016-07-18T08:05:00+00:00","dateModified":"2025-10-21T12:57:46+00:00","breadcrumb":{"@id":"https:\/\/www.tsp.at\/en\/2016\/07\/18\/makler-pionier-setzt-auf-oevm-seit-erster-stunde\/#breadcrumb"},"inLanguage":"en-US","potentialAction":[{"@type":"ReadAction","target":["https:\/\/www.tsp.at\/en\/2016\/07\/18\/makler-pionier-setzt-auf-oevm-seit-erster-stunde\/"]}]},{"@type":"ImageObject","inLanguage":"en-US","@id":"https:\/\/www.tsp.at\/en\/2016\/07\/18\/makler-pionier-setzt-auf-oevm-seit-erster-stunde\/#primaryimage","url":"https:\/\/www.tsp.at\/wp-content\/uploads\/2025\/10\/Schmaranzer.jpg","contentUrl":"https:\/\/www.tsp.at\/wp-content\/uploads\/2025\/10\/Schmaranzer.jpg","width":1772,"height":1181},{"@type":"BreadcrumbList","@id":"https:\/\/www.tsp.at\/en\/2016\/07\/18\/makler-pionier-setzt-auf-oevm-seit-erster-stunde\/#breadcrumb","itemListElement":[{"@type":"ListItem","position":1,"name":"Startseite","item":"https:\/\/www.tsp.at\/en\/"},{"@type":"ListItem","position":2,"name":"Makler-Pionier setzt auf \u00d6VM seit erster Stunde"}]},{"@type":"WebSite","@id":"https:\/\/www.tsp.at\/en\/#website","url":"https:\/\/www.tsp.at\/en\/","name":"Temmel | Seywald - Corporate Communications","description":"Kommunikation ist Beziehungsarbeit","publisher":{"@id":"https:\/\/www.tsp.at\/en\/#organization"},"potentialAction":[{"@type":"SearchAction","target":{"@type":"EntryPoint","urlTemplate":"https:\/\/www.tsp.at\/en\/?s={search_term_string}"},"query-input":{"@type":"PropertyValueSpecification","valueRequired":true,"valueName":"search_term_string"}}],"inLanguage":"en-US"},{"@type":"Organization","@id":"https:\/\/www.tsp.at\/en\/#organization","name":"Temmel, Seywald & Partner Communications GesmbH","alternateName":"TSP","url":"https:\/\/www.tsp.at\/en\/","logo":{"@type":"ImageObject","inLanguage":"en-US","@id":"https:\/\/www.tsp.at\/en\/#\/schema\/logo\/image\/","url":"https:\/\/www.tsp.at\/wp-content\/uploads\/2025\/10\/favicontsp.png","contentUrl":"https:\/\/www.tsp.at\/wp-content\/uploads\/2025\/10\/favicontsp.png","width":125,"height":125,"caption":"Temmel, Seywald & Partner Communications GesmbH"},"image":{"@id":"https:\/\/www.tsp.at\/en\/#\/schema\/logo\/image\/"},"sameAs":["https:\/\/www.facebook.com\/TemmelSeywald"]},{"@type":"Person","@id":"https:\/\/www.tsp.at\/en\/#\/schema\/person\/1ba5600c29da17b902b0925cea567f8a","name":"TSP Redaktion"}]}},"_links":{"self":[{"href":"https:\/\/www.tsp.at\/en\/wp-json\/wp\/v2\/posts\/10232","targetHints":{"allow":["GET"]}}],"collection":[{"href":"https:\/\/www.tsp.at\/en\/wp-json\/wp\/v2\/posts"}],"about":[{"href":"https:\/\/www.tsp.at\/en\/wp-json\/wp\/v2\/types\/post"}],"author":[{"embeddable":true,"href":"https:\/\/www.tsp.at\/en\/wp-json\/wp\/v2\/users\/2"}],"replies":[{"embeddable":true,"href":"https:\/\/www.tsp.at\/en\/wp-json\/wp\/v2\/comments?post=10232"}],"version-history":[{"count":1,"href":"https:\/\/www.tsp.at\/en\/wp-json\/wp\/v2\/posts\/10232\/revisions"}],"predecessor-version":[{"id":11526,"href":"https:\/\/www.tsp.at\/en\/wp-json\/wp\/v2\/posts\/10232\/revisions\/11526"}],"wp:featuredmedia":[{"embeddable":true,"href":"https:\/\/www.tsp.at\/en\/wp-json\/wp\/v2\/media\/10231"}],"wp:attachment":[{"href":"https:\/\/www.tsp.at\/en\/wp-json\/wp\/v2\/media?parent=10232"}],"wp:term":[{"taxonomy":"category","embeddable":true,"href":"https:\/\/www.tsp.at\/en\/wp-json\/wp\/v2\/categories?post=10232"},{"taxonomy":"post_tag","embeddable":true,"href":"https:\/\/www.tsp.at\/en\/wp-json\/wp\/v2\/tags?post=10232"}],"curies":[{"name":"wp","href":"https:\/\/api.w.org\/{rel}","templated":true}]}}