{"id":10242,"date":"2016-06-22T10:34:00","date_gmt":"2016-06-22T08:34:00","guid":{"rendered":"https:\/\/staging.tsp.at\/2016\/06\/22\/safed-schweiz-80-jahre-praezisionsarbeit\/"},"modified":"2025-10-21T14:57:47","modified_gmt":"2025-10-21T12:57:47","slug":"safed-schweiz-80-jahre-praezisionsarbeit","status":"publish","type":"post","link":"https:\/\/www.tsp.at\/en\/2016\/06\/22\/safed-schweiz-80-jahre-praezisionsarbeit\/","title":{"rendered":"SAFED Schweiz: 80 Jahre Pr\u00e4zisionsarbeit"},"content":{"rendered":"<article class=\"item\">\n<h2><strong>Ofenbauer blickt auf traditionsreiche Geschichte zur\u00fcck<\/strong><\/h2>\n<p>22.06.2016<\/p>\n<\/p>\n<\/p>\n<\/p>\n<\/p>\n<\/p>\n<p class=\"FtxtP\">Del\u00e9mont\/M\u00f6dling  \u2013 <strong>\u00a0<span class=\"FtxtBold\">Vor genau 80 Jahren lief der erste Ofen f\u00fcr die Uhrenindustrie vom Band. Es war der Beginn einer Erfolgsgeschichte, die Generationen von Uhrenherstellern mitgepr\u00e4gt hat. Was viele bis heute nicht wissen: Die langlebigen Metallteile Schweizer Pr\u00e4zisionsuhren laufen durch W\u00e4rmebehandlungsanlagen der Firma SAFED Suisse SA. Bis zum heutigen Tag produziert und serviciert SAFED thermochemische Anlagen jeder Gr\u00f6\u00dfenordnung.<\/span><\/strong>\u00a0<a href=\"http:\/\/www.safed.ch\/\" rel=\"nofollow\" target=\"_blank\">http:\/\/www.safed.ch<\/a><\/p>\n<p class=\"FtxtP\">SAFED hat in all den Jahrzehnten seinen Fokus stets auf Innovation und Kundenn\u00e4he gesetzt. Dadurch ist das Unternehmen best\u00e4ndig und gesund gewachsen. Der wesentliche Fokus liegt auf Service und After-Sales. &#8220;Heute z\u00e4hlen wir zu den gro\u00dfen Zulieferern im Segment der weltweiten Uhrenindustrie. Zum 80-j\u00e4hrigen Jubil\u00e4um blicken wir stolz auf das Erreichte und freuen uns auf neue Aufgaben&#8221;, erkl\u00e4rt SAFED-Gesch\u00e4ftsf\u00fchrer David Salerno.<\/p>\n<p class=\"FtxtP\"><strong><span class=\"FtxtBold\">Kontinuierliche Entwicklung<\/span><\/strong><\/p>\n<p class=\"FtxtP\">SAFED Schweiz wurde 1936 von Georges Membrez und Georges Noverraz im Schweizerischen Del\u00e9mont gegr\u00fcndet. Mit anfangs zwei Mitarbeitern begann die Fertigung von kleinen Spezial\u00f6fen. Hauptabnehmer war die Uhrenindustrie. Nach dem Ende der Kriegswirren wurde die Produktion mit einem Standort in Frankreich ausgeweitet. In den 1960er-Jahren kam es zu technischen Neuentwicklungen wie dem Drahtgliederbandofen in diversen Variationen. So pr\u00e4gten etwa der automatische Sch\u00fcttelherdofen Vi 9 und der elektrische Durchlaufofen des Typs Bd und BdA zu dieser Zeit das Produktportfolio von SAFED. Der Absatzmarkt beschr\u00e4nkte sich damals auf die Schweiz.<\/p>\n<p class=\"FtxtP\">1971 brachten die Schweizer Spezialisten ihren ersten H\u00e4rteofen mit isothermischem Salzabschreckbeh\u00e4lter auf den Markt, 1980 folgte der bis zum heutigen Tag bestimmende elektrische Durchlaufh\u00e4rteofen. Sieben Jahre sp\u00e4ter wurde dieser in eine komplette W\u00e4rmebehandlungslinie eingebettet, samt Beladevorrichtung, Abschreckbeh\u00e4lter, Waschanlage und Anlassofen. Anschlie\u00dfend folgte der gasbeheizte Durchlaufofen. 1990 und 1994 wurden die SAFED-Niederlassungen in Deutschland und Italien mit den Schwerpunkten Vertrieb und Service gegr\u00fcndet.<\/p>\n<p class=\"FtxtP\"><strong><span class=\"FtxtBold\">Neue Wege mit AICHELIN<\/span><\/strong><\/p>\n<p class=\"FtxtP\">Der SAFED Kundenstamm ist mittlerweile \u00fcber den gesamten Globus verstreut. Zu den Hauptabnehmern geh\u00f6ren die Uhrenindustrie, der Automotivsektor sowie die Schrauben-, Werkzeug- und Lagerindustrie. 2007 wurde das Unternehmen von der \u00f6sterreichischen AICHELIN-Gruppe \u00fcbernommen und 2012 die Produktion der bew\u00e4hrten Drahtgliederband\u00f6fen nach M\u00f6dling verlegt. Damit war die Innovationsserie aber nicht abgeschlossen: Es folgte die Entwicklung einer W\u00e4rmebehandlungslinie f\u00fcr Aluminiumteile.<\/p>\n<p class=\"FtxtP\">Gemeinsam mit den Tochtergesellschaften in Deutschland und Frankreich konzentriert sich SAFED Schweiz jetzt auf das After-Sales-Gesch\u00e4ft. Dazu z\u00e4hlen Wartung, Instandhaltung, Reparatur, Modernisierung, Umbau und das Gesch\u00e4ft mit Ersatzteilen. Neben dem angestammten Know-how profitiert SAFED auch von der kundennahen AICHELIN-Infrastruktur. AICHELIN geh\u00f6rt zu den weltweit f\u00fchrenden Herstellern von thermischen und thermochemischen W\u00e4rmebehandlungsanlagen.<\/p>\n<p class=\"FtxtP\">Einsatzkapazit\u00e4ten, Einkaufs- sowie Versandlogistik samt der umfangreichen Ersatzteilbevorratung werden so gemeinsam genutzt und kostbare Erfahrungswerte im Konstruktions- und Wartungsbereich kontinuierlich ausgetauscht. SAFED produziert weiterhin Spezial\u00f6fen f\u00fcr die Uhren- und Pr\u00e4zisionsindustrie in der Schweiz. Sie machen rund zehn Prozent des SAFED Umsatzes aus. Der L\u00f6wenanteil entf\u00e4llt auf das nunmehrige Kerngesch\u00e4ft, die Servicierung von \u00d6fen zur W\u00e4rmebehandlung von Metallteilen.<\/p>\n<p class=\"FtxtP\"><strong><span class=\"FtxtBold\">Pressekontakt:<\/span><\/strong><br \/>Aichelin Holding GmbH<br \/>Harald Berger, Leiter Marketing<br \/>Fabriksgasse 3, 2340 M\u00f6dling<br \/>Phone: +43 2236 236 46 &#8211; 210<br \/>Mobile: +43 676 83 646 210<br \/>Mail to: harald.berger@aichelin.com<br \/>Homepage:\u00a0<a href=\"http:\/\/www.aichelin.com\/\" rel=\"nofollow\" target=\"_blank\">http:\/\/www.aichelin.com<\/a><\/p>\n<\/article>\n","protected":false},"excerpt":{"rendered":"<p>Ofenbauer blickt auf traditionsreiche Geschichte zur\u00fcck 22.06.2016 Del\u00e9mont\/M\u00f6dling \u2013 \u00a0Vor genau 80 Jahren lief der erste Ofen f\u00fcr die Uhrenindustrie vom Band. Es war der Beginn einer Erfolgsgeschichte, die Generationen von Uhrenherstellern mitgepr\u00e4gt hat. Was viele bis heute nicht wissen: Die langlebigen Metallteile Schweizer Pr\u00e4zisionsuhren laufen durch W\u00e4rmebehandlungsanlagen der Firma SAFED Suisse SA. Bis zum&hellip;<\/p>\n","protected":false},"author":2,"featured_media":10241,"comment_status":"closed","ping_status":"closed","sticky":false,"template":"","format":"standard","meta":{"footnotes":""},"categories":[3],"tags":[],"class_list":["post-10242","post","type-post","status-publish","format-standard","has-post-thumbnail","hentry","category-news","category-3","description-off"],"yoast_head":"<!-- This site is optimized with the Yoast SEO plugin v26.3 - https:\/\/yoast.com\/wordpress\/plugins\/seo\/ -->\n<title>SAFED Schweiz: 80 Jahre Pr\u00e4zisionsarbeit - Temmel | Seywald - Corporate Communications<\/title>\n<meta name=\"robots\" content=\"index, follow, max-snippet:-1, max-image-preview:large, max-video-preview:-1\" \/>\n<link rel=\"canonical\" href=\"https:\/\/www.tsp.at\/en\/2016\/06\/22\/safed-schweiz-80-jahre-praezisionsarbeit\/\" \/>\n<meta property=\"og:locale\" content=\"en_US\" \/>\n<meta property=\"og:type\" content=\"article\" \/>\n<meta property=\"og:title\" content=\"SAFED Schweiz: 80 Jahre Pr\u00e4zisionsarbeit - Temmel | Seywald - Corporate Communications\" \/>\n<meta property=\"og:description\" content=\"Ofenbauer blickt auf traditionsreiche Geschichte zur\u00fcck 22.06.2016 Del\u00e9mont\/M\u00f6dling \u2013 \u00a0Vor genau 80 Jahren lief der erste Ofen f\u00fcr die Uhrenindustrie vom Band. Es war der Beginn einer Erfolgsgeschichte, die Generationen von Uhrenherstellern mitgepr\u00e4gt hat. Was viele bis heute nicht wissen: Die langlebigen Metallteile Schweizer Pr\u00e4zisionsuhren laufen durch W\u00e4rmebehandlungsanlagen der Firma SAFED Suisse SA. Bis zum&hellip;\" \/>\n<meta property=\"og:url\" content=\"https:\/\/www.tsp.at\/en\/2016\/06\/22\/safed-schweiz-80-jahre-praezisionsarbeit\/\" \/>\n<meta property=\"og:site_name\" content=\"Temmel | Seywald - Corporate Communications\" \/>\n<meta property=\"article:publisher\" content=\"https:\/\/www.facebook.com\/TemmelSeywald\" \/>\n<meta property=\"article:published_time\" content=\"2016-06-22T08:34:00+00:00\" \/>\n<meta property=\"article:modified_time\" content=\"2025-10-21T12:57:47+00:00\" \/>\n<meta property=\"og:image\" content=\"https:\/\/www.tsp.at\/wp-content\/uploads\/2025\/10\/SAFED1-scaled.jpg\" \/>\n\t<meta property=\"og:image:width\" content=\"2560\" \/>\n\t<meta property=\"og:image:height\" content=\"1707\" \/>\n\t<meta property=\"og:image:type\" content=\"image\/jpeg\" \/>\n<meta name=\"author\" content=\"TSP Redaktion\" \/>\n<meta name=\"twitter:card\" content=\"summary_large_image\" \/>\n<meta name=\"twitter:label1\" content=\"Written by\" \/>\n\t<meta name=\"twitter:data1\" content=\"TSP Redaktion\" \/>\n\t<meta name=\"twitter:label2\" content=\"Est. reading time\" \/>\n\t<meta name=\"twitter:data2\" content=\"3 minutes\" \/>\n<script type=\"application\/ld+json\" class=\"yoast-schema-graph\">{\"@context\":\"https:\/\/schema.org\",\"@graph\":[{\"@type\":\"Article\",\"@id\":\"https:\/\/www.tsp.at\/en\/2016\/06\/22\/safed-schweiz-80-jahre-praezisionsarbeit\/#article\",\"isPartOf\":{\"@id\":\"https:\/\/www.tsp.at\/en\/2016\/06\/22\/safed-schweiz-80-jahre-praezisionsarbeit\/\"},\"author\":{\"name\":\"TSP Redaktion\",\"@id\":\"https:\/\/www.tsp.at\/en\/#\/schema\/person\/1ba5600c29da17b902b0925cea567f8a\"},\"headline\":\"SAFED Schweiz: 80 Jahre Pr\u00e4zisionsarbeit\",\"datePublished\":\"2016-06-22T08:34:00+00:00\",\"dateModified\":\"2025-10-21T12:57:47+00:00\",\"mainEntityOfPage\":{\"@id\":\"https:\/\/www.tsp.at\/en\/2016\/06\/22\/safed-schweiz-80-jahre-praezisionsarbeit\/\"},\"wordCount\":519,\"publisher\":{\"@id\":\"https:\/\/www.tsp.at\/en\/#organization\"},\"image\":{\"@id\":\"https:\/\/www.tsp.at\/en\/2016\/06\/22\/safed-schweiz-80-jahre-praezisionsarbeit\/#primaryimage\"},\"thumbnailUrl\":\"https:\/\/www.tsp.at\/wp-content\/uploads\/2025\/10\/SAFED1-scaled.jpg\",\"articleSection\":[\"News\"],\"inLanguage\":\"en-US\"},{\"@type\":\"WebPage\",\"@id\":\"https:\/\/www.tsp.at\/en\/2016\/06\/22\/safed-schweiz-80-jahre-praezisionsarbeit\/\",\"url\":\"https:\/\/www.tsp.at\/en\/2016\/06\/22\/safed-schweiz-80-jahre-praezisionsarbeit\/\",\"name\":\"SAFED Schweiz: 80 Jahre Pr\u00e4zisionsarbeit - Temmel | Seywald - Corporate Communications\",\"isPartOf\":{\"@id\":\"https:\/\/www.tsp.at\/en\/#website\"},\"primaryImageOfPage\":{\"@id\":\"https:\/\/www.tsp.at\/en\/2016\/06\/22\/safed-schweiz-80-jahre-praezisionsarbeit\/#primaryimage\"},\"image\":{\"@id\":\"https:\/\/www.tsp.at\/en\/2016\/06\/22\/safed-schweiz-80-jahre-praezisionsarbeit\/#primaryimage\"},\"thumbnailUrl\":\"https:\/\/www.tsp.at\/wp-content\/uploads\/2025\/10\/SAFED1-scaled.jpg\",\"datePublished\":\"2016-06-22T08:34:00+00:00\",\"dateModified\":\"2025-10-21T12:57:47+00:00\",\"breadcrumb\":{\"@id\":\"https:\/\/www.tsp.at\/en\/2016\/06\/22\/safed-schweiz-80-jahre-praezisionsarbeit\/#breadcrumb\"},\"inLanguage\":\"en-US\",\"potentialAction\":[{\"@type\":\"ReadAction\",\"target\":[\"https:\/\/www.tsp.at\/en\/2016\/06\/22\/safed-schweiz-80-jahre-praezisionsarbeit\/\"]}]},{\"@type\":\"ImageObject\",\"inLanguage\":\"en-US\",\"@id\":\"https:\/\/www.tsp.at\/en\/2016\/06\/22\/safed-schweiz-80-jahre-praezisionsarbeit\/#primaryimage\",\"url\":\"https:\/\/www.tsp.at\/wp-content\/uploads\/2025\/10\/SAFED1-scaled.jpg\",\"contentUrl\":\"https:\/\/www.tsp.at\/wp-content\/uploads\/2025\/10\/SAFED1-scaled.jpg\",\"width\":2560,\"height\":1707},{\"@type\":\"BreadcrumbList\",\"@id\":\"https:\/\/www.tsp.at\/en\/2016\/06\/22\/safed-schweiz-80-jahre-praezisionsarbeit\/#breadcrumb\",\"itemListElement\":[{\"@type\":\"ListItem\",\"position\":1,\"name\":\"Startseite\",\"item\":\"https:\/\/www.tsp.at\/en\/\"},{\"@type\":\"ListItem\",\"position\":2,\"name\":\"SAFED Schweiz: 80 Jahre Pr\u00e4zisionsarbeit\"}]},{\"@type\":\"WebSite\",\"@id\":\"https:\/\/www.tsp.at\/en\/#website\",\"url\":\"https:\/\/www.tsp.at\/en\/\",\"name\":\"Temmel | Seywald - Corporate Communications\",\"description\":\"Kommunikation ist Beziehungsarbeit\",\"publisher\":{\"@id\":\"https:\/\/www.tsp.at\/en\/#organization\"},\"potentialAction\":[{\"@type\":\"SearchAction\",\"target\":{\"@type\":\"EntryPoint\",\"urlTemplate\":\"https:\/\/www.tsp.at\/en\/?s={search_term_string}\"},\"query-input\":{\"@type\":\"PropertyValueSpecification\",\"valueRequired\":true,\"valueName\":\"search_term_string\"}}],\"inLanguage\":\"en-US\"},{\"@type\":\"Organization\",\"@id\":\"https:\/\/www.tsp.at\/en\/#organization\",\"name\":\"Temmel, Seywald & Partner Communications GesmbH\",\"alternateName\":\"TSP\",\"url\":\"https:\/\/www.tsp.at\/en\/\",\"logo\":{\"@type\":\"ImageObject\",\"inLanguage\":\"en-US\",\"@id\":\"https:\/\/www.tsp.at\/en\/#\/schema\/logo\/image\/\",\"url\":\"https:\/\/www.tsp.at\/wp-content\/uploads\/2025\/10\/favicontsp.png\",\"contentUrl\":\"https:\/\/www.tsp.at\/wp-content\/uploads\/2025\/10\/favicontsp.png\",\"width\":125,\"height\":125,\"caption\":\"Temmel, Seywald & Partner Communications GesmbH\"},\"image\":{\"@id\":\"https:\/\/www.tsp.at\/en\/#\/schema\/logo\/image\/\"},\"sameAs\":[\"https:\/\/www.facebook.com\/TemmelSeywald\"]},{\"@type\":\"Person\",\"@id\":\"https:\/\/www.tsp.at\/en\/#\/schema\/person\/1ba5600c29da17b902b0925cea567f8a\",\"name\":\"TSP Redaktion\"}]}<\/script>\n<!-- \/ Yoast SEO plugin. -->","yoast_head_json":{"title":"SAFED Schweiz: 80 Jahre Pr\u00e4zisionsarbeit - Temmel | Seywald - Corporate Communications","robots":{"index":"index","follow":"follow","max-snippet":"max-snippet:-1","max-image-preview":"max-image-preview:large","max-video-preview":"max-video-preview:-1"},"canonical":"https:\/\/www.tsp.at\/en\/2016\/06\/22\/safed-schweiz-80-jahre-praezisionsarbeit\/","og_locale":"en_US","og_type":"article","og_title":"SAFED Schweiz: 80 Jahre Pr\u00e4zisionsarbeit - Temmel | Seywald - Corporate Communications","og_description":"Ofenbauer blickt auf traditionsreiche Geschichte zur\u00fcck 22.06.2016 Del\u00e9mont\/M\u00f6dling \u2013 \u00a0Vor genau 80 Jahren lief der erste Ofen f\u00fcr die Uhrenindustrie vom Band. Es war der Beginn einer Erfolgsgeschichte, die Generationen von Uhrenherstellern mitgepr\u00e4gt hat. Was viele bis heute nicht wissen: Die langlebigen Metallteile Schweizer Pr\u00e4zisionsuhren laufen durch W\u00e4rmebehandlungsanlagen der Firma SAFED Suisse SA. Bis zum&hellip;","og_url":"https:\/\/www.tsp.at\/en\/2016\/06\/22\/safed-schweiz-80-jahre-praezisionsarbeit\/","og_site_name":"Temmel | Seywald - Corporate Communications","article_publisher":"https:\/\/www.facebook.com\/TemmelSeywald","article_published_time":"2016-06-22T08:34:00+00:00","article_modified_time":"2025-10-21T12:57:47+00:00","og_image":[{"width":2560,"height":1707,"url":"https:\/\/www.tsp.at\/wp-content\/uploads\/2025\/10\/SAFED1-scaled.jpg","type":"image\/jpeg"}],"author":"TSP Redaktion","twitter_card":"summary_large_image","twitter_misc":{"Written by":"TSP Redaktion","Est. reading time":"3 minutes"},"schema":{"@context":"https:\/\/schema.org","@graph":[{"@type":"Article","@id":"https:\/\/www.tsp.at\/en\/2016\/06\/22\/safed-schweiz-80-jahre-praezisionsarbeit\/#article","isPartOf":{"@id":"https:\/\/www.tsp.at\/en\/2016\/06\/22\/safed-schweiz-80-jahre-praezisionsarbeit\/"},"author":{"name":"TSP Redaktion","@id":"https:\/\/www.tsp.at\/en\/#\/schema\/person\/1ba5600c29da17b902b0925cea567f8a"},"headline":"SAFED Schweiz: 80 Jahre Pr\u00e4zisionsarbeit","datePublished":"2016-06-22T08:34:00+00:00","dateModified":"2025-10-21T12:57:47+00:00","mainEntityOfPage":{"@id":"https:\/\/www.tsp.at\/en\/2016\/06\/22\/safed-schweiz-80-jahre-praezisionsarbeit\/"},"wordCount":519,"publisher":{"@id":"https:\/\/www.tsp.at\/en\/#organization"},"image":{"@id":"https:\/\/www.tsp.at\/en\/2016\/06\/22\/safed-schweiz-80-jahre-praezisionsarbeit\/#primaryimage"},"thumbnailUrl":"https:\/\/www.tsp.at\/wp-content\/uploads\/2025\/10\/SAFED1-scaled.jpg","articleSection":["News"],"inLanguage":"en-US"},{"@type":"WebPage","@id":"https:\/\/www.tsp.at\/en\/2016\/06\/22\/safed-schweiz-80-jahre-praezisionsarbeit\/","url":"https:\/\/www.tsp.at\/en\/2016\/06\/22\/safed-schweiz-80-jahre-praezisionsarbeit\/","name":"SAFED Schweiz: 80 Jahre Pr\u00e4zisionsarbeit - Temmel | Seywald - Corporate Communications","isPartOf":{"@id":"https:\/\/www.tsp.at\/en\/#website"},"primaryImageOfPage":{"@id":"https:\/\/www.tsp.at\/en\/2016\/06\/22\/safed-schweiz-80-jahre-praezisionsarbeit\/#primaryimage"},"image":{"@id":"https:\/\/www.tsp.at\/en\/2016\/06\/22\/safed-schweiz-80-jahre-praezisionsarbeit\/#primaryimage"},"thumbnailUrl":"https:\/\/www.tsp.at\/wp-content\/uploads\/2025\/10\/SAFED1-scaled.jpg","datePublished":"2016-06-22T08:34:00+00:00","dateModified":"2025-10-21T12:57:47+00:00","breadcrumb":{"@id":"https:\/\/www.tsp.at\/en\/2016\/06\/22\/safed-schweiz-80-jahre-praezisionsarbeit\/#breadcrumb"},"inLanguage":"en-US","potentialAction":[{"@type":"ReadAction","target":["https:\/\/www.tsp.at\/en\/2016\/06\/22\/safed-schweiz-80-jahre-praezisionsarbeit\/"]}]},{"@type":"ImageObject","inLanguage":"en-US","@id":"https:\/\/www.tsp.at\/en\/2016\/06\/22\/safed-schweiz-80-jahre-praezisionsarbeit\/#primaryimage","url":"https:\/\/www.tsp.at\/wp-content\/uploads\/2025\/10\/SAFED1-scaled.jpg","contentUrl":"https:\/\/www.tsp.at\/wp-content\/uploads\/2025\/10\/SAFED1-scaled.jpg","width":2560,"height":1707},{"@type":"BreadcrumbList","@id":"https:\/\/www.tsp.at\/en\/2016\/06\/22\/safed-schweiz-80-jahre-praezisionsarbeit\/#breadcrumb","itemListElement":[{"@type":"ListItem","position":1,"name":"Startseite","item":"https:\/\/www.tsp.at\/en\/"},{"@type":"ListItem","position":2,"name":"SAFED Schweiz: 80 Jahre Pr\u00e4zisionsarbeit"}]},{"@type":"WebSite","@id":"https:\/\/www.tsp.at\/en\/#website","url":"https:\/\/www.tsp.at\/en\/","name":"Temmel | Seywald - Corporate Communications","description":"Kommunikation ist Beziehungsarbeit","publisher":{"@id":"https:\/\/www.tsp.at\/en\/#organization"},"potentialAction":[{"@type":"SearchAction","target":{"@type":"EntryPoint","urlTemplate":"https:\/\/www.tsp.at\/en\/?s={search_term_string}"},"query-input":{"@type":"PropertyValueSpecification","valueRequired":true,"valueName":"search_term_string"}}],"inLanguage":"en-US"},{"@type":"Organization","@id":"https:\/\/www.tsp.at\/en\/#organization","name":"Temmel, Seywald & Partner Communications GesmbH","alternateName":"TSP","url":"https:\/\/www.tsp.at\/en\/","logo":{"@type":"ImageObject","inLanguage":"en-US","@id":"https:\/\/www.tsp.at\/en\/#\/schema\/logo\/image\/","url":"https:\/\/www.tsp.at\/wp-content\/uploads\/2025\/10\/favicontsp.png","contentUrl":"https:\/\/www.tsp.at\/wp-content\/uploads\/2025\/10\/favicontsp.png","width":125,"height":125,"caption":"Temmel, Seywald & Partner Communications GesmbH"},"image":{"@id":"https:\/\/www.tsp.at\/en\/#\/schema\/logo\/image\/"},"sameAs":["https:\/\/www.facebook.com\/TemmelSeywald"]},{"@type":"Person","@id":"https:\/\/www.tsp.at\/en\/#\/schema\/person\/1ba5600c29da17b902b0925cea567f8a","name":"TSP Redaktion"}]}},"_links":{"self":[{"href":"https:\/\/www.tsp.at\/en\/wp-json\/wp\/v2\/posts\/10242","targetHints":{"allow":["GET"]}}],"collection":[{"href":"https:\/\/www.tsp.at\/en\/wp-json\/wp\/v2\/posts"}],"about":[{"href":"https:\/\/www.tsp.at\/en\/wp-json\/wp\/v2\/types\/post"}],"author":[{"embeddable":true,"href":"https:\/\/www.tsp.at\/en\/wp-json\/wp\/v2\/users\/2"}],"replies":[{"embeddable":true,"href":"https:\/\/www.tsp.at\/en\/wp-json\/wp\/v2\/comments?post=10242"}],"version-history":[{"count":1,"href":"https:\/\/www.tsp.at\/en\/wp-json\/wp\/v2\/posts\/10242\/revisions"}],"predecessor-version":[{"id":11531,"href":"https:\/\/www.tsp.at\/en\/wp-json\/wp\/v2\/posts\/10242\/revisions\/11531"}],"wp:featuredmedia":[{"embeddable":true,"href":"https:\/\/www.tsp.at\/en\/wp-json\/wp\/v2\/media\/10241"}],"wp:attachment":[{"href":"https:\/\/www.tsp.at\/en\/wp-json\/wp\/v2\/media?parent=10242"}],"wp:term":[{"taxonomy":"category","embeddable":true,"href":"https:\/\/www.tsp.at\/en\/wp-json\/wp\/v2\/categories?post=10242"},{"taxonomy":"post_tag","embeddable":true,"href":"https:\/\/www.tsp.at\/en\/wp-json\/wp\/v2\/tags?post=10242"}],"curies":[{"name":"wp","href":"https:\/\/api.w.org\/{rel}","templated":true}]}}