{"id":10244,"date":"2016-06-16T14:00:00","date_gmt":"2016-06-16T12:00:00","guid":{"rendered":"https:\/\/staging.tsp.at\/2016\/06\/16\/erfreuliches-medienecho-auf-toleranzgespraeche\/"},"modified":"2025-10-21T14:57:47","modified_gmt":"2025-10-21T12:57:47","slug":"erfreuliches-medienecho-auf-toleranzgespraeche","status":"publish","type":"post","link":"https:\/\/www.tsp.at\/en\/2016\/06\/16\/erfreuliches-medienecho-auf-toleranzgespraeche\/","title":{"rendered":"Erfreuliches Medienecho auf Toleranzgespr\u00e4che"},"content":{"rendered":"<article class=\"item\">\n<h2><strong>&#8220;Die Zukunft der Freiheit&#8221; als Thema f\u00fcr 2017 fixiert<\/strong><\/h2>\n<p>16.06.2016<\/p>\n<\/p>\n<\/p>\n<\/p>\n<\/p>\n<\/p>\n<p>Fresach (K\u00e4rnten) \u2013 <span class=\"FtxtBold\" style=\"margin-bottom: 10px;\">Die zweite Auflage der Europ\u00e4ischen Toleranzgespr\u00e4che vom 11. bis 14. Mai 2016 im K\u00e4rntner Bergdorf Fresach ist von Politik und Medien ebenso wie von den Vortragenden und G\u00e4sten \u00fcberaus positiv aufgenommen worden. Dank zahlreicher Rundfunk-Beitr\u00e4ge, Zeitungsberichte und Online-Ver\u00f6ffentlichungen konnte die mediale Reichweite gegen\u00fcber 2015 noch einmal deutlich gesteigert werden. \u00dcber 800 Besucher\/innen verfolgten die insgesamt zehn Einzelveranstaltungen vor Ort. Alle Diskussionsbeitr\u00e4ge k\u00f6nnen \u00fcber die Mediathek des Veranstalters Denk.Raum.Fresach (DRF) <a href=\"http:\/\/www.fresach.org\" rel=\"nofollow\" target=\"_blank\">http:\/\/www.fresach.org<\/a> abgerufen werden.<\/span> <\/p>\n<p class=\"FtxtP\">&#8220;Wir freuen uns au\u00dferordentlich, dass wir das mediale Echo des vergangenen Jahres noch einmal toppen konnten&#8221;, so DRF-Obmann Manfred Sauer bei der ersten Bilanzbesprechung. Der Pr\u00e4sident des Kuratoriums der Europ\u00e4ischen Toleranzgespr\u00e4che, Hannes Swoboda, bewertete vor allem die positiven Folgewirkungen. &#8220;Mit den Toleranzgespr\u00e4chen gelingt es K\u00e4rnten und der Zivilgesellschaft, ein positives Signal f\u00fcr den vern\u00fcnftigen Umgang mit den Herausforderungen unserer Zeit auszusenden. In einem Meer von Hasspostings in sozialen Netzwerken und Negativberichterstattung in den traditionellen Medien tut es gut, l\u00f6sungsorientierte Ans\u00e4tze zu h\u00f6ren und zu besprechen.&#8221;<\/p>\n<p class=\"FtxtP\">Das Thema der Veranstaltung (&#8220;Die Grenzen Europas &#8211; Menschenrechte und die Folgen des Klimawandels&#8221;) brachte die aktuellen Querelen und Qualen in Europa rund um die steigenden Fl\u00fcchtlingszahlen auf den Punkt. Zahlreiche Redner gingen auf die Ursachen dieser Entwicklungen ein und versuchten, Rezepte oder L\u00f6sungsans\u00e4tze zu skizzieren. Insbesondere die Er\u00f6ffnungsrede des ehemaligen Chefs des Weltumweltprogramms UNEP, Prof. Klaus T\u00f6pfer, und die Einsch\u00e4tzungen des US-amerikanischen B\u00fcrgerrechtlers Stephen Bradberry waren sehr aufschlussreich. Zahlreiche Besucherinnen \u00e4u\u00dferten sich positiv \u00fcber die Beitr\u00e4ge der anwesenden Redner\/innen, f\u00fcr die &#8220;Reaktionen&#8221; wurde auf der Fresach-Webseite eine eigene Rubrik eingerichtet.<\/p>\n<p class=\"FtxtP\">Der Denk.Raum.Fresach hat den Viertages-Event weitgehend \u00fcber \u00f6ffentliche F\u00f6rderungen und private Sponsoren sowie Partnerschaften und Kartenverk\u00e4ufe finanziert, die Kosten betrugen rund 92.600 Euro, ein Plus von 67,4% gegen\u00fcber 2015. F\u00fcr 2017 soll das Programm auf f\u00fcnf Tage ausgebaut werden, bei geringf\u00fcgiger Aufstockung des Budgets. Die Veranstaltung vom 30. Mai bis 3. Juni 2017 wird sich dem Thema &#8220;Die Zukunft der Freiheit &#8211; Europas Zivilgesellschaft und die Folgen der Globalisierung&#8221; widmen. Dazu werden neben zahlreichen Autor\/innen auch Religions- und Globalisierungskritiker, Internetforscher und Politikwissenschafter nach Fresach eingeladen. Die Organisatoren wollen an die Tradition der Fresacher Schriftstellertagung (1972-1993) und den Ost-West-Dialog ankn\u00fcpfen.<\/p>\n<p class=\"FtxtP\"><span class=\"FtxtBold\" style=\"margin-bottom: 10px;\">Weitere Informationen auf:<\/span> <a href=\"http:\/\/www.fresach.org\" rel=\"nofollow\" target=\"_blank\">http:\/\/www.fresach.org<\/a><br \/>Alle Videomitschnitte auf: <a href=\"http:\/\/fresach.awm.at\/\" rel=\"nofollow\" target=\"_blank\">http:\/\/fresach.awm.at\/<\/a><\/p>\n<\/article>\n","protected":false},"excerpt":{"rendered":"<p>&#8220;Die Zukunft der Freiheit&#8221; als Thema f\u00fcr 2017 fixiert 16.06.2016 Fresach (K\u00e4rnten) \u2013 Die zweite Auflage der Europ\u00e4ischen Toleranzgespr\u00e4che vom 11. bis 14. Mai 2016 im K\u00e4rntner Bergdorf Fresach ist von Politik und Medien ebenso wie von den Vortragenden und G\u00e4sten \u00fcberaus positiv aufgenommen worden. Dank zahlreicher Rundfunk-Beitr\u00e4ge, Zeitungsberichte und Online-Ver\u00f6ffentlichungen konnte die mediale Reichweite&hellip;<\/p>\n","protected":false},"author":2,"featured_media":10243,"comment_status":"closed","ping_status":"closed","sticky":false,"template":"","format":"standard","meta":{"footnotes":""},"categories":[3],"tags":[],"class_list":["post-10244","post","type-post","status-publish","format-standard","has-post-thumbnail","hentry","category-news","category-3","description-off"],"yoast_head":"<!-- This site is optimized with the Yoast SEO plugin v26.3 - https:\/\/yoast.com\/wordpress\/plugins\/seo\/ -->\n<title>Erfreuliches Medienecho auf Toleranzgespr\u00e4che - Temmel | Seywald - Corporate Communications<\/title>\n<meta name=\"robots\" content=\"index, follow, max-snippet:-1, max-image-preview:large, max-video-preview:-1\" \/>\n<link rel=\"canonical\" href=\"https:\/\/www.tsp.at\/en\/2016\/06\/16\/erfreuliches-medienecho-auf-toleranzgespraeche\/\" \/>\n<meta property=\"og:locale\" content=\"en_US\" \/>\n<meta property=\"og:type\" content=\"article\" \/>\n<meta property=\"og:title\" content=\"Erfreuliches Medienecho auf Toleranzgespr\u00e4che - Temmel | Seywald - Corporate Communications\" \/>\n<meta property=\"og:description\" content=\"&#8220;Die Zukunft der Freiheit&#8221; als Thema f\u00fcr 2017 fixiert 16.06.2016 Fresach (K\u00e4rnten) \u2013 Die zweite Auflage der Europ\u00e4ischen Toleranzgespr\u00e4che vom 11. bis 14. Mai 2016 im K\u00e4rntner Bergdorf Fresach ist von Politik und Medien ebenso wie von den Vortragenden und G\u00e4sten \u00fcberaus positiv aufgenommen worden. Dank zahlreicher Rundfunk-Beitr\u00e4ge, Zeitungsberichte und Online-Ver\u00f6ffentlichungen konnte die mediale Reichweite&hellip;\" \/>\n<meta property=\"og:url\" content=\"https:\/\/www.tsp.at\/en\/2016\/06\/16\/erfreuliches-medienecho-auf-toleranzgespraeche\/\" \/>\n<meta property=\"og:site_name\" content=\"Temmel | Seywald - Corporate Communications\" \/>\n<meta property=\"article:publisher\" content=\"https:\/\/www.facebook.com\/TemmelSeywald\" \/>\n<meta property=\"article:published_time\" content=\"2016-06-16T12:00:00+00:00\" \/>\n<meta property=\"article:modified_time\" content=\"2025-10-21T12:57:47+00:00\" \/>\n<meta property=\"og:image\" content=\"https:\/\/www.tsp.at\/wp-content\/uploads\/2025\/10\/2G4D4306-5-scaled.jpg\" \/>\n\t<meta property=\"og:image:width\" content=\"2560\" \/>\n\t<meta property=\"og:image:height\" content=\"1707\" \/>\n\t<meta property=\"og:image:type\" content=\"image\/jpeg\" \/>\n<meta name=\"author\" content=\"TSP Redaktion\" \/>\n<meta name=\"twitter:card\" content=\"summary_large_image\" \/>\n<meta name=\"twitter:label1\" content=\"Written by\" \/>\n\t<meta name=\"twitter:data1\" content=\"TSP Redaktion\" \/>\n\t<meta name=\"twitter:label2\" content=\"Est. reading time\" \/>\n\t<meta name=\"twitter:data2\" content=\"3 minutes\" \/>\n<script type=\"application\/ld+json\" class=\"yoast-schema-graph\">{\"@context\":\"https:\/\/schema.org\",\"@graph\":[{\"@type\":\"Article\",\"@id\":\"https:\/\/www.tsp.at\/en\/2016\/06\/16\/erfreuliches-medienecho-auf-toleranzgespraeche\/#article\",\"isPartOf\":{\"@id\":\"https:\/\/www.tsp.at\/en\/2016\/06\/16\/erfreuliches-medienecho-auf-toleranzgespraeche\/\"},\"author\":{\"name\":\"TSP Redaktion\",\"@id\":\"https:\/\/www.tsp.at\/en\/#\/schema\/person\/1ba5600c29da17b902b0925cea567f8a\"},\"headline\":\"Erfreuliches Medienecho auf Toleranzgespr\u00e4che\",\"datePublished\":\"2016-06-16T12:00:00+00:00\",\"dateModified\":\"2025-10-21T12:57:47+00:00\",\"mainEntityOfPage\":{\"@id\":\"https:\/\/www.tsp.at\/en\/2016\/06\/16\/erfreuliches-medienecho-auf-toleranzgespraeche\/\"},\"wordCount\":413,\"publisher\":{\"@id\":\"https:\/\/www.tsp.at\/en\/#organization\"},\"image\":{\"@id\":\"https:\/\/www.tsp.at\/en\/2016\/06\/16\/erfreuliches-medienecho-auf-toleranzgespraeche\/#primaryimage\"},\"thumbnailUrl\":\"https:\/\/www.tsp.at\/wp-content\/uploads\/2025\/10\/2G4D4306-5-scaled.jpg\",\"articleSection\":[\"News\"],\"inLanguage\":\"en-US\"},{\"@type\":\"WebPage\",\"@id\":\"https:\/\/www.tsp.at\/en\/2016\/06\/16\/erfreuliches-medienecho-auf-toleranzgespraeche\/\",\"url\":\"https:\/\/www.tsp.at\/en\/2016\/06\/16\/erfreuliches-medienecho-auf-toleranzgespraeche\/\",\"name\":\"Erfreuliches Medienecho auf Toleranzgespr\u00e4che - Temmel | Seywald - Corporate Communications\",\"isPartOf\":{\"@id\":\"https:\/\/www.tsp.at\/en\/#website\"},\"primaryImageOfPage\":{\"@id\":\"https:\/\/www.tsp.at\/en\/2016\/06\/16\/erfreuliches-medienecho-auf-toleranzgespraeche\/#primaryimage\"},\"image\":{\"@id\":\"https:\/\/www.tsp.at\/en\/2016\/06\/16\/erfreuliches-medienecho-auf-toleranzgespraeche\/#primaryimage\"},\"thumbnailUrl\":\"https:\/\/www.tsp.at\/wp-content\/uploads\/2025\/10\/2G4D4306-5-scaled.jpg\",\"datePublished\":\"2016-06-16T12:00:00+00:00\",\"dateModified\":\"2025-10-21T12:57:47+00:00\",\"breadcrumb\":{\"@id\":\"https:\/\/www.tsp.at\/en\/2016\/06\/16\/erfreuliches-medienecho-auf-toleranzgespraeche\/#breadcrumb\"},\"inLanguage\":\"en-US\",\"potentialAction\":[{\"@type\":\"ReadAction\",\"target\":[\"https:\/\/www.tsp.at\/en\/2016\/06\/16\/erfreuliches-medienecho-auf-toleranzgespraeche\/\"]}]},{\"@type\":\"ImageObject\",\"inLanguage\":\"en-US\",\"@id\":\"https:\/\/www.tsp.at\/en\/2016\/06\/16\/erfreuliches-medienecho-auf-toleranzgespraeche\/#primaryimage\",\"url\":\"https:\/\/www.tsp.at\/wp-content\/uploads\/2025\/10\/2G4D4306-5-scaled.jpg\",\"contentUrl\":\"https:\/\/www.tsp.at\/wp-content\/uploads\/2025\/10\/2G4D4306-5-scaled.jpg\",\"width\":2560,\"height\":1707},{\"@type\":\"BreadcrumbList\",\"@id\":\"https:\/\/www.tsp.at\/en\/2016\/06\/16\/erfreuliches-medienecho-auf-toleranzgespraeche\/#breadcrumb\",\"itemListElement\":[{\"@type\":\"ListItem\",\"position\":1,\"name\":\"Startseite\",\"item\":\"https:\/\/www.tsp.at\/en\/\"},{\"@type\":\"ListItem\",\"position\":2,\"name\":\"Erfreuliches Medienecho auf Toleranzgespr\u00e4che\"}]},{\"@type\":\"WebSite\",\"@id\":\"https:\/\/www.tsp.at\/en\/#website\",\"url\":\"https:\/\/www.tsp.at\/en\/\",\"name\":\"Temmel | Seywald - Corporate Communications\",\"description\":\"Kommunikation ist Beziehungsarbeit\",\"publisher\":{\"@id\":\"https:\/\/www.tsp.at\/en\/#organization\"},\"potentialAction\":[{\"@type\":\"SearchAction\",\"target\":{\"@type\":\"EntryPoint\",\"urlTemplate\":\"https:\/\/www.tsp.at\/en\/?s={search_term_string}\"},\"query-input\":{\"@type\":\"PropertyValueSpecification\",\"valueRequired\":true,\"valueName\":\"search_term_string\"}}],\"inLanguage\":\"en-US\"},{\"@type\":\"Organization\",\"@id\":\"https:\/\/www.tsp.at\/en\/#organization\",\"name\":\"Temmel, Seywald & Partner Communications GesmbH\",\"alternateName\":\"TSP\",\"url\":\"https:\/\/www.tsp.at\/en\/\",\"logo\":{\"@type\":\"ImageObject\",\"inLanguage\":\"en-US\",\"@id\":\"https:\/\/www.tsp.at\/en\/#\/schema\/logo\/image\/\",\"url\":\"https:\/\/www.tsp.at\/wp-content\/uploads\/2025\/10\/favicontsp.png\",\"contentUrl\":\"https:\/\/www.tsp.at\/wp-content\/uploads\/2025\/10\/favicontsp.png\",\"width\":125,\"height\":125,\"caption\":\"Temmel, Seywald & Partner Communications GesmbH\"},\"image\":{\"@id\":\"https:\/\/www.tsp.at\/en\/#\/schema\/logo\/image\/\"},\"sameAs\":[\"https:\/\/www.facebook.com\/TemmelSeywald\"]},{\"@type\":\"Person\",\"@id\":\"https:\/\/www.tsp.at\/en\/#\/schema\/person\/1ba5600c29da17b902b0925cea567f8a\",\"name\":\"TSP Redaktion\"}]}<\/script>\n<!-- \/ Yoast SEO plugin. -->","yoast_head_json":{"title":"Erfreuliches Medienecho auf Toleranzgespr\u00e4che - Temmel | Seywald - Corporate Communications","robots":{"index":"index","follow":"follow","max-snippet":"max-snippet:-1","max-image-preview":"max-image-preview:large","max-video-preview":"max-video-preview:-1"},"canonical":"https:\/\/www.tsp.at\/en\/2016\/06\/16\/erfreuliches-medienecho-auf-toleranzgespraeche\/","og_locale":"en_US","og_type":"article","og_title":"Erfreuliches Medienecho auf Toleranzgespr\u00e4che - Temmel | Seywald - Corporate Communications","og_description":"&#8220;Die Zukunft der Freiheit&#8221; als Thema f\u00fcr 2017 fixiert 16.06.2016 Fresach (K\u00e4rnten) \u2013 Die zweite Auflage der Europ\u00e4ischen Toleranzgespr\u00e4che vom 11. bis 14. Mai 2016 im K\u00e4rntner Bergdorf Fresach ist von Politik und Medien ebenso wie von den Vortragenden und G\u00e4sten \u00fcberaus positiv aufgenommen worden. Dank zahlreicher Rundfunk-Beitr\u00e4ge, Zeitungsberichte und Online-Ver\u00f6ffentlichungen konnte die mediale Reichweite&hellip;","og_url":"https:\/\/www.tsp.at\/en\/2016\/06\/16\/erfreuliches-medienecho-auf-toleranzgespraeche\/","og_site_name":"Temmel | Seywald - Corporate Communications","article_publisher":"https:\/\/www.facebook.com\/TemmelSeywald","article_published_time":"2016-06-16T12:00:00+00:00","article_modified_time":"2025-10-21T12:57:47+00:00","og_image":[{"width":2560,"height":1707,"url":"https:\/\/www.tsp.at\/wp-content\/uploads\/2025\/10\/2G4D4306-5-scaled.jpg","type":"image\/jpeg"}],"author":"TSP Redaktion","twitter_card":"summary_large_image","twitter_misc":{"Written by":"TSP Redaktion","Est. reading time":"3 minutes"},"schema":{"@context":"https:\/\/schema.org","@graph":[{"@type":"Article","@id":"https:\/\/www.tsp.at\/en\/2016\/06\/16\/erfreuliches-medienecho-auf-toleranzgespraeche\/#article","isPartOf":{"@id":"https:\/\/www.tsp.at\/en\/2016\/06\/16\/erfreuliches-medienecho-auf-toleranzgespraeche\/"},"author":{"name":"TSP Redaktion","@id":"https:\/\/www.tsp.at\/en\/#\/schema\/person\/1ba5600c29da17b902b0925cea567f8a"},"headline":"Erfreuliches Medienecho auf Toleranzgespr\u00e4che","datePublished":"2016-06-16T12:00:00+00:00","dateModified":"2025-10-21T12:57:47+00:00","mainEntityOfPage":{"@id":"https:\/\/www.tsp.at\/en\/2016\/06\/16\/erfreuliches-medienecho-auf-toleranzgespraeche\/"},"wordCount":413,"publisher":{"@id":"https:\/\/www.tsp.at\/en\/#organization"},"image":{"@id":"https:\/\/www.tsp.at\/en\/2016\/06\/16\/erfreuliches-medienecho-auf-toleranzgespraeche\/#primaryimage"},"thumbnailUrl":"https:\/\/www.tsp.at\/wp-content\/uploads\/2025\/10\/2G4D4306-5-scaled.jpg","articleSection":["News"],"inLanguage":"en-US"},{"@type":"WebPage","@id":"https:\/\/www.tsp.at\/en\/2016\/06\/16\/erfreuliches-medienecho-auf-toleranzgespraeche\/","url":"https:\/\/www.tsp.at\/en\/2016\/06\/16\/erfreuliches-medienecho-auf-toleranzgespraeche\/","name":"Erfreuliches Medienecho auf Toleranzgespr\u00e4che - Temmel | Seywald - Corporate Communications","isPartOf":{"@id":"https:\/\/www.tsp.at\/en\/#website"},"primaryImageOfPage":{"@id":"https:\/\/www.tsp.at\/en\/2016\/06\/16\/erfreuliches-medienecho-auf-toleranzgespraeche\/#primaryimage"},"image":{"@id":"https:\/\/www.tsp.at\/en\/2016\/06\/16\/erfreuliches-medienecho-auf-toleranzgespraeche\/#primaryimage"},"thumbnailUrl":"https:\/\/www.tsp.at\/wp-content\/uploads\/2025\/10\/2G4D4306-5-scaled.jpg","datePublished":"2016-06-16T12:00:00+00:00","dateModified":"2025-10-21T12:57:47+00:00","breadcrumb":{"@id":"https:\/\/www.tsp.at\/en\/2016\/06\/16\/erfreuliches-medienecho-auf-toleranzgespraeche\/#breadcrumb"},"inLanguage":"en-US","potentialAction":[{"@type":"ReadAction","target":["https:\/\/www.tsp.at\/en\/2016\/06\/16\/erfreuliches-medienecho-auf-toleranzgespraeche\/"]}]},{"@type":"ImageObject","inLanguage":"en-US","@id":"https:\/\/www.tsp.at\/en\/2016\/06\/16\/erfreuliches-medienecho-auf-toleranzgespraeche\/#primaryimage","url":"https:\/\/www.tsp.at\/wp-content\/uploads\/2025\/10\/2G4D4306-5-scaled.jpg","contentUrl":"https:\/\/www.tsp.at\/wp-content\/uploads\/2025\/10\/2G4D4306-5-scaled.jpg","width":2560,"height":1707},{"@type":"BreadcrumbList","@id":"https:\/\/www.tsp.at\/en\/2016\/06\/16\/erfreuliches-medienecho-auf-toleranzgespraeche\/#breadcrumb","itemListElement":[{"@type":"ListItem","position":1,"name":"Startseite","item":"https:\/\/www.tsp.at\/en\/"},{"@type":"ListItem","position":2,"name":"Erfreuliches Medienecho auf Toleranzgespr\u00e4che"}]},{"@type":"WebSite","@id":"https:\/\/www.tsp.at\/en\/#website","url":"https:\/\/www.tsp.at\/en\/","name":"Temmel | Seywald - Corporate Communications","description":"Kommunikation ist Beziehungsarbeit","publisher":{"@id":"https:\/\/www.tsp.at\/en\/#organization"},"potentialAction":[{"@type":"SearchAction","target":{"@type":"EntryPoint","urlTemplate":"https:\/\/www.tsp.at\/en\/?s={search_term_string}"},"query-input":{"@type":"PropertyValueSpecification","valueRequired":true,"valueName":"search_term_string"}}],"inLanguage":"en-US"},{"@type":"Organization","@id":"https:\/\/www.tsp.at\/en\/#organization","name":"Temmel, Seywald & Partner Communications GesmbH","alternateName":"TSP","url":"https:\/\/www.tsp.at\/en\/","logo":{"@type":"ImageObject","inLanguage":"en-US","@id":"https:\/\/www.tsp.at\/en\/#\/schema\/logo\/image\/","url":"https:\/\/www.tsp.at\/wp-content\/uploads\/2025\/10\/favicontsp.png","contentUrl":"https:\/\/www.tsp.at\/wp-content\/uploads\/2025\/10\/favicontsp.png","width":125,"height":125,"caption":"Temmel, Seywald & Partner Communications GesmbH"},"image":{"@id":"https:\/\/www.tsp.at\/en\/#\/schema\/logo\/image\/"},"sameAs":["https:\/\/www.facebook.com\/TemmelSeywald"]},{"@type":"Person","@id":"https:\/\/www.tsp.at\/en\/#\/schema\/person\/1ba5600c29da17b902b0925cea567f8a","name":"TSP Redaktion"}]}},"_links":{"self":[{"href":"https:\/\/www.tsp.at\/en\/wp-json\/wp\/v2\/posts\/10244","targetHints":{"allow":["GET"]}}],"collection":[{"href":"https:\/\/www.tsp.at\/en\/wp-json\/wp\/v2\/posts"}],"about":[{"href":"https:\/\/www.tsp.at\/en\/wp-json\/wp\/v2\/types\/post"}],"author":[{"embeddable":true,"href":"https:\/\/www.tsp.at\/en\/wp-json\/wp\/v2\/users\/2"}],"replies":[{"embeddable":true,"href":"https:\/\/www.tsp.at\/en\/wp-json\/wp\/v2\/comments?post=10244"}],"version-history":[{"count":1,"href":"https:\/\/www.tsp.at\/en\/wp-json\/wp\/v2\/posts\/10244\/revisions"}],"predecessor-version":[{"id":11532,"href":"https:\/\/www.tsp.at\/en\/wp-json\/wp\/v2\/posts\/10244\/revisions\/11532"}],"wp:featuredmedia":[{"embeddable":true,"href":"https:\/\/www.tsp.at\/en\/wp-json\/wp\/v2\/media\/10243"}],"wp:attachment":[{"href":"https:\/\/www.tsp.at\/en\/wp-json\/wp\/v2\/media?parent=10244"}],"wp:term":[{"taxonomy":"category","embeddable":true,"href":"https:\/\/www.tsp.at\/en\/wp-json\/wp\/v2\/categories?post=10244"},{"taxonomy":"post_tag","embeddable":true,"href":"https:\/\/www.tsp.at\/en\/wp-json\/wp\/v2\/tags?post=10244"}],"curies":[{"name":"wp","href":"https:\/\/api.w.org\/{rel}","templated":true}]}}