{"id":10246,"date":"2016-06-14T09:34:00","date_gmt":"2016-06-14T07:34:00","guid":{"rendered":"https:\/\/staging.tsp.at\/2016\/06\/14\/first-mallorca-feiert-20-jahre\/"},"modified":"2025-10-21T14:57:47","modified_gmt":"2025-10-21T12:57:47","slug":"first-mallorca-feiert-20-jahre","status":"publish","type":"post","link":"https:\/\/www.tsp.at\/en\/2016\/06\/14\/first-mallorca-feiert-20-jahre\/","title":{"rendered":"FIRST MALLORCA feiert 20 Jahre"},"content":{"rendered":"<article class=\"item\">\n<h2><strong>Neue Werbekampagne zum Firmenjubil\u00e4um<\/strong><\/h2>\n<p>14.06.2016<\/p>\n<\/p>\n<\/p>\n<\/p>\n<\/p>\n<\/p>\n<div>Palma de Mallorca \u2013 <\/p>\n<p><strong>Grund zum Feiern hat der spanische Freizeit-Immobilienmakler &#8220;First Mallorca&#8221;: Vor genau 20 Jahren er\u00f6ffnete die geb\u00fcrtige K\u00e4rntnerin Heidi Stadler ihr erstes Maklerb\u00fcro in Palma. Heute z\u00e4hlt &#8220;First Mallorca&#8221; mit seinen 40 Beraterinnen und Beratern zu den erfolgreichsten Premium-Maklern auf den Balearen, mit einem Vermittlungsvolumen von rund 125 Millionen Euro (2015).<\/strong> <a href=\"http:\/\/firstmallorca.com\" target=\"_blank\">http:\/\/firstmallorca.com<\/a> <\/p>\n<p>Das 20-j\u00e4hrige Jubil\u00e4um im malerischen Camp der Mar wurde mit zahlreichen Freunden, Kunden und Mitarbeitern geb\u00fchrend gefeiert. First Mallorca-CEO Heidi Stadler erz\u00e4hlte von den Anf\u00e4ngen und gab einen \u00dcberblick \u00fcber das positive Wachstum. &#8220;Vom ersten Tag an habe ich gr\u00f6\u00dften Wert auf eine gesunde und starke Unternehmenskultur gelegt, gepr\u00e4gt von Respekt und transparentem Umgang. Im Mittelpunkt unserer Arbeit steht der Mensch&#8221;, so Heidi Stadler in ihrer Festrede.\n<\/p>\n<p><strong> Diversit\u00e4t als Trumpf<\/strong> <\/p>\n<p>Zufriedene Kunden und begeisterte Mitarbeiter sind f\u00fcr Stadler die Grundlage. Dieser Einstellung verdankt &#8220;First Mallorca&#8221; auch die stetige Expansion. So baute sie gemeinsam mit ihrem Mitgesellschafter Robert Maunder &#8220;First Mallorca&#8221; zu einer Top-Adresse in der Branche auf. Besonders stolz ist Stadler auf die Internationalit\u00e4t ihres Teams. Es besteht aus 15 verschiedenen Nationalit\u00e4ten und 14 unterschiedlichen Sprachen. &#8220;Diese Diversit\u00e4t erlaubt es uns, das Ohr ganz nah am Kunden zu haben und dadurch Beratung auf h\u00f6chstem Niveau zu garantieren.&#8221;\n<\/p>\n<p><strong> Spiegel der Seele<\/strong> <\/p>\n<p>Gleichzeitig nutzte Heidi Stadler die Feierlichkeiten, um die neue Werbekampagne von FIRST MALLORCA zu pr\u00e4sentieren. K\u00fcnftige Anzeigen und Plakate stehen unter dem Motto &#8220;Mein Zuhause &#8211; Spiegel meiner Seele&#8221;. Sie zeigen H\u00e4user durch die Silhouette eines Menschen. Die Philosophie dahinter erkl\u00e4rt Stadler so: &#8220;Wir sehen im Eigent\u00fcmer die Immobilie und in der Immobilie den Eigent\u00fcmer.&#8221; Neben der neuen Werbelinie durften die G\u00e4ste an dem lauen Fr\u00fchsommerabend auch die neue Ausgabe des &#8220;Passion&#8221;-Magazins bewundern. Es enth\u00e4lt Reportagen aus aller Welt, verfasst von den eigenen Mitarbeitern. Klassische Musikdarbietungen von Nachwuchstalenten rundeten die Geburtstagsfeier ab.\n<\/p>\n<p><strong> Respektables Wachstum erwartet<\/strong> <\/p>\n<p>First Mallorca verfolgt seit Jahren einen stabilen Wachstumskurs und blickt auf ein erfolgreiches Gesch\u00e4ftsjahr zur\u00fcck. 2015 hat das Unternehmen Immobilien im Gesamtwert von 125 Mio. Euro vermittelt. Gegen\u00fcber dem Jahr zuvor war das ein Anstieg von 32 Prozent. Der durchschnittliche Verkaufspreis stieg auf 885.000 Euro pro Immobilie. Das Unternehmen freut sich auf die kommenden Aufgaben und erwartet auch in Zukunft ein respektables Wachstum. &#8220;Aus unserem Baby ist ein junger Erwachsener geworden, auf den noch viele sch\u00f6ne Momente warten&#8221;, sagte Stadler mit einem Augenzwinkern.\n<\/p>\n<p><strong> \u00dcber First Mallorca<\/strong> <br \/>First Mallorca ist eine spanische private Kapitalgesellschaft (S.L.) mit Sitz auf der Baleareninsel Mallorca, die vielf\u00e4ltige Inmobilienserviceleistungen anbietet. Das Unternehmen ist Marktf\u00fchrer unter den &#8220;Boutique Style&#8221;-Anbietern. Das Team besteht aus 40 erfahrenen Berater\/innen, die \u00fcber einschl\u00e4gige Erfahrung in Immobilienentwicklung und Verm\u00f6gensverwaltung verf\u00fcgen. Da jede Abwicklung individuell angelegt ist, setzt das Expertenteam von First Mallorca stets neue und innovative Wege, Technologien und Strategien um, um beste Resultate f\u00fcr ihre Kunden zu erzielen. Die vier strategisch positionierten Filialen werden k\u00fcnftig durch einen weiteren Standort auf Mallorca und einen auf Ibiza erg\u00e4nzt. <a href=\"http:\/\/www.firstmallorca.com\" target=\"_blank\">http:\/\/www.firstmallorca.com<\/a><\/p>\n<\/div>\n<p>Video: <a href=\"https:\/\/www.youtube.com\/watch?v=WG3LqPRhLCM\" target=\"_blank\">https:\/\/www.youtube.com\/watch?v=WG3LqPRhLCM<\/a><\/p>\n<\/article>\n","protected":false},"excerpt":{"rendered":"<p>Neue Werbekampagne zum Firmenjubil\u00e4um 14.06.2016 Palma de Mallorca \u2013 Grund zum Feiern hat der spanische Freizeit-Immobilienmakler &#8220;First Mallorca&#8221;: Vor genau 20 Jahren er\u00f6ffnete die geb\u00fcrtige K\u00e4rntnerin Heidi Stadler ihr erstes Maklerb\u00fcro in Palma. Heute z\u00e4hlt &#8220;First Mallorca&#8221; mit seinen 40 Beraterinnen und Beratern zu den erfolgreichsten Premium-Maklern auf den Balearen, mit einem Vermittlungsvolumen von rund&hellip;<\/p>\n","protected":false},"author":2,"featured_media":10245,"comment_status":"closed","ping_status":"closed","sticky":false,"template":"","format":"standard","meta":{"footnotes":""},"categories":[3],"tags":[],"class_list":["post-10246","post","type-post","status-publish","format-standard","has-post-thumbnail","hentry","category-news","category-3","description-off"],"yoast_head":"<!-- This site is optimized with the Yoast SEO plugin v26.3 - https:\/\/yoast.com\/wordpress\/plugins\/seo\/ -->\n<title>FIRST MALLORCA feiert 20 Jahre - Temmel | Seywald - Corporate Communications<\/title>\n<meta name=\"robots\" content=\"index, follow, max-snippet:-1, max-image-preview:large, max-video-preview:-1\" \/>\n<link rel=\"canonical\" href=\"https:\/\/www.tsp.at\/en\/2016\/06\/14\/first-mallorca-feiert-20-jahre\/\" \/>\n<meta property=\"og:locale\" content=\"en_US\" \/>\n<meta property=\"og:type\" content=\"article\" \/>\n<meta property=\"og:title\" content=\"FIRST MALLORCA feiert 20 Jahre - Temmel | Seywald - Corporate Communications\" \/>\n<meta property=\"og:description\" content=\"Neue Werbekampagne zum Firmenjubil\u00e4um 14.06.2016 Palma de Mallorca \u2013 Grund zum Feiern hat der spanische Freizeit-Immobilienmakler &#8220;First Mallorca&#8221;: Vor genau 20 Jahren er\u00f6ffnete die geb\u00fcrtige K\u00e4rntnerin Heidi Stadler ihr erstes Maklerb\u00fcro in Palma. Heute z\u00e4hlt &#8220;First Mallorca&#8221; mit seinen 40 Beraterinnen und Beratern zu den erfolgreichsten Premium-Maklern auf den Balearen, mit einem Vermittlungsvolumen von rund&hellip;\" \/>\n<meta property=\"og:url\" content=\"https:\/\/www.tsp.at\/en\/2016\/06\/14\/first-mallorca-feiert-20-jahre\/\" \/>\n<meta property=\"og:site_name\" content=\"Temmel | Seywald - Corporate Communications\" \/>\n<meta property=\"article:publisher\" content=\"https:\/\/www.facebook.com\/TemmelSeywald\" \/>\n<meta property=\"article:published_time\" content=\"2016-06-14T07:34:00+00:00\" \/>\n<meta property=\"article:modified_time\" content=\"2025-10-21T12:57:47+00:00\" \/>\n<meta property=\"og:image\" content=\"https:\/\/www.tsp.at\/wp-content\/uploads\/2025\/10\/First_Mallorca_20_Aniversario-209-1024x684.jpg\" \/>\n\t<meta property=\"og:image:width\" content=\"1024\" \/>\n\t<meta property=\"og:image:height\" content=\"684\" \/>\n\t<meta property=\"og:image:type\" content=\"image\/jpeg\" \/>\n<meta name=\"author\" content=\"TSP Redaktion\" \/>\n<meta name=\"twitter:card\" content=\"summary_large_image\" \/>\n<meta name=\"twitter:label1\" content=\"Written by\" \/>\n\t<meta name=\"twitter:data1\" content=\"TSP Redaktion\" \/>\n\t<meta name=\"twitter:label2\" content=\"Est. reading time\" \/>\n\t<meta name=\"twitter:data2\" content=\"3 minutes\" \/>\n<script type=\"application\/ld+json\" class=\"yoast-schema-graph\">{\"@context\":\"https:\/\/schema.org\",\"@graph\":[{\"@type\":\"Article\",\"@id\":\"https:\/\/www.tsp.at\/en\/2016\/06\/14\/first-mallorca-feiert-20-jahre\/#article\",\"isPartOf\":{\"@id\":\"https:\/\/www.tsp.at\/en\/2016\/06\/14\/first-mallorca-feiert-20-jahre\/\"},\"author\":{\"name\":\"TSP Redaktion\",\"@id\":\"https:\/\/www.tsp.at\/en\/#\/schema\/person\/1ba5600c29da17b902b0925cea567f8a\"},\"headline\":\"FIRST MALLORCA feiert 20 Jahre\",\"datePublished\":\"2016-06-14T07:34:00+00:00\",\"dateModified\":\"2025-10-21T12:57:47+00:00\",\"mainEntityOfPage\":{\"@id\":\"https:\/\/www.tsp.at\/en\/2016\/06\/14\/first-mallorca-feiert-20-jahre\/\"},\"wordCount\":530,\"publisher\":{\"@id\":\"https:\/\/www.tsp.at\/en\/#organization\"},\"image\":{\"@id\":\"https:\/\/www.tsp.at\/en\/2016\/06\/14\/first-mallorca-feiert-20-jahre\/#primaryimage\"},\"thumbnailUrl\":\"https:\/\/www.tsp.at\/wp-content\/uploads\/2025\/10\/First_Mallorca_20_Aniversario-209.jpg\",\"articleSection\":[\"News\"],\"inLanguage\":\"en-US\"},{\"@type\":\"WebPage\",\"@id\":\"https:\/\/www.tsp.at\/en\/2016\/06\/14\/first-mallorca-feiert-20-jahre\/\",\"url\":\"https:\/\/www.tsp.at\/en\/2016\/06\/14\/first-mallorca-feiert-20-jahre\/\",\"name\":\"FIRST MALLORCA feiert 20 Jahre - Temmel | Seywald - Corporate Communications\",\"isPartOf\":{\"@id\":\"https:\/\/www.tsp.at\/en\/#website\"},\"primaryImageOfPage\":{\"@id\":\"https:\/\/www.tsp.at\/en\/2016\/06\/14\/first-mallorca-feiert-20-jahre\/#primaryimage\"},\"image\":{\"@id\":\"https:\/\/www.tsp.at\/en\/2016\/06\/14\/first-mallorca-feiert-20-jahre\/#primaryimage\"},\"thumbnailUrl\":\"https:\/\/www.tsp.at\/wp-content\/uploads\/2025\/10\/First_Mallorca_20_Aniversario-209.jpg\",\"datePublished\":\"2016-06-14T07:34:00+00:00\",\"dateModified\":\"2025-10-21T12:57:47+00:00\",\"breadcrumb\":{\"@id\":\"https:\/\/www.tsp.at\/en\/2016\/06\/14\/first-mallorca-feiert-20-jahre\/#breadcrumb\"},\"inLanguage\":\"en-US\",\"potentialAction\":[{\"@type\":\"ReadAction\",\"target\":[\"https:\/\/www.tsp.at\/en\/2016\/06\/14\/first-mallorca-feiert-20-jahre\/\"]}]},{\"@type\":\"ImageObject\",\"inLanguage\":\"en-US\",\"@id\":\"https:\/\/www.tsp.at\/en\/2016\/06\/14\/first-mallorca-feiert-20-jahre\/#primaryimage\",\"url\":\"https:\/\/www.tsp.at\/wp-content\/uploads\/2025\/10\/First_Mallorca_20_Aniversario-209.jpg\",\"contentUrl\":\"https:\/\/www.tsp.at\/wp-content\/uploads\/2025\/10\/First_Mallorca_20_Aniversario-209.jpg\",\"width\":2100,\"height\":1402},{\"@type\":\"BreadcrumbList\",\"@id\":\"https:\/\/www.tsp.at\/en\/2016\/06\/14\/first-mallorca-feiert-20-jahre\/#breadcrumb\",\"itemListElement\":[{\"@type\":\"ListItem\",\"position\":1,\"name\":\"Startseite\",\"item\":\"https:\/\/www.tsp.at\/en\/\"},{\"@type\":\"ListItem\",\"position\":2,\"name\":\"FIRST MALLORCA feiert 20 Jahre\"}]},{\"@type\":\"WebSite\",\"@id\":\"https:\/\/www.tsp.at\/en\/#website\",\"url\":\"https:\/\/www.tsp.at\/en\/\",\"name\":\"Temmel | Seywald - Corporate Communications\",\"description\":\"Kommunikation ist Beziehungsarbeit\",\"publisher\":{\"@id\":\"https:\/\/www.tsp.at\/en\/#organization\"},\"potentialAction\":[{\"@type\":\"SearchAction\",\"target\":{\"@type\":\"EntryPoint\",\"urlTemplate\":\"https:\/\/www.tsp.at\/en\/?s={search_term_string}\"},\"query-input\":{\"@type\":\"PropertyValueSpecification\",\"valueRequired\":true,\"valueName\":\"search_term_string\"}}],\"inLanguage\":\"en-US\"},{\"@type\":\"Organization\",\"@id\":\"https:\/\/www.tsp.at\/en\/#organization\",\"name\":\"Temmel, Seywald & Partner Communications GesmbH\",\"alternateName\":\"TSP\",\"url\":\"https:\/\/www.tsp.at\/en\/\",\"logo\":{\"@type\":\"ImageObject\",\"inLanguage\":\"en-US\",\"@id\":\"https:\/\/www.tsp.at\/en\/#\/schema\/logo\/image\/\",\"url\":\"https:\/\/www.tsp.at\/wp-content\/uploads\/2025\/10\/favicontsp.png\",\"contentUrl\":\"https:\/\/www.tsp.at\/wp-content\/uploads\/2025\/10\/favicontsp.png\",\"width\":125,\"height\":125,\"caption\":\"Temmel, Seywald & Partner Communications GesmbH\"},\"image\":{\"@id\":\"https:\/\/www.tsp.at\/en\/#\/schema\/logo\/image\/\"},\"sameAs\":[\"https:\/\/www.facebook.com\/TemmelSeywald\"]},{\"@type\":\"Person\",\"@id\":\"https:\/\/www.tsp.at\/en\/#\/schema\/person\/1ba5600c29da17b902b0925cea567f8a\",\"name\":\"TSP Redaktion\"}]}<\/script>\n<!-- \/ Yoast SEO plugin. -->","yoast_head_json":{"title":"FIRST MALLORCA feiert 20 Jahre - Temmel | Seywald - Corporate Communications","robots":{"index":"index","follow":"follow","max-snippet":"max-snippet:-1","max-image-preview":"max-image-preview:large","max-video-preview":"max-video-preview:-1"},"canonical":"https:\/\/www.tsp.at\/en\/2016\/06\/14\/first-mallorca-feiert-20-jahre\/","og_locale":"en_US","og_type":"article","og_title":"FIRST MALLORCA feiert 20 Jahre - Temmel | Seywald - Corporate Communications","og_description":"Neue Werbekampagne zum Firmenjubil\u00e4um 14.06.2016 Palma de Mallorca \u2013 Grund zum Feiern hat der spanische Freizeit-Immobilienmakler &#8220;First Mallorca&#8221;: Vor genau 20 Jahren er\u00f6ffnete die geb\u00fcrtige K\u00e4rntnerin Heidi Stadler ihr erstes Maklerb\u00fcro in Palma. Heute z\u00e4hlt &#8220;First Mallorca&#8221; mit seinen 40 Beraterinnen und Beratern zu den erfolgreichsten Premium-Maklern auf den Balearen, mit einem Vermittlungsvolumen von rund&hellip;","og_url":"https:\/\/www.tsp.at\/en\/2016\/06\/14\/first-mallorca-feiert-20-jahre\/","og_site_name":"Temmel | Seywald - Corporate Communications","article_publisher":"https:\/\/www.facebook.com\/TemmelSeywald","article_published_time":"2016-06-14T07:34:00+00:00","article_modified_time":"2025-10-21T12:57:47+00:00","og_image":[{"width":1024,"height":684,"url":"https:\/\/www.tsp.at\/wp-content\/uploads\/2025\/10\/First_Mallorca_20_Aniversario-209-1024x684.jpg","type":"image\/jpeg"}],"author":"TSP Redaktion","twitter_card":"summary_large_image","twitter_misc":{"Written by":"TSP Redaktion","Est. reading time":"3 minutes"},"schema":{"@context":"https:\/\/schema.org","@graph":[{"@type":"Article","@id":"https:\/\/www.tsp.at\/en\/2016\/06\/14\/first-mallorca-feiert-20-jahre\/#article","isPartOf":{"@id":"https:\/\/www.tsp.at\/en\/2016\/06\/14\/first-mallorca-feiert-20-jahre\/"},"author":{"name":"TSP Redaktion","@id":"https:\/\/www.tsp.at\/en\/#\/schema\/person\/1ba5600c29da17b902b0925cea567f8a"},"headline":"FIRST MALLORCA feiert 20 Jahre","datePublished":"2016-06-14T07:34:00+00:00","dateModified":"2025-10-21T12:57:47+00:00","mainEntityOfPage":{"@id":"https:\/\/www.tsp.at\/en\/2016\/06\/14\/first-mallorca-feiert-20-jahre\/"},"wordCount":530,"publisher":{"@id":"https:\/\/www.tsp.at\/en\/#organization"},"image":{"@id":"https:\/\/www.tsp.at\/en\/2016\/06\/14\/first-mallorca-feiert-20-jahre\/#primaryimage"},"thumbnailUrl":"https:\/\/www.tsp.at\/wp-content\/uploads\/2025\/10\/First_Mallorca_20_Aniversario-209.jpg","articleSection":["News"],"inLanguage":"en-US"},{"@type":"WebPage","@id":"https:\/\/www.tsp.at\/en\/2016\/06\/14\/first-mallorca-feiert-20-jahre\/","url":"https:\/\/www.tsp.at\/en\/2016\/06\/14\/first-mallorca-feiert-20-jahre\/","name":"FIRST MALLORCA feiert 20 Jahre - Temmel | Seywald - Corporate Communications","isPartOf":{"@id":"https:\/\/www.tsp.at\/en\/#website"},"primaryImageOfPage":{"@id":"https:\/\/www.tsp.at\/en\/2016\/06\/14\/first-mallorca-feiert-20-jahre\/#primaryimage"},"image":{"@id":"https:\/\/www.tsp.at\/en\/2016\/06\/14\/first-mallorca-feiert-20-jahre\/#primaryimage"},"thumbnailUrl":"https:\/\/www.tsp.at\/wp-content\/uploads\/2025\/10\/First_Mallorca_20_Aniversario-209.jpg","datePublished":"2016-06-14T07:34:00+00:00","dateModified":"2025-10-21T12:57:47+00:00","breadcrumb":{"@id":"https:\/\/www.tsp.at\/en\/2016\/06\/14\/first-mallorca-feiert-20-jahre\/#breadcrumb"},"inLanguage":"en-US","potentialAction":[{"@type":"ReadAction","target":["https:\/\/www.tsp.at\/en\/2016\/06\/14\/first-mallorca-feiert-20-jahre\/"]}]},{"@type":"ImageObject","inLanguage":"en-US","@id":"https:\/\/www.tsp.at\/en\/2016\/06\/14\/first-mallorca-feiert-20-jahre\/#primaryimage","url":"https:\/\/www.tsp.at\/wp-content\/uploads\/2025\/10\/First_Mallorca_20_Aniversario-209.jpg","contentUrl":"https:\/\/www.tsp.at\/wp-content\/uploads\/2025\/10\/First_Mallorca_20_Aniversario-209.jpg","width":2100,"height":1402},{"@type":"BreadcrumbList","@id":"https:\/\/www.tsp.at\/en\/2016\/06\/14\/first-mallorca-feiert-20-jahre\/#breadcrumb","itemListElement":[{"@type":"ListItem","position":1,"name":"Startseite","item":"https:\/\/www.tsp.at\/en\/"},{"@type":"ListItem","position":2,"name":"FIRST MALLORCA feiert 20 Jahre"}]},{"@type":"WebSite","@id":"https:\/\/www.tsp.at\/en\/#website","url":"https:\/\/www.tsp.at\/en\/","name":"Temmel | Seywald - Corporate Communications","description":"Kommunikation ist Beziehungsarbeit","publisher":{"@id":"https:\/\/www.tsp.at\/en\/#organization"},"potentialAction":[{"@type":"SearchAction","target":{"@type":"EntryPoint","urlTemplate":"https:\/\/www.tsp.at\/en\/?s={search_term_string}"},"query-input":{"@type":"PropertyValueSpecification","valueRequired":true,"valueName":"search_term_string"}}],"inLanguage":"en-US"},{"@type":"Organization","@id":"https:\/\/www.tsp.at\/en\/#organization","name":"Temmel, Seywald & Partner Communications GesmbH","alternateName":"TSP","url":"https:\/\/www.tsp.at\/en\/","logo":{"@type":"ImageObject","inLanguage":"en-US","@id":"https:\/\/www.tsp.at\/en\/#\/schema\/logo\/image\/","url":"https:\/\/www.tsp.at\/wp-content\/uploads\/2025\/10\/favicontsp.png","contentUrl":"https:\/\/www.tsp.at\/wp-content\/uploads\/2025\/10\/favicontsp.png","width":125,"height":125,"caption":"Temmel, Seywald & Partner Communications GesmbH"},"image":{"@id":"https:\/\/www.tsp.at\/en\/#\/schema\/logo\/image\/"},"sameAs":["https:\/\/www.facebook.com\/TemmelSeywald"]},{"@type":"Person","@id":"https:\/\/www.tsp.at\/en\/#\/schema\/person\/1ba5600c29da17b902b0925cea567f8a","name":"TSP Redaktion"}]}},"_links":{"self":[{"href":"https:\/\/www.tsp.at\/en\/wp-json\/wp\/v2\/posts\/10246","targetHints":{"allow":["GET"]}}],"collection":[{"href":"https:\/\/www.tsp.at\/en\/wp-json\/wp\/v2\/posts"}],"about":[{"href":"https:\/\/www.tsp.at\/en\/wp-json\/wp\/v2\/types\/post"}],"author":[{"embeddable":true,"href":"https:\/\/www.tsp.at\/en\/wp-json\/wp\/v2\/users\/2"}],"replies":[{"embeddable":true,"href":"https:\/\/www.tsp.at\/en\/wp-json\/wp\/v2\/comments?post=10246"}],"version-history":[{"count":1,"href":"https:\/\/www.tsp.at\/en\/wp-json\/wp\/v2\/posts\/10246\/revisions"}],"predecessor-version":[{"id":11533,"href":"https:\/\/www.tsp.at\/en\/wp-json\/wp\/v2\/posts\/10246\/revisions\/11533"}],"wp:featuredmedia":[{"embeddable":true,"href":"https:\/\/www.tsp.at\/en\/wp-json\/wp\/v2\/media\/10245"}],"wp:attachment":[{"href":"https:\/\/www.tsp.at\/en\/wp-json\/wp\/v2\/media?parent=10246"}],"wp:term":[{"taxonomy":"category","embeddable":true,"href":"https:\/\/www.tsp.at\/en\/wp-json\/wp\/v2\/categories?post=10246"},{"taxonomy":"post_tag","embeddable":true,"href":"https:\/\/www.tsp.at\/en\/wp-json\/wp\/v2\/tags?post=10246"}],"curies":[{"name":"wp","href":"https:\/\/api.w.org\/{rel}","templated":true}]}}