{"id":10250,"date":"2016-06-08T10:08:00","date_gmt":"2016-06-08T08:08:00","guid":{"rendered":"https:\/\/staging.tsp.at\/2016\/06\/08\/safed-labor-in-moedling-feierlich-eroeffnet\/"},"modified":"2025-10-21T14:57:47","modified_gmt":"2025-10-21T12:57:47","slug":"safed-labor-in-moedling-feierlich-eroeffnet","status":"publish","type":"post","link":"https:\/\/www.tsp.at\/en\/2016\/06\/08\/safed-labor-in-moedling-feierlich-eroeffnet\/","title":{"rendered":"SAFED-Labor in M\u00f6dling feierlich er\u00f6ffnet"},"content":{"rendered":"<article class=\"item\">\n<h2><strong>Versuchsanlage lockt Kunden aus ganz Europa nach Nieder\u00f6sterreich<\/strong><\/h2>\n<p>08.06.2016<\/p>\n<\/p>\n<\/p>\n<\/p>\n<\/p>\n<\/p>\n<p class=\"FtxtP\">M\u00f6dling \u2013 <strong><span class=\"FtxtBold\">Kunden und Gesch\u00e4ftspartner aus ganz Europa waren zu Gast bei der feierlichen Er\u00f6ffnung der neuen SAFED-Laborofenanlage im Hause AICHELIN in M\u00f6dling. Sie konnten sich gleich vor Ort von den M\u00f6glichkeiten der Versuchsanlage \u00fcberzeugen und dabei informativen Fachvortr\u00e4gen beiwohnen.\u00a0<\/span><\/strong><a href=\"http:\/\/aichelin.com\/\" rel=\"nofollow\" target=\"_blank\">http:\/\/aichelin.com<\/a><\/p>\n<p class=\"FtxtP\">Der neue SAFED-Drahtgliederband-Laborofen dient k\u00fcnftig als Versuchsanlage f\u00fcr geplante Kundenprojekte. Dr. Peter Schobesberger, Gesch\u00e4ftsf\u00fchrer der AICHELIN-Holding, und Dr. Thomas Dopler, Gesch\u00e4ftsf\u00fchrer der AICHELIN Ges.m.b.H, zeigten sich in ihren Reden erfreut \u00fcber den erfolgreichen Aufbau der SAFED-Abteilung in M\u00f6dling. Zur Einweihung kamen auch Mag. Sonja Zimmermann, Mitglied des Aufsichtsrats und der Eigent\u00fcmerfamilie der Berndorf AG sowie Dr. Peter Pichler, Vorstandsvorsitzender der Berndorf AG.<\/p>\n<p class=\"FtxtP\"><strong><span class=\"FtxtBold\">Tradition verbindet<\/span><\/strong><\/p>\n<p class=\"FtxtP\">Der Betrieb von Versuchsanlagen hat bei SAFED eine lange Tradition. Bei SAFED Suisse in Del\u00e9mont hatten in den letzten 30 Jahren mehr als 1.100 Kunden von der M\u00f6glichkeit Gebrauch gemacht, die W\u00e4rmebehandlung ihrer Produkte vor Ort zu testen. Die \u00f6sterreichische Schwesterfirma AICHELIN \u00fcbernahm 2012 die Produktion und den Vertrieb der SAFED-Neuanlagen. Deshalb war es jetzt an der Zeit, auch in M\u00f6dling einen Laborofen aufzustellen. Die Anlage war bereits drei Jahre bei SAFED Suisse im Einsatz. F\u00fcr die Inbetriebnahme am neuen Standort wurde sie auf den neuesten Stand der Technik gebracht.<\/p>\n<p class=\"FtxtP\"><strong><span class=\"FtxtBold\">1.200 Grad H\u00f6chsttemperatur<\/span><\/strong><\/p>\n<p class=\"FtxtP\">Der Laborofen Typ 12Bd20 eignet sich f\u00fcr verschiedene W\u00e4rmebehandlungsprozesse wie etwa Blankgl\u00fchen und H\u00e4rten unter Schutzgasatmosph\u00e4re, Aufkohlen bzw. Einsatzh\u00e4rten, Warmauslagern sowie Anlassen. Bei einer maximalen Beladung von 30 Kilo pro Laufmeter Band erreicht der Ofen eine H\u00f6chsttemperatur von bis zu 1.200 Grad Celsius. Die Durchlaufzeit betr\u00e4gt zwischen 7,5 und 60 Minuten. Die Begasung kann entweder mit Stickstoff, Endogas, Wasserstoff, Propan, Erdgas oder Luft erfolgen.<\/p>\n<p class=\"FtxtP\">Neben den technischen Details standen bei der Er\u00f6ffnung in M\u00f6dling auch Themen wie Anlagensicherheit und After-Sales-Service im Mittelpunkt. Au\u00dferdem lernten die Kunden das neue Prozessleitsystem FOCOS 4.0 kennen. Das erm\u00f6glicht eine einfache Analyse von W\u00e4rmebehandlungsprozessen in Sekundenschnelle. Abteilungsleiter Martin Preisl pr\u00e4sentierte die neuesten Entwicklungen bei SAFED-Drahtgliederband\u00f6fen und f\u00fchrte die Besucher durch die Fertigungshallen, wo zahlreiche AICHELIN- und SAFED-Anlagen zur Auslieferung bereitstehen.<\/p>\n<p class=\"FtxtP\"><strong><span class=\"FtxtBold\">\u00dcber AICHELIN und SAFED<\/span><\/strong><br \/>Das Schweizer Traditionsunternehmen SAFED ist seit 1936 spezialisiert auf die Entwicklung und Herstellung von W\u00e4rmebehandlungsanlagen f\u00fcr Serienteile aus Eisen- und Nichteisenmetallen in den vielf\u00e4ltigsten Industriezweigen. Seit 2007 ist SAFED Teil der AICHELIN-Gruppe, einem der weltweiten Technologief\u00fchrer f\u00fcr hochwertige Industrieanlagen zur thermischen und thermochemischen W\u00e4rmebehandlung von metallischen Bauteilen. Seit 2013 werden die gr\u00f6\u00dferen SAFED-Anlagen am Standort der AICHELIN Ges.m.b.H. in \u00d6sterreich projektiert, konstruiert und gefertigt. Dies verschafft zus\u00e4tzliche Vorteile wie internationales Know-how, vielf\u00e4ltige L\u00f6sungen und ein hoch-effizientes Au\u00dfendienst- und Serviceteam f\u00fcr alle SAFED-Kunden.<\/p>\n<p class=\"FtxtP\"><strong><span class=\"FtxtBold\">Pressekontakt:<\/span><\/strong><br \/>Aichelin Holding GmbH<br \/>Harald Berger, Leiter Marketing<br \/>Fabriksgasse 3, 2340 M\u00f6dling<br \/>Phone: +43 2236 236 46 &#8211; 210<br \/>Mobile: +43 676 83 646 210<br \/>Mail to: harald.berger@aichelin.com<br \/>Homepage:\u00a0<a href=\"http:\/\/www.aichelin.com\/\" rel=\"nofollow\" target=\"_blank\">http:\/\/www.aichelin.com<\/a><\/p>\n<\/article>\n","protected":false},"excerpt":{"rendered":"<p>Versuchsanlage lockt Kunden aus ganz Europa nach Nieder\u00f6sterreich 08.06.2016 M\u00f6dling \u2013 Kunden und Gesch\u00e4ftspartner aus ganz Europa waren zu Gast bei der feierlichen Er\u00f6ffnung der neuen SAFED-Laborofenanlage im Hause AICHELIN in M\u00f6dling. Sie konnten sich gleich vor Ort von den M\u00f6glichkeiten der Versuchsanlage \u00fcberzeugen und dabei informativen Fachvortr\u00e4gen beiwohnen.\u00a0http:\/\/aichelin.com Der neue SAFED-Drahtgliederband-Laborofen dient k\u00fcnftig als&hellip;<\/p>\n","protected":false},"author":2,"featured_media":10249,"comment_status":"closed","ping_status":"closed","sticky":false,"template":"","format":"standard","meta":{"footnotes":""},"categories":[3],"tags":[],"class_list":["post-10250","post","type-post","status-publish","format-standard","has-post-thumbnail","hentry","category-news","category-3","description-off"],"yoast_head":"<!-- This site is optimized with the Yoast SEO plugin v26.3 - https:\/\/yoast.com\/wordpress\/plugins\/seo\/ -->\n<title>SAFED-Labor in M\u00f6dling feierlich er\u00f6ffnet - Temmel | Seywald - Corporate Communications<\/title>\n<meta name=\"robots\" content=\"index, follow, max-snippet:-1, max-image-preview:large, max-video-preview:-1\" \/>\n<link rel=\"canonical\" href=\"https:\/\/www.tsp.at\/en\/2016\/06\/08\/safed-labor-in-moedling-feierlich-eroeffnet\/\" \/>\n<meta property=\"og:locale\" content=\"en_US\" \/>\n<meta property=\"og:type\" content=\"article\" \/>\n<meta property=\"og:title\" content=\"SAFED-Labor in M\u00f6dling feierlich er\u00f6ffnet - Temmel | Seywald - Corporate Communications\" \/>\n<meta property=\"og:description\" content=\"Versuchsanlage lockt Kunden aus ganz Europa nach Nieder\u00f6sterreich 08.06.2016 M\u00f6dling \u2013 Kunden und Gesch\u00e4ftspartner aus ganz Europa waren zu Gast bei der feierlichen Er\u00f6ffnung der neuen SAFED-Laborofenanlage im Hause AICHELIN in M\u00f6dling. Sie konnten sich gleich vor Ort von den M\u00f6glichkeiten der Versuchsanlage \u00fcberzeugen und dabei informativen Fachvortr\u00e4gen beiwohnen.\u00a0http:\/\/aichelin.com Der neue SAFED-Drahtgliederband-Laborofen dient k\u00fcnftig als&hellip;\" \/>\n<meta property=\"og:url\" content=\"https:\/\/www.tsp.at\/en\/2016\/06\/08\/safed-labor-in-moedling-feierlich-eroeffnet\/\" \/>\n<meta property=\"og:site_name\" content=\"Temmel | Seywald - Corporate Communications\" \/>\n<meta property=\"article:publisher\" content=\"https:\/\/www.facebook.com\/TemmelSeywald\" \/>\n<meta property=\"article:published_time\" content=\"2016-06-08T08:08:00+00:00\" \/>\n<meta property=\"article:modified_time\" content=\"2025-10-21T12:57:47+00:00\" \/>\n<meta property=\"og:image\" content=\"https:\/\/www.tsp.at\/wp-content\/uploads\/2025\/10\/SAFED_AT-scaled.jpg\" \/>\n\t<meta property=\"og:image:width\" content=\"2560\" \/>\n\t<meta property=\"og:image:height\" content=\"1708\" \/>\n\t<meta property=\"og:image:type\" content=\"image\/jpeg\" \/>\n<meta name=\"author\" content=\"TSP Redaktion\" \/>\n<meta name=\"twitter:card\" content=\"summary_large_image\" \/>\n<meta name=\"twitter:label1\" content=\"Written by\" \/>\n\t<meta name=\"twitter:data1\" content=\"TSP Redaktion\" \/>\n\t<meta name=\"twitter:label2\" content=\"Est. reading time\" \/>\n\t<meta name=\"twitter:data2\" content=\"3 minutes\" \/>\n<script type=\"application\/ld+json\" class=\"yoast-schema-graph\">{\"@context\":\"https:\/\/schema.org\",\"@graph\":[{\"@type\":\"Article\",\"@id\":\"https:\/\/www.tsp.at\/en\/2016\/06\/08\/safed-labor-in-moedling-feierlich-eroeffnet\/#article\",\"isPartOf\":{\"@id\":\"https:\/\/www.tsp.at\/en\/2016\/06\/08\/safed-labor-in-moedling-feierlich-eroeffnet\/\"},\"author\":{\"name\":\"TSP Redaktion\",\"@id\":\"https:\/\/www.tsp.at\/en\/#\/schema\/person\/1ba5600c29da17b902b0925cea567f8a\"},\"headline\":\"SAFED-Labor in M\u00f6dling feierlich er\u00f6ffnet\",\"datePublished\":\"2016-06-08T08:08:00+00:00\",\"dateModified\":\"2025-10-21T12:57:47+00:00\",\"mainEntityOfPage\":{\"@id\":\"https:\/\/www.tsp.at\/en\/2016\/06\/08\/safed-labor-in-moedling-feierlich-eroeffnet\/\"},\"wordCount\":489,\"publisher\":{\"@id\":\"https:\/\/www.tsp.at\/en\/#organization\"},\"image\":{\"@id\":\"https:\/\/www.tsp.at\/en\/2016\/06\/08\/safed-labor-in-moedling-feierlich-eroeffnet\/#primaryimage\"},\"thumbnailUrl\":\"https:\/\/www.tsp.at\/wp-content\/uploads\/2025\/10\/SAFED_AT-scaled.jpg\",\"articleSection\":[\"News\"],\"inLanguage\":\"en-US\"},{\"@type\":\"WebPage\",\"@id\":\"https:\/\/www.tsp.at\/en\/2016\/06\/08\/safed-labor-in-moedling-feierlich-eroeffnet\/\",\"url\":\"https:\/\/www.tsp.at\/en\/2016\/06\/08\/safed-labor-in-moedling-feierlich-eroeffnet\/\",\"name\":\"SAFED-Labor in M\u00f6dling feierlich er\u00f6ffnet - Temmel | Seywald - Corporate Communications\",\"isPartOf\":{\"@id\":\"https:\/\/www.tsp.at\/en\/#website\"},\"primaryImageOfPage\":{\"@id\":\"https:\/\/www.tsp.at\/en\/2016\/06\/08\/safed-labor-in-moedling-feierlich-eroeffnet\/#primaryimage\"},\"image\":{\"@id\":\"https:\/\/www.tsp.at\/en\/2016\/06\/08\/safed-labor-in-moedling-feierlich-eroeffnet\/#primaryimage\"},\"thumbnailUrl\":\"https:\/\/www.tsp.at\/wp-content\/uploads\/2025\/10\/SAFED_AT-scaled.jpg\",\"datePublished\":\"2016-06-08T08:08:00+00:00\",\"dateModified\":\"2025-10-21T12:57:47+00:00\",\"breadcrumb\":{\"@id\":\"https:\/\/www.tsp.at\/en\/2016\/06\/08\/safed-labor-in-moedling-feierlich-eroeffnet\/#breadcrumb\"},\"inLanguage\":\"en-US\",\"potentialAction\":[{\"@type\":\"ReadAction\",\"target\":[\"https:\/\/www.tsp.at\/en\/2016\/06\/08\/safed-labor-in-moedling-feierlich-eroeffnet\/\"]}]},{\"@type\":\"ImageObject\",\"inLanguage\":\"en-US\",\"@id\":\"https:\/\/www.tsp.at\/en\/2016\/06\/08\/safed-labor-in-moedling-feierlich-eroeffnet\/#primaryimage\",\"url\":\"https:\/\/www.tsp.at\/wp-content\/uploads\/2025\/10\/SAFED_AT-scaled.jpg\",\"contentUrl\":\"https:\/\/www.tsp.at\/wp-content\/uploads\/2025\/10\/SAFED_AT-scaled.jpg\",\"width\":2560,\"height\":1708},{\"@type\":\"BreadcrumbList\",\"@id\":\"https:\/\/www.tsp.at\/en\/2016\/06\/08\/safed-labor-in-moedling-feierlich-eroeffnet\/#breadcrumb\",\"itemListElement\":[{\"@type\":\"ListItem\",\"position\":1,\"name\":\"Startseite\",\"item\":\"https:\/\/www.tsp.at\/en\/\"},{\"@type\":\"ListItem\",\"position\":2,\"name\":\"SAFED-Labor in M\u00f6dling feierlich er\u00f6ffnet\"}]},{\"@type\":\"WebSite\",\"@id\":\"https:\/\/www.tsp.at\/en\/#website\",\"url\":\"https:\/\/www.tsp.at\/en\/\",\"name\":\"Temmel | Seywald - Corporate Communications\",\"description\":\"Kommunikation ist Beziehungsarbeit\",\"publisher\":{\"@id\":\"https:\/\/www.tsp.at\/en\/#organization\"},\"potentialAction\":[{\"@type\":\"SearchAction\",\"target\":{\"@type\":\"EntryPoint\",\"urlTemplate\":\"https:\/\/www.tsp.at\/en\/?s={search_term_string}\"},\"query-input\":{\"@type\":\"PropertyValueSpecification\",\"valueRequired\":true,\"valueName\":\"search_term_string\"}}],\"inLanguage\":\"en-US\"},{\"@type\":\"Organization\",\"@id\":\"https:\/\/www.tsp.at\/en\/#organization\",\"name\":\"Temmel, Seywald & Partner Communications GesmbH\",\"alternateName\":\"TSP\",\"url\":\"https:\/\/www.tsp.at\/en\/\",\"logo\":{\"@type\":\"ImageObject\",\"inLanguage\":\"en-US\",\"@id\":\"https:\/\/www.tsp.at\/en\/#\/schema\/logo\/image\/\",\"url\":\"https:\/\/www.tsp.at\/wp-content\/uploads\/2025\/10\/favicontsp.png\",\"contentUrl\":\"https:\/\/www.tsp.at\/wp-content\/uploads\/2025\/10\/favicontsp.png\",\"width\":125,\"height\":125,\"caption\":\"Temmel, Seywald & Partner Communications GesmbH\"},\"image\":{\"@id\":\"https:\/\/www.tsp.at\/en\/#\/schema\/logo\/image\/\"},\"sameAs\":[\"https:\/\/www.facebook.com\/TemmelSeywald\"]},{\"@type\":\"Person\",\"@id\":\"https:\/\/www.tsp.at\/en\/#\/schema\/person\/1ba5600c29da17b902b0925cea567f8a\",\"name\":\"TSP Redaktion\"}]}<\/script>\n<!-- \/ Yoast SEO plugin. -->","yoast_head_json":{"title":"SAFED-Labor in M\u00f6dling feierlich er\u00f6ffnet - Temmel | Seywald - Corporate Communications","robots":{"index":"index","follow":"follow","max-snippet":"max-snippet:-1","max-image-preview":"max-image-preview:large","max-video-preview":"max-video-preview:-1"},"canonical":"https:\/\/www.tsp.at\/en\/2016\/06\/08\/safed-labor-in-moedling-feierlich-eroeffnet\/","og_locale":"en_US","og_type":"article","og_title":"SAFED-Labor in M\u00f6dling feierlich er\u00f6ffnet - Temmel | Seywald - Corporate Communications","og_description":"Versuchsanlage lockt Kunden aus ganz Europa nach Nieder\u00f6sterreich 08.06.2016 M\u00f6dling \u2013 Kunden und Gesch\u00e4ftspartner aus ganz Europa waren zu Gast bei der feierlichen Er\u00f6ffnung der neuen SAFED-Laborofenanlage im Hause AICHELIN in M\u00f6dling. Sie konnten sich gleich vor Ort von den M\u00f6glichkeiten der Versuchsanlage \u00fcberzeugen und dabei informativen Fachvortr\u00e4gen beiwohnen.\u00a0http:\/\/aichelin.com Der neue SAFED-Drahtgliederband-Laborofen dient k\u00fcnftig als&hellip;","og_url":"https:\/\/www.tsp.at\/en\/2016\/06\/08\/safed-labor-in-moedling-feierlich-eroeffnet\/","og_site_name":"Temmel | Seywald - Corporate Communications","article_publisher":"https:\/\/www.facebook.com\/TemmelSeywald","article_published_time":"2016-06-08T08:08:00+00:00","article_modified_time":"2025-10-21T12:57:47+00:00","og_image":[{"width":2560,"height":1708,"url":"https:\/\/www.tsp.at\/wp-content\/uploads\/2025\/10\/SAFED_AT-scaled.jpg","type":"image\/jpeg"}],"author":"TSP Redaktion","twitter_card":"summary_large_image","twitter_misc":{"Written by":"TSP Redaktion","Est. reading time":"3 minutes"},"schema":{"@context":"https:\/\/schema.org","@graph":[{"@type":"Article","@id":"https:\/\/www.tsp.at\/en\/2016\/06\/08\/safed-labor-in-moedling-feierlich-eroeffnet\/#article","isPartOf":{"@id":"https:\/\/www.tsp.at\/en\/2016\/06\/08\/safed-labor-in-moedling-feierlich-eroeffnet\/"},"author":{"name":"TSP Redaktion","@id":"https:\/\/www.tsp.at\/en\/#\/schema\/person\/1ba5600c29da17b902b0925cea567f8a"},"headline":"SAFED-Labor in M\u00f6dling feierlich er\u00f6ffnet","datePublished":"2016-06-08T08:08:00+00:00","dateModified":"2025-10-21T12:57:47+00:00","mainEntityOfPage":{"@id":"https:\/\/www.tsp.at\/en\/2016\/06\/08\/safed-labor-in-moedling-feierlich-eroeffnet\/"},"wordCount":489,"publisher":{"@id":"https:\/\/www.tsp.at\/en\/#organization"},"image":{"@id":"https:\/\/www.tsp.at\/en\/2016\/06\/08\/safed-labor-in-moedling-feierlich-eroeffnet\/#primaryimage"},"thumbnailUrl":"https:\/\/www.tsp.at\/wp-content\/uploads\/2025\/10\/SAFED_AT-scaled.jpg","articleSection":["News"],"inLanguage":"en-US"},{"@type":"WebPage","@id":"https:\/\/www.tsp.at\/en\/2016\/06\/08\/safed-labor-in-moedling-feierlich-eroeffnet\/","url":"https:\/\/www.tsp.at\/en\/2016\/06\/08\/safed-labor-in-moedling-feierlich-eroeffnet\/","name":"SAFED-Labor in M\u00f6dling feierlich er\u00f6ffnet - Temmel | Seywald - Corporate Communications","isPartOf":{"@id":"https:\/\/www.tsp.at\/en\/#website"},"primaryImageOfPage":{"@id":"https:\/\/www.tsp.at\/en\/2016\/06\/08\/safed-labor-in-moedling-feierlich-eroeffnet\/#primaryimage"},"image":{"@id":"https:\/\/www.tsp.at\/en\/2016\/06\/08\/safed-labor-in-moedling-feierlich-eroeffnet\/#primaryimage"},"thumbnailUrl":"https:\/\/www.tsp.at\/wp-content\/uploads\/2025\/10\/SAFED_AT-scaled.jpg","datePublished":"2016-06-08T08:08:00+00:00","dateModified":"2025-10-21T12:57:47+00:00","breadcrumb":{"@id":"https:\/\/www.tsp.at\/en\/2016\/06\/08\/safed-labor-in-moedling-feierlich-eroeffnet\/#breadcrumb"},"inLanguage":"en-US","potentialAction":[{"@type":"ReadAction","target":["https:\/\/www.tsp.at\/en\/2016\/06\/08\/safed-labor-in-moedling-feierlich-eroeffnet\/"]}]},{"@type":"ImageObject","inLanguage":"en-US","@id":"https:\/\/www.tsp.at\/en\/2016\/06\/08\/safed-labor-in-moedling-feierlich-eroeffnet\/#primaryimage","url":"https:\/\/www.tsp.at\/wp-content\/uploads\/2025\/10\/SAFED_AT-scaled.jpg","contentUrl":"https:\/\/www.tsp.at\/wp-content\/uploads\/2025\/10\/SAFED_AT-scaled.jpg","width":2560,"height":1708},{"@type":"BreadcrumbList","@id":"https:\/\/www.tsp.at\/en\/2016\/06\/08\/safed-labor-in-moedling-feierlich-eroeffnet\/#breadcrumb","itemListElement":[{"@type":"ListItem","position":1,"name":"Startseite","item":"https:\/\/www.tsp.at\/en\/"},{"@type":"ListItem","position":2,"name":"SAFED-Labor in M\u00f6dling feierlich er\u00f6ffnet"}]},{"@type":"WebSite","@id":"https:\/\/www.tsp.at\/en\/#website","url":"https:\/\/www.tsp.at\/en\/","name":"Temmel | Seywald - Corporate Communications","description":"Kommunikation ist Beziehungsarbeit","publisher":{"@id":"https:\/\/www.tsp.at\/en\/#organization"},"potentialAction":[{"@type":"SearchAction","target":{"@type":"EntryPoint","urlTemplate":"https:\/\/www.tsp.at\/en\/?s={search_term_string}"},"query-input":{"@type":"PropertyValueSpecification","valueRequired":true,"valueName":"search_term_string"}}],"inLanguage":"en-US"},{"@type":"Organization","@id":"https:\/\/www.tsp.at\/en\/#organization","name":"Temmel, Seywald & Partner Communications GesmbH","alternateName":"TSP","url":"https:\/\/www.tsp.at\/en\/","logo":{"@type":"ImageObject","inLanguage":"en-US","@id":"https:\/\/www.tsp.at\/en\/#\/schema\/logo\/image\/","url":"https:\/\/www.tsp.at\/wp-content\/uploads\/2025\/10\/favicontsp.png","contentUrl":"https:\/\/www.tsp.at\/wp-content\/uploads\/2025\/10\/favicontsp.png","width":125,"height":125,"caption":"Temmel, Seywald & Partner Communications GesmbH"},"image":{"@id":"https:\/\/www.tsp.at\/en\/#\/schema\/logo\/image\/"},"sameAs":["https:\/\/www.facebook.com\/TemmelSeywald"]},{"@type":"Person","@id":"https:\/\/www.tsp.at\/en\/#\/schema\/person\/1ba5600c29da17b902b0925cea567f8a","name":"TSP Redaktion"}]}},"_links":{"self":[{"href":"https:\/\/www.tsp.at\/en\/wp-json\/wp\/v2\/posts\/10250","targetHints":{"allow":["GET"]}}],"collection":[{"href":"https:\/\/www.tsp.at\/en\/wp-json\/wp\/v2\/posts"}],"about":[{"href":"https:\/\/www.tsp.at\/en\/wp-json\/wp\/v2\/types\/post"}],"author":[{"embeddable":true,"href":"https:\/\/www.tsp.at\/en\/wp-json\/wp\/v2\/users\/2"}],"replies":[{"embeddable":true,"href":"https:\/\/www.tsp.at\/en\/wp-json\/wp\/v2\/comments?post=10250"}],"version-history":[{"count":1,"href":"https:\/\/www.tsp.at\/en\/wp-json\/wp\/v2\/posts\/10250\/revisions"}],"predecessor-version":[{"id":11535,"href":"https:\/\/www.tsp.at\/en\/wp-json\/wp\/v2\/posts\/10250\/revisions\/11535"}],"wp:featuredmedia":[{"embeddable":true,"href":"https:\/\/www.tsp.at\/en\/wp-json\/wp\/v2\/media\/10249"}],"wp:attachment":[{"href":"https:\/\/www.tsp.at\/en\/wp-json\/wp\/v2\/media?parent=10250"}],"wp:term":[{"taxonomy":"category","embeddable":true,"href":"https:\/\/www.tsp.at\/en\/wp-json\/wp\/v2\/categories?post=10250"},{"taxonomy":"post_tag","embeddable":true,"href":"https:\/\/www.tsp.at\/en\/wp-json\/wp\/v2\/tags?post=10250"}],"curies":[{"name":"wp","href":"https:\/\/api.w.org\/{rel}","templated":true}]}}