{"id":10262,"date":"2016-05-06T17:08:00","date_gmt":"2016-05-06T15:08:00","guid":{"rendered":"https:\/\/staging.tsp.at\/2016\/05\/06\/die-grenzen-europas-ab-12-mai-in-fresach\/"},"modified":"2025-10-21T14:57:48","modified_gmt":"2025-10-21T12:57:48","slug":"die-grenzen-europas-ab-12-mai-in-fresach","status":"publish","type":"post","link":"https:\/\/www.tsp.at\/en\/2016\/05\/06\/die-grenzen-europas-ab-12-mai-in-fresach\/","title":{"rendered":"Die Grenzen Europas ab 12. Mai in Fresach"},"content":{"rendered":"<article class=\"item\">\n<h2><strong>Europ\u00e4ische Toleranzgespr\u00e4che 2016 zu Klimawandel und Migration<br \/>\n<\/strong><\/h2>\n<p>06.05.2016<\/p>\n<\/p>\n<\/p>\n<\/p>\n<\/p>\n<\/p>\n<p class=\"FtxtP\">Villach \u2013 <strong><span class=\"FtxtBold\">&#8220;Die Grenzen Europas und die Folgen des Klimawandels&#8221; stehen im Mittelpunkt der dreit\u00e4gigen Europ\u00e4ischen Toleranzgespr\u00e4che 2016, die ab kommenden Donnerstag vor Pfingsten im K\u00e4rntner Bergdorf Fresach stattfinden. Die Er\u00f6ffnung erfolgt Mittwoch abend (11.5.) mit Landeshauptmann Peter Kaiser und B\u00fcrgermeister G\u00fcnther Albel in Villach. Knapp 50 Top-Autoren, Umweltforscher\/innen und Migrationsexperten werden erwartet, unter anderem UNDP-Exekutivdirektor a.D. Klaus T\u00f6pfer und der US-B\u00fcrgerrechler Stephen Bradberry.\u00a0<\/span>Tickets unter<a href=\"http:\/\/www.fresach.org\/\" rel=\"nofollow\" target=\"_blank\">http:\/\/www.fresach.org<\/a>\u00a0oder Tel. 0699-11063656.<\/strong><\/p>\n<p class=\"FtxtP\">Das Dialogforum wendet sich vor allem an Gemeinden, Politiker, Bildungs- und Integrationsverantwortliche in der Verwaltung, die sich mit den Folgen der globalen Umweltver\u00e4nderungen auf lokaler Ebene besch\u00e4ftigen m\u00fcssen. &#8220;Flucht, Migration und Klimawandel sind keine neuen Ph\u00e4nomene, sie stehen vielmehr in einem direkten Zusammenhang mit der fortschreitenden industriellen Ausbeutung der Natur&#8221;, sagt der Pr\u00e4sident des Kuratoriums der Europ\u00e4ischen Toleranzgespr\u00e4che, Hannes Swoboda. &#8220;Wenn wir etwas \u00e4ndern wollen, m\u00fcssen wir die Ursachen bewusst machen.&#8221;<\/p>\n<p class=\"FtxtP\"><strong><span class=\"FtxtBold\">Er\u00f6ffnung mit Prof. Klaus T\u00f6pfer<\/span><\/strong><\/p>\n<p class=\"FtxtP\">Die Er\u00f6ffnungsrede 2016 wird der ehemalige deutsche Umweltminister und Chef des Umweltprogramms der Vereinten Nationen, Prof. Klaus T\u00f6pfer halten (12.5.). T\u00f6pfer ist ein scharfer Kritiker des sorglosen Umgangs mit den Naturressourcen und verweist darauf, dass Klimaschutz auch aktive Friedenspolitik ist.\u00a0<a href=\"http:\/\/www.pressetext.com\/news\/20160316003\" rel=\"nofollow\" target=\"_blank\">http:\/\/www.pressetext.com\/news\/20160316003<\/a><\/p>\n<p class=\"FtxtP\">Der amerikanische B\u00fcrgerrechtler und Robert F. Kennedy Preistr\u00e4ger Stephen Bradberry wird am Freitag (13.5.) sprechen. Er sieht im westlichen Turbokapitalismus eine der Hauptursachen f\u00fcr den versch\u00e4rften Klimawandel. Katastrophen wie die \u00d6lpest im Golf von Mexiko oder der Hurrican Kathrina w\u00fcrden auch durch falsche Politik verursacht.<a href=\"http:\/\/www.pressetext.com\/news\/20160420002\" rel=\"nofollow\" target=\"_blank\">http:\/\/www.pressetext.com\/news\/20160420002<\/a><\/p>\n<p class=\"FtxtP\"><strong><span class=\"FtxtBold\">L\u00f6sungen f\u00fcr die Zukunft gefragt<\/span><\/strong><\/p>\n<p class=\"FtxtP\">In Fresach werden aber nicht nur wunde Punkte der Weltwirtschaftsentwicklung aufgezeigt, sondern auch L\u00f6sungen diskutiert. So etwa wird der Physiker Niyazi Serdar Sariciftci von der Universit\u00e4t Linz Szenarien f\u00fcr eine bessere Welt ohne (neue) Grenzen aufzeigen. Donnerstag nachmittag stehen die Kosten des Klimawandels auf dem Programm, mit Umwelthistorikerin Verena Winiwarter von der Universit\u00e4t Klagenfurt, der Klimaforscherin Helga Kromp-Kolb, dem Volkswirtschafter Karl Steininger und dem Umweltrisiko-\u00d6konomen Franz Prettenthaler.<\/p>\n<p class=\"FtxtP\">Danach folgt eine Diskussion \u00fcber m\u00f6gliche Strategien gegen die V\u00f6lkerwanderung, mit dem Rechtsphilosophen Reinhard Merkel, dem Afrika-Experten Harald Stoisser und dem Kulturphilosophen Pravo Mazumdar. Weitere Highlights sind ein Climate Reality Referat von US-Senator Marc R. Pacheco und ein &#8220;Schmerz-Workshop&#8221; mit dem bekannten Wiener Neurologen und Schriftsteller Harald Kollegger.<\/p>\n<p class=\"FtxtP\">Am Freitag (13.5.) diskutiert eine Strategie-Runde \u00fcber &#8220;Europa im Dilemma, Klimafl\u00fcchtlinge und die Grenzen des Zumutbaren&#8221;, darunter der Wirtschaftswissenschafter Henning V\u00f6pel vom Hamburger Weltwirtschaftsinstitut. Zu Mittag kann man in einem Workshop die Grundlagen f\u00fcr &#8220;Gelungene Begegnungen&#8221; erfahren. Im Toleranzforum am Nachmittag stehen &#8220;Praktische Tipps f\u00fcr ein besseres Zusammenleben&#8221; mit dem Integrationsprofi Bernhard Perchinig auf dem Programm. Der Migrationsexperte Peter Huber spricht \u00fcber die Chancen und Risiken der Integration auf dem Arbeitsmarkt. Den Abschluss bildet eine Diskussion \u00fcber die Voraussetzungen f\u00fcr Integration u.a. mit Hubert Stotter von der Diakonie K\u00e4rnten.<\/p>\n<p class=\"FtxtP\"><strong><span class=\"FtxtBold\">Internationale Autoren zur Bestandsaufnahme<\/span><\/strong><\/p>\n<p class=\"FtxtP\">Jede Diskussion wird mit einem Gedicht er\u00f6ffnet. PEN-Pr\u00e4sident Helmuth A. Niederle pr\u00e4sentiert in Fresach eine Reihe von internationalen Top-Schriftstellern, so u.a. Nahid Bagheri-Goldschmied (Iran), Hassan Baroud (\u00c4gypten), Seher Cakir (T\u00fcrkei), Lev Detela (Slowenien), Ishraga Mustafa Hamid (Sudan), Aftab Hussain, Sarita Jenamani (Indien), Chibo Onyeji (Nigeria) und Serafettin Yildiz (\u00d6sterreich). &#8220;F\u00fcr uns ist Fresach eine M\u00f6glichkeit zur Bestandsaufnahme. Diese Autor\/innen werden uns zeigen, wo wir heute in Europa stehen. Und wohin wir gehen k\u00f6nnen.&#8221;<\/p>\n<p class=\"FtxtP\"><strong><span class=\"FtxtBold\">Unterhaltung am Abend<\/span><\/strong><\/p>\n<p class=\"FtxtP\">Das anspruchsvolle Programm der Europ\u00e4ischen Toleranzgespr\u00e4che 2016 wird mit Ethno-Jazz und Kabarett umrahmt. H\u00f6hepunkte sind ein Konzert von Karen Asatrian (Echoes from Armenia, 12.5.) samt Rede an die Nation (Franz Ferdinand Kratzl) und ein Kabarett-Auftritt von Thomas Maurer (Der Tolerator, 13.5.). Den Abschluss bildet ein Poetry Slam am Samstag 14. Mai zum Thema &#8220;Ausgrenzen, eingrenzen, umgrenzen. 5 Minuten bis zur Grenze. 5 Minuten grenzenlos frei.&#8221; Verantwortlich f\u00fcr das Gesamtprogramm ist der Denk.Raum.Fresach.\u00a0<a href=\"http:\/\/www.fresach.org\/\" rel=\"nofollow\" target=\"_blank\">http:\/\/www.fresach.org<\/a><\/p>\n<p class=\"FtxtP\"><strong><span class=\"FtxtBold\">Viel Unterst\u00fctzung<\/span><\/strong><\/p>\n<p class=\"FtxtP\">Die Europ\u00e4ischen Toleranzgespr\u00e4che 2016 werden von zahlreichen F\u00f6rderern, Organisationen und Institutionen unterst\u00fctzt, allen voran vom Schriftstellerverband PEN-Club Austria, der Stadt Villach, Land K\u00e4rnten, Bundeskanzleramt und Au\u00dfenministerium.<\/p>\n<p class=\"FtxtP\"><span class=\"FtxtBold\">Presseakkreditierung:<\/span>\u00a0<br \/>F\u00fcr Medienvertreter\/innen gibt es Pressekarten und eigene \u00dcbernachtungsm\u00f6glichkeiten in Fresach. Information: Mag. Sebastian K\u00f6berl MSc, Tel. 0650-8635480<\/p>\n<p class=\"FtxtP\"><strong><span class=\"FtxtBold\">Pressekontakt:\u00a0<\/span><\/strong><br \/>Dr. Wilfried Seywald, presse@fresach.org, Tel. 0699-18114006<\/p>\n<p class=\"FtxtP\">Fotos ab 12. Mai auf:\u00a0<a href=\"http:\/\/www.fotodienst.at\/\" rel=\"nofollow\" target=\"_blank\">http:\/\/www.fotodienst.at<\/a><\/p>\n<\/article>\n","protected":false},"excerpt":{"rendered":"<p>Europ\u00e4ische Toleranzgespr\u00e4che 2016 zu Klimawandel und Migration 06.05.2016 Villach \u2013 &#8220;Die Grenzen Europas und die Folgen des Klimawandels&#8221; stehen im Mittelpunkt der dreit\u00e4gigen Europ\u00e4ischen Toleranzgespr\u00e4che 2016, die ab kommenden Donnerstag vor Pfingsten im K\u00e4rntner Bergdorf Fresach stattfinden. Die Er\u00f6ffnung erfolgt Mittwoch abend (11.5.) mit Landeshauptmann Peter Kaiser und B\u00fcrgermeister G\u00fcnther Albel in Villach. Knapp 50&hellip;<\/p>\n","protected":false},"author":2,"featured_media":10261,"comment_status":"closed","ping_status":"closed","sticky":false,"template":"","format":"standard","meta":{"footnotes":""},"categories":[3],"tags":[],"class_list":["post-10262","post","type-post","status-publish","format-standard","has-post-thumbnail","hentry","category-news","category-3","description-off"],"yoast_head":"<!-- This site is optimized with the Yoast SEO plugin v26.3 - https:\/\/yoast.com\/wordpress\/plugins\/seo\/ -->\n<title>Die Grenzen Europas ab 12. Mai in Fresach - Temmel | Seywald - Corporate Communications<\/title>\n<meta name=\"robots\" content=\"index, follow, max-snippet:-1, max-image-preview:large, max-video-preview:-1\" \/>\n<link rel=\"canonical\" href=\"https:\/\/www.tsp.at\/en\/2016\/05\/06\/die-grenzen-europas-ab-12-mai-in-fresach\/\" \/>\n<meta property=\"og:locale\" content=\"en_US\" \/>\n<meta property=\"og:type\" content=\"article\" \/>\n<meta property=\"og:title\" content=\"Die Grenzen Europas ab 12. Mai in Fresach - Temmel | Seywald - Corporate Communications\" \/>\n<meta property=\"og:description\" content=\"Europ\u00e4ische Toleranzgespr\u00e4che 2016 zu Klimawandel und Migration 06.05.2016 Villach \u2013 &#8220;Die Grenzen Europas und die Folgen des Klimawandels&#8221; stehen im Mittelpunkt der dreit\u00e4gigen Europ\u00e4ischen Toleranzgespr\u00e4che 2016, die ab kommenden Donnerstag vor Pfingsten im K\u00e4rntner Bergdorf Fresach stattfinden. Die Er\u00f6ffnung erfolgt Mittwoch abend (11.5.) mit Landeshauptmann Peter Kaiser und B\u00fcrgermeister G\u00fcnther Albel in Villach. Knapp 50&hellip;\" \/>\n<meta property=\"og:url\" content=\"https:\/\/www.tsp.at\/en\/2016\/05\/06\/die-grenzen-europas-ab-12-mai-in-fresach\/\" \/>\n<meta property=\"og:site_name\" content=\"Temmel | Seywald - Corporate Communications\" \/>\n<meta property=\"article:publisher\" content=\"https:\/\/www.facebook.com\/TemmelSeywald\" \/>\n<meta property=\"article:published_time\" content=\"2016-05-06T15:08:00+00:00\" \/>\n<meta property=\"article:modified_time\" content=\"2025-10-21T12:57:48+00:00\" \/>\n<meta property=\"og:image\" content=\"https:\/\/www.tsp.at\/wp-content\/uploads\/2025\/10\/1_19.jpg\" \/>\n\t<meta property=\"og:image:width\" content=\"1670\" \/>\n\t<meta property=\"og:image:height\" content=\"1830\" \/>\n\t<meta property=\"og:image:type\" content=\"image\/jpeg\" \/>\n<meta name=\"author\" content=\"TSP Redaktion\" \/>\n<meta name=\"twitter:card\" content=\"summary_large_image\" \/>\n<meta name=\"twitter:label1\" content=\"Written by\" \/>\n\t<meta name=\"twitter:data1\" content=\"TSP Redaktion\" \/>\n\t<meta name=\"twitter:label2\" content=\"Est. reading time\" \/>\n\t<meta name=\"twitter:data2\" content=\"4 minutes\" \/>\n<script type=\"application\/ld+json\" class=\"yoast-schema-graph\">{\"@context\":\"https:\/\/schema.org\",\"@graph\":[{\"@type\":\"Article\",\"@id\":\"https:\/\/www.tsp.at\/en\/2016\/05\/06\/die-grenzen-europas-ab-12-mai-in-fresach\/#article\",\"isPartOf\":{\"@id\":\"https:\/\/www.tsp.at\/en\/2016\/05\/06\/die-grenzen-europas-ab-12-mai-in-fresach\/\"},\"author\":{\"name\":\"TSP Redaktion\",\"@id\":\"https:\/\/www.tsp.at\/en\/#\/schema\/person\/1ba5600c29da17b902b0925cea567f8a\"},\"headline\":\"Die Grenzen Europas ab 12. Mai in Fresach\",\"datePublished\":\"2016-05-06T15:08:00+00:00\",\"dateModified\":\"2025-10-21T12:57:48+00:00\",\"mainEntityOfPage\":{\"@id\":\"https:\/\/www.tsp.at\/en\/2016\/05\/06\/die-grenzen-europas-ab-12-mai-in-fresach\/\"},\"wordCount\":742,\"publisher\":{\"@id\":\"https:\/\/www.tsp.at\/en\/#organization\"},\"image\":{\"@id\":\"https:\/\/www.tsp.at\/en\/2016\/05\/06\/die-grenzen-europas-ab-12-mai-in-fresach\/#primaryimage\"},\"thumbnailUrl\":\"https:\/\/www.tsp.at\/wp-content\/uploads\/2025\/10\/1_19.jpg\",\"articleSection\":[\"News\"],\"inLanguage\":\"en-US\"},{\"@type\":\"WebPage\",\"@id\":\"https:\/\/www.tsp.at\/en\/2016\/05\/06\/die-grenzen-europas-ab-12-mai-in-fresach\/\",\"url\":\"https:\/\/www.tsp.at\/en\/2016\/05\/06\/die-grenzen-europas-ab-12-mai-in-fresach\/\",\"name\":\"Die Grenzen Europas ab 12. Mai in Fresach - Temmel | Seywald - Corporate Communications\",\"isPartOf\":{\"@id\":\"https:\/\/www.tsp.at\/en\/#website\"},\"primaryImageOfPage\":{\"@id\":\"https:\/\/www.tsp.at\/en\/2016\/05\/06\/die-grenzen-europas-ab-12-mai-in-fresach\/#primaryimage\"},\"image\":{\"@id\":\"https:\/\/www.tsp.at\/en\/2016\/05\/06\/die-grenzen-europas-ab-12-mai-in-fresach\/#primaryimage\"},\"thumbnailUrl\":\"https:\/\/www.tsp.at\/wp-content\/uploads\/2025\/10\/1_19.jpg\",\"datePublished\":\"2016-05-06T15:08:00+00:00\",\"dateModified\":\"2025-10-21T12:57:48+00:00\",\"breadcrumb\":{\"@id\":\"https:\/\/www.tsp.at\/en\/2016\/05\/06\/die-grenzen-europas-ab-12-mai-in-fresach\/#breadcrumb\"},\"inLanguage\":\"en-US\",\"potentialAction\":[{\"@type\":\"ReadAction\",\"target\":[\"https:\/\/www.tsp.at\/en\/2016\/05\/06\/die-grenzen-europas-ab-12-mai-in-fresach\/\"]}]},{\"@type\":\"ImageObject\",\"inLanguage\":\"en-US\",\"@id\":\"https:\/\/www.tsp.at\/en\/2016\/05\/06\/die-grenzen-europas-ab-12-mai-in-fresach\/#primaryimage\",\"url\":\"https:\/\/www.tsp.at\/wp-content\/uploads\/2025\/10\/1_19.jpg\",\"contentUrl\":\"https:\/\/www.tsp.at\/wp-content\/uploads\/2025\/10\/1_19.jpg\",\"width\":1670,\"height\":1830,\"caption\":\"Das Motiv der Europ\u00e4ischen Toleranzgespr\u00e4che 2016 symbolisiert einen fl\u00fcchtenden Menschen. Um das Bewusstmachen der Ursachen von Armut, Hunger, Krieg und Flucht geht es in dem Dialogforum im K\u00e4rntner Bergdorf Fresach\"},{\"@type\":\"BreadcrumbList\",\"@id\":\"https:\/\/www.tsp.at\/en\/2016\/05\/06\/die-grenzen-europas-ab-12-mai-in-fresach\/#breadcrumb\",\"itemListElement\":[{\"@type\":\"ListItem\",\"position\":1,\"name\":\"Startseite\",\"item\":\"https:\/\/www.tsp.at\/en\/\"},{\"@type\":\"ListItem\",\"position\":2,\"name\":\"Die Grenzen Europas ab 12. Mai in Fresach\"}]},{\"@type\":\"WebSite\",\"@id\":\"https:\/\/www.tsp.at\/en\/#website\",\"url\":\"https:\/\/www.tsp.at\/en\/\",\"name\":\"Temmel | Seywald - Corporate Communications\",\"description\":\"Kommunikation ist Beziehungsarbeit\",\"publisher\":{\"@id\":\"https:\/\/www.tsp.at\/en\/#organization\"},\"potentialAction\":[{\"@type\":\"SearchAction\",\"target\":{\"@type\":\"EntryPoint\",\"urlTemplate\":\"https:\/\/www.tsp.at\/en\/?s={search_term_string}\"},\"query-input\":{\"@type\":\"PropertyValueSpecification\",\"valueRequired\":true,\"valueName\":\"search_term_string\"}}],\"inLanguage\":\"en-US\"},{\"@type\":\"Organization\",\"@id\":\"https:\/\/www.tsp.at\/en\/#organization\",\"name\":\"Temmel, Seywald & Partner Communications GesmbH\",\"alternateName\":\"TSP\",\"url\":\"https:\/\/www.tsp.at\/en\/\",\"logo\":{\"@type\":\"ImageObject\",\"inLanguage\":\"en-US\",\"@id\":\"https:\/\/www.tsp.at\/en\/#\/schema\/logo\/image\/\",\"url\":\"https:\/\/www.tsp.at\/wp-content\/uploads\/2025\/10\/favicontsp.png\",\"contentUrl\":\"https:\/\/www.tsp.at\/wp-content\/uploads\/2025\/10\/favicontsp.png\",\"width\":125,\"height\":125,\"caption\":\"Temmel, Seywald & Partner Communications GesmbH\"},\"image\":{\"@id\":\"https:\/\/www.tsp.at\/en\/#\/schema\/logo\/image\/\"},\"sameAs\":[\"https:\/\/www.facebook.com\/TemmelSeywald\"]},{\"@type\":\"Person\",\"@id\":\"https:\/\/www.tsp.at\/en\/#\/schema\/person\/1ba5600c29da17b902b0925cea567f8a\",\"name\":\"TSP Redaktion\"}]}<\/script>\n<!-- \/ Yoast SEO plugin. -->","yoast_head_json":{"title":"Die Grenzen Europas ab 12. Mai in Fresach - Temmel | Seywald - Corporate Communications","robots":{"index":"index","follow":"follow","max-snippet":"max-snippet:-1","max-image-preview":"max-image-preview:large","max-video-preview":"max-video-preview:-1"},"canonical":"https:\/\/www.tsp.at\/en\/2016\/05\/06\/die-grenzen-europas-ab-12-mai-in-fresach\/","og_locale":"en_US","og_type":"article","og_title":"Die Grenzen Europas ab 12. Mai in Fresach - Temmel | Seywald - Corporate Communications","og_description":"Europ\u00e4ische Toleranzgespr\u00e4che 2016 zu Klimawandel und Migration 06.05.2016 Villach \u2013 &#8220;Die Grenzen Europas und die Folgen des Klimawandels&#8221; stehen im Mittelpunkt der dreit\u00e4gigen Europ\u00e4ischen Toleranzgespr\u00e4che 2016, die ab kommenden Donnerstag vor Pfingsten im K\u00e4rntner Bergdorf Fresach stattfinden. Die Er\u00f6ffnung erfolgt Mittwoch abend (11.5.) mit Landeshauptmann Peter Kaiser und B\u00fcrgermeister G\u00fcnther Albel in Villach. Knapp 50&hellip;","og_url":"https:\/\/www.tsp.at\/en\/2016\/05\/06\/die-grenzen-europas-ab-12-mai-in-fresach\/","og_site_name":"Temmel | Seywald - Corporate Communications","article_publisher":"https:\/\/www.facebook.com\/TemmelSeywald","article_published_time":"2016-05-06T15:08:00+00:00","article_modified_time":"2025-10-21T12:57:48+00:00","og_image":[{"width":1670,"height":1830,"url":"https:\/\/www.tsp.at\/wp-content\/uploads\/2025\/10\/1_19.jpg","type":"image\/jpeg"}],"author":"TSP Redaktion","twitter_card":"summary_large_image","twitter_misc":{"Written by":"TSP Redaktion","Est. reading time":"4 minutes"},"schema":{"@context":"https:\/\/schema.org","@graph":[{"@type":"Article","@id":"https:\/\/www.tsp.at\/en\/2016\/05\/06\/die-grenzen-europas-ab-12-mai-in-fresach\/#article","isPartOf":{"@id":"https:\/\/www.tsp.at\/en\/2016\/05\/06\/die-grenzen-europas-ab-12-mai-in-fresach\/"},"author":{"name":"TSP Redaktion","@id":"https:\/\/www.tsp.at\/en\/#\/schema\/person\/1ba5600c29da17b902b0925cea567f8a"},"headline":"Die Grenzen Europas ab 12. Mai in Fresach","datePublished":"2016-05-06T15:08:00+00:00","dateModified":"2025-10-21T12:57:48+00:00","mainEntityOfPage":{"@id":"https:\/\/www.tsp.at\/en\/2016\/05\/06\/die-grenzen-europas-ab-12-mai-in-fresach\/"},"wordCount":742,"publisher":{"@id":"https:\/\/www.tsp.at\/en\/#organization"},"image":{"@id":"https:\/\/www.tsp.at\/en\/2016\/05\/06\/die-grenzen-europas-ab-12-mai-in-fresach\/#primaryimage"},"thumbnailUrl":"https:\/\/www.tsp.at\/wp-content\/uploads\/2025\/10\/1_19.jpg","articleSection":["News"],"inLanguage":"en-US"},{"@type":"WebPage","@id":"https:\/\/www.tsp.at\/en\/2016\/05\/06\/die-grenzen-europas-ab-12-mai-in-fresach\/","url":"https:\/\/www.tsp.at\/en\/2016\/05\/06\/die-grenzen-europas-ab-12-mai-in-fresach\/","name":"Die Grenzen Europas ab 12. Mai in Fresach - Temmel | Seywald - Corporate Communications","isPartOf":{"@id":"https:\/\/www.tsp.at\/en\/#website"},"primaryImageOfPage":{"@id":"https:\/\/www.tsp.at\/en\/2016\/05\/06\/die-grenzen-europas-ab-12-mai-in-fresach\/#primaryimage"},"image":{"@id":"https:\/\/www.tsp.at\/en\/2016\/05\/06\/die-grenzen-europas-ab-12-mai-in-fresach\/#primaryimage"},"thumbnailUrl":"https:\/\/www.tsp.at\/wp-content\/uploads\/2025\/10\/1_19.jpg","datePublished":"2016-05-06T15:08:00+00:00","dateModified":"2025-10-21T12:57:48+00:00","breadcrumb":{"@id":"https:\/\/www.tsp.at\/en\/2016\/05\/06\/die-grenzen-europas-ab-12-mai-in-fresach\/#breadcrumb"},"inLanguage":"en-US","potentialAction":[{"@type":"ReadAction","target":["https:\/\/www.tsp.at\/en\/2016\/05\/06\/die-grenzen-europas-ab-12-mai-in-fresach\/"]}]},{"@type":"ImageObject","inLanguage":"en-US","@id":"https:\/\/www.tsp.at\/en\/2016\/05\/06\/die-grenzen-europas-ab-12-mai-in-fresach\/#primaryimage","url":"https:\/\/www.tsp.at\/wp-content\/uploads\/2025\/10\/1_19.jpg","contentUrl":"https:\/\/www.tsp.at\/wp-content\/uploads\/2025\/10\/1_19.jpg","width":1670,"height":1830,"caption":"Das Motiv der Europ\u00e4ischen Toleranzgespr\u00e4che 2016 symbolisiert einen fl\u00fcchtenden Menschen. Um das Bewusstmachen der Ursachen von Armut, Hunger, Krieg und Flucht geht es in dem Dialogforum im K\u00e4rntner Bergdorf Fresach"},{"@type":"BreadcrumbList","@id":"https:\/\/www.tsp.at\/en\/2016\/05\/06\/die-grenzen-europas-ab-12-mai-in-fresach\/#breadcrumb","itemListElement":[{"@type":"ListItem","position":1,"name":"Startseite","item":"https:\/\/www.tsp.at\/en\/"},{"@type":"ListItem","position":2,"name":"Die Grenzen Europas ab 12. Mai in Fresach"}]},{"@type":"WebSite","@id":"https:\/\/www.tsp.at\/en\/#website","url":"https:\/\/www.tsp.at\/en\/","name":"Temmel | Seywald - Corporate Communications","description":"Kommunikation ist Beziehungsarbeit","publisher":{"@id":"https:\/\/www.tsp.at\/en\/#organization"},"potentialAction":[{"@type":"SearchAction","target":{"@type":"EntryPoint","urlTemplate":"https:\/\/www.tsp.at\/en\/?s={search_term_string}"},"query-input":{"@type":"PropertyValueSpecification","valueRequired":true,"valueName":"search_term_string"}}],"inLanguage":"en-US"},{"@type":"Organization","@id":"https:\/\/www.tsp.at\/en\/#organization","name":"Temmel, Seywald & Partner Communications GesmbH","alternateName":"TSP","url":"https:\/\/www.tsp.at\/en\/","logo":{"@type":"ImageObject","inLanguage":"en-US","@id":"https:\/\/www.tsp.at\/en\/#\/schema\/logo\/image\/","url":"https:\/\/www.tsp.at\/wp-content\/uploads\/2025\/10\/favicontsp.png","contentUrl":"https:\/\/www.tsp.at\/wp-content\/uploads\/2025\/10\/favicontsp.png","width":125,"height":125,"caption":"Temmel, Seywald & Partner Communications GesmbH"},"image":{"@id":"https:\/\/www.tsp.at\/en\/#\/schema\/logo\/image\/"},"sameAs":["https:\/\/www.facebook.com\/TemmelSeywald"]},{"@type":"Person","@id":"https:\/\/www.tsp.at\/en\/#\/schema\/person\/1ba5600c29da17b902b0925cea567f8a","name":"TSP Redaktion"}]}},"_links":{"self":[{"href":"https:\/\/www.tsp.at\/en\/wp-json\/wp\/v2\/posts\/10262","targetHints":{"allow":["GET"]}}],"collection":[{"href":"https:\/\/www.tsp.at\/en\/wp-json\/wp\/v2\/posts"}],"about":[{"href":"https:\/\/www.tsp.at\/en\/wp-json\/wp\/v2\/types\/post"}],"author":[{"embeddable":true,"href":"https:\/\/www.tsp.at\/en\/wp-json\/wp\/v2\/users\/2"}],"replies":[{"embeddable":true,"href":"https:\/\/www.tsp.at\/en\/wp-json\/wp\/v2\/comments?post=10262"}],"version-history":[{"count":1,"href":"https:\/\/www.tsp.at\/en\/wp-json\/wp\/v2\/posts\/10262\/revisions"}],"predecessor-version":[{"id":11541,"href":"https:\/\/www.tsp.at\/en\/wp-json\/wp\/v2\/posts\/10262\/revisions\/11541"}],"wp:featuredmedia":[{"embeddable":true,"href":"https:\/\/www.tsp.at\/en\/wp-json\/wp\/v2\/media\/10261"}],"wp:attachment":[{"href":"https:\/\/www.tsp.at\/en\/wp-json\/wp\/v2\/media?parent=10262"}],"wp:term":[{"taxonomy":"category","embeddable":true,"href":"https:\/\/www.tsp.at\/en\/wp-json\/wp\/v2\/categories?post=10262"},{"taxonomy":"post_tag","embeddable":true,"href":"https:\/\/www.tsp.at\/en\/wp-json\/wp\/v2\/tags?post=10262"}],"curies":[{"name":"wp","href":"https:\/\/api.w.org\/{rel}","templated":true}]}}