{"id":10266,"date":"2016-04-25T13:05:00","date_gmt":"2016-04-25T11:05:00","guid":{"rendered":"https:\/\/staging.tsp.at\/2016\/04\/25\/oevm-und-generali-schnueren-klauselpaket\/"},"modified":"2025-10-21T14:57:49","modified_gmt":"2025-10-21T12:57:49","slug":"oevm-und-generali-schnueren-klauselpaket","status":"publish","type":"post","link":"https:\/\/www.tsp.at\/en\/2016\/04\/25\/oevm-und-generali-schnueren-klauselpaket\/","title":{"rendered":"\u00d6VM und Generali schn\u00fcren Klauselpaket"},"content":{"rendered":"<article class=\"item\">\n<h2><strong>Mehr Transparenz f\u00fcr Verbandsmitglieder und Versicherte<br \/>\n<\/strong><\/h2>\n<p>25.04.2016<\/p>\n<\/p>\n<\/p>\n<\/p>\n<\/p>\n<\/p>\n<p class=\"FtxtP\">Linz\/Wien \u2013 <span class=\"FtxtBold\"><strong>Der \u00d6sterreichische Versicherungsmaklerring (\u00d6VM) hat mit der Generali Versicherung AG wegweisende Klauseln entwickelt, die den Versicherungsschutz in vielen Sparten auf ein transparenteres Qualit\u00e4tsniveau heben. Vorgestellt wurde die Vereinbarung mit insgesamt 221 Allgemeinen und Sachversicherungsklauseln auf dem 10. \u00d6VM-Forum im Linzer Design Center. Das Klauselverzeichnis soll noch in diesem Jahr um den Bereich Haftpflichtversicherung erweitert werden<\/strong>.<\/span>\u00a0<a href=\"http:\/\/ovm.at\/\" rel=\"nofollow\" target=\"_blank\">http:\/\/ovm.at<\/a><\/p>\n<p class=\"FtxtP\">&#8220;Wir freuen uns, dass wir unseren Mitgliedern nach mehrmonatigen Verhandlungen mit der Generali ein Klauselverzeichnis bieten k\u00f6nnen, das ihre Arbeit wesentlich erleichtert, die Rechtssicherheit erh\u00f6ht und den Versicherten sp\u00fcrbaren Mehrwert bietet&#8221;, erkl\u00e4rte \u00d6VM-Vizepr\u00e4sident Michael Schopper bei der Pr\u00e4sentation. Gemeinsam mit seinen Vorstandskollegen Thomas Leitner und Gernot Ivanic hat er f\u00fcr den \u00d6VM die Verhandlungen mit der Generali Versicherung gef\u00fchrt.<\/p>\n<p class=\"FtxtP\"><strong><span class=\"FtxtBold\">Mehr Rechte f\u00fcr Versicherte<\/span><\/strong><\/p>\n<p class=\"FtxtP\">Was ist neu? K\u00fcnftig gilt immer die f\u00fcr den Versicherungsnehmer g\u00fcnstigere Auslegung, sollten sich einzelne Vertragsbestandteile widersprechen. Neu ist z.B. auch, dass Sch\u00e4den am Brandherd automatisch als mitversichert gelten, ebenso wie Folgesch\u00e4den durch Wasseraustritt an undichten Silikonverfugungen. Und: Auch die Frist zur Verpflichtung einer Schadenmeldung wurde auf nunmehr vier Wochen verl\u00e4ngert.<\/p>\n<p class=\"FtxtP\"><strong><span class=\"FtxtBold\">Vorteile f\u00fcr alle Beteiligten<\/span><\/strong><\/p>\n<p class=\"FtxtP\">Die Kooperation mit der Generali ist eine &#8220;Win-Win-Win-Situation&#8221;. \u00d6VM-Mitglieder haben ein vertraglich festgeschriebenes Recht auf die Ber\u00fccksichtigung der erarbeiteten Klauseln. Die Einigung auf diese &#8220;Spielregeln&#8221; gibt Sicherheit und Gewissheit und reduziert zeitaufwendige Korrespondenzen mit den Maklerbetreuern. Generali selbst kann den Verbandsmitgliedern wiederum verl\u00e4sslich und strukturiert bessere Konditionen bieten und somit die Qualit\u00e4t ihrer Produkte erh\u00f6hen. Davon profitieren auch die Endkunden.<\/p>\n<p class=\"FtxtP\"><strong><span class=\"FtxtBold\">\u00d6VM als Vorreiter<\/span><\/strong><\/p>\n<p class=\"FtxtP\">Das erste Klauselpaket stammt aus dem Jahr 2003, ebenfalls aus der Feder des \u00d6VM. Die darin enthaltenen Klauseln sind mittlerweile anerkannter Standard und fester Bestandteil der Kommunikation zwischen Maklern und Versicherungsunternehmen. Seither k\u00f6nnen Makler mithilfe des \u00d6VM-Klauselpakets bessere Konditionen fordern, um den speziellen Bed\u00fcrfnissen ihrer Kunden gerecht zu werden. Die Implementierung dieser Klauseln in Vertr\u00e4ge war bis dato aber kein Recht des Maklers, sondern ein Entgegenkommen des Versicherers. Mit dem neuen Klauselverzeichnis wird die Position der Maklerschaft gest\u00e4rkt.<\/p>\n<p class=\"FtxtP\"><strong><span class=\"FtxtBold\">\u00d6sterreichischer Versicherungsmaklerring (\u00d6VM)<\/span><\/strong><br \/>Christine Weil\u00e4nder, \u00d6VM-Generalsekret\u00e4rin<br \/>Gottfried-Alber-Gasse 5-6, A-1140 Wien<br \/>Tel.: 01 \/ 416 93 33 13<br \/>Mail: office@oevm.at<br \/>Web:\u00a0<a href=\"http:\/\/www.ovm.at\/\" rel=\"nofollow\" target=\"_blank\">http:\/\/www.ovm.at<\/a><\/p>\n<\/article>\n","protected":false},"excerpt":{"rendered":"<p>Mehr Transparenz f\u00fcr Verbandsmitglieder und Versicherte 25.04.2016 Linz\/Wien \u2013 Der \u00d6sterreichische Versicherungsmaklerring (\u00d6VM) hat mit der Generali Versicherung AG wegweisende Klauseln entwickelt, die den Versicherungsschutz in vielen Sparten auf ein transparenteres Qualit\u00e4tsniveau heben. Vorgestellt wurde die Vereinbarung mit insgesamt 221 Allgemeinen und Sachversicherungsklauseln auf dem 10. \u00d6VM-Forum im Linzer Design Center. Das Klauselverzeichnis soll noch&hellip;<\/p>\n","protected":false},"author":2,"featured_media":10265,"comment_status":"closed","ping_status":"closed","sticky":false,"template":"","format":"standard","meta":{"footnotes":""},"categories":[3],"tags":[],"class_list":["post-10266","post","type-post","status-publish","format-standard","has-post-thumbnail","hentry","category-news","category-3","description-off"],"yoast_head":"<!-- This site is optimized with the Yoast SEO plugin v26.3 - https:\/\/yoast.com\/wordpress\/plugins\/seo\/ -->\n<title>\u00d6VM und Generali schn\u00fcren Klauselpaket - Temmel | Seywald - Corporate Communications<\/title>\n<meta name=\"robots\" content=\"index, follow, max-snippet:-1, max-image-preview:large, max-video-preview:-1\" \/>\n<link rel=\"canonical\" href=\"https:\/\/www.tsp.at\/en\/2016\/04\/25\/oevm-und-generali-schnueren-klauselpaket\/\" \/>\n<meta property=\"og:locale\" content=\"en_US\" \/>\n<meta property=\"og:type\" content=\"article\" \/>\n<meta property=\"og:title\" content=\"\u00d6VM und Generali schn\u00fcren Klauselpaket - Temmel | Seywald - Corporate Communications\" \/>\n<meta property=\"og:description\" content=\"Mehr Transparenz f\u00fcr Verbandsmitglieder und Versicherte 25.04.2016 Linz\/Wien \u2013 Der \u00d6sterreichische Versicherungsmaklerring (\u00d6VM) hat mit der Generali Versicherung AG wegweisende Klauseln entwickelt, die den Versicherungsschutz in vielen Sparten auf ein transparenteres Qualit\u00e4tsniveau heben. Vorgestellt wurde die Vereinbarung mit insgesamt 221 Allgemeinen und Sachversicherungsklauseln auf dem 10. \u00d6VM-Forum im Linzer Design Center. Das Klauselverzeichnis soll noch&hellip;\" \/>\n<meta property=\"og:url\" content=\"https:\/\/www.tsp.at\/en\/2016\/04\/25\/oevm-und-generali-schnueren-klauselpaket\/\" \/>\n<meta property=\"og:site_name\" content=\"Temmel | Seywald - Corporate Communications\" \/>\n<meta property=\"article:publisher\" content=\"https:\/\/www.facebook.com\/TemmelSeywald\" \/>\n<meta property=\"article:published_time\" content=\"2016-04-25T11:05:00+00:00\" \/>\n<meta property=\"article:modified_time\" content=\"2025-10-21T12:57:49+00:00\" \/>\n<meta property=\"og:image\" content=\"https:\/\/www.tsp.at\/wp-content\/uploads\/2025\/10\/Michael-Schopper-Print-1-scaled.jpg\" \/>\n\t<meta property=\"og:image:width\" content=\"2560\" \/>\n\t<meta property=\"og:image:height\" content=\"1709\" \/>\n\t<meta property=\"og:image:type\" content=\"image\/jpeg\" \/>\n<meta name=\"author\" content=\"TSP Redaktion\" \/>\n<meta name=\"twitter:card\" content=\"summary_large_image\" \/>\n<meta name=\"twitter:label1\" content=\"Written by\" \/>\n\t<meta name=\"twitter:data1\" content=\"TSP Redaktion\" \/>\n\t<meta name=\"twitter:label2\" content=\"Est. reading time\" \/>\n\t<meta name=\"twitter:data2\" content=\"3 minutes\" \/>\n<script type=\"application\/ld+json\" class=\"yoast-schema-graph\">{\"@context\":\"https:\/\/schema.org\",\"@graph\":[{\"@type\":\"Article\",\"@id\":\"https:\/\/www.tsp.at\/en\/2016\/04\/25\/oevm-und-generali-schnueren-klauselpaket\/#article\",\"isPartOf\":{\"@id\":\"https:\/\/www.tsp.at\/en\/2016\/04\/25\/oevm-und-generali-schnueren-klauselpaket\/\"},\"author\":{\"name\":\"TSP Redaktion\",\"@id\":\"https:\/\/www.tsp.at\/en\/#\/schema\/person\/1ba5600c29da17b902b0925cea567f8a\"},\"headline\":\"\u00d6VM und Generali schn\u00fcren Klauselpaket\",\"datePublished\":\"2016-04-25T11:05:00+00:00\",\"dateModified\":\"2025-10-21T12:57:49+00:00\",\"mainEntityOfPage\":{\"@id\":\"https:\/\/www.tsp.at\/en\/2016\/04\/25\/oevm-und-generali-schnueren-klauselpaket\/\"},\"wordCount\":374,\"publisher\":{\"@id\":\"https:\/\/www.tsp.at\/en\/#organization\"},\"image\":{\"@id\":\"https:\/\/www.tsp.at\/en\/2016\/04\/25\/oevm-und-generali-schnueren-klauselpaket\/#primaryimage\"},\"thumbnailUrl\":\"https:\/\/www.tsp.at\/wp-content\/uploads\/2025\/10\/Michael-Schopper-Print-1-scaled.jpg\",\"articleSection\":[\"News\"],\"inLanguage\":\"en-US\"},{\"@type\":\"WebPage\",\"@id\":\"https:\/\/www.tsp.at\/en\/2016\/04\/25\/oevm-und-generali-schnueren-klauselpaket\/\",\"url\":\"https:\/\/www.tsp.at\/en\/2016\/04\/25\/oevm-und-generali-schnueren-klauselpaket\/\",\"name\":\"\u00d6VM und Generali schn\u00fcren Klauselpaket - Temmel | Seywald - Corporate Communications\",\"isPartOf\":{\"@id\":\"https:\/\/www.tsp.at\/en\/#website\"},\"primaryImageOfPage\":{\"@id\":\"https:\/\/www.tsp.at\/en\/2016\/04\/25\/oevm-und-generali-schnueren-klauselpaket\/#primaryimage\"},\"image\":{\"@id\":\"https:\/\/www.tsp.at\/en\/2016\/04\/25\/oevm-und-generali-schnueren-klauselpaket\/#primaryimage\"},\"thumbnailUrl\":\"https:\/\/www.tsp.at\/wp-content\/uploads\/2025\/10\/Michael-Schopper-Print-1-scaled.jpg\",\"datePublished\":\"2016-04-25T11:05:00+00:00\",\"dateModified\":\"2025-10-21T12:57:49+00:00\",\"breadcrumb\":{\"@id\":\"https:\/\/www.tsp.at\/en\/2016\/04\/25\/oevm-und-generali-schnueren-klauselpaket\/#breadcrumb\"},\"inLanguage\":\"en-US\",\"potentialAction\":[{\"@type\":\"ReadAction\",\"target\":[\"https:\/\/www.tsp.at\/en\/2016\/04\/25\/oevm-und-generali-schnueren-klauselpaket\/\"]}]},{\"@type\":\"ImageObject\",\"inLanguage\":\"en-US\",\"@id\":\"https:\/\/www.tsp.at\/en\/2016\/04\/25\/oevm-und-generali-schnueren-klauselpaket\/#primaryimage\",\"url\":\"https:\/\/www.tsp.at\/wp-content\/uploads\/2025\/10\/Michael-Schopper-Print-1-scaled.jpg\",\"contentUrl\":\"https:\/\/www.tsp.at\/wp-content\/uploads\/2025\/10\/Michael-Schopper-Print-1-scaled.jpg\",\"width\":2560,\"height\":1709,\"caption\":\"Photo by Klaus Ranger Fotografie (www.klausranger.at)\"},{\"@type\":\"BreadcrumbList\",\"@id\":\"https:\/\/www.tsp.at\/en\/2016\/04\/25\/oevm-und-generali-schnueren-klauselpaket\/#breadcrumb\",\"itemListElement\":[{\"@type\":\"ListItem\",\"position\":1,\"name\":\"Startseite\",\"item\":\"https:\/\/www.tsp.at\/en\/\"},{\"@type\":\"ListItem\",\"position\":2,\"name\":\"\u00d6VM und Generali schn\u00fcren Klauselpaket\"}]},{\"@type\":\"WebSite\",\"@id\":\"https:\/\/www.tsp.at\/en\/#website\",\"url\":\"https:\/\/www.tsp.at\/en\/\",\"name\":\"Temmel | Seywald - Corporate Communications\",\"description\":\"Kommunikation ist Beziehungsarbeit\",\"publisher\":{\"@id\":\"https:\/\/www.tsp.at\/en\/#organization\"},\"potentialAction\":[{\"@type\":\"SearchAction\",\"target\":{\"@type\":\"EntryPoint\",\"urlTemplate\":\"https:\/\/www.tsp.at\/en\/?s={search_term_string}\"},\"query-input\":{\"@type\":\"PropertyValueSpecification\",\"valueRequired\":true,\"valueName\":\"search_term_string\"}}],\"inLanguage\":\"en-US\"},{\"@type\":\"Organization\",\"@id\":\"https:\/\/www.tsp.at\/en\/#organization\",\"name\":\"Temmel, Seywald & Partner Communications GesmbH\",\"alternateName\":\"TSP\",\"url\":\"https:\/\/www.tsp.at\/en\/\",\"logo\":{\"@type\":\"ImageObject\",\"inLanguage\":\"en-US\",\"@id\":\"https:\/\/www.tsp.at\/en\/#\/schema\/logo\/image\/\",\"url\":\"https:\/\/www.tsp.at\/wp-content\/uploads\/2025\/10\/favicontsp.png\",\"contentUrl\":\"https:\/\/www.tsp.at\/wp-content\/uploads\/2025\/10\/favicontsp.png\",\"width\":125,\"height\":125,\"caption\":\"Temmel, Seywald & Partner Communications GesmbH\"},\"image\":{\"@id\":\"https:\/\/www.tsp.at\/en\/#\/schema\/logo\/image\/\"},\"sameAs\":[\"https:\/\/www.facebook.com\/TemmelSeywald\"]},{\"@type\":\"Person\",\"@id\":\"https:\/\/www.tsp.at\/en\/#\/schema\/person\/1ba5600c29da17b902b0925cea567f8a\",\"name\":\"TSP Redaktion\"}]}<\/script>\n<!-- \/ Yoast SEO plugin. -->","yoast_head_json":{"title":"\u00d6VM und Generali schn\u00fcren Klauselpaket - Temmel | Seywald - Corporate Communications","robots":{"index":"index","follow":"follow","max-snippet":"max-snippet:-1","max-image-preview":"max-image-preview:large","max-video-preview":"max-video-preview:-1"},"canonical":"https:\/\/www.tsp.at\/en\/2016\/04\/25\/oevm-und-generali-schnueren-klauselpaket\/","og_locale":"en_US","og_type":"article","og_title":"\u00d6VM und Generali schn\u00fcren Klauselpaket - Temmel | Seywald - Corporate Communications","og_description":"Mehr Transparenz f\u00fcr Verbandsmitglieder und Versicherte 25.04.2016 Linz\/Wien \u2013 Der \u00d6sterreichische Versicherungsmaklerring (\u00d6VM) hat mit der Generali Versicherung AG wegweisende Klauseln entwickelt, die den Versicherungsschutz in vielen Sparten auf ein transparenteres Qualit\u00e4tsniveau heben. Vorgestellt wurde die Vereinbarung mit insgesamt 221 Allgemeinen und Sachversicherungsklauseln auf dem 10. \u00d6VM-Forum im Linzer Design Center. Das Klauselverzeichnis soll noch&hellip;","og_url":"https:\/\/www.tsp.at\/en\/2016\/04\/25\/oevm-und-generali-schnueren-klauselpaket\/","og_site_name":"Temmel | Seywald - Corporate Communications","article_publisher":"https:\/\/www.facebook.com\/TemmelSeywald","article_published_time":"2016-04-25T11:05:00+00:00","article_modified_time":"2025-10-21T12:57:49+00:00","og_image":[{"width":2560,"height":1709,"url":"https:\/\/www.tsp.at\/wp-content\/uploads\/2025\/10\/Michael-Schopper-Print-1-scaled.jpg","type":"image\/jpeg"}],"author":"TSP Redaktion","twitter_card":"summary_large_image","twitter_misc":{"Written by":"TSP Redaktion","Est. reading time":"3 minutes"},"schema":{"@context":"https:\/\/schema.org","@graph":[{"@type":"Article","@id":"https:\/\/www.tsp.at\/en\/2016\/04\/25\/oevm-und-generali-schnueren-klauselpaket\/#article","isPartOf":{"@id":"https:\/\/www.tsp.at\/en\/2016\/04\/25\/oevm-und-generali-schnueren-klauselpaket\/"},"author":{"name":"TSP Redaktion","@id":"https:\/\/www.tsp.at\/en\/#\/schema\/person\/1ba5600c29da17b902b0925cea567f8a"},"headline":"\u00d6VM und Generali schn\u00fcren Klauselpaket","datePublished":"2016-04-25T11:05:00+00:00","dateModified":"2025-10-21T12:57:49+00:00","mainEntityOfPage":{"@id":"https:\/\/www.tsp.at\/en\/2016\/04\/25\/oevm-und-generali-schnueren-klauselpaket\/"},"wordCount":374,"publisher":{"@id":"https:\/\/www.tsp.at\/en\/#organization"},"image":{"@id":"https:\/\/www.tsp.at\/en\/2016\/04\/25\/oevm-und-generali-schnueren-klauselpaket\/#primaryimage"},"thumbnailUrl":"https:\/\/www.tsp.at\/wp-content\/uploads\/2025\/10\/Michael-Schopper-Print-1-scaled.jpg","articleSection":["News"],"inLanguage":"en-US"},{"@type":"WebPage","@id":"https:\/\/www.tsp.at\/en\/2016\/04\/25\/oevm-und-generali-schnueren-klauselpaket\/","url":"https:\/\/www.tsp.at\/en\/2016\/04\/25\/oevm-und-generali-schnueren-klauselpaket\/","name":"\u00d6VM und Generali schn\u00fcren Klauselpaket - Temmel | Seywald - Corporate Communications","isPartOf":{"@id":"https:\/\/www.tsp.at\/en\/#website"},"primaryImageOfPage":{"@id":"https:\/\/www.tsp.at\/en\/2016\/04\/25\/oevm-und-generali-schnueren-klauselpaket\/#primaryimage"},"image":{"@id":"https:\/\/www.tsp.at\/en\/2016\/04\/25\/oevm-und-generali-schnueren-klauselpaket\/#primaryimage"},"thumbnailUrl":"https:\/\/www.tsp.at\/wp-content\/uploads\/2025\/10\/Michael-Schopper-Print-1-scaled.jpg","datePublished":"2016-04-25T11:05:00+00:00","dateModified":"2025-10-21T12:57:49+00:00","breadcrumb":{"@id":"https:\/\/www.tsp.at\/en\/2016\/04\/25\/oevm-und-generali-schnueren-klauselpaket\/#breadcrumb"},"inLanguage":"en-US","potentialAction":[{"@type":"ReadAction","target":["https:\/\/www.tsp.at\/en\/2016\/04\/25\/oevm-und-generali-schnueren-klauselpaket\/"]}]},{"@type":"ImageObject","inLanguage":"en-US","@id":"https:\/\/www.tsp.at\/en\/2016\/04\/25\/oevm-und-generali-schnueren-klauselpaket\/#primaryimage","url":"https:\/\/www.tsp.at\/wp-content\/uploads\/2025\/10\/Michael-Schopper-Print-1-scaled.jpg","contentUrl":"https:\/\/www.tsp.at\/wp-content\/uploads\/2025\/10\/Michael-Schopper-Print-1-scaled.jpg","width":2560,"height":1709,"caption":"Photo by Klaus Ranger Fotografie (www.klausranger.at)"},{"@type":"BreadcrumbList","@id":"https:\/\/www.tsp.at\/en\/2016\/04\/25\/oevm-und-generali-schnueren-klauselpaket\/#breadcrumb","itemListElement":[{"@type":"ListItem","position":1,"name":"Startseite","item":"https:\/\/www.tsp.at\/en\/"},{"@type":"ListItem","position":2,"name":"\u00d6VM und Generali schn\u00fcren Klauselpaket"}]},{"@type":"WebSite","@id":"https:\/\/www.tsp.at\/en\/#website","url":"https:\/\/www.tsp.at\/en\/","name":"Temmel | Seywald - Corporate Communications","description":"Kommunikation ist Beziehungsarbeit","publisher":{"@id":"https:\/\/www.tsp.at\/en\/#organization"},"potentialAction":[{"@type":"SearchAction","target":{"@type":"EntryPoint","urlTemplate":"https:\/\/www.tsp.at\/en\/?s={search_term_string}"},"query-input":{"@type":"PropertyValueSpecification","valueRequired":true,"valueName":"search_term_string"}}],"inLanguage":"en-US"},{"@type":"Organization","@id":"https:\/\/www.tsp.at\/en\/#organization","name":"Temmel, Seywald & Partner Communications GesmbH","alternateName":"TSP","url":"https:\/\/www.tsp.at\/en\/","logo":{"@type":"ImageObject","inLanguage":"en-US","@id":"https:\/\/www.tsp.at\/en\/#\/schema\/logo\/image\/","url":"https:\/\/www.tsp.at\/wp-content\/uploads\/2025\/10\/favicontsp.png","contentUrl":"https:\/\/www.tsp.at\/wp-content\/uploads\/2025\/10\/favicontsp.png","width":125,"height":125,"caption":"Temmel, Seywald & Partner Communications GesmbH"},"image":{"@id":"https:\/\/www.tsp.at\/en\/#\/schema\/logo\/image\/"},"sameAs":["https:\/\/www.facebook.com\/TemmelSeywald"]},{"@type":"Person","@id":"https:\/\/www.tsp.at\/en\/#\/schema\/person\/1ba5600c29da17b902b0925cea567f8a","name":"TSP Redaktion"}]}},"_links":{"self":[{"href":"https:\/\/www.tsp.at\/en\/wp-json\/wp\/v2\/posts\/10266","targetHints":{"allow":["GET"]}}],"collection":[{"href":"https:\/\/www.tsp.at\/en\/wp-json\/wp\/v2\/posts"}],"about":[{"href":"https:\/\/www.tsp.at\/en\/wp-json\/wp\/v2\/types\/post"}],"author":[{"embeddable":true,"href":"https:\/\/www.tsp.at\/en\/wp-json\/wp\/v2\/users\/2"}],"replies":[{"embeddable":true,"href":"https:\/\/www.tsp.at\/en\/wp-json\/wp\/v2\/comments?post=10266"}],"version-history":[{"count":1,"href":"https:\/\/www.tsp.at\/en\/wp-json\/wp\/v2\/posts\/10266\/revisions"}],"predecessor-version":[{"id":11543,"href":"https:\/\/www.tsp.at\/en\/wp-json\/wp\/v2\/posts\/10266\/revisions\/11543"}],"wp:featuredmedia":[{"embeddable":true,"href":"https:\/\/www.tsp.at\/en\/wp-json\/wp\/v2\/media\/10265"}],"wp:attachment":[{"href":"https:\/\/www.tsp.at\/en\/wp-json\/wp\/v2\/media?parent=10266"}],"wp:term":[{"taxonomy":"category","embeddable":true,"href":"https:\/\/www.tsp.at\/en\/wp-json\/wp\/v2\/categories?post=10266"},{"taxonomy":"post_tag","embeddable":true,"href":"https:\/\/www.tsp.at\/en\/wp-json\/wp\/v2\/tags?post=10266"}],"curies":[{"name":"wp","href":"https:\/\/api.w.org\/{rel}","templated":true}]}}