{"id":10270,"date":"2016-04-22T14:48:00","date_gmt":"2016-04-22T12:48:00","guid":{"rendered":"https:\/\/staging.tsp.at\/2016\/04\/22\/immobilienmakler-first-mallorca-im-hoehenflug\/"},"modified":"2025-10-21T14:57:49","modified_gmt":"2025-10-21T12:57:49","slug":"immobilienmakler-first-mallorca-im-hoehenflug","status":"publish","type":"post","link":"https:\/\/www.tsp.at\/en\/2016\/04\/22\/immobilienmakler-first-mallorca-im-hoehenflug\/","title":{"rendered":"Immobilienmakler First Mallorca im H\u00f6henflug"},"content":{"rendered":"<article class=\"item\">\n<h2><strong>Transaktionen klettern um 32 Prozent &#8211; Umsatz und Gewinn legen zu<br \/>\n<\/strong><\/h2>\n<p>22.04.2016<\/p>\n<\/p>\n<\/p>\n<\/p>\n<\/p>\n<\/p>\n<p class=\"FtxtP\">Palma de Mallorca \u2013 <strong><span class=\"FtxtBold\">Der Premium-Makler &#8220;First Mallorca&#8221; profitiert von der st\u00e4rkeren Nachfrage nach Immobilien auf der spanischen Sonneninsel. Im abgelaufenen Jahr 2015 hat das B\u00fcro Immobilien im Gesamtwert von 125 Mio. Euro vermittelt, ein Anstieg von 32 Prozent gegen\u00fcber 2014. Gleichzeitig ist die Zahl der abgeschlossenen Verk\u00e4ufe von 105 auf 135 nach oben geklettert. Der durchschnittliche Verkaufspreis stieg auf 885.000 Euro pro Immobilie. Die Makler von First Mallorca waren bei Immobilientransaktionen viermal erfolgreicher als Ihre Mitbewerber in Spanien.<\/span><\/strong><\/p>\n<p class=\"FtxtP\">&#8220;Die ausgezeichneten Zahlen unterstreichen eindrucksvoll die Qualit\u00e4t unserer erfolgreichen Arbeit. Sie zeigen, dass K\u00e4ufer und Verk\u00e4ufer unsere Professionalit\u00e4t und Kundenn\u00e4he sch\u00e4tzen, und best\u00e4rken das Team in seiner wertorientierten und innovativen Unternehmensphilosophie&#8221;, erkl\u00e4rt Heidi Stadler, CEO und Mitgr\u00fcnderin von First Mallorca.<a href=\"http:\/\/firstmallorca.com\/\" rel=\"nofollow\" target=\"_blank\">http:\/\/firstmallorca.com<\/a><\/p>\n<p class=\"FtxtP\"><strong><span class=\"FtxtBold\">Stabiler Wachstumskurs<\/span><\/strong><\/p>\n<p class=\"FtxtP\">Die deutliche Zunahme an erfolgreich abgeschlossenen Transaktionen spiegelt sich auch in der Entwicklung der unternehmenseigenen Kennzahlen wider. First Mallorca konnte seinen Umsatz um 20 Prozent steigern und gleichzeitig die Ausgaben um 18 Prozent reduzieren. Der Bruttogewinn hat sich im Vorjahr mehr als verdoppelt. Das Unternehmen prolongiert damit seinen stabilen Wachstumskurs und festigt seine Stellung als Marktf\u00fchrer auf der Baleareninsel.<\/p>\n<p class=\"FtxtP\">First Mallorca-Mitarbeiter f\u00fchren pro Jahr 365 Hausbesichtigungen durch, insgesamt hat die Belegschaft 2015 rund 11.500 Arbeitsstunden f\u00fcr die 135 verkauften und 1.120 angebotenen Objekte auf dem gesamten Eiland aufgewendet. Die Palette ist breit und reicht von der neugebauten Finca bis hin zum vermieteten Apartment. Eines haben alle Immobilien gemeinsam: Beschaffenheit, Ausstattung und Ambiente werden h\u00f6chsten Anspr\u00fcchen gerecht. Der Gesamtwert der momentan gelisteten Objekte betr\u00e4gt 2,16 Mrd. Euro.<\/p>\n<p class=\"FtxtP\"><strong><span class=\"FtxtBold\">Konzentration auf &#8220;Real People&#8221;<\/span><\/strong><\/p>\n<p class=\"FtxtP\">F\u00fcr 2016 rechnet Stadler mit einer weiteren Expansion der Gesch\u00e4ftst\u00e4tigkeit. Es sei zwar schwierig, die Zuwachsraten des Vorjahres zu \u00fcbertreffen, doch das Wachstum werde trotzdem respektabel ausfallen. Dazu wird sich das Team und die Community auf die &#8220;Real People&#8221; konzentrieren. &#8220;Damit meinen wir Eigent\u00fcmer, Mieter und K\u00e4ufer sowie unsere Immobilienberater, die mit ihrem Beruf eine Passion leben. Sie alle m\u00f6chten wir in den Mittelpunkt stellen. Ihre Geschichten und Emotionen sind uns wichtig&#8221;, erl\u00e4utert Stadler.<\/p>\n<p class=\"FtxtP\">Das niedrige Zinsumfeld, die steigenden Preise und die politische Stabilit\u00e4t der Insel sind wesentliche Aspekte, die den Markt derzeit pr\u00e4gen. Die Verweildauer einer Immobilie auf dem Markt liegt im Schnitt bei 551 Tagen, wobei &#8220;Hot Property&#8221; noch in derselben Woche, in der die Immobilie auf den Markt kommt, verkauft werden kann. Der Markt boomt. Die Kunden kommen aus ganz Europa. Bei den K\u00e4ufern liegen die Briten mit 36 Prozent an erster Stelle, gefolgt von den Deutschen mit 32 Prozent. 14 Prozent der Objekte werden von Schweden erstanden, sechs Prozent von Russen. Das Feld der Verk\u00e4ufer f\u00fchren die Spanier mit 44 Prozent an, danach folgen Briten (34%) und Deutsche (18%).<\/p>\n<p class=\"FtxtP\"><strong><span class=\"FtxtBold\">\u00dcber First Mallorca<\/span><\/strong><br \/>First Mallorca ist eine spanische private Kapitalgesellschaft (S.L.) mit Sitz auf der Baleareninsel Mallorca, die vielf\u00e4ltige Inmobilienserviceleistungen anbietet. Das Unternehmen ist Marktf\u00fchrer unter den &#8220;Boutique Style&#8221;-Anbietern. Das Team besteht aus 40 erfahrenen Berater\/innen, die \u00fcber einschl\u00e4gige Erfahrung in Immobilienentwicklung und Verm\u00f6gensverwaltung verf\u00fcgen. Da jede Abwicklung individuell angelegt ist, setzt das Expertenteam von First Mallorca stets neue und innovative Wege, Technologien und Strategien um, um beste Resultate f\u00fcr ihre Kunden zu erzielen. Die vier strategisch positionierten Filialen werden k\u00fcnftig durch einen weiteren Standort auf Mallorca und einen auf Ibiza erg\u00e4nzt.<\/p>\n<\/article>\n","protected":false},"excerpt":{"rendered":"<p>Transaktionen klettern um 32 Prozent &#8211; Umsatz und Gewinn legen zu 22.04.2016 Palma de Mallorca \u2013 Der Premium-Makler &#8220;First Mallorca&#8221; profitiert von der st\u00e4rkeren Nachfrage nach Immobilien auf der spanischen Sonneninsel. Im abgelaufenen Jahr 2015 hat das B\u00fcro Immobilien im Gesamtwert von 125 Mio. Euro vermittelt, ein Anstieg von 32 Prozent gegen\u00fcber 2014. Gleichzeitig ist&hellip;<\/p>\n","protected":false},"author":2,"featured_media":10269,"comment_status":"closed","ping_status":"closed","sticky":false,"template":"","format":"standard","meta":{"footnotes":""},"categories":[3],"tags":[],"class_list":["post-10270","post","type-post","status-publish","format-standard","has-post-thumbnail","hentry","category-news","category-3","description-off"],"yoast_head":"<!-- This site is optimized with the Yoast SEO plugin v26.3 - https:\/\/yoast.com\/wordpress\/plugins\/seo\/ -->\n<title>Immobilienmakler First Mallorca im H\u00f6henflug - Temmel | Seywald - Corporate Communications<\/title>\n<meta name=\"robots\" content=\"index, follow, max-snippet:-1, max-image-preview:large, max-video-preview:-1\" \/>\n<link rel=\"canonical\" href=\"https:\/\/www.tsp.at\/en\/2016\/04\/22\/immobilienmakler-first-mallorca-im-hoehenflug\/\" \/>\n<meta property=\"og:locale\" content=\"en_US\" \/>\n<meta property=\"og:type\" content=\"article\" \/>\n<meta property=\"og:title\" content=\"Immobilienmakler First Mallorca im H\u00f6henflug - Temmel | Seywald - Corporate Communications\" \/>\n<meta property=\"og:description\" content=\"Transaktionen klettern um 32 Prozent &#8211; Umsatz und Gewinn legen zu 22.04.2016 Palma de Mallorca \u2013 Der Premium-Makler &#8220;First Mallorca&#8221; profitiert von der st\u00e4rkeren Nachfrage nach Immobilien auf der spanischen Sonneninsel. Im abgelaufenen Jahr 2015 hat das B\u00fcro Immobilien im Gesamtwert von 125 Mio. Euro vermittelt, ein Anstieg von 32 Prozent gegen\u00fcber 2014. Gleichzeitig ist&hellip;\" \/>\n<meta property=\"og:url\" content=\"https:\/\/www.tsp.at\/en\/2016\/04\/22\/immobilienmakler-first-mallorca-im-hoehenflug\/\" \/>\n<meta property=\"og:site_name\" content=\"Temmel | Seywald - Corporate Communications\" \/>\n<meta property=\"article:publisher\" content=\"https:\/\/www.facebook.com\/TemmelSeywald\" \/>\n<meta property=\"article:published_time\" content=\"2016-04-22T12:48:00+00:00\" \/>\n<meta property=\"article:modified_time\" content=\"2025-10-21T12:57:49+00:00\" \/>\n<meta property=\"og:image\" content=\"https:\/\/www.tsp.at\/wp-content\/uploads\/2025\/10\/Portraet_Stadler.jpg\" \/>\n\t<meta property=\"og:image:width\" content=\"1769\" \/>\n\t<meta property=\"og:image:height\" content=\"1322\" \/>\n\t<meta property=\"og:image:type\" content=\"image\/jpeg\" \/>\n<meta name=\"author\" content=\"TSP Redaktion\" \/>\n<meta name=\"twitter:card\" content=\"summary_large_image\" \/>\n<meta name=\"twitter:label1\" content=\"Written by\" \/>\n\t<meta name=\"twitter:data1\" content=\"TSP Redaktion\" \/>\n\t<meta name=\"twitter:label2\" content=\"Est. reading time\" \/>\n\t<meta name=\"twitter:data2\" content=\"4 minutes\" \/>\n<script type=\"application\/ld+json\" class=\"yoast-schema-graph\">{\"@context\":\"https:\/\/schema.org\",\"@graph\":[{\"@type\":\"Article\",\"@id\":\"https:\/\/www.tsp.at\/en\/2016\/04\/22\/immobilienmakler-first-mallorca-im-hoehenflug\/#article\",\"isPartOf\":{\"@id\":\"https:\/\/www.tsp.at\/en\/2016\/04\/22\/immobilienmakler-first-mallorca-im-hoehenflug\/\"},\"author\":{\"name\":\"TSP Redaktion\",\"@id\":\"https:\/\/www.tsp.at\/en\/#\/schema\/person\/1ba5600c29da17b902b0925cea567f8a\"},\"headline\":\"Immobilienmakler First Mallorca im H\u00f6henflug\",\"datePublished\":\"2016-04-22T12:48:00+00:00\",\"dateModified\":\"2025-10-21T12:57:49+00:00\",\"mainEntityOfPage\":{\"@id\":\"https:\/\/www.tsp.at\/en\/2016\/04\/22\/immobilienmakler-first-mallorca-im-hoehenflug\/\"},\"wordCount\":562,\"publisher\":{\"@id\":\"https:\/\/www.tsp.at\/en\/#organization\"},\"image\":{\"@id\":\"https:\/\/www.tsp.at\/en\/2016\/04\/22\/immobilienmakler-first-mallorca-im-hoehenflug\/#primaryimage\"},\"thumbnailUrl\":\"https:\/\/www.tsp.at\/wp-content\/uploads\/2025\/10\/Portraet_Stadler.jpg\",\"articleSection\":[\"News\"],\"inLanguage\":\"en-US\"},{\"@type\":\"WebPage\",\"@id\":\"https:\/\/www.tsp.at\/en\/2016\/04\/22\/immobilienmakler-first-mallorca-im-hoehenflug\/\",\"url\":\"https:\/\/www.tsp.at\/en\/2016\/04\/22\/immobilienmakler-first-mallorca-im-hoehenflug\/\",\"name\":\"Immobilienmakler First Mallorca im H\u00f6henflug - Temmel | Seywald - Corporate Communications\",\"isPartOf\":{\"@id\":\"https:\/\/www.tsp.at\/en\/#website\"},\"primaryImageOfPage\":{\"@id\":\"https:\/\/www.tsp.at\/en\/2016\/04\/22\/immobilienmakler-first-mallorca-im-hoehenflug\/#primaryimage\"},\"image\":{\"@id\":\"https:\/\/www.tsp.at\/en\/2016\/04\/22\/immobilienmakler-first-mallorca-im-hoehenflug\/#primaryimage\"},\"thumbnailUrl\":\"https:\/\/www.tsp.at\/wp-content\/uploads\/2025\/10\/Portraet_Stadler.jpg\",\"datePublished\":\"2016-04-22T12:48:00+00:00\",\"dateModified\":\"2025-10-21T12:57:49+00:00\",\"breadcrumb\":{\"@id\":\"https:\/\/www.tsp.at\/en\/2016\/04\/22\/immobilienmakler-first-mallorca-im-hoehenflug\/#breadcrumb\"},\"inLanguage\":\"en-US\",\"potentialAction\":[{\"@type\":\"ReadAction\",\"target\":[\"https:\/\/www.tsp.at\/en\/2016\/04\/22\/immobilienmakler-first-mallorca-im-hoehenflug\/\"]}]},{\"@type\":\"ImageObject\",\"inLanguage\":\"en-US\",\"@id\":\"https:\/\/www.tsp.at\/en\/2016\/04\/22\/immobilienmakler-first-mallorca-im-hoehenflug\/#primaryimage\",\"url\":\"https:\/\/www.tsp.at\/wp-content\/uploads\/2025\/10\/Portraet_Stadler.jpg\",\"contentUrl\":\"https:\/\/www.tsp.at\/wp-content\/uploads\/2025\/10\/Portraet_Stadler.jpg\",\"width\":1769,\"height\":1322},{\"@type\":\"BreadcrumbList\",\"@id\":\"https:\/\/www.tsp.at\/en\/2016\/04\/22\/immobilienmakler-first-mallorca-im-hoehenflug\/#breadcrumb\",\"itemListElement\":[{\"@type\":\"ListItem\",\"position\":1,\"name\":\"Startseite\",\"item\":\"https:\/\/www.tsp.at\/en\/\"},{\"@type\":\"ListItem\",\"position\":2,\"name\":\"Immobilienmakler First Mallorca im H\u00f6henflug\"}]},{\"@type\":\"WebSite\",\"@id\":\"https:\/\/www.tsp.at\/en\/#website\",\"url\":\"https:\/\/www.tsp.at\/en\/\",\"name\":\"Temmel | Seywald - Corporate Communications\",\"description\":\"Kommunikation ist Beziehungsarbeit\",\"publisher\":{\"@id\":\"https:\/\/www.tsp.at\/en\/#organization\"},\"potentialAction\":[{\"@type\":\"SearchAction\",\"target\":{\"@type\":\"EntryPoint\",\"urlTemplate\":\"https:\/\/www.tsp.at\/en\/?s={search_term_string}\"},\"query-input\":{\"@type\":\"PropertyValueSpecification\",\"valueRequired\":true,\"valueName\":\"search_term_string\"}}],\"inLanguage\":\"en-US\"},{\"@type\":\"Organization\",\"@id\":\"https:\/\/www.tsp.at\/en\/#organization\",\"name\":\"Temmel, Seywald & Partner Communications GesmbH\",\"alternateName\":\"TSP\",\"url\":\"https:\/\/www.tsp.at\/en\/\",\"logo\":{\"@type\":\"ImageObject\",\"inLanguage\":\"en-US\",\"@id\":\"https:\/\/www.tsp.at\/en\/#\/schema\/logo\/image\/\",\"url\":\"https:\/\/www.tsp.at\/wp-content\/uploads\/2025\/10\/favicontsp.png\",\"contentUrl\":\"https:\/\/www.tsp.at\/wp-content\/uploads\/2025\/10\/favicontsp.png\",\"width\":125,\"height\":125,\"caption\":\"Temmel, Seywald & Partner Communications GesmbH\"},\"image\":{\"@id\":\"https:\/\/www.tsp.at\/en\/#\/schema\/logo\/image\/\"},\"sameAs\":[\"https:\/\/www.facebook.com\/TemmelSeywald\"]},{\"@type\":\"Person\",\"@id\":\"https:\/\/www.tsp.at\/en\/#\/schema\/person\/1ba5600c29da17b902b0925cea567f8a\",\"name\":\"TSP Redaktion\"}]}<\/script>\n<!-- \/ Yoast SEO plugin. -->","yoast_head_json":{"title":"Immobilienmakler First Mallorca im H\u00f6henflug - Temmel | Seywald - Corporate Communications","robots":{"index":"index","follow":"follow","max-snippet":"max-snippet:-1","max-image-preview":"max-image-preview:large","max-video-preview":"max-video-preview:-1"},"canonical":"https:\/\/www.tsp.at\/en\/2016\/04\/22\/immobilienmakler-first-mallorca-im-hoehenflug\/","og_locale":"en_US","og_type":"article","og_title":"Immobilienmakler First Mallorca im H\u00f6henflug - Temmel | Seywald - Corporate Communications","og_description":"Transaktionen klettern um 32 Prozent &#8211; Umsatz und Gewinn legen zu 22.04.2016 Palma de Mallorca \u2013 Der Premium-Makler &#8220;First Mallorca&#8221; profitiert von der st\u00e4rkeren Nachfrage nach Immobilien auf der spanischen Sonneninsel. Im abgelaufenen Jahr 2015 hat das B\u00fcro Immobilien im Gesamtwert von 125 Mio. Euro vermittelt, ein Anstieg von 32 Prozent gegen\u00fcber 2014. Gleichzeitig ist&hellip;","og_url":"https:\/\/www.tsp.at\/en\/2016\/04\/22\/immobilienmakler-first-mallorca-im-hoehenflug\/","og_site_name":"Temmel | Seywald - Corporate Communications","article_publisher":"https:\/\/www.facebook.com\/TemmelSeywald","article_published_time":"2016-04-22T12:48:00+00:00","article_modified_time":"2025-10-21T12:57:49+00:00","og_image":[{"width":1769,"height":1322,"url":"https:\/\/www.tsp.at\/wp-content\/uploads\/2025\/10\/Portraet_Stadler.jpg","type":"image\/jpeg"}],"author":"TSP Redaktion","twitter_card":"summary_large_image","twitter_misc":{"Written by":"TSP Redaktion","Est. reading time":"4 minutes"},"schema":{"@context":"https:\/\/schema.org","@graph":[{"@type":"Article","@id":"https:\/\/www.tsp.at\/en\/2016\/04\/22\/immobilienmakler-first-mallorca-im-hoehenflug\/#article","isPartOf":{"@id":"https:\/\/www.tsp.at\/en\/2016\/04\/22\/immobilienmakler-first-mallorca-im-hoehenflug\/"},"author":{"name":"TSP Redaktion","@id":"https:\/\/www.tsp.at\/en\/#\/schema\/person\/1ba5600c29da17b902b0925cea567f8a"},"headline":"Immobilienmakler First Mallorca im H\u00f6henflug","datePublished":"2016-04-22T12:48:00+00:00","dateModified":"2025-10-21T12:57:49+00:00","mainEntityOfPage":{"@id":"https:\/\/www.tsp.at\/en\/2016\/04\/22\/immobilienmakler-first-mallorca-im-hoehenflug\/"},"wordCount":562,"publisher":{"@id":"https:\/\/www.tsp.at\/en\/#organization"},"image":{"@id":"https:\/\/www.tsp.at\/en\/2016\/04\/22\/immobilienmakler-first-mallorca-im-hoehenflug\/#primaryimage"},"thumbnailUrl":"https:\/\/www.tsp.at\/wp-content\/uploads\/2025\/10\/Portraet_Stadler.jpg","articleSection":["News"],"inLanguage":"en-US"},{"@type":"WebPage","@id":"https:\/\/www.tsp.at\/en\/2016\/04\/22\/immobilienmakler-first-mallorca-im-hoehenflug\/","url":"https:\/\/www.tsp.at\/en\/2016\/04\/22\/immobilienmakler-first-mallorca-im-hoehenflug\/","name":"Immobilienmakler First Mallorca im H\u00f6henflug - Temmel | Seywald - Corporate Communications","isPartOf":{"@id":"https:\/\/www.tsp.at\/en\/#website"},"primaryImageOfPage":{"@id":"https:\/\/www.tsp.at\/en\/2016\/04\/22\/immobilienmakler-first-mallorca-im-hoehenflug\/#primaryimage"},"image":{"@id":"https:\/\/www.tsp.at\/en\/2016\/04\/22\/immobilienmakler-first-mallorca-im-hoehenflug\/#primaryimage"},"thumbnailUrl":"https:\/\/www.tsp.at\/wp-content\/uploads\/2025\/10\/Portraet_Stadler.jpg","datePublished":"2016-04-22T12:48:00+00:00","dateModified":"2025-10-21T12:57:49+00:00","breadcrumb":{"@id":"https:\/\/www.tsp.at\/en\/2016\/04\/22\/immobilienmakler-first-mallorca-im-hoehenflug\/#breadcrumb"},"inLanguage":"en-US","potentialAction":[{"@type":"ReadAction","target":["https:\/\/www.tsp.at\/en\/2016\/04\/22\/immobilienmakler-first-mallorca-im-hoehenflug\/"]}]},{"@type":"ImageObject","inLanguage":"en-US","@id":"https:\/\/www.tsp.at\/en\/2016\/04\/22\/immobilienmakler-first-mallorca-im-hoehenflug\/#primaryimage","url":"https:\/\/www.tsp.at\/wp-content\/uploads\/2025\/10\/Portraet_Stadler.jpg","contentUrl":"https:\/\/www.tsp.at\/wp-content\/uploads\/2025\/10\/Portraet_Stadler.jpg","width":1769,"height":1322},{"@type":"BreadcrumbList","@id":"https:\/\/www.tsp.at\/en\/2016\/04\/22\/immobilienmakler-first-mallorca-im-hoehenflug\/#breadcrumb","itemListElement":[{"@type":"ListItem","position":1,"name":"Startseite","item":"https:\/\/www.tsp.at\/en\/"},{"@type":"ListItem","position":2,"name":"Immobilienmakler First Mallorca im H\u00f6henflug"}]},{"@type":"WebSite","@id":"https:\/\/www.tsp.at\/en\/#website","url":"https:\/\/www.tsp.at\/en\/","name":"Temmel | Seywald - Corporate Communications","description":"Kommunikation ist Beziehungsarbeit","publisher":{"@id":"https:\/\/www.tsp.at\/en\/#organization"},"potentialAction":[{"@type":"SearchAction","target":{"@type":"EntryPoint","urlTemplate":"https:\/\/www.tsp.at\/en\/?s={search_term_string}"},"query-input":{"@type":"PropertyValueSpecification","valueRequired":true,"valueName":"search_term_string"}}],"inLanguage":"en-US"},{"@type":"Organization","@id":"https:\/\/www.tsp.at\/en\/#organization","name":"Temmel, Seywald & Partner Communications GesmbH","alternateName":"TSP","url":"https:\/\/www.tsp.at\/en\/","logo":{"@type":"ImageObject","inLanguage":"en-US","@id":"https:\/\/www.tsp.at\/en\/#\/schema\/logo\/image\/","url":"https:\/\/www.tsp.at\/wp-content\/uploads\/2025\/10\/favicontsp.png","contentUrl":"https:\/\/www.tsp.at\/wp-content\/uploads\/2025\/10\/favicontsp.png","width":125,"height":125,"caption":"Temmel, Seywald & Partner Communications GesmbH"},"image":{"@id":"https:\/\/www.tsp.at\/en\/#\/schema\/logo\/image\/"},"sameAs":["https:\/\/www.facebook.com\/TemmelSeywald"]},{"@type":"Person","@id":"https:\/\/www.tsp.at\/en\/#\/schema\/person\/1ba5600c29da17b902b0925cea567f8a","name":"TSP Redaktion"}]}},"_links":{"self":[{"href":"https:\/\/www.tsp.at\/en\/wp-json\/wp\/v2\/posts\/10270","targetHints":{"allow":["GET"]}}],"collection":[{"href":"https:\/\/www.tsp.at\/en\/wp-json\/wp\/v2\/posts"}],"about":[{"href":"https:\/\/www.tsp.at\/en\/wp-json\/wp\/v2\/types\/post"}],"author":[{"embeddable":true,"href":"https:\/\/www.tsp.at\/en\/wp-json\/wp\/v2\/users\/2"}],"replies":[{"embeddable":true,"href":"https:\/\/www.tsp.at\/en\/wp-json\/wp\/v2\/comments?post=10270"}],"version-history":[{"count":1,"href":"https:\/\/www.tsp.at\/en\/wp-json\/wp\/v2\/posts\/10270\/revisions"}],"predecessor-version":[{"id":11545,"href":"https:\/\/www.tsp.at\/en\/wp-json\/wp\/v2\/posts\/10270\/revisions\/11545"}],"wp:featuredmedia":[{"embeddable":true,"href":"https:\/\/www.tsp.at\/en\/wp-json\/wp\/v2\/media\/10269"}],"wp:attachment":[{"href":"https:\/\/www.tsp.at\/en\/wp-json\/wp\/v2\/media?parent=10270"}],"wp:term":[{"taxonomy":"category","embeddable":true,"href":"https:\/\/www.tsp.at\/en\/wp-json\/wp\/v2\/categories?post=10270"},{"taxonomy":"post_tag","embeddable":true,"href":"https:\/\/www.tsp.at\/en\/wp-json\/wp\/v2\/tags?post=10270"}],"curies":[{"name":"wp","href":"https:\/\/api.w.org\/{rel}","templated":true}]}}