{"id":10284,"date":"2016-04-05T09:57:00","date_gmt":"2016-04-05T07:57:00","guid":{"rendered":"https:\/\/staging.tsp.at\/2016\/04\/05\/stefan-bergsmann-im-horvath-fuehrungsgremium\/"},"modified":"2025-10-21T14:57:50","modified_gmt":"2025-10-21T12:57:50","slug":"stefan-bergsmann-im-horvath-fuehrungsgremium","status":"publish","type":"post","link":"https:\/\/www.tsp.at\/en\/2016\/04\/05\/stefan-bergsmann-im-horvath-fuehrungsgremium\/","title":{"rendered":"Stefan Bergsmann im Horv\u00e1th-F\u00fchrungsgremium"},"content":{"rendered":"<article class=\"item\">\n<h2><strong>\u00d6sterreich-Gesch\u00e4ftsf\u00fchrer zum Partner der Managementberatung ernannt<br \/>\n<\/strong><\/h2>\n<p>05.04.2016<\/p>\n<\/p>\n<\/p>\n<\/p>\n<\/p>\n<\/p>\n<p class=\"FtxtP\">Wien \u2013 <strong><span class=\"FtxtBold\">Die Managementberatung Horv\u00e1th &amp; Partners hat den \u00d6sterreich-Gesch\u00e4ftsf\u00fchrer Dr. Stefan Bergsmann ins internationale F\u00fchrungsgremium aufgenommen. &#8220;Wir freuen uns sehr, unseren \u00f6sterreichischen Partner mit seinen herausragenden Kompetenzen und unternehmerischen Leistungen nun im obersten F\u00fchrungskreis zu haben&#8221;, so Dr. Michael Kieninger, Sprecher des Vorstands der Horv\u00e1th &amp; Partners Gruppe.<\/span><\/strong>\u00a0<a href=\"http:\/\/horvath-partners.com\/\" rel=\"nofollow\" target=\"_blank\">http:\/\/horvath-partners.com<\/a><\/p>\n<p class=\"FtxtP\">Bergsmann ist seit 2004 im Unternehmen t\u00e4tig, seit 2008 als Leiter der Niederlassung in Wien. Seine Spezialgebiete sind Prozessmanagement, Organisation und Digitalisierung. &#8220;Ich freue mich \u00fcber das Vertrauen und blicke optimistisch auf die Fortsetzung und Weiterentwicklung unseres erfolgreichen Gesch\u00e4fts in \u00d6sterreich. Vor allem im Bereich der Digitalisierung stehen wir vor spannenden Herausforderungen, die wir gemeinsam mit unseren Kunden meistern&#8221;, erkl\u00e4rt Bergsmann.<\/p>\n<p class=\"FtxtP\">Stefan Bergsmann studierte Politikwissenschaft, Publizistik und Geschichte an den Universit\u00e4ten Wien und Berkeley, USA. Sein Aufstieg zum Partner erfolgt p\u00fcnktlich zum Beginn des neuen Gesch\u00e4ftsjahres Anfang April. Zus\u00e4tzlich wurden auch Heiko Fink, Leiter des Business-Segments f\u00fcr die produzierende Industrie, Stefan Tobias, Leiter des Business-Segments Funktionales Reporting, Finanzreporting und Konsolidierung, sowie G\u00e1bor Vida, Leiter des Kompetenz-Centers f\u00fcr die Branchen Chemie, \u00d6l und Pharma in Ungarn, zum Partner ernannt.<\/p>\n<p class=\"FtxtP\"><strong><span class=\"FtxtBold\">\u00dcber Horv\u00e1th &amp; Partners<\/span><\/strong><br \/>Horv\u00e1th &amp; Partners ist eine international t\u00e4tige, unabh\u00e4ngige Managementberatung mit Sitz in Stuttgart. Das Unternehmen besch\u00e4ftigt mehr als 600 hochqualifizierte Mitarbeiter an Standorten in Deutschland, \u00d6sterreich, Rum\u00e4nien, Saudi-Arabien, der Schweiz, Ungarn und den Vereinigten Arabischen Emiraten. Die Mitgliedschaft in der internationalen Beratungsallianz &#8220;Cordence Worldwide&#8221; unterst\u00fctzt die F\u00e4higkeit, Beratungsprojekte in wichtigen Wirtschaftsregionen mit h\u00f6chster fachlicher Expertise und genauer Kenntnis der lokalen Gegebenheiten durchzuf\u00fchren.<\/p>\n<p class=\"FtxtP\">Die Kernkompetenzen von Horv\u00e1th &amp; Partners sind Unternehmenssteuerung und Performanceoptimierung &#8211; f\u00fcr das Gesamtunternehmen wie f\u00fcr die Gesch\u00e4fts- und Funktionsbereiche Strategie, Innovation, Organisation, Vertrieb, Operations, Controlling, Finanzen und IT. Horv\u00e1th &amp; Partners steht f\u00fcr Projektergebnisse, die nachhaltigen Nutzen schaffen. Deshalb begleitet Horv\u00e1th &amp; Partners seine Kunden von der betriebswirtschaftlichen Konzeption bis zur Verankerung in Prozessen und Systemen.<\/p>\n<\/article>\n","protected":false},"excerpt":{"rendered":"<p>\u00d6sterreich-Gesch\u00e4ftsf\u00fchrer zum Partner der Managementberatung ernannt 05.04.2016 Wien \u2013 Die Managementberatung Horv\u00e1th &amp; Partners hat den \u00d6sterreich-Gesch\u00e4ftsf\u00fchrer Dr. Stefan Bergsmann ins internationale F\u00fchrungsgremium aufgenommen. &#8220;Wir freuen uns sehr, unseren \u00f6sterreichischen Partner mit seinen herausragenden Kompetenzen und unternehmerischen Leistungen nun im obersten F\u00fchrungskreis zu haben&#8221;, so Dr. Michael Kieninger, Sprecher des Vorstands der Horv\u00e1th &amp; Partners&hellip;<\/p>\n","protected":false},"author":2,"featured_media":10283,"comment_status":"closed","ping_status":"closed","sticky":false,"template":"","format":"standard","meta":{"footnotes":""},"categories":[3],"tags":[],"class_list":["post-10284","post","type-post","status-publish","format-standard","has-post-thumbnail","hentry","category-news","category-3","description-off"],"yoast_head":"<!-- This site is optimized with the Yoast SEO plugin v26.3 - https:\/\/yoast.com\/wordpress\/plugins\/seo\/ -->\n<title>Stefan Bergsmann im Horv\u00e1th-F\u00fchrungsgremium - Temmel | Seywald - Corporate Communications<\/title>\n<meta name=\"robots\" content=\"index, follow, max-snippet:-1, max-image-preview:large, max-video-preview:-1\" \/>\n<link rel=\"canonical\" href=\"https:\/\/www.tsp.at\/en\/2016\/04\/05\/stefan-bergsmann-im-horvath-fuehrungsgremium\/\" \/>\n<meta property=\"og:locale\" content=\"en_US\" \/>\n<meta property=\"og:type\" content=\"article\" \/>\n<meta property=\"og:title\" content=\"Stefan Bergsmann im Horv\u00e1th-F\u00fchrungsgremium - Temmel | Seywald - Corporate Communications\" \/>\n<meta property=\"og:description\" content=\"\u00d6sterreich-Gesch\u00e4ftsf\u00fchrer zum Partner der Managementberatung ernannt 05.04.2016 Wien \u2013 Die Managementberatung Horv\u00e1th &amp; Partners hat den \u00d6sterreich-Gesch\u00e4ftsf\u00fchrer Dr. Stefan Bergsmann ins internationale F\u00fchrungsgremium aufgenommen. &#8220;Wir freuen uns sehr, unseren \u00f6sterreichischen Partner mit seinen herausragenden Kompetenzen und unternehmerischen Leistungen nun im obersten F\u00fchrungskreis zu haben&#8221;, so Dr. Michael Kieninger, Sprecher des Vorstands der Horv\u00e1th &amp; Partners&hellip;\" \/>\n<meta property=\"og:url\" content=\"https:\/\/www.tsp.at\/en\/2016\/04\/05\/stefan-bergsmann-im-horvath-fuehrungsgremium\/\" \/>\n<meta property=\"og:site_name\" content=\"Temmel | Seywald - Corporate Communications\" \/>\n<meta property=\"article:publisher\" content=\"https:\/\/www.facebook.com\/TemmelSeywald\" \/>\n<meta property=\"article:published_time\" content=\"2016-04-05T07:57:00+00:00\" \/>\n<meta property=\"article:modified_time\" content=\"2025-10-21T12:57:50+00:00\" \/>\n<meta property=\"og:image\" content=\"https:\/\/www.tsp.at\/wp-content\/uploads\/2025\/10\/Bergsmann1.jpg\" \/>\n\t<meta property=\"og:image:width\" content=\"2126\" \/>\n\t<meta property=\"og:image:height\" content=\"1417\" \/>\n\t<meta property=\"og:image:type\" content=\"image\/jpeg\" \/>\n<meta name=\"author\" content=\"TSP Redaktion\" \/>\n<meta name=\"twitter:card\" content=\"summary_large_image\" \/>\n<meta name=\"twitter:label1\" content=\"Written by\" \/>\n\t<meta name=\"twitter:data1\" content=\"TSP Redaktion\" \/>\n\t<meta name=\"twitter:label2\" content=\"Est. reading time\" \/>\n\t<meta name=\"twitter:data2\" content=\"2 minutes\" \/>\n<script type=\"application\/ld+json\" class=\"yoast-schema-graph\">{\"@context\":\"https:\/\/schema.org\",\"@graph\":[{\"@type\":\"Article\",\"@id\":\"https:\/\/www.tsp.at\/en\/2016\/04\/05\/stefan-bergsmann-im-horvath-fuehrungsgremium\/#article\",\"isPartOf\":{\"@id\":\"https:\/\/www.tsp.at\/en\/2016\/04\/05\/stefan-bergsmann-im-horvath-fuehrungsgremium\/\"},\"author\":{\"name\":\"TSP Redaktion\",\"@id\":\"https:\/\/www.tsp.at\/en\/#\/schema\/person\/1ba5600c29da17b902b0925cea567f8a\"},\"headline\":\"Stefan Bergsmann im Horv\u00e1th-F\u00fchrungsgremium\",\"datePublished\":\"2016-04-05T07:57:00+00:00\",\"dateModified\":\"2025-10-21T12:57:50+00:00\",\"mainEntityOfPage\":{\"@id\":\"https:\/\/www.tsp.at\/en\/2016\/04\/05\/stefan-bergsmann-im-horvath-fuehrungsgremium\/\"},\"wordCount\":346,\"publisher\":{\"@id\":\"https:\/\/www.tsp.at\/en\/#organization\"},\"image\":{\"@id\":\"https:\/\/www.tsp.at\/en\/2016\/04\/05\/stefan-bergsmann-im-horvath-fuehrungsgremium\/#primaryimage\"},\"thumbnailUrl\":\"https:\/\/www.tsp.at\/wp-content\/uploads\/2025\/10\/Bergsmann1.jpg\",\"articleSection\":[\"News\"],\"inLanguage\":\"en-US\"},{\"@type\":\"WebPage\",\"@id\":\"https:\/\/www.tsp.at\/en\/2016\/04\/05\/stefan-bergsmann-im-horvath-fuehrungsgremium\/\",\"url\":\"https:\/\/www.tsp.at\/en\/2016\/04\/05\/stefan-bergsmann-im-horvath-fuehrungsgremium\/\",\"name\":\"Stefan Bergsmann im Horv\u00e1th-F\u00fchrungsgremium - Temmel | Seywald - Corporate Communications\",\"isPartOf\":{\"@id\":\"https:\/\/www.tsp.at\/en\/#website\"},\"primaryImageOfPage\":{\"@id\":\"https:\/\/www.tsp.at\/en\/2016\/04\/05\/stefan-bergsmann-im-horvath-fuehrungsgremium\/#primaryimage\"},\"image\":{\"@id\":\"https:\/\/www.tsp.at\/en\/2016\/04\/05\/stefan-bergsmann-im-horvath-fuehrungsgremium\/#primaryimage\"},\"thumbnailUrl\":\"https:\/\/www.tsp.at\/wp-content\/uploads\/2025\/10\/Bergsmann1.jpg\",\"datePublished\":\"2016-04-05T07:57:00+00:00\",\"dateModified\":\"2025-10-21T12:57:50+00:00\",\"breadcrumb\":{\"@id\":\"https:\/\/www.tsp.at\/en\/2016\/04\/05\/stefan-bergsmann-im-horvath-fuehrungsgremium\/#breadcrumb\"},\"inLanguage\":\"en-US\",\"potentialAction\":[{\"@type\":\"ReadAction\",\"target\":[\"https:\/\/www.tsp.at\/en\/2016\/04\/05\/stefan-bergsmann-im-horvath-fuehrungsgremium\/\"]}]},{\"@type\":\"ImageObject\",\"inLanguage\":\"en-US\",\"@id\":\"https:\/\/www.tsp.at\/en\/2016\/04\/05\/stefan-bergsmann-im-horvath-fuehrungsgremium\/#primaryimage\",\"url\":\"https:\/\/www.tsp.at\/wp-content\/uploads\/2025\/10\/Bergsmann1.jpg\",\"contentUrl\":\"https:\/\/www.tsp.at\/wp-content\/uploads\/2025\/10\/Bergsmann1.jpg\",\"width\":2126,\"height\":1417,\"caption\":\"(c) fotodienst\/Anna Rauchenberger - Wien, am 09.11.2012 \u2013 Portr\u00e4ts Horv\u00e1th &amp; Partner Management Consulting GmbH\"},{\"@type\":\"BreadcrumbList\",\"@id\":\"https:\/\/www.tsp.at\/en\/2016\/04\/05\/stefan-bergsmann-im-horvath-fuehrungsgremium\/#breadcrumb\",\"itemListElement\":[{\"@type\":\"ListItem\",\"position\":1,\"name\":\"Startseite\",\"item\":\"https:\/\/www.tsp.at\/en\/\"},{\"@type\":\"ListItem\",\"position\":2,\"name\":\"Stefan Bergsmann im Horv\u00e1th-F\u00fchrungsgremium\"}]},{\"@type\":\"WebSite\",\"@id\":\"https:\/\/www.tsp.at\/en\/#website\",\"url\":\"https:\/\/www.tsp.at\/en\/\",\"name\":\"Temmel | Seywald - Corporate Communications\",\"description\":\"Kommunikation ist Beziehungsarbeit\",\"publisher\":{\"@id\":\"https:\/\/www.tsp.at\/en\/#organization\"},\"potentialAction\":[{\"@type\":\"SearchAction\",\"target\":{\"@type\":\"EntryPoint\",\"urlTemplate\":\"https:\/\/www.tsp.at\/en\/?s={search_term_string}\"},\"query-input\":{\"@type\":\"PropertyValueSpecification\",\"valueRequired\":true,\"valueName\":\"search_term_string\"}}],\"inLanguage\":\"en-US\"},{\"@type\":\"Organization\",\"@id\":\"https:\/\/www.tsp.at\/en\/#organization\",\"name\":\"Temmel, Seywald & Partner Communications GesmbH\",\"alternateName\":\"TSP\",\"url\":\"https:\/\/www.tsp.at\/en\/\",\"logo\":{\"@type\":\"ImageObject\",\"inLanguage\":\"en-US\",\"@id\":\"https:\/\/www.tsp.at\/en\/#\/schema\/logo\/image\/\",\"url\":\"https:\/\/www.tsp.at\/wp-content\/uploads\/2025\/10\/favicontsp.png\",\"contentUrl\":\"https:\/\/www.tsp.at\/wp-content\/uploads\/2025\/10\/favicontsp.png\",\"width\":125,\"height\":125,\"caption\":\"Temmel, Seywald & Partner Communications GesmbH\"},\"image\":{\"@id\":\"https:\/\/www.tsp.at\/en\/#\/schema\/logo\/image\/\"},\"sameAs\":[\"https:\/\/www.facebook.com\/TemmelSeywald\"]},{\"@type\":\"Person\",\"@id\":\"https:\/\/www.tsp.at\/en\/#\/schema\/person\/1ba5600c29da17b902b0925cea567f8a\",\"name\":\"TSP Redaktion\"}]}<\/script>\n<!-- \/ Yoast SEO plugin. -->","yoast_head_json":{"title":"Stefan Bergsmann im Horv\u00e1th-F\u00fchrungsgremium - Temmel | Seywald - Corporate Communications","robots":{"index":"index","follow":"follow","max-snippet":"max-snippet:-1","max-image-preview":"max-image-preview:large","max-video-preview":"max-video-preview:-1"},"canonical":"https:\/\/www.tsp.at\/en\/2016\/04\/05\/stefan-bergsmann-im-horvath-fuehrungsgremium\/","og_locale":"en_US","og_type":"article","og_title":"Stefan Bergsmann im Horv\u00e1th-F\u00fchrungsgremium - Temmel | Seywald - Corporate Communications","og_description":"\u00d6sterreich-Gesch\u00e4ftsf\u00fchrer zum Partner der Managementberatung ernannt 05.04.2016 Wien \u2013 Die Managementberatung Horv\u00e1th &amp; Partners hat den \u00d6sterreich-Gesch\u00e4ftsf\u00fchrer Dr. Stefan Bergsmann ins internationale F\u00fchrungsgremium aufgenommen. &#8220;Wir freuen uns sehr, unseren \u00f6sterreichischen Partner mit seinen herausragenden Kompetenzen und unternehmerischen Leistungen nun im obersten F\u00fchrungskreis zu haben&#8221;, so Dr. Michael Kieninger, Sprecher des Vorstands der Horv\u00e1th &amp; Partners&hellip;","og_url":"https:\/\/www.tsp.at\/en\/2016\/04\/05\/stefan-bergsmann-im-horvath-fuehrungsgremium\/","og_site_name":"Temmel | Seywald - Corporate Communications","article_publisher":"https:\/\/www.facebook.com\/TemmelSeywald","article_published_time":"2016-04-05T07:57:00+00:00","article_modified_time":"2025-10-21T12:57:50+00:00","og_image":[{"width":2126,"height":1417,"url":"https:\/\/www.tsp.at\/wp-content\/uploads\/2025\/10\/Bergsmann1.jpg","type":"image\/jpeg"}],"author":"TSP Redaktion","twitter_card":"summary_large_image","twitter_misc":{"Written by":"TSP Redaktion","Est. reading time":"2 minutes"},"schema":{"@context":"https:\/\/schema.org","@graph":[{"@type":"Article","@id":"https:\/\/www.tsp.at\/en\/2016\/04\/05\/stefan-bergsmann-im-horvath-fuehrungsgremium\/#article","isPartOf":{"@id":"https:\/\/www.tsp.at\/en\/2016\/04\/05\/stefan-bergsmann-im-horvath-fuehrungsgremium\/"},"author":{"name":"TSP Redaktion","@id":"https:\/\/www.tsp.at\/en\/#\/schema\/person\/1ba5600c29da17b902b0925cea567f8a"},"headline":"Stefan Bergsmann im Horv\u00e1th-F\u00fchrungsgremium","datePublished":"2016-04-05T07:57:00+00:00","dateModified":"2025-10-21T12:57:50+00:00","mainEntityOfPage":{"@id":"https:\/\/www.tsp.at\/en\/2016\/04\/05\/stefan-bergsmann-im-horvath-fuehrungsgremium\/"},"wordCount":346,"publisher":{"@id":"https:\/\/www.tsp.at\/en\/#organization"},"image":{"@id":"https:\/\/www.tsp.at\/en\/2016\/04\/05\/stefan-bergsmann-im-horvath-fuehrungsgremium\/#primaryimage"},"thumbnailUrl":"https:\/\/www.tsp.at\/wp-content\/uploads\/2025\/10\/Bergsmann1.jpg","articleSection":["News"],"inLanguage":"en-US"},{"@type":"WebPage","@id":"https:\/\/www.tsp.at\/en\/2016\/04\/05\/stefan-bergsmann-im-horvath-fuehrungsgremium\/","url":"https:\/\/www.tsp.at\/en\/2016\/04\/05\/stefan-bergsmann-im-horvath-fuehrungsgremium\/","name":"Stefan Bergsmann im Horv\u00e1th-F\u00fchrungsgremium - Temmel | Seywald - Corporate Communications","isPartOf":{"@id":"https:\/\/www.tsp.at\/en\/#website"},"primaryImageOfPage":{"@id":"https:\/\/www.tsp.at\/en\/2016\/04\/05\/stefan-bergsmann-im-horvath-fuehrungsgremium\/#primaryimage"},"image":{"@id":"https:\/\/www.tsp.at\/en\/2016\/04\/05\/stefan-bergsmann-im-horvath-fuehrungsgremium\/#primaryimage"},"thumbnailUrl":"https:\/\/www.tsp.at\/wp-content\/uploads\/2025\/10\/Bergsmann1.jpg","datePublished":"2016-04-05T07:57:00+00:00","dateModified":"2025-10-21T12:57:50+00:00","breadcrumb":{"@id":"https:\/\/www.tsp.at\/en\/2016\/04\/05\/stefan-bergsmann-im-horvath-fuehrungsgremium\/#breadcrumb"},"inLanguage":"en-US","potentialAction":[{"@type":"ReadAction","target":["https:\/\/www.tsp.at\/en\/2016\/04\/05\/stefan-bergsmann-im-horvath-fuehrungsgremium\/"]}]},{"@type":"ImageObject","inLanguage":"en-US","@id":"https:\/\/www.tsp.at\/en\/2016\/04\/05\/stefan-bergsmann-im-horvath-fuehrungsgremium\/#primaryimage","url":"https:\/\/www.tsp.at\/wp-content\/uploads\/2025\/10\/Bergsmann1.jpg","contentUrl":"https:\/\/www.tsp.at\/wp-content\/uploads\/2025\/10\/Bergsmann1.jpg","width":2126,"height":1417,"caption":"(c) fotodienst\/Anna Rauchenberger - Wien, am 09.11.2012 \u2013 Portr\u00e4ts Horv\u00e1th &amp; Partner Management Consulting GmbH"},{"@type":"BreadcrumbList","@id":"https:\/\/www.tsp.at\/en\/2016\/04\/05\/stefan-bergsmann-im-horvath-fuehrungsgremium\/#breadcrumb","itemListElement":[{"@type":"ListItem","position":1,"name":"Startseite","item":"https:\/\/www.tsp.at\/en\/"},{"@type":"ListItem","position":2,"name":"Stefan Bergsmann im Horv\u00e1th-F\u00fchrungsgremium"}]},{"@type":"WebSite","@id":"https:\/\/www.tsp.at\/en\/#website","url":"https:\/\/www.tsp.at\/en\/","name":"Temmel | Seywald - Corporate Communications","description":"Kommunikation ist Beziehungsarbeit","publisher":{"@id":"https:\/\/www.tsp.at\/en\/#organization"},"potentialAction":[{"@type":"SearchAction","target":{"@type":"EntryPoint","urlTemplate":"https:\/\/www.tsp.at\/en\/?s={search_term_string}"},"query-input":{"@type":"PropertyValueSpecification","valueRequired":true,"valueName":"search_term_string"}}],"inLanguage":"en-US"},{"@type":"Organization","@id":"https:\/\/www.tsp.at\/en\/#organization","name":"Temmel, Seywald & Partner Communications GesmbH","alternateName":"TSP","url":"https:\/\/www.tsp.at\/en\/","logo":{"@type":"ImageObject","inLanguage":"en-US","@id":"https:\/\/www.tsp.at\/en\/#\/schema\/logo\/image\/","url":"https:\/\/www.tsp.at\/wp-content\/uploads\/2025\/10\/favicontsp.png","contentUrl":"https:\/\/www.tsp.at\/wp-content\/uploads\/2025\/10\/favicontsp.png","width":125,"height":125,"caption":"Temmel, Seywald & Partner Communications GesmbH"},"image":{"@id":"https:\/\/www.tsp.at\/en\/#\/schema\/logo\/image\/"},"sameAs":["https:\/\/www.facebook.com\/TemmelSeywald"]},{"@type":"Person","@id":"https:\/\/www.tsp.at\/en\/#\/schema\/person\/1ba5600c29da17b902b0925cea567f8a","name":"TSP Redaktion"}]}},"_links":{"self":[{"href":"https:\/\/www.tsp.at\/en\/wp-json\/wp\/v2\/posts\/10284","targetHints":{"allow":["GET"]}}],"collection":[{"href":"https:\/\/www.tsp.at\/en\/wp-json\/wp\/v2\/posts"}],"about":[{"href":"https:\/\/www.tsp.at\/en\/wp-json\/wp\/v2\/types\/post"}],"author":[{"embeddable":true,"href":"https:\/\/www.tsp.at\/en\/wp-json\/wp\/v2\/users\/2"}],"replies":[{"embeddable":true,"href":"https:\/\/www.tsp.at\/en\/wp-json\/wp\/v2\/comments?post=10284"}],"version-history":[{"count":1,"href":"https:\/\/www.tsp.at\/en\/wp-json\/wp\/v2\/posts\/10284\/revisions"}],"predecessor-version":[{"id":11552,"href":"https:\/\/www.tsp.at\/en\/wp-json\/wp\/v2\/posts\/10284\/revisions\/11552"}],"wp:featuredmedia":[{"embeddable":true,"href":"https:\/\/www.tsp.at\/en\/wp-json\/wp\/v2\/media\/10283"}],"wp:attachment":[{"href":"https:\/\/www.tsp.at\/en\/wp-json\/wp\/v2\/media?parent=10284"}],"wp:term":[{"taxonomy":"category","embeddable":true,"href":"https:\/\/www.tsp.at\/en\/wp-json\/wp\/v2\/categories?post=10284"},{"taxonomy":"post_tag","embeddable":true,"href":"https:\/\/www.tsp.at\/en\/wp-json\/wp\/v2\/tags?post=10284"}],"curies":[{"name":"wp","href":"https:\/\/api.w.org\/{rel}","templated":true}]}}