{"id":10292,"date":"2016-03-27T10:10:00","date_gmt":"2016-03-27T08:10:00","guid":{"rendered":"https:\/\/staging.tsp.at\/2016\/03\/27\/santa-ponsa-wie-im-sturm-erobert\/"},"modified":"2025-10-21T14:57:50","modified_gmt":"2025-10-21T12:57:50","slug":"santa-ponsa-wie-im-sturm-erobert","status":"publish","type":"post","link":"https:\/\/www.tsp.at\/en\/2016\/03\/27\/santa-ponsa-wie-im-sturm-erobert\/","title":{"rendered":"Santa Ponsa wie im Sturm erobert"},"content":{"rendered":"<article class=\"item\">\n<h2><strong>Geschichte von K\u00f6nig Jakob in der Villa von First Mallorca<br \/>\n<\/strong><\/h2>\n<p>27.03.2016<\/p>\n<\/p>\n<\/p>\n<\/p>\n<\/p>\n<\/p>\n<p class=\"FtxtP\">Palma de Mallorca\/Santa Ponsa \u2013 <strong><span class=\"FtxtBold\">Als K\u00f6nig Jakob I. im Jahre 1229 die spanische Mittelmeerinsel Mallorca eroberte, pr\u00e4gte er die Insel wie kaum ein anderer. Ihren Anfang nahm seine st\u00fcrmische Landnahme in Santa Ponsa, wo der K\u00f6nig erstmals mallorquinischen Boden betrat. Noch heute erinnert an dieser Stelle ein Kreuz an das wohl bedeutendste Ereignis in der Geschichte Mallorcas, und das kulturelle Erbe des katalanisch-aragonischen Herrschers ist noch immer omnipr\u00e4sent.<\/span><\/strong><\/p>\n<p class=\"FtxtP\">W\u00e4ren die Eroberungspl\u00e4ne des Katalanen nicht so ambitioniert gewesen, h\u00e4tte er Santa Ponsa wohl nicht nur f\u00fcr den Landgang genutzt, sondern w\u00e4re gewiss l\u00e4nger geblieben. Knapp 800 Jahre sp\u00e4ter wartet hier ganz nahe dem Meer eine exquisite Traumvilla darauf, erobert zu werden. Denn der S\u00fcdwesten rund um den mond\u00e4nen Ort geh\u00f6rt nach wie vor zu den sch\u00f6nsten Flecken der Insel.<\/p>\n<p class=\"FtxtP\"><strong><span class=\"FtxtBold\">Ein individuelles K\u00f6nigreich<\/span><\/strong><\/p>\n<p class=\"FtxtP\">Zum Verkauf steht eine hochwertige Immobilie in Santa Ponsa mit vier Schlafzimmern und drei B\u00e4dern auf einem 2.600 m2 gro\u00dfen Gartengrundst\u00fcck mit Meerblick und viel Privatsph\u00e4re. Die bebaute Fl\u00e4che betr\u00e4gt 1.050 Quadratmeter samt 40 m2 \u00fcberdachte Terrassen zuz\u00fcglich 200 m2 offene Terrassen. Das vollm\u00f6blierte Anwesen ist mit italienischem Marmor ausgestattet.<\/p>\n<p class=\"FtxtP\">Es verf\u00fcgt \u00fcber einen gro\u00dfen beheizbaren Pool, einen Fitnessraum, eine Garage f\u00fcr f\u00fcnf Fahrzeuge sowie Fu\u00dfbodenheizung und Gas-Kamine. Hinzu kommen ein Aufzug, eine Klimaanlage und eine Solarheizung. In dem mit Palmen geschm\u00fcckten Garten w\u00fcrden sich nicht nur katalanische Eroberer wohlf\u00fchlen, das beschauliche Anwesen sucht jetzt einen neuen Besitzer, der alles andere als blaubl\u00fctig sein muss.<\/p>\n<p class=\"FtxtP\"><strong><span class=\"FtxtBold\">Seefahren und Golfen<\/span><\/strong><\/p>\n<p class=\"FtxtP\">Wer wie Jakob I. ein Seefahrer ist und auf Entdeckungsreise gehen will, der ist im Yachthafen Port Adriano bestens aufgehoben. Die elegante Marina liegt ganz in der N\u00e4he und bietet eigene Liegepl\u00e4tze sowie Charter-M\u00f6glichkeiten. Restaurants, Bars und Boutiquen laden zum Gustieren ein. Hobbysportler, die lieber festen Boden unter den F\u00fc\u00dfen haben, k\u00f6nnen hingegen auf einem der drei umliegenden Golfpl\u00e4tze an ihrem Handicap feilen.<\/p>\n<p class=\"FtxtP\">Auch das gesch\u00e4ftige Zentrum des 10.000-Seelen-Orts ist nicht weit entfernt und l\u00e4dt zum Bummeln ein. Mehr Urbanit\u00e4t bietet die Hauptstadt Palma. Sie ist in nur 20 Minuten mit dem Auto zu erreichen. Mit dieser hochwertigen Villa verbindet First Mallorca zeitgen\u00f6ssischen Luxus mit moderner Infrastruktur. Der Kaufpreis liegt bei 6.900.000 Euro.\u00a0<a href=\"http:\/\/bit.ly\/1RZek64\" rel=\"nofollow\" target=\"_blank\">http:\/\/bit.ly\/1RZek64<\/a><\/p>\n<p class=\"FtxtP\"><strong><span class=\"FtxtBold\">\u00dcber First Mallorca<\/span><\/strong><br \/>First Mallorca ist eine spanische private Kapitalgesellschaft (S.L.) mit Sitz auf der Baleareninsel Mallorca, die vielf\u00e4ltige Inmobilien-Serviceleistungen anbietet. Das Unternehmen ist Marktf\u00fchrer unter den &#8220;Boutique Style&#8221;-Anbietern mit hochqualitativen und innovativen Services. Das Team besteht aus \u00fcber 40 internationalen, dynamischen Berater\/innen, die \u00fcber einschl\u00e4gige Erfahrung in Immobilienentwicklung und Verm\u00f6gensverwaltung verf\u00fcgen. Da jede Abwicklung individuell angelegt ist, setzt das Expertenteam von First Mallorca stets neue und innovative Wege, Technologien und Strategien um, um beste Resultate f\u00fcr ihre Kunden zu erzielen. Die vier strategisch positionierten Filialen werden k\u00fcnftig durch einen weiteren Standort auf Mallorca und einen auf Ibiza erg\u00e4nzt.<\/p>\n<\/article>\n","protected":false},"excerpt":{"rendered":"<p>Geschichte von K\u00f6nig Jakob in der Villa von First Mallorca 27.03.2016 Palma de Mallorca\/Santa Ponsa \u2013 Als K\u00f6nig Jakob I. im Jahre 1229 die spanische Mittelmeerinsel Mallorca eroberte, pr\u00e4gte er die Insel wie kaum ein anderer. Ihren Anfang nahm seine st\u00fcrmische Landnahme in Santa Ponsa, wo der K\u00f6nig erstmals mallorquinischen Boden betrat. Noch heute erinnert&hellip;<\/p>\n","protected":false},"author":2,"featured_media":10291,"comment_status":"closed","ping_status":"closed","sticky":false,"template":"","format":"standard","meta":{"footnotes":""},"categories":[3],"tags":[],"class_list":["post-10292","post","type-post","status-publish","format-standard","has-post-thumbnail","hentry","category-news","category-3","description-off"],"yoast_head":"<!-- This site is optimized with the Yoast SEO plugin v26.3 - https:\/\/yoast.com\/wordpress\/plugins\/seo\/ -->\n<title>Santa Ponsa wie im Sturm erobert - Temmel | Seywald - Corporate Communications<\/title>\n<meta name=\"robots\" content=\"index, follow, max-snippet:-1, max-image-preview:large, max-video-preview:-1\" \/>\n<link rel=\"canonical\" href=\"https:\/\/www.tsp.at\/en\/2016\/03\/27\/santa-ponsa-wie-im-sturm-erobert\/\" \/>\n<meta property=\"og:locale\" content=\"en_US\" \/>\n<meta property=\"og:type\" content=\"article\" \/>\n<meta property=\"og:title\" content=\"Santa Ponsa wie im Sturm erobert - Temmel | Seywald - Corporate Communications\" \/>\n<meta property=\"og:description\" content=\"Geschichte von K\u00f6nig Jakob in der Villa von First Mallorca 27.03.2016 Palma de Mallorca\/Santa Ponsa \u2013 Als K\u00f6nig Jakob I. im Jahre 1229 die spanische Mittelmeerinsel Mallorca eroberte, pr\u00e4gte er die Insel wie kaum ein anderer. Ihren Anfang nahm seine st\u00fcrmische Landnahme in Santa Ponsa, wo der K\u00f6nig erstmals mallorquinischen Boden betrat. Noch heute erinnert&hellip;\" \/>\n<meta property=\"og:url\" content=\"https:\/\/www.tsp.at\/en\/2016\/03\/27\/santa-ponsa-wie-im-sturm-erobert\/\" \/>\n<meta property=\"og:site_name\" content=\"Temmel | Seywald - Corporate Communications\" \/>\n<meta property=\"article:publisher\" content=\"https:\/\/www.facebook.com\/TemmelSeywald\" \/>\n<meta property=\"article:published_time\" content=\"2016-03-27T08:10:00+00:00\" \/>\n<meta property=\"article:modified_time\" content=\"2025-10-21T12:57:50+00:00\" \/>\n<meta property=\"og:image\" content=\"https:\/\/www.tsp.at\/wp-content\/uploads\/2025\/10\/long12_52338-scaled.jpg\" \/>\n\t<meta property=\"og:image:width\" content=\"2560\" \/>\n\t<meta property=\"og:image:height\" content=\"1707\" \/>\n\t<meta property=\"og:image:type\" content=\"image\/jpeg\" \/>\n<meta name=\"author\" content=\"TSP Redaktion\" \/>\n<meta name=\"twitter:card\" content=\"summary_large_image\" \/>\n<meta name=\"twitter:label1\" content=\"Written by\" \/>\n\t<meta name=\"twitter:data1\" content=\"TSP Redaktion\" \/>\n\t<meta name=\"twitter:label2\" content=\"Est. reading time\" \/>\n\t<meta name=\"twitter:data2\" content=\"3 minutes\" \/>\n<script type=\"application\/ld+json\" class=\"yoast-schema-graph\">{\"@context\":\"https:\/\/schema.org\",\"@graph\":[{\"@type\":\"Article\",\"@id\":\"https:\/\/www.tsp.at\/en\/2016\/03\/27\/santa-ponsa-wie-im-sturm-erobert\/#article\",\"isPartOf\":{\"@id\":\"https:\/\/www.tsp.at\/en\/2016\/03\/27\/santa-ponsa-wie-im-sturm-erobert\/\"},\"author\":{\"name\":\"TSP Redaktion\",\"@id\":\"https:\/\/www.tsp.at\/en\/#\/schema\/person\/1ba5600c29da17b902b0925cea567f8a\"},\"headline\":\"Santa Ponsa wie im Sturm erobert\",\"datePublished\":\"2016-03-27T08:10:00+00:00\",\"dateModified\":\"2025-10-21T12:57:50+00:00\",\"mainEntityOfPage\":{\"@id\":\"https:\/\/www.tsp.at\/en\/2016\/03\/27\/santa-ponsa-wie-im-sturm-erobert\/\"},\"wordCount\":519,\"publisher\":{\"@id\":\"https:\/\/www.tsp.at\/en\/#organization\"},\"image\":{\"@id\":\"https:\/\/www.tsp.at\/en\/2016\/03\/27\/santa-ponsa-wie-im-sturm-erobert\/#primaryimage\"},\"thumbnailUrl\":\"https:\/\/www.tsp.at\/wp-content\/uploads\/2025\/10\/long12_52338-scaled.jpg\",\"articleSection\":[\"News\"],\"inLanguage\":\"en-US\"},{\"@type\":\"WebPage\",\"@id\":\"https:\/\/www.tsp.at\/en\/2016\/03\/27\/santa-ponsa-wie-im-sturm-erobert\/\",\"url\":\"https:\/\/www.tsp.at\/en\/2016\/03\/27\/santa-ponsa-wie-im-sturm-erobert\/\",\"name\":\"Santa Ponsa wie im Sturm erobert - Temmel | Seywald - Corporate Communications\",\"isPartOf\":{\"@id\":\"https:\/\/www.tsp.at\/en\/#website\"},\"primaryImageOfPage\":{\"@id\":\"https:\/\/www.tsp.at\/en\/2016\/03\/27\/santa-ponsa-wie-im-sturm-erobert\/#primaryimage\"},\"image\":{\"@id\":\"https:\/\/www.tsp.at\/en\/2016\/03\/27\/santa-ponsa-wie-im-sturm-erobert\/#primaryimage\"},\"thumbnailUrl\":\"https:\/\/www.tsp.at\/wp-content\/uploads\/2025\/10\/long12_52338-scaled.jpg\",\"datePublished\":\"2016-03-27T08:10:00+00:00\",\"dateModified\":\"2025-10-21T12:57:50+00:00\",\"breadcrumb\":{\"@id\":\"https:\/\/www.tsp.at\/en\/2016\/03\/27\/santa-ponsa-wie-im-sturm-erobert\/#breadcrumb\"},\"inLanguage\":\"en-US\",\"potentialAction\":[{\"@type\":\"ReadAction\",\"target\":[\"https:\/\/www.tsp.at\/en\/2016\/03\/27\/santa-ponsa-wie-im-sturm-erobert\/\"]}]},{\"@type\":\"ImageObject\",\"inLanguage\":\"en-US\",\"@id\":\"https:\/\/www.tsp.at\/en\/2016\/03\/27\/santa-ponsa-wie-im-sturm-erobert\/#primaryimage\",\"url\":\"https:\/\/www.tsp.at\/wp-content\/uploads\/2025\/10\/long12_52338-scaled.jpg\",\"contentUrl\":\"https:\/\/www.tsp.at\/wp-content\/uploads\/2025\/10\/long12_52338-scaled.jpg\",\"width\":2560,\"height\":1707},{\"@type\":\"BreadcrumbList\",\"@id\":\"https:\/\/www.tsp.at\/en\/2016\/03\/27\/santa-ponsa-wie-im-sturm-erobert\/#breadcrumb\",\"itemListElement\":[{\"@type\":\"ListItem\",\"position\":1,\"name\":\"Startseite\",\"item\":\"https:\/\/www.tsp.at\/en\/\"},{\"@type\":\"ListItem\",\"position\":2,\"name\":\"Santa Ponsa wie im Sturm erobert\"}]},{\"@type\":\"WebSite\",\"@id\":\"https:\/\/www.tsp.at\/en\/#website\",\"url\":\"https:\/\/www.tsp.at\/en\/\",\"name\":\"Temmel | Seywald - Corporate Communications\",\"description\":\"Kommunikation ist Beziehungsarbeit\",\"publisher\":{\"@id\":\"https:\/\/www.tsp.at\/en\/#organization\"},\"potentialAction\":[{\"@type\":\"SearchAction\",\"target\":{\"@type\":\"EntryPoint\",\"urlTemplate\":\"https:\/\/www.tsp.at\/en\/?s={search_term_string}\"},\"query-input\":{\"@type\":\"PropertyValueSpecification\",\"valueRequired\":true,\"valueName\":\"search_term_string\"}}],\"inLanguage\":\"en-US\"},{\"@type\":\"Organization\",\"@id\":\"https:\/\/www.tsp.at\/en\/#organization\",\"name\":\"Temmel, Seywald & Partner Communications GesmbH\",\"alternateName\":\"TSP\",\"url\":\"https:\/\/www.tsp.at\/en\/\",\"logo\":{\"@type\":\"ImageObject\",\"inLanguage\":\"en-US\",\"@id\":\"https:\/\/www.tsp.at\/en\/#\/schema\/logo\/image\/\",\"url\":\"https:\/\/www.tsp.at\/wp-content\/uploads\/2025\/10\/favicontsp.png\",\"contentUrl\":\"https:\/\/www.tsp.at\/wp-content\/uploads\/2025\/10\/favicontsp.png\",\"width\":125,\"height\":125,\"caption\":\"Temmel, Seywald & Partner Communications GesmbH\"},\"image\":{\"@id\":\"https:\/\/www.tsp.at\/en\/#\/schema\/logo\/image\/\"},\"sameAs\":[\"https:\/\/www.facebook.com\/TemmelSeywald\"]},{\"@type\":\"Person\",\"@id\":\"https:\/\/www.tsp.at\/en\/#\/schema\/person\/1ba5600c29da17b902b0925cea567f8a\",\"name\":\"TSP Redaktion\"}]}<\/script>\n<!-- \/ Yoast SEO plugin. -->","yoast_head_json":{"title":"Santa Ponsa wie im Sturm erobert - Temmel | Seywald - Corporate Communications","robots":{"index":"index","follow":"follow","max-snippet":"max-snippet:-1","max-image-preview":"max-image-preview:large","max-video-preview":"max-video-preview:-1"},"canonical":"https:\/\/www.tsp.at\/en\/2016\/03\/27\/santa-ponsa-wie-im-sturm-erobert\/","og_locale":"en_US","og_type":"article","og_title":"Santa Ponsa wie im Sturm erobert - Temmel | Seywald - Corporate Communications","og_description":"Geschichte von K\u00f6nig Jakob in der Villa von First Mallorca 27.03.2016 Palma de Mallorca\/Santa Ponsa \u2013 Als K\u00f6nig Jakob I. im Jahre 1229 die spanische Mittelmeerinsel Mallorca eroberte, pr\u00e4gte er die Insel wie kaum ein anderer. Ihren Anfang nahm seine st\u00fcrmische Landnahme in Santa Ponsa, wo der K\u00f6nig erstmals mallorquinischen Boden betrat. Noch heute erinnert&hellip;","og_url":"https:\/\/www.tsp.at\/en\/2016\/03\/27\/santa-ponsa-wie-im-sturm-erobert\/","og_site_name":"Temmel | Seywald - Corporate Communications","article_publisher":"https:\/\/www.facebook.com\/TemmelSeywald","article_published_time":"2016-03-27T08:10:00+00:00","article_modified_time":"2025-10-21T12:57:50+00:00","og_image":[{"width":2560,"height":1707,"url":"https:\/\/www.tsp.at\/wp-content\/uploads\/2025\/10\/long12_52338-scaled.jpg","type":"image\/jpeg"}],"author":"TSP Redaktion","twitter_card":"summary_large_image","twitter_misc":{"Written by":"TSP Redaktion","Est. reading time":"3 minutes"},"schema":{"@context":"https:\/\/schema.org","@graph":[{"@type":"Article","@id":"https:\/\/www.tsp.at\/en\/2016\/03\/27\/santa-ponsa-wie-im-sturm-erobert\/#article","isPartOf":{"@id":"https:\/\/www.tsp.at\/en\/2016\/03\/27\/santa-ponsa-wie-im-sturm-erobert\/"},"author":{"name":"TSP Redaktion","@id":"https:\/\/www.tsp.at\/en\/#\/schema\/person\/1ba5600c29da17b902b0925cea567f8a"},"headline":"Santa Ponsa wie im Sturm erobert","datePublished":"2016-03-27T08:10:00+00:00","dateModified":"2025-10-21T12:57:50+00:00","mainEntityOfPage":{"@id":"https:\/\/www.tsp.at\/en\/2016\/03\/27\/santa-ponsa-wie-im-sturm-erobert\/"},"wordCount":519,"publisher":{"@id":"https:\/\/www.tsp.at\/en\/#organization"},"image":{"@id":"https:\/\/www.tsp.at\/en\/2016\/03\/27\/santa-ponsa-wie-im-sturm-erobert\/#primaryimage"},"thumbnailUrl":"https:\/\/www.tsp.at\/wp-content\/uploads\/2025\/10\/long12_52338-scaled.jpg","articleSection":["News"],"inLanguage":"en-US"},{"@type":"WebPage","@id":"https:\/\/www.tsp.at\/en\/2016\/03\/27\/santa-ponsa-wie-im-sturm-erobert\/","url":"https:\/\/www.tsp.at\/en\/2016\/03\/27\/santa-ponsa-wie-im-sturm-erobert\/","name":"Santa Ponsa wie im Sturm erobert - Temmel | Seywald - Corporate Communications","isPartOf":{"@id":"https:\/\/www.tsp.at\/en\/#website"},"primaryImageOfPage":{"@id":"https:\/\/www.tsp.at\/en\/2016\/03\/27\/santa-ponsa-wie-im-sturm-erobert\/#primaryimage"},"image":{"@id":"https:\/\/www.tsp.at\/en\/2016\/03\/27\/santa-ponsa-wie-im-sturm-erobert\/#primaryimage"},"thumbnailUrl":"https:\/\/www.tsp.at\/wp-content\/uploads\/2025\/10\/long12_52338-scaled.jpg","datePublished":"2016-03-27T08:10:00+00:00","dateModified":"2025-10-21T12:57:50+00:00","breadcrumb":{"@id":"https:\/\/www.tsp.at\/en\/2016\/03\/27\/santa-ponsa-wie-im-sturm-erobert\/#breadcrumb"},"inLanguage":"en-US","potentialAction":[{"@type":"ReadAction","target":["https:\/\/www.tsp.at\/en\/2016\/03\/27\/santa-ponsa-wie-im-sturm-erobert\/"]}]},{"@type":"ImageObject","inLanguage":"en-US","@id":"https:\/\/www.tsp.at\/en\/2016\/03\/27\/santa-ponsa-wie-im-sturm-erobert\/#primaryimage","url":"https:\/\/www.tsp.at\/wp-content\/uploads\/2025\/10\/long12_52338-scaled.jpg","contentUrl":"https:\/\/www.tsp.at\/wp-content\/uploads\/2025\/10\/long12_52338-scaled.jpg","width":2560,"height":1707},{"@type":"BreadcrumbList","@id":"https:\/\/www.tsp.at\/en\/2016\/03\/27\/santa-ponsa-wie-im-sturm-erobert\/#breadcrumb","itemListElement":[{"@type":"ListItem","position":1,"name":"Startseite","item":"https:\/\/www.tsp.at\/en\/"},{"@type":"ListItem","position":2,"name":"Santa Ponsa wie im Sturm erobert"}]},{"@type":"WebSite","@id":"https:\/\/www.tsp.at\/en\/#website","url":"https:\/\/www.tsp.at\/en\/","name":"Temmel | Seywald - Corporate Communications","description":"Kommunikation ist Beziehungsarbeit","publisher":{"@id":"https:\/\/www.tsp.at\/en\/#organization"},"potentialAction":[{"@type":"SearchAction","target":{"@type":"EntryPoint","urlTemplate":"https:\/\/www.tsp.at\/en\/?s={search_term_string}"},"query-input":{"@type":"PropertyValueSpecification","valueRequired":true,"valueName":"search_term_string"}}],"inLanguage":"en-US"},{"@type":"Organization","@id":"https:\/\/www.tsp.at\/en\/#organization","name":"Temmel, Seywald & Partner Communications GesmbH","alternateName":"TSP","url":"https:\/\/www.tsp.at\/en\/","logo":{"@type":"ImageObject","inLanguage":"en-US","@id":"https:\/\/www.tsp.at\/en\/#\/schema\/logo\/image\/","url":"https:\/\/www.tsp.at\/wp-content\/uploads\/2025\/10\/favicontsp.png","contentUrl":"https:\/\/www.tsp.at\/wp-content\/uploads\/2025\/10\/favicontsp.png","width":125,"height":125,"caption":"Temmel, Seywald & Partner Communications GesmbH"},"image":{"@id":"https:\/\/www.tsp.at\/en\/#\/schema\/logo\/image\/"},"sameAs":["https:\/\/www.facebook.com\/TemmelSeywald"]},{"@type":"Person","@id":"https:\/\/www.tsp.at\/en\/#\/schema\/person\/1ba5600c29da17b902b0925cea567f8a","name":"TSP Redaktion"}]}},"_links":{"self":[{"href":"https:\/\/www.tsp.at\/en\/wp-json\/wp\/v2\/posts\/10292","targetHints":{"allow":["GET"]}}],"collection":[{"href":"https:\/\/www.tsp.at\/en\/wp-json\/wp\/v2\/posts"}],"about":[{"href":"https:\/\/www.tsp.at\/en\/wp-json\/wp\/v2\/types\/post"}],"author":[{"embeddable":true,"href":"https:\/\/www.tsp.at\/en\/wp-json\/wp\/v2\/users\/2"}],"replies":[{"embeddable":true,"href":"https:\/\/www.tsp.at\/en\/wp-json\/wp\/v2\/comments?post=10292"}],"version-history":[{"count":1,"href":"https:\/\/www.tsp.at\/en\/wp-json\/wp\/v2\/posts\/10292\/revisions"}],"predecessor-version":[{"id":11556,"href":"https:\/\/www.tsp.at\/en\/wp-json\/wp\/v2\/posts\/10292\/revisions\/11556"}],"wp:featuredmedia":[{"embeddable":true,"href":"https:\/\/www.tsp.at\/en\/wp-json\/wp\/v2\/media\/10291"}],"wp:attachment":[{"href":"https:\/\/www.tsp.at\/en\/wp-json\/wp\/v2\/media?parent=10292"}],"wp:term":[{"taxonomy":"category","embeddable":true,"href":"https:\/\/www.tsp.at\/en\/wp-json\/wp\/v2\/categories?post=10292"},{"taxonomy":"post_tag","embeddable":true,"href":"https:\/\/www.tsp.at\/en\/wp-json\/wp\/v2\/tags?post=10292"}],"curies":[{"name":"wp","href":"https:\/\/api.w.org\/{rel}","templated":true}]}}