{"id":10302,"date":"2016-03-18T10:53:00","date_gmt":"2016-03-18T09:53:00","guid":{"rendered":"https:\/\/staging.tsp.at\/2016\/03\/18\/des-meeres-und-der-liebe-wellen\/"},"modified":"2025-10-21T14:57:51","modified_gmt":"2025-10-21T12:57:51","slug":"des-meeres-und-der-liebe-wellen","status":"publish","type":"post","link":"https:\/\/www.tsp.at\/en\/2016\/03\/18\/des-meeres-und-der-liebe-wellen\/","title":{"rendered":"Des Meeres und der Liebe Wellen"},"content":{"rendered":"<article class=\"item\">\n<h2><strong>First Mallorca offeriert exklusives Anwesen mit Traumblick<br \/>\n<\/strong><\/h2>\n<p>18.03.2016<\/p>\n<\/p>\n<\/p>\n<\/p>\n<\/p>\n<\/p>\n<p class=\"FtxtP\">Palma de Mallorca\/Calvi\u00e0  \u2013 <strong><span class=\"FtxtBold\">Als Grillparzer sein Drama &#8220;Des Meeres und der Liebe Wellen&#8221; schrieb, konnte er nicht ahnen, dass die H\u00fcter des Tempels mit ihrer Sorge \u00fcber die verbotene Liebe der K\u00f6nigskinder Hero und Leander v\u00f6llig falsch lagen. Er, der zeitlebens mit seiner Pflichterf\u00fcllung als Staatsbeamter rang, h\u00e4tte sich durchaus mehr leisten k\u00f6nnen: zum Beispiel ein Feriendomizil mit traumhaftem Blick bis zum Horizont und h\u00f6chstem Komfort an der S\u00fcdk\u00fcste von Calvi\u00e0 in Mallorca.<\/span><\/strong><\/p>\n<p class=\"FtxtP\">\u00dcber dem dortigen Yachthafen Port Adriano thront ein Immobilienjuwel mit unvergleichlicher Aussicht auf das weite Mittelmeer vor Spanien. Es ist ein traumhaft gelegenes Anwesen auf einer Grundst\u00fccksfl\u00e4che von 1.150 Quadratmeter mit gro\u00dfz\u00fcgiger Terrasse, das intim und zugleich lichtdurchflutet Funktionalit\u00e4t, Gem\u00fctlichkeit und zeitgen\u00f6ssischen Stil auf besondere Weise vereint. Aufgrund der exklusiven Lage im \u00e4u\u00dfersten S\u00fcdwesten der Baleareninsel geh\u00f6ren malerische Sonnenunterg\u00e4nge zum Alltag. Das gem\u00e4chliche Treiben unten im Hafen erf\u00fcllt die endlos wirkenden Wellen mit Leben und mediterranem Flair.<\/p>\n<p class=\"FtxtP\"><strong><span class=\"FtxtBold\">Wellness-Oase mit mediterranem Flair<\/span><\/strong><\/p>\n<p class=\"FtxtP\">Mit vier Schlafzimmern und ebenso vielen B\u00e4dern betr\u00e4gt die bebaute Fl\u00e4che 720 Quadratmeter. Ausgestattet ist die vollm\u00f6blierte Villa mit einem Infinity-Pool, einer Sauna, einem Fitnessraum sowie einem beheizten Privatpool und einem Heimkino. Hinzu kommen Klimaanlage und Fu\u00dfbodenheizung sowie eine Garage, sechs Parkpl\u00e4tze und ein Personenlift. Dar\u00fcber hinaus ist das Objekt mit einem Geb\u00e4udeautomationssystem ausgestattet. Das erst k\u00fcrzlich fertiggestellte Objekt z\u00e4hlt zu den exquisitesten Objekten der Immobilienagentur First Mallorca , die auf die Vermittlung von Luxus-Immobilien spezialisiert ist.\u00a0<a href=\"http:\/\/firstmallorca.com\/\" rel=\"nofollow\" target=\"_blank\">http:\/\/firstmallorca.com<\/a><\/p>\n<p class=\"FtxtP\"><strong><span class=\"FtxtBold\">Moderne Infrastruktur<\/span><\/strong><\/p>\n<p class=\"FtxtP\">Der Hafen von Port Adriano beherbergt rund 400 Anlegepl\u00e4tze f\u00fcr Luxusboote und bietet seinen G\u00e4sten gleichzeitig eine moderne Infrastruktur mit Restaurants, Bars und Boutiquen. Auch wenn man in Port Adriano kein eigenes Boot liegen hat, so bietet die Marina zahlreiche M\u00f6glichkeiten, eine Yacht zu chartern. Der Hafen ist ein idealer Ausgangspunkt die s\u00fcdwestliche K\u00fcste auf einem Tagescharter vom Meer aus zu sehen oder auch \u00fcber l\u00e4ngere Zeit die gesamte Insel zu erkunden.<\/p>\n<p class=\"FtxtP\">\u00dcber den Seeweg ist die Villa nur neun Kilometer vom Hafen der Hauptstadt Palma de Mallorca entfernt. Mit dem Auto l\u00e4sst sich das beschauliche Ambiente von Port Adriano innerhalb von nur 20 Minuten gegen die quirlige Urbanit\u00e4t Palmas eintauschen. Die schmucke Villa von First Mallorca \u00fcberzeugt neben ihrer exklusiven Lage mit einer erstklassigen Ausstattung, die ihresgleichen sucht. Der Kaufpreis liegt bei 9,8 Mio. Euro. Mehr auf:\u00a0<a href=\"http:\/\/goo.gl\/TV1RR6\" rel=\"nofollow\" target=\"_blank\">http:\/\/goo.gl\/TV1RR6<\/a><\/p>\n<p class=\"FtxtP\"><strong><span class=\"FtxtBold\">\u00dcber First Mallorca\u00a0<\/span><\/strong><br \/>First Mallorca ist eine spanische private Kapitalgesellschaft (S.L.) mit Sitz auf der Baleareninsel Mallorca, die vielf\u00e4ltige Inmobilien-Serviceleistungen anbietet. Das Unternehmen ist Marktf\u00fchrer unter den &#8220;Boutique Style&#8221;-Anbietern mit hochqualitativen und innovativen Services. Das Team besteht aus \u00fcber 40 internationalen, dynamischen Berater\/innen, die \u00fcber einschl\u00e4gige Erfahrung in Immobilienentwicklung und Verm\u00f6gensverwaltung verf\u00fcgen. Da jede Abwicklung individuell angelegt ist, setzt das Expertenteam von First Mallorca stets neue und innovative Wege, Technologien und Strategien um, um beste Resultate f\u00fcr ihre Kunden zu erzielen. Die vier strategisch positionierten Filialen werden k\u00fcnftig durch einen weiteren Standort auf Mallorca und einen auf Ibiza erg\u00e4nzt.<\/p>\n<\/article>\n","protected":false},"excerpt":{"rendered":"<p>First Mallorca offeriert exklusives Anwesen mit Traumblick 18.03.2016 Palma de Mallorca\/Calvi\u00e0 \u2013 Als Grillparzer sein Drama &#8220;Des Meeres und der Liebe Wellen&#8221; schrieb, konnte er nicht ahnen, dass die H\u00fcter des Tempels mit ihrer Sorge \u00fcber die verbotene Liebe der K\u00f6nigskinder Hero und Leander v\u00f6llig falsch lagen. Er, der zeitlebens mit seiner Pflichterf\u00fcllung als Staatsbeamter&hellip;<\/p>\n","protected":false},"author":2,"featured_media":10301,"comment_status":"closed","ping_status":"closed","sticky":false,"template":"","format":"standard","meta":{"footnotes":""},"categories":[3],"tags":[],"class_list":["post-10302","post","type-post","status-publish","format-standard","has-post-thumbnail","hentry","category-news","category-3","description-off"],"yoast_head":"<!-- This site is optimized with the Yoast SEO plugin v26.3 - https:\/\/yoast.com\/wordpress\/plugins\/seo\/ -->\n<title>Des Meeres und der Liebe Wellen - Temmel | Seywald - Corporate Communications<\/title>\n<meta name=\"robots\" content=\"index, follow, max-snippet:-1, max-image-preview:large, max-video-preview:-1\" \/>\n<link rel=\"canonical\" href=\"https:\/\/www.tsp.at\/en\/2016\/03\/18\/des-meeres-und-der-liebe-wellen\/\" \/>\n<meta property=\"og:locale\" content=\"en_US\" \/>\n<meta property=\"og:type\" content=\"article\" \/>\n<meta property=\"og:title\" content=\"Des Meeres und der Liebe Wellen - Temmel | Seywald - Corporate Communications\" \/>\n<meta property=\"og:description\" content=\"First Mallorca offeriert exklusives Anwesen mit Traumblick 18.03.2016 Palma de Mallorca\/Calvi\u00e0 \u2013 Als Grillparzer sein Drama &#8220;Des Meeres und der Liebe Wellen&#8221; schrieb, konnte er nicht ahnen, dass die H\u00fcter des Tempels mit ihrer Sorge \u00fcber die verbotene Liebe der K\u00f6nigskinder Hero und Leander v\u00f6llig falsch lagen. Er, der zeitlebens mit seiner Pflichterf\u00fcllung als Staatsbeamter&hellip;\" \/>\n<meta property=\"og:url\" content=\"https:\/\/www.tsp.at\/en\/2016\/03\/18\/des-meeres-und-der-liebe-wellen\/\" \/>\n<meta property=\"og:site_name\" content=\"Temmel | Seywald - Corporate Communications\" \/>\n<meta property=\"article:publisher\" content=\"https:\/\/www.facebook.com\/TemmelSeywald\" \/>\n<meta property=\"article:published_time\" content=\"2016-03-18T09:53:00+00:00\" \/>\n<meta property=\"article:modified_time\" content=\"2025-10-21T12:57:51+00:00\" \/>\n<meta property=\"og:image\" content=\"https:\/\/www.tsp.at\/wp-content\/uploads\/2025\/10\/villa_portadriano.jpg\" \/>\n\t<meta property=\"og:image:width\" content=\"2100\" \/>\n\t<meta property=\"og:image:height\" content=\"1641\" \/>\n\t<meta property=\"og:image:type\" content=\"image\/jpeg\" \/>\n<meta name=\"author\" content=\"TSP Redaktion\" \/>\n<meta name=\"twitter:card\" content=\"summary_large_image\" \/>\n<meta name=\"twitter:label1\" content=\"Written by\" \/>\n\t<meta name=\"twitter:data1\" content=\"TSP Redaktion\" \/>\n\t<meta name=\"twitter:label2\" content=\"Est. reading time\" \/>\n\t<meta name=\"twitter:data2\" content=\"3 minutes\" \/>\n<script type=\"application\/ld+json\" class=\"yoast-schema-graph\">{\"@context\":\"https:\/\/schema.org\",\"@graph\":[{\"@type\":\"Article\",\"@id\":\"https:\/\/www.tsp.at\/en\/2016\/03\/18\/des-meeres-und-der-liebe-wellen\/#article\",\"isPartOf\":{\"@id\":\"https:\/\/www.tsp.at\/en\/2016\/03\/18\/des-meeres-und-der-liebe-wellen\/\"},\"author\":{\"name\":\"TSP Redaktion\",\"@id\":\"https:\/\/www.tsp.at\/en\/#\/schema\/person\/1ba5600c29da17b902b0925cea567f8a\"},\"headline\":\"Des Meeres und der Liebe Wellen\",\"datePublished\":\"2016-03-18T09:53:00+00:00\",\"dateModified\":\"2025-10-21T12:57:51+00:00\",\"mainEntityOfPage\":{\"@id\":\"https:\/\/www.tsp.at\/en\/2016\/03\/18\/des-meeres-und-der-liebe-wellen\/\"},\"wordCount\":537,\"publisher\":{\"@id\":\"https:\/\/www.tsp.at\/en\/#organization\"},\"image\":{\"@id\":\"https:\/\/www.tsp.at\/en\/2016\/03\/18\/des-meeres-und-der-liebe-wellen\/#primaryimage\"},\"thumbnailUrl\":\"https:\/\/www.tsp.at\/wp-content\/uploads\/2025\/10\/villa_portadriano.jpg\",\"articleSection\":[\"News\"],\"inLanguage\":\"en-US\"},{\"@type\":\"WebPage\",\"@id\":\"https:\/\/www.tsp.at\/en\/2016\/03\/18\/des-meeres-und-der-liebe-wellen\/\",\"url\":\"https:\/\/www.tsp.at\/en\/2016\/03\/18\/des-meeres-und-der-liebe-wellen\/\",\"name\":\"Des Meeres und der Liebe Wellen - Temmel | Seywald - Corporate Communications\",\"isPartOf\":{\"@id\":\"https:\/\/www.tsp.at\/en\/#website\"},\"primaryImageOfPage\":{\"@id\":\"https:\/\/www.tsp.at\/en\/2016\/03\/18\/des-meeres-und-der-liebe-wellen\/#primaryimage\"},\"image\":{\"@id\":\"https:\/\/www.tsp.at\/en\/2016\/03\/18\/des-meeres-und-der-liebe-wellen\/#primaryimage\"},\"thumbnailUrl\":\"https:\/\/www.tsp.at\/wp-content\/uploads\/2025\/10\/villa_portadriano.jpg\",\"datePublished\":\"2016-03-18T09:53:00+00:00\",\"dateModified\":\"2025-10-21T12:57:51+00:00\",\"breadcrumb\":{\"@id\":\"https:\/\/www.tsp.at\/en\/2016\/03\/18\/des-meeres-und-der-liebe-wellen\/#breadcrumb\"},\"inLanguage\":\"en-US\",\"potentialAction\":[{\"@type\":\"ReadAction\",\"target\":[\"https:\/\/www.tsp.at\/en\/2016\/03\/18\/des-meeres-und-der-liebe-wellen\/\"]}]},{\"@type\":\"ImageObject\",\"inLanguage\":\"en-US\",\"@id\":\"https:\/\/www.tsp.at\/en\/2016\/03\/18\/des-meeres-und-der-liebe-wellen\/#primaryimage\",\"url\":\"https:\/\/www.tsp.at\/wp-content\/uploads\/2025\/10\/villa_portadriano.jpg\",\"contentUrl\":\"https:\/\/www.tsp.at\/wp-content\/uploads\/2025\/10\/villa_portadriano.jpg\",\"width\":2100,\"height\":1641,\"caption\":\"ddd\"},{\"@type\":\"BreadcrumbList\",\"@id\":\"https:\/\/www.tsp.at\/en\/2016\/03\/18\/des-meeres-und-der-liebe-wellen\/#breadcrumb\",\"itemListElement\":[{\"@type\":\"ListItem\",\"position\":1,\"name\":\"Startseite\",\"item\":\"https:\/\/www.tsp.at\/en\/\"},{\"@type\":\"ListItem\",\"position\":2,\"name\":\"Des Meeres und der Liebe Wellen\"}]},{\"@type\":\"WebSite\",\"@id\":\"https:\/\/www.tsp.at\/en\/#website\",\"url\":\"https:\/\/www.tsp.at\/en\/\",\"name\":\"Temmel | Seywald - Corporate Communications\",\"description\":\"Kommunikation ist Beziehungsarbeit\",\"publisher\":{\"@id\":\"https:\/\/www.tsp.at\/en\/#organization\"},\"potentialAction\":[{\"@type\":\"SearchAction\",\"target\":{\"@type\":\"EntryPoint\",\"urlTemplate\":\"https:\/\/www.tsp.at\/en\/?s={search_term_string}\"},\"query-input\":{\"@type\":\"PropertyValueSpecification\",\"valueRequired\":true,\"valueName\":\"search_term_string\"}}],\"inLanguage\":\"en-US\"},{\"@type\":\"Organization\",\"@id\":\"https:\/\/www.tsp.at\/en\/#organization\",\"name\":\"Temmel, Seywald & Partner Communications GesmbH\",\"alternateName\":\"TSP\",\"url\":\"https:\/\/www.tsp.at\/en\/\",\"logo\":{\"@type\":\"ImageObject\",\"inLanguage\":\"en-US\",\"@id\":\"https:\/\/www.tsp.at\/en\/#\/schema\/logo\/image\/\",\"url\":\"https:\/\/www.tsp.at\/wp-content\/uploads\/2025\/10\/favicontsp.png\",\"contentUrl\":\"https:\/\/www.tsp.at\/wp-content\/uploads\/2025\/10\/favicontsp.png\",\"width\":125,\"height\":125,\"caption\":\"Temmel, Seywald & Partner Communications GesmbH\"},\"image\":{\"@id\":\"https:\/\/www.tsp.at\/en\/#\/schema\/logo\/image\/\"},\"sameAs\":[\"https:\/\/www.facebook.com\/TemmelSeywald\"]},{\"@type\":\"Person\",\"@id\":\"https:\/\/www.tsp.at\/en\/#\/schema\/person\/1ba5600c29da17b902b0925cea567f8a\",\"name\":\"TSP Redaktion\"}]}<\/script>\n<!-- \/ Yoast SEO plugin. -->","yoast_head_json":{"title":"Des Meeres und der Liebe Wellen - Temmel | Seywald - Corporate Communications","robots":{"index":"index","follow":"follow","max-snippet":"max-snippet:-1","max-image-preview":"max-image-preview:large","max-video-preview":"max-video-preview:-1"},"canonical":"https:\/\/www.tsp.at\/en\/2016\/03\/18\/des-meeres-und-der-liebe-wellen\/","og_locale":"en_US","og_type":"article","og_title":"Des Meeres und der Liebe Wellen - Temmel | Seywald - Corporate Communications","og_description":"First Mallorca offeriert exklusives Anwesen mit Traumblick 18.03.2016 Palma de Mallorca\/Calvi\u00e0 \u2013 Als Grillparzer sein Drama &#8220;Des Meeres und der Liebe Wellen&#8221; schrieb, konnte er nicht ahnen, dass die H\u00fcter des Tempels mit ihrer Sorge \u00fcber die verbotene Liebe der K\u00f6nigskinder Hero und Leander v\u00f6llig falsch lagen. Er, der zeitlebens mit seiner Pflichterf\u00fcllung als Staatsbeamter&hellip;","og_url":"https:\/\/www.tsp.at\/en\/2016\/03\/18\/des-meeres-und-der-liebe-wellen\/","og_site_name":"Temmel | Seywald - Corporate Communications","article_publisher":"https:\/\/www.facebook.com\/TemmelSeywald","article_published_time":"2016-03-18T09:53:00+00:00","article_modified_time":"2025-10-21T12:57:51+00:00","og_image":[{"width":2100,"height":1641,"url":"https:\/\/www.tsp.at\/wp-content\/uploads\/2025\/10\/villa_portadriano.jpg","type":"image\/jpeg"}],"author":"TSP Redaktion","twitter_card":"summary_large_image","twitter_misc":{"Written by":"TSP Redaktion","Est. reading time":"3 minutes"},"schema":{"@context":"https:\/\/schema.org","@graph":[{"@type":"Article","@id":"https:\/\/www.tsp.at\/en\/2016\/03\/18\/des-meeres-und-der-liebe-wellen\/#article","isPartOf":{"@id":"https:\/\/www.tsp.at\/en\/2016\/03\/18\/des-meeres-und-der-liebe-wellen\/"},"author":{"name":"TSP Redaktion","@id":"https:\/\/www.tsp.at\/en\/#\/schema\/person\/1ba5600c29da17b902b0925cea567f8a"},"headline":"Des Meeres und der Liebe Wellen","datePublished":"2016-03-18T09:53:00+00:00","dateModified":"2025-10-21T12:57:51+00:00","mainEntityOfPage":{"@id":"https:\/\/www.tsp.at\/en\/2016\/03\/18\/des-meeres-und-der-liebe-wellen\/"},"wordCount":537,"publisher":{"@id":"https:\/\/www.tsp.at\/en\/#organization"},"image":{"@id":"https:\/\/www.tsp.at\/en\/2016\/03\/18\/des-meeres-und-der-liebe-wellen\/#primaryimage"},"thumbnailUrl":"https:\/\/www.tsp.at\/wp-content\/uploads\/2025\/10\/villa_portadriano.jpg","articleSection":["News"],"inLanguage":"en-US"},{"@type":"WebPage","@id":"https:\/\/www.tsp.at\/en\/2016\/03\/18\/des-meeres-und-der-liebe-wellen\/","url":"https:\/\/www.tsp.at\/en\/2016\/03\/18\/des-meeres-und-der-liebe-wellen\/","name":"Des Meeres und der Liebe Wellen - Temmel | Seywald - Corporate Communications","isPartOf":{"@id":"https:\/\/www.tsp.at\/en\/#website"},"primaryImageOfPage":{"@id":"https:\/\/www.tsp.at\/en\/2016\/03\/18\/des-meeres-und-der-liebe-wellen\/#primaryimage"},"image":{"@id":"https:\/\/www.tsp.at\/en\/2016\/03\/18\/des-meeres-und-der-liebe-wellen\/#primaryimage"},"thumbnailUrl":"https:\/\/www.tsp.at\/wp-content\/uploads\/2025\/10\/villa_portadriano.jpg","datePublished":"2016-03-18T09:53:00+00:00","dateModified":"2025-10-21T12:57:51+00:00","breadcrumb":{"@id":"https:\/\/www.tsp.at\/en\/2016\/03\/18\/des-meeres-und-der-liebe-wellen\/#breadcrumb"},"inLanguage":"en-US","potentialAction":[{"@type":"ReadAction","target":["https:\/\/www.tsp.at\/en\/2016\/03\/18\/des-meeres-und-der-liebe-wellen\/"]}]},{"@type":"ImageObject","inLanguage":"en-US","@id":"https:\/\/www.tsp.at\/en\/2016\/03\/18\/des-meeres-und-der-liebe-wellen\/#primaryimage","url":"https:\/\/www.tsp.at\/wp-content\/uploads\/2025\/10\/villa_portadriano.jpg","contentUrl":"https:\/\/www.tsp.at\/wp-content\/uploads\/2025\/10\/villa_portadriano.jpg","width":2100,"height":1641,"caption":"ddd"},{"@type":"BreadcrumbList","@id":"https:\/\/www.tsp.at\/en\/2016\/03\/18\/des-meeres-und-der-liebe-wellen\/#breadcrumb","itemListElement":[{"@type":"ListItem","position":1,"name":"Startseite","item":"https:\/\/www.tsp.at\/en\/"},{"@type":"ListItem","position":2,"name":"Des Meeres und der Liebe Wellen"}]},{"@type":"WebSite","@id":"https:\/\/www.tsp.at\/en\/#website","url":"https:\/\/www.tsp.at\/en\/","name":"Temmel | Seywald - Corporate Communications","description":"Kommunikation ist Beziehungsarbeit","publisher":{"@id":"https:\/\/www.tsp.at\/en\/#organization"},"potentialAction":[{"@type":"SearchAction","target":{"@type":"EntryPoint","urlTemplate":"https:\/\/www.tsp.at\/en\/?s={search_term_string}"},"query-input":{"@type":"PropertyValueSpecification","valueRequired":true,"valueName":"search_term_string"}}],"inLanguage":"en-US"},{"@type":"Organization","@id":"https:\/\/www.tsp.at\/en\/#organization","name":"Temmel, Seywald & Partner Communications GesmbH","alternateName":"TSP","url":"https:\/\/www.tsp.at\/en\/","logo":{"@type":"ImageObject","inLanguage":"en-US","@id":"https:\/\/www.tsp.at\/en\/#\/schema\/logo\/image\/","url":"https:\/\/www.tsp.at\/wp-content\/uploads\/2025\/10\/favicontsp.png","contentUrl":"https:\/\/www.tsp.at\/wp-content\/uploads\/2025\/10\/favicontsp.png","width":125,"height":125,"caption":"Temmel, Seywald & Partner Communications GesmbH"},"image":{"@id":"https:\/\/www.tsp.at\/en\/#\/schema\/logo\/image\/"},"sameAs":["https:\/\/www.facebook.com\/TemmelSeywald"]},{"@type":"Person","@id":"https:\/\/www.tsp.at\/en\/#\/schema\/person\/1ba5600c29da17b902b0925cea567f8a","name":"TSP Redaktion"}]}},"_links":{"self":[{"href":"https:\/\/www.tsp.at\/en\/wp-json\/wp\/v2\/posts\/10302","targetHints":{"allow":["GET"]}}],"collection":[{"href":"https:\/\/www.tsp.at\/en\/wp-json\/wp\/v2\/posts"}],"about":[{"href":"https:\/\/www.tsp.at\/en\/wp-json\/wp\/v2\/types\/post"}],"author":[{"embeddable":true,"href":"https:\/\/www.tsp.at\/en\/wp-json\/wp\/v2\/users\/2"}],"replies":[{"embeddable":true,"href":"https:\/\/www.tsp.at\/en\/wp-json\/wp\/v2\/comments?post=10302"}],"version-history":[{"count":1,"href":"https:\/\/www.tsp.at\/en\/wp-json\/wp\/v2\/posts\/10302\/revisions"}],"predecessor-version":[{"id":11561,"href":"https:\/\/www.tsp.at\/en\/wp-json\/wp\/v2\/posts\/10302\/revisions\/11561"}],"wp:featuredmedia":[{"embeddable":true,"href":"https:\/\/www.tsp.at\/en\/wp-json\/wp\/v2\/media\/10301"}],"wp:attachment":[{"href":"https:\/\/www.tsp.at\/en\/wp-json\/wp\/v2\/media?parent=10302"}],"wp:term":[{"taxonomy":"category","embeddable":true,"href":"https:\/\/www.tsp.at\/en\/wp-json\/wp\/v2\/categories?post=10302"},{"taxonomy":"post_tag","embeddable":true,"href":"https:\/\/www.tsp.at\/en\/wp-json\/wp\/v2\/tags?post=10302"}],"curies":[{"name":"wp","href":"https:\/\/api.w.org\/{rel}","templated":true}]}}