{"id":10326,"date":"2015-11-25T09:57:00","date_gmt":"2015-11-25T08:57:00","guid":{"rendered":"https:\/\/staging.tsp.at\/2015\/11\/25\/reichtum-der-arabischen-dichtung-in-wien\/"},"modified":"2025-10-21T14:57:52","modified_gmt":"2025-10-21T12:57:52","slug":"reichtum-der-arabischen-dichtung-in-wien","status":"publish","type":"post","link":"https:\/\/www.tsp.at\/en\/2015\/11\/25\/reichtum-der-arabischen-dichtung-in-wien\/","title":{"rendered":"Reichtum der arabischen Dichtung in Wien"},"content":{"rendered":"<article class=\"item\">\n<h2><strong>Autorinnen aus der Golfregion pr\u00e4sentieren Symphonie Rub al-Chali am 2.\/3. Dezember 2015<\/strong><\/h2>\n<p>25.11.2015<\/p>\n<\/p>\n<\/p>\n<\/p>\n<\/p>\n<\/p>\n<p class=\"FtxtP\" style=\"text-align: justify;\">Wien \u2013 <span class=\"FtxtBold\"><strong>Zw\u00f6lf arabische Autoren und Journalisten aus dem K\u00f6nigreich Oman und den Vereinigten Arabischen Emiraten (VAE), die Mehrheit davon Frauen, kommen zur ersten europ\u00e4ischen Tagung f\u00fcr arabische Literatur nach Wien. Eingeladen wurden Sie vom PEN-Club Austria, der damit ein Zeichen gegen die zunehmende Islamfeindlichkeit in Europa setzen will. Die Autorinnen, darunter Universit\u00e4tsprofessoren und Gesch\u00e4ftsfrauen, zeigen ein v\u00f6llig anderes Bild des Mittleren Ostens und werden am 2. und 3. Dezember 2015 den ganzen Reichtum der zeitgen\u00f6ssischen arabischen Dichtung pr\u00e4sentieren.<\/strong>\u00a0<a href=\"http:\/\/www.penclub.at\/\" rel=\"nofollow\" target=\"_blank\">http:\/\/www.penclub.at<\/a><\/span><\/p>\n<p class=\"FtxtP\" style=\"text-align: justify;\">Die zweit\u00e4gige Veranstaltung ist eine absolute Premiere, nicht nur f\u00fcr \u00d6sterreich, sondern auch f\u00fcr Europa. Zum ersten Mal kommen hierzulande Autorinnen und Journalistinnen zu Wort, die gro\u00dfe Werke publiziert haben und teilweise selbst in ihrer Heimat totgeschwiegen werden. Der \u00f6sterreichische PEN-Club, namentlich Pr\u00e4sident Helmuth A. Niederle und die PEN-Beauftragte f\u00fcr arabische Literatur, Ishraga Mustafa Hamid, holen damit die moderne und vielf\u00e4ltige Dichtkunst der arabischen Welt vor den Vorhang, die alles andere als r\u00fcckst\u00e4ndig ist.<\/p>\n<p class=\"FtxtP\" style=\"text-align: justify;\">Einige der ganz gro\u00dfen Dichterinnen und Dichter der arabischen Halbinsel sind mit dabei, so etwa der Pr\u00e4sident der Schriftstellervereinigung des Oman, Khamis Rashid Said Al Adawi, die Pr\u00e4sidentin der Organisation ArabSocialResponsibility, Kaltham Abdulla Salim, die Autorinnen Aisha Mohammed Majid Alsaifi und Hissa Abdulla Saaed Al Basdi (Oman) und Hamda Khamis Ahmed aus den VAE. Die Tagung wird mit einer Pressekonferenz in den R\u00e4umlichkeiten des PEN-Club am Mittwoch, 2. Dezember, um 9 Uhr er\u00f6ffnet und findet mit einer gro\u00dfen Buchpr\u00e4sentation und Lesung &#8220;Symphonie der Rub al- Chali&#8221; am Donnerstag um 19 Uhr in der Concordia ihren H\u00f6hepunkt. Die Veranstaltungen sind frei zug\u00e4nglich.<\/p>\n<p class=\"FtxtP\" style=\"text-align: justify;\"><strong><span class=\"FtxtBold\">Gedichte statt Bomben<\/span><\/strong><\/p>\n<p class=\"FtxtP\" style=\"text-align: justify;\">Mit der Veranstaltung protestieren der PEN-Club Austria und seine arabischen Partner auch gegen die zunehmend kriegerische Rhetorik in der Politik und in der Region. &#8220;Auf 9\/11 haben die Staaten der n\u00f6rdlichen Hemisph\u00e4re mit dem Konzept des &#8216;Global War on Terror&#8217; geantwortet. Nach und nach steigen in Syrien und im Irak weitere Staaten ein, um mit Bomben eine Ver\u00e4nderung in ihrem Sinne herbeizuzwingen. Dieses Experimentierfeld f\u00fcr neue Waffen wird IS, Al-Kaida und ihre Verb\u00fcndeten oder \u00e4hnlich ausgerichtete Organisationen aber nicht besiegen&#8221;, betont der PEN-Club.<\/p>\n<p class=\"FtxtP\" style=\"text-align: justify;\">&#8220;Gegen den Terrorismus hilft keine globale Kriegserkl\u00e4rung. Ob Staatsaufbau in Libyen, Reform der Sicherheitskr\u00e4fte in Nigeria oder Bek\u00e4mpfung des Drogenschmuggels in der Sahelregion &#8211; der Schl\u00fcssel zum Frieden liegt auf jenem Feld, das im weltweiten Antiterrorkampf bisher v\u00f6llig vernachl\u00e4ssigt wurde, in der Zusammenarbeit aller Kr\u00e4fte und im Dialog mit allen Beteiligten. PEN-Pr\u00e4sident Niederle: &#8220;Wenn man eine andere, eine bessere Welt will, dann muss man jene Stimmen h\u00f6ren, die seismographisch auf Ver\u00e4nderungen reagieren: die Stimmen der Poesie.&#8221;<\/p>\n<p class=\"FtxtP\" style=\"text-align: justify;\">Laut Ishraga Mustafa Hamid macht das Projekt &#8220;Rub al-Chali&#8221; (Arabische W\u00fcste) Stimmen h\u00f6rbar, die den Dialog wollen und die wissen, es gibt Lieder zu singen, jenseits der Terrors, jenseits der Waffen und der Vernichtung. &#8220;Zum ersten Mal kommen Autorinnen und Autoren aus der Golfregion nach \u00d6sterreich und lassen uns an dem faszinierenden Reichtum ihrer Poesie teilhaben. Sie sprechen nicht \u00fcber in den Himmel wachsende H\u00e4user, und sie ergehen sich auch nicht in Allmachtsphantasien, sondern sie lassen in Sprachbildern ihre Liebe f\u00fcr die Welt erkennen.&#8221;\u00a0<a href=\"http:\/\/meta-katalog.eu\/Record\/000121940frso\" rel=\"nofollow\" target=\"_blank\">http:\/\/meta-katalog.eu\/Record\/000121940frso<\/a><\/p>\n<p class=\"FtxtP\" style=\"text-align: justify;\"><strong><span class=\"FtxtBold\">Information:<\/span><\/strong>\u00a0<br \/>Helmuth A. Niederle<br \/>Ishraga Mustafa Hamid<br \/>Tel. +43 (0) 680-3028107<br \/>info@penclub.at<\/p>\n<\/article>\n","protected":false},"excerpt":{"rendered":"<p>Autorinnen aus der Golfregion pr\u00e4sentieren Symphonie Rub al-Chali am 2.\/3. Dezember 2015 25.11.2015 Wien \u2013 Zw\u00f6lf arabische Autoren und Journalisten aus dem K\u00f6nigreich Oman und den Vereinigten Arabischen Emiraten (VAE), die Mehrheit davon Frauen, kommen zur ersten europ\u00e4ischen Tagung f\u00fcr arabische Literatur nach Wien. Eingeladen wurden Sie vom PEN-Club Austria, der damit ein Zeichen gegen&hellip;<\/p>\n","protected":false},"author":2,"featured_media":10325,"comment_status":"closed","ping_status":"closed","sticky":false,"template":"","format":"standard","meta":{"footnotes":""},"categories":[3],"tags":[],"class_list":["post-10326","post","type-post","status-publish","format-standard","has-post-thumbnail","hentry","category-news","category-3","description-off"],"yoast_head":"<!-- This site is optimized with the Yoast SEO plugin v26.3 - https:\/\/yoast.com\/wordpress\/plugins\/seo\/ -->\n<title>Reichtum der arabischen Dichtung in Wien - Temmel | Seywald - Corporate Communications<\/title>\n<meta name=\"robots\" content=\"index, follow, max-snippet:-1, max-image-preview:large, max-video-preview:-1\" \/>\n<link rel=\"canonical\" href=\"https:\/\/www.tsp.at\/en\/2015\/11\/25\/reichtum-der-arabischen-dichtung-in-wien\/\" \/>\n<meta property=\"og:locale\" content=\"en_US\" \/>\n<meta property=\"og:type\" content=\"article\" \/>\n<meta property=\"og:title\" content=\"Reichtum der arabischen Dichtung in Wien - Temmel | Seywald - Corporate Communications\" \/>\n<meta property=\"og:description\" content=\"Autorinnen aus der Golfregion pr\u00e4sentieren Symphonie Rub al-Chali am 2.\/3. Dezember 2015 25.11.2015 Wien \u2013 Zw\u00f6lf arabische Autoren und Journalisten aus dem K\u00f6nigreich Oman und den Vereinigten Arabischen Emiraten (VAE), die Mehrheit davon Frauen, kommen zur ersten europ\u00e4ischen Tagung f\u00fcr arabische Literatur nach Wien. Eingeladen wurden Sie vom PEN-Club Austria, der damit ein Zeichen gegen&hellip;\" \/>\n<meta property=\"og:url\" content=\"https:\/\/www.tsp.at\/en\/2015\/11\/25\/reichtum-der-arabischen-dichtung-in-wien\/\" \/>\n<meta property=\"og:site_name\" content=\"Temmel | Seywald - Corporate Communications\" \/>\n<meta property=\"article:publisher\" content=\"https:\/\/www.facebook.com\/TemmelSeywald\" \/>\n<meta property=\"article:published_time\" content=\"2015-11-25T08:57:00+00:00\" \/>\n<meta property=\"article:modified_time\" content=\"2025-10-21T12:57:52+00:00\" \/>\n<meta property=\"og:image\" content=\"https:\/\/www.tsp.at\/wp-content\/uploads\/2025\/10\/oman.jpg\" \/>\n\t<meta property=\"og:image:width\" content=\"746\" \/>\n\t<meta property=\"og:image:height\" content=\"496\" \/>\n\t<meta property=\"og:image:type\" content=\"image\/jpeg\" \/>\n<meta name=\"author\" content=\"TSP Redaktion\" \/>\n<meta name=\"twitter:card\" content=\"summary_large_image\" \/>\n<meta name=\"twitter:label1\" content=\"Written by\" \/>\n\t<meta name=\"twitter:data1\" content=\"TSP Redaktion\" \/>\n\t<meta name=\"twitter:label2\" content=\"Est. reading time\" \/>\n\t<meta name=\"twitter:data2\" content=\"4 minutes\" \/>\n<script type=\"application\/ld+json\" class=\"yoast-schema-graph\">{\"@context\":\"https:\/\/schema.org\",\"@graph\":[{\"@type\":\"Article\",\"@id\":\"https:\/\/www.tsp.at\/en\/2015\/11\/25\/reichtum-der-arabischen-dichtung-in-wien\/#article\",\"isPartOf\":{\"@id\":\"https:\/\/www.tsp.at\/en\/2015\/11\/25\/reichtum-der-arabischen-dichtung-in-wien\/\"},\"author\":{\"name\":\"TSP Redaktion\",\"@id\":\"https:\/\/www.tsp.at\/en\/#\/schema\/person\/1ba5600c29da17b902b0925cea567f8a\"},\"headline\":\"Reichtum der arabischen Dichtung in Wien\",\"datePublished\":\"2015-11-25T08:57:00+00:00\",\"dateModified\":\"2025-10-21T12:57:52+00:00\",\"mainEntityOfPage\":{\"@id\":\"https:\/\/www.tsp.at\/en\/2015\/11\/25\/reichtum-der-arabischen-dichtung-in-wien\/\"},\"wordCount\":574,\"publisher\":{\"@id\":\"https:\/\/www.tsp.at\/en\/#organization\"},\"image\":{\"@id\":\"https:\/\/www.tsp.at\/en\/2015\/11\/25\/reichtum-der-arabischen-dichtung-in-wien\/#primaryimage\"},\"thumbnailUrl\":\"https:\/\/www.tsp.at\/wp-content\/uploads\/2025\/10\/oman.jpg\",\"articleSection\":[\"News\"],\"inLanguage\":\"en-US\"},{\"@type\":\"WebPage\",\"@id\":\"https:\/\/www.tsp.at\/en\/2015\/11\/25\/reichtum-der-arabischen-dichtung-in-wien\/\",\"url\":\"https:\/\/www.tsp.at\/en\/2015\/11\/25\/reichtum-der-arabischen-dichtung-in-wien\/\",\"name\":\"Reichtum der arabischen Dichtung in Wien - Temmel | Seywald - Corporate Communications\",\"isPartOf\":{\"@id\":\"https:\/\/www.tsp.at\/en\/#website\"},\"primaryImageOfPage\":{\"@id\":\"https:\/\/www.tsp.at\/en\/2015\/11\/25\/reichtum-der-arabischen-dichtung-in-wien\/#primaryimage\"},\"image\":{\"@id\":\"https:\/\/www.tsp.at\/en\/2015\/11\/25\/reichtum-der-arabischen-dichtung-in-wien\/#primaryimage\"},\"thumbnailUrl\":\"https:\/\/www.tsp.at\/wp-content\/uploads\/2025\/10\/oman.jpg\",\"datePublished\":\"2015-11-25T08:57:00+00:00\",\"dateModified\":\"2025-10-21T12:57:52+00:00\",\"breadcrumb\":{\"@id\":\"https:\/\/www.tsp.at\/en\/2015\/11\/25\/reichtum-der-arabischen-dichtung-in-wien\/#breadcrumb\"},\"inLanguage\":\"en-US\",\"potentialAction\":[{\"@type\":\"ReadAction\",\"target\":[\"https:\/\/www.tsp.at\/en\/2015\/11\/25\/reichtum-der-arabischen-dichtung-in-wien\/\"]}]},{\"@type\":\"ImageObject\",\"inLanguage\":\"en-US\",\"@id\":\"https:\/\/www.tsp.at\/en\/2015\/11\/25\/reichtum-der-arabischen-dichtung-in-wien\/#primaryimage\",\"url\":\"https:\/\/www.tsp.at\/wp-content\/uploads\/2025\/10\/oman.jpg\",\"contentUrl\":\"https:\/\/www.tsp.at\/wp-content\/uploads\/2025\/10\/oman.jpg\",\"width\":746,\"height\":496},{\"@type\":\"BreadcrumbList\",\"@id\":\"https:\/\/www.tsp.at\/en\/2015\/11\/25\/reichtum-der-arabischen-dichtung-in-wien\/#breadcrumb\",\"itemListElement\":[{\"@type\":\"ListItem\",\"position\":1,\"name\":\"Startseite\",\"item\":\"https:\/\/www.tsp.at\/en\/\"},{\"@type\":\"ListItem\",\"position\":2,\"name\":\"Reichtum der arabischen Dichtung in Wien\"}]},{\"@type\":\"WebSite\",\"@id\":\"https:\/\/www.tsp.at\/en\/#website\",\"url\":\"https:\/\/www.tsp.at\/en\/\",\"name\":\"Temmel | Seywald - Corporate Communications\",\"description\":\"Kommunikation ist Beziehungsarbeit\",\"publisher\":{\"@id\":\"https:\/\/www.tsp.at\/en\/#organization\"},\"potentialAction\":[{\"@type\":\"SearchAction\",\"target\":{\"@type\":\"EntryPoint\",\"urlTemplate\":\"https:\/\/www.tsp.at\/en\/?s={search_term_string}\"},\"query-input\":{\"@type\":\"PropertyValueSpecification\",\"valueRequired\":true,\"valueName\":\"search_term_string\"}}],\"inLanguage\":\"en-US\"},{\"@type\":\"Organization\",\"@id\":\"https:\/\/www.tsp.at\/en\/#organization\",\"name\":\"Temmel, Seywald & Partner Communications GesmbH\",\"alternateName\":\"TSP\",\"url\":\"https:\/\/www.tsp.at\/en\/\",\"logo\":{\"@type\":\"ImageObject\",\"inLanguage\":\"en-US\",\"@id\":\"https:\/\/www.tsp.at\/en\/#\/schema\/logo\/image\/\",\"url\":\"https:\/\/www.tsp.at\/wp-content\/uploads\/2025\/10\/favicontsp.png\",\"contentUrl\":\"https:\/\/www.tsp.at\/wp-content\/uploads\/2025\/10\/favicontsp.png\",\"width\":125,\"height\":125,\"caption\":\"Temmel, Seywald & Partner Communications GesmbH\"},\"image\":{\"@id\":\"https:\/\/www.tsp.at\/en\/#\/schema\/logo\/image\/\"},\"sameAs\":[\"https:\/\/www.facebook.com\/TemmelSeywald\"]},{\"@type\":\"Person\",\"@id\":\"https:\/\/www.tsp.at\/en\/#\/schema\/person\/1ba5600c29da17b902b0925cea567f8a\",\"name\":\"TSP Redaktion\"}]}<\/script>\n<!-- \/ Yoast SEO plugin. -->","yoast_head_json":{"title":"Reichtum der arabischen Dichtung in Wien - Temmel | Seywald - Corporate Communications","robots":{"index":"index","follow":"follow","max-snippet":"max-snippet:-1","max-image-preview":"max-image-preview:large","max-video-preview":"max-video-preview:-1"},"canonical":"https:\/\/www.tsp.at\/en\/2015\/11\/25\/reichtum-der-arabischen-dichtung-in-wien\/","og_locale":"en_US","og_type":"article","og_title":"Reichtum der arabischen Dichtung in Wien - Temmel | Seywald - Corporate Communications","og_description":"Autorinnen aus der Golfregion pr\u00e4sentieren Symphonie Rub al-Chali am 2.\/3. Dezember 2015 25.11.2015 Wien \u2013 Zw\u00f6lf arabische Autoren und Journalisten aus dem K\u00f6nigreich Oman und den Vereinigten Arabischen Emiraten (VAE), die Mehrheit davon Frauen, kommen zur ersten europ\u00e4ischen Tagung f\u00fcr arabische Literatur nach Wien. Eingeladen wurden Sie vom PEN-Club Austria, der damit ein Zeichen gegen&hellip;","og_url":"https:\/\/www.tsp.at\/en\/2015\/11\/25\/reichtum-der-arabischen-dichtung-in-wien\/","og_site_name":"Temmel | Seywald - Corporate Communications","article_publisher":"https:\/\/www.facebook.com\/TemmelSeywald","article_published_time":"2015-11-25T08:57:00+00:00","article_modified_time":"2025-10-21T12:57:52+00:00","og_image":[{"width":746,"height":496,"url":"https:\/\/www.tsp.at\/wp-content\/uploads\/2025\/10\/oman.jpg","type":"image\/jpeg"}],"author":"TSP Redaktion","twitter_card":"summary_large_image","twitter_misc":{"Written by":"TSP Redaktion","Est. reading time":"4 minutes"},"schema":{"@context":"https:\/\/schema.org","@graph":[{"@type":"Article","@id":"https:\/\/www.tsp.at\/en\/2015\/11\/25\/reichtum-der-arabischen-dichtung-in-wien\/#article","isPartOf":{"@id":"https:\/\/www.tsp.at\/en\/2015\/11\/25\/reichtum-der-arabischen-dichtung-in-wien\/"},"author":{"name":"TSP Redaktion","@id":"https:\/\/www.tsp.at\/en\/#\/schema\/person\/1ba5600c29da17b902b0925cea567f8a"},"headline":"Reichtum der arabischen Dichtung in Wien","datePublished":"2015-11-25T08:57:00+00:00","dateModified":"2025-10-21T12:57:52+00:00","mainEntityOfPage":{"@id":"https:\/\/www.tsp.at\/en\/2015\/11\/25\/reichtum-der-arabischen-dichtung-in-wien\/"},"wordCount":574,"publisher":{"@id":"https:\/\/www.tsp.at\/en\/#organization"},"image":{"@id":"https:\/\/www.tsp.at\/en\/2015\/11\/25\/reichtum-der-arabischen-dichtung-in-wien\/#primaryimage"},"thumbnailUrl":"https:\/\/www.tsp.at\/wp-content\/uploads\/2025\/10\/oman.jpg","articleSection":["News"],"inLanguage":"en-US"},{"@type":"WebPage","@id":"https:\/\/www.tsp.at\/en\/2015\/11\/25\/reichtum-der-arabischen-dichtung-in-wien\/","url":"https:\/\/www.tsp.at\/en\/2015\/11\/25\/reichtum-der-arabischen-dichtung-in-wien\/","name":"Reichtum der arabischen Dichtung in Wien - Temmel | Seywald - Corporate Communications","isPartOf":{"@id":"https:\/\/www.tsp.at\/en\/#website"},"primaryImageOfPage":{"@id":"https:\/\/www.tsp.at\/en\/2015\/11\/25\/reichtum-der-arabischen-dichtung-in-wien\/#primaryimage"},"image":{"@id":"https:\/\/www.tsp.at\/en\/2015\/11\/25\/reichtum-der-arabischen-dichtung-in-wien\/#primaryimage"},"thumbnailUrl":"https:\/\/www.tsp.at\/wp-content\/uploads\/2025\/10\/oman.jpg","datePublished":"2015-11-25T08:57:00+00:00","dateModified":"2025-10-21T12:57:52+00:00","breadcrumb":{"@id":"https:\/\/www.tsp.at\/en\/2015\/11\/25\/reichtum-der-arabischen-dichtung-in-wien\/#breadcrumb"},"inLanguage":"en-US","potentialAction":[{"@type":"ReadAction","target":["https:\/\/www.tsp.at\/en\/2015\/11\/25\/reichtum-der-arabischen-dichtung-in-wien\/"]}]},{"@type":"ImageObject","inLanguage":"en-US","@id":"https:\/\/www.tsp.at\/en\/2015\/11\/25\/reichtum-der-arabischen-dichtung-in-wien\/#primaryimage","url":"https:\/\/www.tsp.at\/wp-content\/uploads\/2025\/10\/oman.jpg","contentUrl":"https:\/\/www.tsp.at\/wp-content\/uploads\/2025\/10\/oman.jpg","width":746,"height":496},{"@type":"BreadcrumbList","@id":"https:\/\/www.tsp.at\/en\/2015\/11\/25\/reichtum-der-arabischen-dichtung-in-wien\/#breadcrumb","itemListElement":[{"@type":"ListItem","position":1,"name":"Startseite","item":"https:\/\/www.tsp.at\/en\/"},{"@type":"ListItem","position":2,"name":"Reichtum der arabischen Dichtung in Wien"}]},{"@type":"WebSite","@id":"https:\/\/www.tsp.at\/en\/#website","url":"https:\/\/www.tsp.at\/en\/","name":"Temmel | Seywald - Corporate Communications","description":"Kommunikation ist Beziehungsarbeit","publisher":{"@id":"https:\/\/www.tsp.at\/en\/#organization"},"potentialAction":[{"@type":"SearchAction","target":{"@type":"EntryPoint","urlTemplate":"https:\/\/www.tsp.at\/en\/?s={search_term_string}"},"query-input":{"@type":"PropertyValueSpecification","valueRequired":true,"valueName":"search_term_string"}}],"inLanguage":"en-US"},{"@type":"Organization","@id":"https:\/\/www.tsp.at\/en\/#organization","name":"Temmel, Seywald & Partner Communications GesmbH","alternateName":"TSP","url":"https:\/\/www.tsp.at\/en\/","logo":{"@type":"ImageObject","inLanguage":"en-US","@id":"https:\/\/www.tsp.at\/en\/#\/schema\/logo\/image\/","url":"https:\/\/www.tsp.at\/wp-content\/uploads\/2025\/10\/favicontsp.png","contentUrl":"https:\/\/www.tsp.at\/wp-content\/uploads\/2025\/10\/favicontsp.png","width":125,"height":125,"caption":"Temmel, Seywald & Partner Communications GesmbH"},"image":{"@id":"https:\/\/www.tsp.at\/en\/#\/schema\/logo\/image\/"},"sameAs":["https:\/\/www.facebook.com\/TemmelSeywald"]},{"@type":"Person","@id":"https:\/\/www.tsp.at\/en\/#\/schema\/person\/1ba5600c29da17b902b0925cea567f8a","name":"TSP Redaktion"}]}},"_links":{"self":[{"href":"https:\/\/www.tsp.at\/en\/wp-json\/wp\/v2\/posts\/10326","targetHints":{"allow":["GET"]}}],"collection":[{"href":"https:\/\/www.tsp.at\/en\/wp-json\/wp\/v2\/posts"}],"about":[{"href":"https:\/\/www.tsp.at\/en\/wp-json\/wp\/v2\/types\/post"}],"author":[{"embeddable":true,"href":"https:\/\/www.tsp.at\/en\/wp-json\/wp\/v2\/users\/2"}],"replies":[{"embeddable":true,"href":"https:\/\/www.tsp.at\/en\/wp-json\/wp\/v2\/comments?post=10326"}],"version-history":[{"count":1,"href":"https:\/\/www.tsp.at\/en\/wp-json\/wp\/v2\/posts\/10326\/revisions"}],"predecessor-version":[{"id":11573,"href":"https:\/\/www.tsp.at\/en\/wp-json\/wp\/v2\/posts\/10326\/revisions\/11573"}],"wp:featuredmedia":[{"embeddable":true,"href":"https:\/\/www.tsp.at\/en\/wp-json\/wp\/v2\/media\/10325"}],"wp:attachment":[{"href":"https:\/\/www.tsp.at\/en\/wp-json\/wp\/v2\/media?parent=10326"}],"wp:term":[{"taxonomy":"category","embeddable":true,"href":"https:\/\/www.tsp.at\/en\/wp-json\/wp\/v2\/categories?post=10326"},{"taxonomy":"post_tag","embeddable":true,"href":"https:\/\/www.tsp.at\/en\/wp-json\/wp\/v2\/tags?post=10326"}],"curies":[{"name":"wp","href":"https:\/\/api.w.org\/{rel}","templated":true}]}}