{"id":10334,"date":"2015-11-16T17:47:00","date_gmt":"2015-11-16T16:47:00","guid":{"rendered":"https:\/\/staging.tsp.at\/2015\/11\/16\/dichtergroesse-eno-meyomesse-in-oesterreich\/"},"modified":"2025-10-21T14:58:32","modified_gmt":"2025-10-21T12:58:32","slug":"dichtergroesse-eno-meyomesse-in-oesterreich","status":"publish","type":"post","link":"https:\/\/www.tsp.at\/en\/2015\/11\/16\/dichtergroesse-eno-meyomesse-in-oesterreich\/","title":{"rendered":"Dichtergr\u00f6\u00dfe Eno Meyomesse in \u00d6sterreich"},"content":{"rendered":"<article class=\"item\">\n<h2><strong>B\u00fcrgerrechtler will 2018 noch einmal zur Wahl antreten<\/strong><\/h2>\n<p>16.11.2015<\/p>\n<\/p>\n<\/p>\n<\/p>\n<\/p>\n<\/p>\n<p>Fresach \u2013 Drei Jahre sa\u00df er in Haft, nur weil er es gewagt hatte, gegen den seit 1982 amtierenden Staatspr\u00e4sidenten Paul Biya anzutreten. Seit Mai ist er wieder auf freiem Fu\u00df, am Wochenende war er in \u00d6sterreich, um gegen die korrupte politische Kaste in seinem Land Kamerun zu wettern. Auf die Frage, ob er trotz seiner ersch\u00fctternden Erlebnisse in Haft wieder in den politischen Ringkampf steigen werden, sagte der gro\u00dfe afrikanische Dichter und B\u00fcrgerrechtler Enoh Meyomesse (60), die 14 Tage vor der Pr\u00e4sidentenwahl 2018 seien die einzige Zeit, in der man straffrei auf Missst\u00e4nde hinweisen k\u00f6nne.\n<\/p>\n<p class=\"FtxtP\">Meyomesse war auf Einladung des &#8220;Writers in Prison-Komitees&#8221; im PEN-Club Austria <a href=\"http:\/\/penclub.at\" rel=\"nofollow\" target=\"_blank\">http:\/\/penclub.at<\/a> in Wien, Graz und zuletzt im Toleranzzentrum Fresach (K\u00e4rnten) <a href=\"http:\/\/fresach.org\" rel=\"nofollow\" target=\"_blank\">http:\/\/fresach.org<\/a> , um \u00fcber seine Erlebnisse in Haft zu berichten. Drei Jahre lang musste er mit Ratten, Schaben und anderem Ungeziefer zum Teil in vollst\u00e4ndiger Isolation vegetieren, w\u00e4hrend Mith\u00e4ftlinge an den Folgen von Folter und schlechter Ern\u00e4hrung starben. Er selbst sei vergiftet worden, weil man ihn weghaben wollte, und bereits im Koma gelegen, bevor ihn Freunde in letzter Minute retten konnten. Afrikanische Gef\u00e4ngnisse seien die H\u00f6lle, erkl\u00e4rte Meyomesse.<\/p>\n<p class=\"FtxtP\"><strong><span class=\"FtxtBold\" style=\"margin-bottom: 10px;\">&#8220;L\u00f6we von Kamerun&#8221; unbeugsam<\/span><\/strong><\/p>\n<p class=\"FtxtP\">Zwei Dinge h\u00e4tten ihn am Leben gehalten, das Schreiben und Nachdenken \u00fcber m\u00f6gliche Auswege aus der politischen Krise und das Engagement des internationalen PEN-Clubs und seiner Mitglieder, von denen er tausende Postkarten und Briefe ins Gef\u00e4ngnis bekommen habe, um durchzuhalten, einige davon auch aus \u00d6sterreich, sogar eine Karte aus Villach war dabei, sagte Meyomesse in Fresach, wo er seine von J\u00fcrgen Strasser auf Deutsch \u00fcbersetzten Gedichtb\u00e4nde &#8220;Blumen der Freiheit&#8221;, &#8220;Gedichte des H\u00e4ftlings in Kondengui und &#8220;Darmstadt: Eine afrikanische Liebeserkl\u00e4rung&#8221; vorgestellt hat.<\/p>\n<p class=\"FtxtP\">Meyomesse, der in den 1980er-Jahren in Stra\u00dfburg studierte und danach als Journalist f\u00fcr afrikanische und franz\u00f6sische Zeitungen arbeitete, lebt seit Oktober 2015 auf Einladung der Stadt Darmstadt in Deutschland. In Kamerun k\u00f6nne er sich derzeit nicht sicher f\u00fchlen. Bis zuletzt hatte er Angst, ausreisen zu d\u00fcrfen. Dennoch gibt er sich unbeugsam. Literatur und Politik seien seine zwei gro\u00dfen Leidenschaften, und das werde weiterhin zu bleiben. Im Exil will er Wirtschaftskontakte und politische Beziehungen pflegen und dazu beitragen, dass Meinungsfreiheit und Demokratie endlich auch in Afrika Fu\u00df fassen.<\/p>\n<p class=\"FtxtP\"><strong><span class=\"FtxtBold\" style=\"margin-bottom: 10px;\">Auswanderung keine L\u00f6sung<\/span><\/strong><\/p>\n<p class=\"FtxtP\">Unverbl\u00fcmt und klar \u00e4u\u00dferte sich der &#8220;L\u00f6we von Kamerun&#8221; auch zu den aktuellen Fl\u00fcchtlingsstr\u00f6men aus Afrika in Richtung Europa. Daf\u00fcr gibt es mehrere Gr\u00fcnde, die \u00dcberbev\u00f6lkerung, fehlende Arbeit und grassierende Korruption. Anhand seines eigenen Landes veranschaulichte Meyomesse das Dilemma. Kamerun hatte zum Zeitpunkt seiner Unabh\u00e4ngigkeit 1960 rund drei Mio. Einwohner. Heute, 50 Jahre sp\u00e4ter, seien es 25 Mio. Menschen. Die besten K\u00f6pfe gehen weg, zur\u00fcck bleiben jene, die den Status quo nicht ver\u00e4ndern k\u00f6nnen oder ihre Macht nicht abgeben wollen.<\/p>\n<p class=\"FtxtP\">Und jene, die zur\u00fcckkehren wie er, die etwas ver\u00e4ndern wollen, werden verfolgt und ins Gef\u00e4ngnis geworfen. Das schafft Angst, Frustration und Konfliktpotenziale. Aber Meyomesse bleibt unbeugsam. &#8220;Ver\u00e4ndern k\u00f6nnen wir die Systeme nur selbst, wir m\u00fcssen in Afrika bleiben und dort anfangen, f\u00fcr Demokratie und das Recht auf freie Meinungs\u00e4u\u00dferung zu k\u00e4mpfen.&#8221; Ohne Freiheit werde es keinen Frieden geben, ohne Ver\u00e4nderung der herrschenden Verh\u00e4ltnisse kein Ende des politischen und \u00f6nomischen Exodus aus Afrika. &#8220;Auswanderung ist keine L\u00f6sung&#8221;, sagte Meyomesse und appellierte an die L\u00e4nder Europas, Druck auf Afrikas Regime auszu\u00fcben, damit diese bessere Lebens- und Arbeitsbedingungen schaffen.<\/p>\n<p class=\"FtxtP\">Fotos von Enoh Meyomesse und dessen Besuch in Fresach stehen unter <a href=\"http:\/\/fotodienst.pressetext.com\/album\/3508\" rel=\"nofollow\" target=\"_blank\">http:\/\/fotodienst.pressetext.com\/album\/3508<\/a> als Download zur Verf\u00fcgung.<\/p>\n<p class=\"FtxtP\">Das Video auf Youtube: https:\/\/www.youtube.com\/watch?v=lP8nsNJGTrU<\/p>\n<\/article>\n","protected":false},"excerpt":{"rendered":"<p>B\u00fcrgerrechtler will 2018 noch einmal zur Wahl antreten 16.11.2015 Fresach \u2013 Drei Jahre sa\u00df er in Haft, nur weil er es gewagt hatte, gegen den seit 1982 amtierenden Staatspr\u00e4sidenten Paul Biya anzutreten. Seit Mai ist er wieder auf freiem Fu\u00df, am Wochenende war er in \u00d6sterreich, um gegen die korrupte politische Kaste in seinem Land&hellip;<\/p>\n","protected":false},"author":2,"featured_media":10333,"comment_status":"closed","ping_status":"closed","sticky":false,"template":"","format":"standard","meta":{"footnotes":""},"categories":[3],"tags":[],"class_list":["post-10334","post","type-post","status-publish","format-standard","has-post-thumbnail","hentry","category-news","category-3","description-off"],"yoast_head":"<!-- This site is optimized with the Yoast SEO plugin v26.3 - https:\/\/yoast.com\/wordpress\/plugins\/seo\/ -->\n<title>Dichtergr\u00f6\u00dfe Eno Meyomesse in \u00d6sterreich - Temmel | Seywald - Corporate Communications<\/title>\n<meta name=\"robots\" content=\"index, follow, max-snippet:-1, max-image-preview:large, max-video-preview:-1\" \/>\n<link rel=\"canonical\" href=\"https:\/\/www.tsp.at\/en\/2015\/11\/16\/dichtergroesse-eno-meyomesse-in-oesterreich\/\" \/>\n<meta property=\"og:locale\" content=\"en_US\" \/>\n<meta property=\"og:type\" content=\"article\" \/>\n<meta property=\"og:title\" content=\"Dichtergr\u00f6\u00dfe Eno Meyomesse in \u00d6sterreich - Temmel | Seywald - Corporate Communications\" \/>\n<meta property=\"og:description\" content=\"B\u00fcrgerrechtler will 2018 noch einmal zur Wahl antreten 16.11.2015 Fresach \u2013 Drei Jahre sa\u00df er in Haft, nur weil er es gewagt hatte, gegen den seit 1982 amtierenden Staatspr\u00e4sidenten Paul Biya anzutreten. Seit Mai ist er wieder auf freiem Fu\u00df, am Wochenende war er in \u00d6sterreich, um gegen die korrupte politische Kaste in seinem Land&hellip;\" \/>\n<meta property=\"og:url\" content=\"https:\/\/www.tsp.at\/en\/2015\/11\/16\/dichtergroesse-eno-meyomesse-in-oesterreich\/\" \/>\n<meta property=\"og:site_name\" content=\"Temmel | Seywald - Corporate Communications\" \/>\n<meta property=\"article:publisher\" content=\"https:\/\/www.facebook.com\/TemmelSeywald\" \/>\n<meta property=\"article:published_time\" content=\"2015-11-16T16:47:00+00:00\" \/>\n<meta property=\"article:modified_time\" content=\"2025-10-21T12:58:32+00:00\" \/>\n<meta property=\"og:image\" content=\"https:\/\/www.tsp.at\/wp-content\/uploads\/2025\/10\/Enoh2-scaled.jpg\" \/>\n\t<meta property=\"og:image:width\" content=\"2560\" \/>\n\t<meta property=\"og:image:height\" content=\"1964\" \/>\n\t<meta property=\"og:image:type\" content=\"image\/jpeg\" \/>\n<meta name=\"author\" content=\"TSP Redaktion\" \/>\n<meta name=\"twitter:card\" content=\"summary_large_image\" \/>\n<meta name=\"twitter:label1\" content=\"Written by\" \/>\n\t<meta name=\"twitter:data1\" content=\"TSP Redaktion\" \/>\n\t<meta name=\"twitter:label2\" content=\"Est. reading time\" \/>\n\t<meta name=\"twitter:data2\" content=\"4 minutes\" \/>\n<script type=\"application\/ld+json\" class=\"yoast-schema-graph\">{\"@context\":\"https:\/\/schema.org\",\"@graph\":[{\"@type\":\"Article\",\"@id\":\"https:\/\/www.tsp.at\/en\/2015\/11\/16\/dichtergroesse-eno-meyomesse-in-oesterreich\/#article\",\"isPartOf\":{\"@id\":\"https:\/\/www.tsp.at\/en\/2015\/11\/16\/dichtergroesse-eno-meyomesse-in-oesterreich\/\"},\"author\":{\"name\":\"TSP Redaktion\",\"@id\":\"https:\/\/www.tsp.at\/en\/#\/schema\/person\/1ba5600c29da17b902b0925cea567f8a\"},\"headline\":\"Dichtergr\u00f6\u00dfe Eno Meyomesse in \u00d6sterreich\",\"datePublished\":\"2015-11-16T16:47:00+00:00\",\"dateModified\":\"2025-10-21T12:58:32+00:00\",\"mainEntityOfPage\":{\"@id\":\"https:\/\/www.tsp.at\/en\/2015\/11\/16\/dichtergroesse-eno-meyomesse-in-oesterreich\/\"},\"wordCount\":637,\"publisher\":{\"@id\":\"https:\/\/www.tsp.at\/en\/#organization\"},\"image\":{\"@id\":\"https:\/\/www.tsp.at\/en\/2015\/11\/16\/dichtergroesse-eno-meyomesse-in-oesterreich\/#primaryimage\"},\"thumbnailUrl\":\"https:\/\/www.tsp.at\/wp-content\/uploads\/2025\/10\/Enoh2-scaled.jpg\",\"articleSection\":[\"News\"],\"inLanguage\":\"en-US\"},{\"@type\":\"WebPage\",\"@id\":\"https:\/\/www.tsp.at\/en\/2015\/11\/16\/dichtergroesse-eno-meyomesse-in-oesterreich\/\",\"url\":\"https:\/\/www.tsp.at\/en\/2015\/11\/16\/dichtergroesse-eno-meyomesse-in-oesterreich\/\",\"name\":\"Dichtergr\u00f6\u00dfe Eno Meyomesse in \u00d6sterreich - Temmel | Seywald - Corporate Communications\",\"isPartOf\":{\"@id\":\"https:\/\/www.tsp.at\/en\/#website\"},\"primaryImageOfPage\":{\"@id\":\"https:\/\/www.tsp.at\/en\/2015\/11\/16\/dichtergroesse-eno-meyomesse-in-oesterreich\/#primaryimage\"},\"image\":{\"@id\":\"https:\/\/www.tsp.at\/en\/2015\/11\/16\/dichtergroesse-eno-meyomesse-in-oesterreich\/#primaryimage\"},\"thumbnailUrl\":\"https:\/\/www.tsp.at\/wp-content\/uploads\/2025\/10\/Enoh2-scaled.jpg\",\"datePublished\":\"2015-11-16T16:47:00+00:00\",\"dateModified\":\"2025-10-21T12:58:32+00:00\",\"breadcrumb\":{\"@id\":\"https:\/\/www.tsp.at\/en\/2015\/11\/16\/dichtergroesse-eno-meyomesse-in-oesterreich\/#breadcrumb\"},\"inLanguage\":\"en-US\",\"potentialAction\":[{\"@type\":\"ReadAction\",\"target\":[\"https:\/\/www.tsp.at\/en\/2015\/11\/16\/dichtergroesse-eno-meyomesse-in-oesterreich\/\"]}]},{\"@type\":\"ImageObject\",\"inLanguage\":\"en-US\",\"@id\":\"https:\/\/www.tsp.at\/en\/2015\/11\/16\/dichtergroesse-eno-meyomesse-in-oesterreich\/#primaryimage\",\"url\":\"https:\/\/www.tsp.at\/wp-content\/uploads\/2025\/10\/Enoh2-scaled.jpg\",\"contentUrl\":\"https:\/\/www.tsp.at\/wp-content\/uploads\/2025\/10\/Enoh2-scaled.jpg\",\"width\":2560,\"height\":1964},{\"@type\":\"BreadcrumbList\",\"@id\":\"https:\/\/www.tsp.at\/en\/2015\/11\/16\/dichtergroesse-eno-meyomesse-in-oesterreich\/#breadcrumb\",\"itemListElement\":[{\"@type\":\"ListItem\",\"position\":1,\"name\":\"Startseite\",\"item\":\"https:\/\/www.tsp.at\/en\/\"},{\"@type\":\"ListItem\",\"position\":2,\"name\":\"Dichtergr\u00f6\u00dfe Eno Meyomesse in \u00d6sterreich\"}]},{\"@type\":\"WebSite\",\"@id\":\"https:\/\/www.tsp.at\/en\/#website\",\"url\":\"https:\/\/www.tsp.at\/en\/\",\"name\":\"Temmel | Seywald - Corporate Communications\",\"description\":\"Kommunikation ist Beziehungsarbeit\",\"publisher\":{\"@id\":\"https:\/\/www.tsp.at\/en\/#organization\"},\"potentialAction\":[{\"@type\":\"SearchAction\",\"target\":{\"@type\":\"EntryPoint\",\"urlTemplate\":\"https:\/\/www.tsp.at\/en\/?s={search_term_string}\"},\"query-input\":{\"@type\":\"PropertyValueSpecification\",\"valueRequired\":true,\"valueName\":\"search_term_string\"}}],\"inLanguage\":\"en-US\"},{\"@type\":\"Organization\",\"@id\":\"https:\/\/www.tsp.at\/en\/#organization\",\"name\":\"Temmel, Seywald & Partner Communications GesmbH\",\"alternateName\":\"TSP\",\"url\":\"https:\/\/www.tsp.at\/en\/\",\"logo\":{\"@type\":\"ImageObject\",\"inLanguage\":\"en-US\",\"@id\":\"https:\/\/www.tsp.at\/en\/#\/schema\/logo\/image\/\",\"url\":\"https:\/\/www.tsp.at\/wp-content\/uploads\/2025\/10\/favicontsp.png\",\"contentUrl\":\"https:\/\/www.tsp.at\/wp-content\/uploads\/2025\/10\/favicontsp.png\",\"width\":125,\"height\":125,\"caption\":\"Temmel, Seywald & Partner Communications GesmbH\"},\"image\":{\"@id\":\"https:\/\/www.tsp.at\/en\/#\/schema\/logo\/image\/\"},\"sameAs\":[\"https:\/\/www.facebook.com\/TemmelSeywald\"]},{\"@type\":\"Person\",\"@id\":\"https:\/\/www.tsp.at\/en\/#\/schema\/person\/1ba5600c29da17b902b0925cea567f8a\",\"name\":\"TSP Redaktion\"}]}<\/script>\n<!-- \/ Yoast SEO plugin. -->","yoast_head_json":{"title":"Dichtergr\u00f6\u00dfe Eno Meyomesse in \u00d6sterreich - Temmel | Seywald - Corporate Communications","robots":{"index":"index","follow":"follow","max-snippet":"max-snippet:-1","max-image-preview":"max-image-preview:large","max-video-preview":"max-video-preview:-1"},"canonical":"https:\/\/www.tsp.at\/en\/2015\/11\/16\/dichtergroesse-eno-meyomesse-in-oesterreich\/","og_locale":"en_US","og_type":"article","og_title":"Dichtergr\u00f6\u00dfe Eno Meyomesse in \u00d6sterreich - Temmel | Seywald - Corporate Communications","og_description":"B\u00fcrgerrechtler will 2018 noch einmal zur Wahl antreten 16.11.2015 Fresach \u2013 Drei Jahre sa\u00df er in Haft, nur weil er es gewagt hatte, gegen den seit 1982 amtierenden Staatspr\u00e4sidenten Paul Biya anzutreten. Seit Mai ist er wieder auf freiem Fu\u00df, am Wochenende war er in \u00d6sterreich, um gegen die korrupte politische Kaste in seinem Land&hellip;","og_url":"https:\/\/www.tsp.at\/en\/2015\/11\/16\/dichtergroesse-eno-meyomesse-in-oesterreich\/","og_site_name":"Temmel | Seywald - Corporate Communications","article_publisher":"https:\/\/www.facebook.com\/TemmelSeywald","article_published_time":"2015-11-16T16:47:00+00:00","article_modified_time":"2025-10-21T12:58:32+00:00","og_image":[{"width":2560,"height":1964,"url":"https:\/\/www.tsp.at\/wp-content\/uploads\/2025\/10\/Enoh2-scaled.jpg","type":"image\/jpeg"}],"author":"TSP Redaktion","twitter_card":"summary_large_image","twitter_misc":{"Written by":"TSP Redaktion","Est. reading time":"4 minutes"},"schema":{"@context":"https:\/\/schema.org","@graph":[{"@type":"Article","@id":"https:\/\/www.tsp.at\/en\/2015\/11\/16\/dichtergroesse-eno-meyomesse-in-oesterreich\/#article","isPartOf":{"@id":"https:\/\/www.tsp.at\/en\/2015\/11\/16\/dichtergroesse-eno-meyomesse-in-oesterreich\/"},"author":{"name":"TSP Redaktion","@id":"https:\/\/www.tsp.at\/en\/#\/schema\/person\/1ba5600c29da17b902b0925cea567f8a"},"headline":"Dichtergr\u00f6\u00dfe Eno Meyomesse in \u00d6sterreich","datePublished":"2015-11-16T16:47:00+00:00","dateModified":"2025-10-21T12:58:32+00:00","mainEntityOfPage":{"@id":"https:\/\/www.tsp.at\/en\/2015\/11\/16\/dichtergroesse-eno-meyomesse-in-oesterreich\/"},"wordCount":637,"publisher":{"@id":"https:\/\/www.tsp.at\/en\/#organization"},"image":{"@id":"https:\/\/www.tsp.at\/en\/2015\/11\/16\/dichtergroesse-eno-meyomesse-in-oesterreich\/#primaryimage"},"thumbnailUrl":"https:\/\/www.tsp.at\/wp-content\/uploads\/2025\/10\/Enoh2-scaled.jpg","articleSection":["News"],"inLanguage":"en-US"},{"@type":"WebPage","@id":"https:\/\/www.tsp.at\/en\/2015\/11\/16\/dichtergroesse-eno-meyomesse-in-oesterreich\/","url":"https:\/\/www.tsp.at\/en\/2015\/11\/16\/dichtergroesse-eno-meyomesse-in-oesterreich\/","name":"Dichtergr\u00f6\u00dfe Eno Meyomesse in \u00d6sterreich - Temmel | Seywald - Corporate Communications","isPartOf":{"@id":"https:\/\/www.tsp.at\/en\/#website"},"primaryImageOfPage":{"@id":"https:\/\/www.tsp.at\/en\/2015\/11\/16\/dichtergroesse-eno-meyomesse-in-oesterreich\/#primaryimage"},"image":{"@id":"https:\/\/www.tsp.at\/en\/2015\/11\/16\/dichtergroesse-eno-meyomesse-in-oesterreich\/#primaryimage"},"thumbnailUrl":"https:\/\/www.tsp.at\/wp-content\/uploads\/2025\/10\/Enoh2-scaled.jpg","datePublished":"2015-11-16T16:47:00+00:00","dateModified":"2025-10-21T12:58:32+00:00","breadcrumb":{"@id":"https:\/\/www.tsp.at\/en\/2015\/11\/16\/dichtergroesse-eno-meyomesse-in-oesterreich\/#breadcrumb"},"inLanguage":"en-US","potentialAction":[{"@type":"ReadAction","target":["https:\/\/www.tsp.at\/en\/2015\/11\/16\/dichtergroesse-eno-meyomesse-in-oesterreich\/"]}]},{"@type":"ImageObject","inLanguage":"en-US","@id":"https:\/\/www.tsp.at\/en\/2015\/11\/16\/dichtergroesse-eno-meyomesse-in-oesterreich\/#primaryimage","url":"https:\/\/www.tsp.at\/wp-content\/uploads\/2025\/10\/Enoh2-scaled.jpg","contentUrl":"https:\/\/www.tsp.at\/wp-content\/uploads\/2025\/10\/Enoh2-scaled.jpg","width":2560,"height":1964},{"@type":"BreadcrumbList","@id":"https:\/\/www.tsp.at\/en\/2015\/11\/16\/dichtergroesse-eno-meyomesse-in-oesterreich\/#breadcrumb","itemListElement":[{"@type":"ListItem","position":1,"name":"Startseite","item":"https:\/\/www.tsp.at\/en\/"},{"@type":"ListItem","position":2,"name":"Dichtergr\u00f6\u00dfe Eno Meyomesse in \u00d6sterreich"}]},{"@type":"WebSite","@id":"https:\/\/www.tsp.at\/en\/#website","url":"https:\/\/www.tsp.at\/en\/","name":"Temmel | Seywald - Corporate Communications","description":"Kommunikation ist Beziehungsarbeit","publisher":{"@id":"https:\/\/www.tsp.at\/en\/#organization"},"potentialAction":[{"@type":"SearchAction","target":{"@type":"EntryPoint","urlTemplate":"https:\/\/www.tsp.at\/en\/?s={search_term_string}"},"query-input":{"@type":"PropertyValueSpecification","valueRequired":true,"valueName":"search_term_string"}}],"inLanguage":"en-US"},{"@type":"Organization","@id":"https:\/\/www.tsp.at\/en\/#organization","name":"Temmel, Seywald & Partner Communications GesmbH","alternateName":"TSP","url":"https:\/\/www.tsp.at\/en\/","logo":{"@type":"ImageObject","inLanguage":"en-US","@id":"https:\/\/www.tsp.at\/en\/#\/schema\/logo\/image\/","url":"https:\/\/www.tsp.at\/wp-content\/uploads\/2025\/10\/favicontsp.png","contentUrl":"https:\/\/www.tsp.at\/wp-content\/uploads\/2025\/10\/favicontsp.png","width":125,"height":125,"caption":"Temmel, Seywald & Partner Communications GesmbH"},"image":{"@id":"https:\/\/www.tsp.at\/en\/#\/schema\/logo\/image\/"},"sameAs":["https:\/\/www.facebook.com\/TemmelSeywald"]},{"@type":"Person","@id":"https:\/\/www.tsp.at\/en\/#\/schema\/person\/1ba5600c29da17b902b0925cea567f8a","name":"TSP Redaktion"}]}},"_links":{"self":[{"href":"https:\/\/www.tsp.at\/en\/wp-json\/wp\/v2\/posts\/10334","targetHints":{"allow":["GET"]}}],"collection":[{"href":"https:\/\/www.tsp.at\/en\/wp-json\/wp\/v2\/posts"}],"about":[{"href":"https:\/\/www.tsp.at\/en\/wp-json\/wp\/v2\/types\/post"}],"author":[{"embeddable":true,"href":"https:\/\/www.tsp.at\/en\/wp-json\/wp\/v2\/users\/2"}],"replies":[{"embeddable":true,"href":"https:\/\/www.tsp.at\/en\/wp-json\/wp\/v2\/comments?post=10334"}],"version-history":[{"count":1,"href":"https:\/\/www.tsp.at\/en\/wp-json\/wp\/v2\/posts\/10334\/revisions"}],"predecessor-version":[{"id":11577,"href":"https:\/\/www.tsp.at\/en\/wp-json\/wp\/v2\/posts\/10334\/revisions\/11577"}],"wp:featuredmedia":[{"embeddable":true,"href":"https:\/\/www.tsp.at\/en\/wp-json\/wp\/v2\/media\/10333"}],"wp:attachment":[{"href":"https:\/\/www.tsp.at\/en\/wp-json\/wp\/v2\/media?parent=10334"}],"wp:term":[{"taxonomy":"category","embeddable":true,"href":"https:\/\/www.tsp.at\/en\/wp-json\/wp\/v2\/categories?post=10334"},{"taxonomy":"post_tag","embeddable":true,"href":"https:\/\/www.tsp.at\/en\/wp-json\/wp\/v2\/tags?post=10334"}],"curies":[{"name":"wp","href":"https:\/\/api.w.org\/{rel}","templated":true}]}}