{"id":10340,"date":"2015-11-04T11:53:00","date_gmt":"2015-11-04T10:53:00","guid":{"rendered":"https:\/\/staging.tsp.at\/2015\/11\/04\/fresach-praesentiert-europaeische-toleranzgespraeche-2016\/"},"modified":"2025-10-21T14:58:32","modified_gmt":"2025-10-21T12:58:32","slug":"fresach-praesentiert-europaeische-toleranzgespraeche-2016","status":"publish","type":"post","link":"https:\/\/www.tsp.at\/en\/2015\/11\/04\/fresach-praesentiert-europaeische-toleranzgespraeche-2016\/","title":{"rendered":"Fresach pr\u00e4sentiert Europ\u00e4ische Toleranzgespr\u00e4che 2016"},"content":{"rendered":"<article class=\"item\">\n<h2><strong>Einladung von Club Carinthia und BKS-Bank in Wien<\/strong><\/h2>\n<p>04.11.2015<\/p>\n<\/p>\n<\/p>\n<\/p>\n<\/p>\n<\/p>\n<p>Wien \u2013 <strong>&#8220;Die Grenzen Europas &#8211; Menschenrechte und die Folgen des Klimawandels&#8221; stehen im Mittelpunkt der Europ\u00e4ischen Toleranzgespr\u00e4che 2016 im K\u00e4rntner Bergdorf Fresach. Damit begeben sich die Initiatoren des Denk.Raum.Fresach bewusst auf das Minenfeld der aktuellen Diskussion \u00fcber Fl\u00fcchtlingsstr\u00f6me und deren Bew\u00e4ltigung. &#8220;Wir wollen nicht nur zuschauen und besser wissen, sondern anhand vieler positiver Beispiele und Menschen mit Verantwortung aufzeigen, wie es besser gehen kann. Wir m\u00fcssen aber auch die internationale Politik daran erinnern, wo die Wurzeln der neuen V\u00f6lkerwanderung liegen&#8221;, erkl\u00e4rte der Pr\u00e4sident des Kuratoriums Fresach, Johannes Swoboda, am Dienstag bei der Vorstellung des Programms 2016 in Wien.<\/strong> <\/p>\n<p>Wie schon 2015 werden auch die Europ\u00e4ischen Toleranzgespr\u00e4che 2016 von zahlreichen F\u00f6rderern, Organisationen und Institutionen unterst\u00fctzt, allen voran dem PEN-Club Austria. PEN-Pr\u00e4sident Helmuth A. Niederle pr\u00e4sentierte denn auch wieder eine Reihe von internationalen Top-Schriftstellern, die nach Fresach kommen werden, so u.a. Nahid Bagheri-Goldschmied (Iran), Hassan Baroud (\u00c4gypten), Seher Cakir (T\u00fcrkei), Lev Detela (Slowakei), Ishraga Mustafa Hamid (Sudan), Aftab Hussain, Sarita Jenamani (Indien), Chibo Onyeji (Nigeria) und Serafettin Yildiz (\u00d6sterreich). &#8220;F\u00fcr uns ist Fresach eine M\u00f6glichkeit der Bestandsaufnahme. Diese Autor\/innen werden uns zeigen, wo wir heute in Europa stehen. Und wohin wir gehen k\u00f6nnen.&#8221;\n<\/p>\n<p><strong>Er\u00f6ffnung mit Prof. Klaus T\u00f6pfer<\/strong> <\/p>\n<p>Die Europ\u00e4ischen Toleranzgespr\u00e4che 2016 werden in der Pfingstwoche, vom 11. bis 14. Mai, stattfinden. Die Er\u00f6ffnung zu Ehren der Schriftsteller und Wissenschafter erfolgt am Vorabend in Villach, in Anwesenheit des Bundespr\u00e4sidenten und zahlreicher europ\u00e4ischer Spitzenpolitiker. Das Er\u00f6ffnungsreferat am 12. Mai in Fresach h\u00e4lt der fr\u00fchere Umweltminister und langj\u00e4hrige Exekutivdirektor des Umweltprogramms der Vereinten Nationen (UNEP), Prof. Klaus T\u00f6pfer. Er wird insbesondere auf den globalen Klimawandel und seine Folgen eingehen. Danach diskutieren der Physiker Niyazi Serdar Sariciftci von der Universit\u00e4t Linz, der Wirtschaftswissenschafter Henning V\u00f6pel vom Hamburger Weltwirtschaftsinstitut unter anderem \u00fcber die Globalisierung, Klimawandel und Szenarien f\u00fcr eine bessere Zukunft ohne (neue) Grenzen.\n<\/p>\n<p>Am Nachmittag stehen zun\u00e4chst die Kosten des Klimawandels auf dem Programm &#8211; \u00f6kologische und \u00f6konomische Betrachtungen aus europ\u00e4ischer Sicht, mit der Umwelthistorikerin Verena Winiwarter von der Universit\u00e4t Klagenfurt, Umweltlandesrat Rolf Holub, der bekannten Klimaforscherin Helga Kromp-Kolb, dem Volkswirtschafter Karl Steininger und dem Umweltrisiko-\u00d6konomen Franz Prettenthaler. Danach folgt eine Diskussion \u00fcber m\u00f6gliche Strategien gegen die V\u00f6lkerwanderung, mit dem Rechtsphilosophen Reinhard Merkel, dem Pr\u00e4sidenten der Kennedy Foundation of Human Rights, Christoph Karlo und dem Kulturphilosophen Pravo Mazumdar. Weitere Highlights sind Referate zum Thema Climate Reality von Senator Marc R. Pacheco und ein &#8220;Schmerz-Workshop&#8221; mit Harald Kollegger.\n<\/p>\n<p><strong>Zwischenruf von Anneliese Rohrer<\/strong> <\/p>\n<p>Den zweiten Diskussionstag am 13. Mai er\u00f6ffnet die Presse-Kolumnistin Anneliese Rohrer mit einem provokanten Zwischenruf zum Thema &#8220;Alte Grenzen, neue Gr\u00e4ben: Warum wir den Klimawandel brauchen&#8221;. Danach diskutiert eine Strategie-Runde \u00fcber &#8220;Europa im Dilemma, Klimafl\u00fcchtlinge und die Grenzen des Zumutbaren&#8221;. Im Toleranzforum am Nachmittag stehen &#8220;Praktische Tipps f\u00fcr ein besseres Zusammenleben&#8221; (NGO-Runde) mit dem Integrationsprofi Bernhard Perchinig und der Sozialanthropologin Christa Markom auf dem Programm. Die Migrationsexpertin Gudrun Biffl spricht \u00fcber die Chancen und Risiken der Integration auf dem Arbeitsmarkt. Den Abschluss macht eine Diskussion \u00fcber die Voraussetzungen f\u00fcr gelungene Integration. F\u00fcr die Moderation sorgen unter anderem Karim Al-Gawhary, Martin Traxl, Jochen Bendele und Sonja Sagmeister.\n<\/p>\n<p>Das anspruchsvolle Programm der Europ\u00e4ischen Toleranzgespr\u00e4che 2016 wird musikalisch und szenisch umrahmt. H\u00f6hepunkte sind die lange Nacht der Toleranz, mit Lesungen und Ges\u00e4ngen, sowie ein Young Poetry Slam am Samstag 14. Mai zum Thema &#8220;Ausgrenzen, eingrenzen, umgrenzen. 5 Minuten bis zur Grenze. 5 Minuten grenzenlos frei.&#8221; Zur Realisierung des Gesamtprogramms ist der &#8220;Denk.Raum.Fresach &#8211; Verein f\u00fcr Toleranz und Integration&#8221; auf Zuwendungen, Firmenpartnerschaften und weitere Mitgliedschaften angewiesen. Weitere Informationen: <a href=\"http:\/\/www.fresach.org\" target=\"_blank\">http:\/\/www.fresach.org<\/a> <\/p>\n<p>Fotos zur Veranstaltung stehen unter <a href=\"http:\/\/fotodienst.pressetext.com\/album\/3506\" target=\"_blank\">http:\/\/fotodienst.pressetext.com\/album\/3506<\/a> zur freien Verf\u00fcgung.<\/p>\n<\/article>\n","protected":false},"excerpt":{"rendered":"<p>Einladung von Club Carinthia und BKS-Bank in Wien 04.11.2015 Wien \u2013 &#8220;Die Grenzen Europas &#8211; Menschenrechte und die Folgen des Klimawandels&#8221; stehen im Mittelpunkt der Europ\u00e4ischen Toleranzgespr\u00e4che 2016 im K\u00e4rntner Bergdorf Fresach. Damit begeben sich die Initiatoren des Denk.Raum.Fresach bewusst auf das Minenfeld der aktuellen Diskussion \u00fcber Fl\u00fcchtlingsstr\u00f6me und deren Bew\u00e4ltigung. &#8220;Wir wollen nicht nur&hellip;<\/p>\n","protected":false},"author":2,"featured_media":10339,"comment_status":"closed","ping_status":"closed","sticky":false,"template":"","format":"standard","meta":{"footnotes":""},"categories":[3],"tags":[],"class_list":["post-10340","post","type-post","status-publish","format-standard","has-post-thumbnail","hentry","category-news","category-3","description-off"],"yoast_head":"<!-- This site is optimized with the Yoast SEO plugin v26.3 - https:\/\/yoast.com\/wordpress\/plugins\/seo\/ -->\n<title>Fresach pr\u00e4sentiert Europ\u00e4ische Toleranzgespr\u00e4che 2016 - Temmel | Seywald - Corporate Communications<\/title>\n<meta name=\"robots\" content=\"index, follow, max-snippet:-1, max-image-preview:large, max-video-preview:-1\" \/>\n<link rel=\"canonical\" href=\"https:\/\/www.tsp.at\/en\/2015\/11\/04\/fresach-praesentiert-europaeische-toleranzgespraeche-2016\/\" \/>\n<meta property=\"og:locale\" content=\"en_US\" \/>\n<meta property=\"og:type\" content=\"article\" \/>\n<meta property=\"og:title\" content=\"Fresach pr\u00e4sentiert Europ\u00e4ische Toleranzgespr\u00e4che 2016 - Temmel | Seywald - Corporate Communications\" \/>\n<meta property=\"og:description\" content=\"Einladung von Club Carinthia und BKS-Bank in Wien 04.11.2015 Wien \u2013 &#8220;Die Grenzen Europas &#8211; Menschenrechte und die Folgen des Klimawandels&#8221; stehen im Mittelpunkt der Europ\u00e4ischen Toleranzgespr\u00e4che 2016 im K\u00e4rntner Bergdorf Fresach. Damit begeben sich die Initiatoren des Denk.Raum.Fresach bewusst auf das Minenfeld der aktuellen Diskussion \u00fcber Fl\u00fcchtlingsstr\u00f6me und deren Bew\u00e4ltigung. &#8220;Wir wollen nicht nur&hellip;\" \/>\n<meta property=\"og:url\" content=\"https:\/\/www.tsp.at\/en\/2015\/11\/04\/fresach-praesentiert-europaeische-toleranzgespraeche-2016\/\" \/>\n<meta property=\"og:site_name\" content=\"Temmel | Seywald - Corporate Communications\" \/>\n<meta property=\"article:publisher\" content=\"https:\/\/www.facebook.com\/TemmelSeywald\" \/>\n<meta property=\"article:published_time\" content=\"2015-11-04T10:53:00+00:00\" \/>\n<meta property=\"article:modified_time\" content=\"2025-10-21T12:58:32+00:00\" \/>\n<meta property=\"og:image\" content=\"https:\/\/www.tsp.at\/wp-content\/uploads\/2025\/10\/MG_3542-1024x683.jpg\" \/>\n\t<meta property=\"og:image:width\" content=\"1024\" \/>\n\t<meta property=\"og:image:height\" content=\"683\" \/>\n\t<meta property=\"og:image:type\" content=\"image\/jpeg\" \/>\n<meta name=\"author\" content=\"TSP Redaktion\" \/>\n<meta name=\"twitter:card\" content=\"summary_large_image\" \/>\n<meta name=\"twitter:label1\" content=\"Written by\" \/>\n\t<meta name=\"twitter:data1\" content=\"TSP Redaktion\" \/>\n\t<meta name=\"twitter:label2\" content=\"Est. reading time\" \/>\n\t<meta name=\"twitter:data2\" content=\"4 minutes\" \/>\n<script type=\"application\/ld+json\" class=\"yoast-schema-graph\">{\"@context\":\"https:\/\/schema.org\",\"@graph\":[{\"@type\":\"Article\",\"@id\":\"https:\/\/www.tsp.at\/en\/2015\/11\/04\/fresach-praesentiert-europaeische-toleranzgespraeche-2016\/#article\",\"isPartOf\":{\"@id\":\"https:\/\/www.tsp.at\/en\/2015\/11\/04\/fresach-praesentiert-europaeische-toleranzgespraeche-2016\/\"},\"author\":{\"name\":\"TSP Redaktion\",\"@id\":\"https:\/\/www.tsp.at\/en\/#\/schema\/person\/1ba5600c29da17b902b0925cea567f8a\"},\"headline\":\"Fresach pr\u00e4sentiert Europ\u00e4ische Toleranzgespr\u00e4che 2016\",\"datePublished\":\"2015-11-04T10:53:00+00:00\",\"dateModified\":\"2025-10-21T12:58:32+00:00\",\"mainEntityOfPage\":{\"@id\":\"https:\/\/www.tsp.at\/en\/2015\/11\/04\/fresach-praesentiert-europaeische-toleranzgespraeche-2016\/\"},\"wordCount\":649,\"publisher\":{\"@id\":\"https:\/\/www.tsp.at\/en\/#organization\"},\"image\":{\"@id\":\"https:\/\/www.tsp.at\/en\/2015\/11\/04\/fresach-praesentiert-europaeische-toleranzgespraeche-2016\/#primaryimage\"},\"thumbnailUrl\":\"https:\/\/www.tsp.at\/wp-content\/uploads\/2025\/10\/MG_3542.jpg\",\"articleSection\":[\"News\"],\"inLanguage\":\"en-US\"},{\"@type\":\"WebPage\",\"@id\":\"https:\/\/www.tsp.at\/en\/2015\/11\/04\/fresach-praesentiert-europaeische-toleranzgespraeche-2016\/\",\"url\":\"https:\/\/www.tsp.at\/en\/2015\/11\/04\/fresach-praesentiert-europaeische-toleranzgespraeche-2016\/\",\"name\":\"Fresach pr\u00e4sentiert Europ\u00e4ische Toleranzgespr\u00e4che 2016 - Temmel | Seywald - Corporate Communications\",\"isPartOf\":{\"@id\":\"https:\/\/www.tsp.at\/en\/#website\"},\"primaryImageOfPage\":{\"@id\":\"https:\/\/www.tsp.at\/en\/2015\/11\/04\/fresach-praesentiert-europaeische-toleranzgespraeche-2016\/#primaryimage\"},\"image\":{\"@id\":\"https:\/\/www.tsp.at\/en\/2015\/11\/04\/fresach-praesentiert-europaeische-toleranzgespraeche-2016\/#primaryimage\"},\"thumbnailUrl\":\"https:\/\/www.tsp.at\/wp-content\/uploads\/2025\/10\/MG_3542.jpg\",\"datePublished\":\"2015-11-04T10:53:00+00:00\",\"dateModified\":\"2025-10-21T12:58:32+00:00\",\"breadcrumb\":{\"@id\":\"https:\/\/www.tsp.at\/en\/2015\/11\/04\/fresach-praesentiert-europaeische-toleranzgespraeche-2016\/#breadcrumb\"},\"inLanguage\":\"en-US\",\"potentialAction\":[{\"@type\":\"ReadAction\",\"target\":[\"https:\/\/www.tsp.at\/en\/2015\/11\/04\/fresach-praesentiert-europaeische-toleranzgespraeche-2016\/\"]}]},{\"@type\":\"ImageObject\",\"inLanguage\":\"en-US\",\"@id\":\"https:\/\/www.tsp.at\/en\/2015\/11\/04\/fresach-praesentiert-europaeische-toleranzgespraeche-2016\/#primaryimage\",\"url\":\"https:\/\/www.tsp.at\/wp-content\/uploads\/2025\/10\/MG_3542.jpg\",\"contentUrl\":\"https:\/\/www.tsp.at\/wp-content\/uploads\/2025\/10\/MG_3542.jpg\",\"width\":2200,\"height\":1467},{\"@type\":\"BreadcrumbList\",\"@id\":\"https:\/\/www.tsp.at\/en\/2015\/11\/04\/fresach-praesentiert-europaeische-toleranzgespraeche-2016\/#breadcrumb\",\"itemListElement\":[{\"@type\":\"ListItem\",\"position\":1,\"name\":\"Startseite\",\"item\":\"https:\/\/www.tsp.at\/en\/\"},{\"@type\":\"ListItem\",\"position\":2,\"name\":\"Fresach pr\u00e4sentiert Europ\u00e4ische Toleranzgespr\u00e4che 2016\"}]},{\"@type\":\"WebSite\",\"@id\":\"https:\/\/www.tsp.at\/en\/#website\",\"url\":\"https:\/\/www.tsp.at\/en\/\",\"name\":\"Temmel | Seywald - Corporate Communications\",\"description\":\"Kommunikation ist Beziehungsarbeit\",\"publisher\":{\"@id\":\"https:\/\/www.tsp.at\/en\/#organization\"},\"potentialAction\":[{\"@type\":\"SearchAction\",\"target\":{\"@type\":\"EntryPoint\",\"urlTemplate\":\"https:\/\/www.tsp.at\/en\/?s={search_term_string}\"},\"query-input\":{\"@type\":\"PropertyValueSpecification\",\"valueRequired\":true,\"valueName\":\"search_term_string\"}}],\"inLanguage\":\"en-US\"},{\"@type\":\"Organization\",\"@id\":\"https:\/\/www.tsp.at\/en\/#organization\",\"name\":\"Temmel, Seywald & Partner Communications GesmbH\",\"alternateName\":\"TSP\",\"url\":\"https:\/\/www.tsp.at\/en\/\",\"logo\":{\"@type\":\"ImageObject\",\"inLanguage\":\"en-US\",\"@id\":\"https:\/\/www.tsp.at\/en\/#\/schema\/logo\/image\/\",\"url\":\"https:\/\/www.tsp.at\/wp-content\/uploads\/2025\/10\/favicontsp.png\",\"contentUrl\":\"https:\/\/www.tsp.at\/wp-content\/uploads\/2025\/10\/favicontsp.png\",\"width\":125,\"height\":125,\"caption\":\"Temmel, Seywald & Partner Communications GesmbH\"},\"image\":{\"@id\":\"https:\/\/www.tsp.at\/en\/#\/schema\/logo\/image\/\"},\"sameAs\":[\"https:\/\/www.facebook.com\/TemmelSeywald\"]},{\"@type\":\"Person\",\"@id\":\"https:\/\/www.tsp.at\/en\/#\/schema\/person\/1ba5600c29da17b902b0925cea567f8a\",\"name\":\"TSP Redaktion\"}]}<\/script>\n<!-- \/ Yoast SEO plugin. -->","yoast_head_json":{"title":"Fresach pr\u00e4sentiert Europ\u00e4ische Toleranzgespr\u00e4che 2016 - Temmel | Seywald - Corporate Communications","robots":{"index":"index","follow":"follow","max-snippet":"max-snippet:-1","max-image-preview":"max-image-preview:large","max-video-preview":"max-video-preview:-1"},"canonical":"https:\/\/www.tsp.at\/en\/2015\/11\/04\/fresach-praesentiert-europaeische-toleranzgespraeche-2016\/","og_locale":"en_US","og_type":"article","og_title":"Fresach pr\u00e4sentiert Europ\u00e4ische Toleranzgespr\u00e4che 2016 - Temmel | Seywald - Corporate Communications","og_description":"Einladung von Club Carinthia und BKS-Bank in Wien 04.11.2015 Wien \u2013 &#8220;Die Grenzen Europas &#8211; Menschenrechte und die Folgen des Klimawandels&#8221; stehen im Mittelpunkt der Europ\u00e4ischen Toleranzgespr\u00e4che 2016 im K\u00e4rntner Bergdorf Fresach. Damit begeben sich die Initiatoren des Denk.Raum.Fresach bewusst auf das Minenfeld der aktuellen Diskussion \u00fcber Fl\u00fcchtlingsstr\u00f6me und deren Bew\u00e4ltigung. &#8220;Wir wollen nicht nur&hellip;","og_url":"https:\/\/www.tsp.at\/en\/2015\/11\/04\/fresach-praesentiert-europaeische-toleranzgespraeche-2016\/","og_site_name":"Temmel | Seywald - Corporate Communications","article_publisher":"https:\/\/www.facebook.com\/TemmelSeywald","article_published_time":"2015-11-04T10:53:00+00:00","article_modified_time":"2025-10-21T12:58:32+00:00","og_image":[{"width":1024,"height":683,"url":"https:\/\/www.tsp.at\/wp-content\/uploads\/2025\/10\/MG_3542-1024x683.jpg","type":"image\/jpeg"}],"author":"TSP Redaktion","twitter_card":"summary_large_image","twitter_misc":{"Written by":"TSP Redaktion","Est. reading time":"4 minutes"},"schema":{"@context":"https:\/\/schema.org","@graph":[{"@type":"Article","@id":"https:\/\/www.tsp.at\/en\/2015\/11\/04\/fresach-praesentiert-europaeische-toleranzgespraeche-2016\/#article","isPartOf":{"@id":"https:\/\/www.tsp.at\/en\/2015\/11\/04\/fresach-praesentiert-europaeische-toleranzgespraeche-2016\/"},"author":{"name":"TSP Redaktion","@id":"https:\/\/www.tsp.at\/en\/#\/schema\/person\/1ba5600c29da17b902b0925cea567f8a"},"headline":"Fresach pr\u00e4sentiert Europ\u00e4ische Toleranzgespr\u00e4che 2016","datePublished":"2015-11-04T10:53:00+00:00","dateModified":"2025-10-21T12:58:32+00:00","mainEntityOfPage":{"@id":"https:\/\/www.tsp.at\/en\/2015\/11\/04\/fresach-praesentiert-europaeische-toleranzgespraeche-2016\/"},"wordCount":649,"publisher":{"@id":"https:\/\/www.tsp.at\/en\/#organization"},"image":{"@id":"https:\/\/www.tsp.at\/en\/2015\/11\/04\/fresach-praesentiert-europaeische-toleranzgespraeche-2016\/#primaryimage"},"thumbnailUrl":"https:\/\/www.tsp.at\/wp-content\/uploads\/2025\/10\/MG_3542.jpg","articleSection":["News"],"inLanguage":"en-US"},{"@type":"WebPage","@id":"https:\/\/www.tsp.at\/en\/2015\/11\/04\/fresach-praesentiert-europaeische-toleranzgespraeche-2016\/","url":"https:\/\/www.tsp.at\/en\/2015\/11\/04\/fresach-praesentiert-europaeische-toleranzgespraeche-2016\/","name":"Fresach pr\u00e4sentiert Europ\u00e4ische Toleranzgespr\u00e4che 2016 - Temmel | Seywald - Corporate Communications","isPartOf":{"@id":"https:\/\/www.tsp.at\/en\/#website"},"primaryImageOfPage":{"@id":"https:\/\/www.tsp.at\/en\/2015\/11\/04\/fresach-praesentiert-europaeische-toleranzgespraeche-2016\/#primaryimage"},"image":{"@id":"https:\/\/www.tsp.at\/en\/2015\/11\/04\/fresach-praesentiert-europaeische-toleranzgespraeche-2016\/#primaryimage"},"thumbnailUrl":"https:\/\/www.tsp.at\/wp-content\/uploads\/2025\/10\/MG_3542.jpg","datePublished":"2015-11-04T10:53:00+00:00","dateModified":"2025-10-21T12:58:32+00:00","breadcrumb":{"@id":"https:\/\/www.tsp.at\/en\/2015\/11\/04\/fresach-praesentiert-europaeische-toleranzgespraeche-2016\/#breadcrumb"},"inLanguage":"en-US","potentialAction":[{"@type":"ReadAction","target":["https:\/\/www.tsp.at\/en\/2015\/11\/04\/fresach-praesentiert-europaeische-toleranzgespraeche-2016\/"]}]},{"@type":"ImageObject","inLanguage":"en-US","@id":"https:\/\/www.tsp.at\/en\/2015\/11\/04\/fresach-praesentiert-europaeische-toleranzgespraeche-2016\/#primaryimage","url":"https:\/\/www.tsp.at\/wp-content\/uploads\/2025\/10\/MG_3542.jpg","contentUrl":"https:\/\/www.tsp.at\/wp-content\/uploads\/2025\/10\/MG_3542.jpg","width":2200,"height":1467},{"@type":"BreadcrumbList","@id":"https:\/\/www.tsp.at\/en\/2015\/11\/04\/fresach-praesentiert-europaeische-toleranzgespraeche-2016\/#breadcrumb","itemListElement":[{"@type":"ListItem","position":1,"name":"Startseite","item":"https:\/\/www.tsp.at\/en\/"},{"@type":"ListItem","position":2,"name":"Fresach pr\u00e4sentiert Europ\u00e4ische Toleranzgespr\u00e4che 2016"}]},{"@type":"WebSite","@id":"https:\/\/www.tsp.at\/en\/#website","url":"https:\/\/www.tsp.at\/en\/","name":"Temmel | Seywald - Corporate Communications","description":"Kommunikation ist Beziehungsarbeit","publisher":{"@id":"https:\/\/www.tsp.at\/en\/#organization"},"potentialAction":[{"@type":"SearchAction","target":{"@type":"EntryPoint","urlTemplate":"https:\/\/www.tsp.at\/en\/?s={search_term_string}"},"query-input":{"@type":"PropertyValueSpecification","valueRequired":true,"valueName":"search_term_string"}}],"inLanguage":"en-US"},{"@type":"Organization","@id":"https:\/\/www.tsp.at\/en\/#organization","name":"Temmel, Seywald & Partner Communications GesmbH","alternateName":"TSP","url":"https:\/\/www.tsp.at\/en\/","logo":{"@type":"ImageObject","inLanguage":"en-US","@id":"https:\/\/www.tsp.at\/en\/#\/schema\/logo\/image\/","url":"https:\/\/www.tsp.at\/wp-content\/uploads\/2025\/10\/favicontsp.png","contentUrl":"https:\/\/www.tsp.at\/wp-content\/uploads\/2025\/10\/favicontsp.png","width":125,"height":125,"caption":"Temmel, Seywald & Partner Communications GesmbH"},"image":{"@id":"https:\/\/www.tsp.at\/en\/#\/schema\/logo\/image\/"},"sameAs":["https:\/\/www.facebook.com\/TemmelSeywald"]},{"@type":"Person","@id":"https:\/\/www.tsp.at\/en\/#\/schema\/person\/1ba5600c29da17b902b0925cea567f8a","name":"TSP Redaktion"}]}},"_links":{"self":[{"href":"https:\/\/www.tsp.at\/en\/wp-json\/wp\/v2\/posts\/10340","targetHints":{"allow":["GET"]}}],"collection":[{"href":"https:\/\/www.tsp.at\/en\/wp-json\/wp\/v2\/posts"}],"about":[{"href":"https:\/\/www.tsp.at\/en\/wp-json\/wp\/v2\/types\/post"}],"author":[{"embeddable":true,"href":"https:\/\/www.tsp.at\/en\/wp-json\/wp\/v2\/users\/2"}],"replies":[{"embeddable":true,"href":"https:\/\/www.tsp.at\/en\/wp-json\/wp\/v2\/comments?post=10340"}],"version-history":[{"count":1,"href":"https:\/\/www.tsp.at\/en\/wp-json\/wp\/v2\/posts\/10340\/revisions"}],"predecessor-version":[{"id":11580,"href":"https:\/\/www.tsp.at\/en\/wp-json\/wp\/v2\/posts\/10340\/revisions\/11580"}],"wp:featuredmedia":[{"embeddable":true,"href":"https:\/\/www.tsp.at\/en\/wp-json\/wp\/v2\/media\/10339"}],"wp:attachment":[{"href":"https:\/\/www.tsp.at\/en\/wp-json\/wp\/v2\/media?parent=10340"}],"wp:term":[{"taxonomy":"category","embeddable":true,"href":"https:\/\/www.tsp.at\/en\/wp-json\/wp\/v2\/categories?post=10340"},{"taxonomy":"post_tag","embeddable":true,"href":"https:\/\/www.tsp.at\/en\/wp-json\/wp\/v2\/tags?post=10340"}],"curies":[{"name":"wp","href":"https:\/\/api.w.org\/{rel}","templated":true}]}}