{"id":10344,"date":"2015-10-22T17:44:00","date_gmt":"2015-10-22T15:44:00","guid":{"rendered":"https:\/\/staging.tsp.at\/2015\/10\/22\/denk-raum-fresach-stellt-programm-in-wien-vor\/"},"modified":"2025-10-21T14:58:32","modified_gmt":"2025-10-21T12:58:32","slug":"denk-raum-fresach-stellt-programm-in-wien-vor","status":"publish","type":"post","link":"https:\/\/www.tsp.at\/en\/2015\/10\/22\/denk-raum-fresach-stellt-programm-in-wien-vor\/","title":{"rendered":"Denk.Raum.Fresach stellt Programm in Wien vor"},"content":{"rendered":"<article class=\"item\">\n<h2><strong>Grenzen, Klimawandel und Menschenrechte bei Europ\u00e4ischen Toleranzgespr\u00e4chen 2016<\/strong><\/h2>\n<p>22.10.2015<\/p>\n<\/p>\n<\/p>\n<\/p>\n<\/p>\n<\/p>\n<p class=\"FtxtP\" style=\"text-align: justify;\">Wien \u2013 <strong><span class=\"FtxtBold\">&#8220;Die Grenzen Europas &#8211; Menschenrechte und die Folgen des Klimawandels&#8221; stehen im Mittelpunkt der zweiten Europ\u00e4ischen Toleranzgespr\u00e4che, die vom 11. bis 14. Mai 2016 im K\u00e4rntner Bergdorf Fresach stattfinden. Das Programm und die ausgew\u00e4hlten Referenten werden am 3. November 2015 in Wien vorgestellt. Veranstalter sind der Denk.Raum.Fresach (DRF), PEN-Club Austria und Club Carinthia. Die Pr\u00e4sentation erfolgt im Rahmen eines Pressegespr\u00e4chs und einer anschlie\u00dfenden Pr\u00e4sentation mit Podiumsdiskussion in der Wiener Direktion der BKS-Bank.<\/span><\/strong><\/p>\n<p class=\"FtxtP\" style=\"text-align: justify;\"><strong><span class=\"FtxtBold\">Ort:<\/span>\u00a0<\/strong>BKS-Bank, Direktion Wien, Renngasse 6-8, 1010 Wien.<br \/><strong><span class=\"FtxtBold\">Termin:<\/span><\/strong>\u00a03. November 2015, 18 Uhr Pressegespr\u00e4ch, 19 Uhr Pr\u00e4sentation und Diskussion<\/p>\n<p class=\"FtxtP\" style=\"text-align: justify;\">In der Vorschau auf die Toleranzgespr\u00e4che 2016 referieren:<\/p>\n<p class=\"FtxtP\" style=\"text-align: justify;\">&#8211; Univ.Prof. Ing. Dr. Verena Winiwarter, Umwelthistorikerin und Dekanin der Fakult\u00e4t f\u00fcr interdisziplin\u00e4re Forschung &amp; Fortbildung der Alpen-Adria-Universit\u00e4t Klagenfurt<br \/>&#8211; Dr. Hannes Swoboda, Pr\u00e4sident des Kuratoriums der Europ\u00e4ischen Toleranzgespr\u00e4che<br \/>&#8211; Dr. Helmuth A. Niederle, Pr\u00e4sident des PEN-Club Austria<\/p>\n<p class=\"FtxtP\" style=\"text-align: justify;\">Die Vorstellung der Europ\u00e4ischen Toleranzgespr\u00e4che 2016 wird der Verankerung von Nachhaltigkeit als Mittel zur \u00dcberwindung von nationalen Konflikten, neuen Grenzz\u00e4unen, der Abwanderung und dem Brain Drain in der Donau-Region gewidmet sein. Die Umwelthistorikerin Verena Winigarter berichtet dazu \u00fcber das Projekt Danube:Future und ihre Bem\u00fchungen, die Nachhaltigkeitsforschung im Alpen-Adria-Raum mit dem Donau-Raum st\u00e4rker zu vernetzen.<\/p>\n<p class=\"FtxtP\" style=\"text-align: justify;\">DRF-Pr\u00e4sident Hannes Swoboda liefert einen \u00dcberblick \u00fcber die bisherigen Aktivit\u00e4ten des Denk.Raum.Fresach und einen Ausblick auf die Highlights des kommenden Jahres. PEN-Pr\u00e4sident Helmuth A. Niederle erl\u00e4utert die Beweggr\u00fcnde des Schriftstellerverbandes, die Toleranzgespr\u00e4che mit international anerkannten Autoren und Philosophen zu unterst\u00fctzen und gibt eine erste Vorschau.<\/p>\n<p class=\"FtxtP\" style=\"text-align: justify;\"><strong><span class=\"FtxtBold\">Information und Anmeldung:<\/span>\u00a0<\/strong><br \/>Dr. Wilfried Seywald<br \/>Tel. 0699-18114006<br \/>E-Mail: presse@fresach.org<\/p>\n<\/article>\n","protected":false},"excerpt":{"rendered":"<p>Grenzen, Klimawandel und Menschenrechte bei Europ\u00e4ischen Toleranzgespr\u00e4chen 2016 22.10.2015 Wien \u2013 &#8220;Die Grenzen Europas &#8211; Menschenrechte und die Folgen des Klimawandels&#8221; stehen im Mittelpunkt der zweiten Europ\u00e4ischen Toleranzgespr\u00e4che, die vom 11. bis 14. Mai 2016 im K\u00e4rntner Bergdorf Fresach stattfinden. Das Programm und die ausgew\u00e4hlten Referenten werden am 3. November 2015 in Wien vorgestellt. Veranstalter&hellip;<\/p>\n","protected":false},"author":2,"featured_media":10343,"comment_status":"closed","ping_status":"closed","sticky":false,"template":"","format":"standard","meta":{"footnotes":""},"categories":[3],"tags":[],"class_list":["post-10344","post","type-post","status-publish","format-standard","has-post-thumbnail","hentry","category-news","category-3","description-off"],"yoast_head":"<!-- This site is optimized with the Yoast SEO plugin v26.3 - https:\/\/yoast.com\/wordpress\/plugins\/seo\/ -->\n<title>Denk.Raum.Fresach stellt Programm in Wien vor - Temmel | Seywald - Corporate Communications<\/title>\n<meta name=\"robots\" content=\"index, follow, max-snippet:-1, max-image-preview:large, max-video-preview:-1\" \/>\n<link rel=\"canonical\" href=\"https:\/\/www.tsp.at\/en\/2015\/10\/22\/denk-raum-fresach-stellt-programm-in-wien-vor\/\" \/>\n<meta property=\"og:locale\" content=\"en_US\" \/>\n<meta property=\"og:type\" content=\"article\" \/>\n<meta property=\"og:title\" content=\"Denk.Raum.Fresach stellt Programm in Wien vor - Temmel | Seywald - Corporate Communications\" \/>\n<meta property=\"og:description\" content=\"Grenzen, Klimawandel und Menschenrechte bei Europ\u00e4ischen Toleranzgespr\u00e4chen 2016 22.10.2015 Wien \u2013 &#8220;Die Grenzen Europas &#8211; Menschenrechte und die Folgen des Klimawandels&#8221; stehen im Mittelpunkt der zweiten Europ\u00e4ischen Toleranzgespr\u00e4che, die vom 11. bis 14. Mai 2016 im K\u00e4rntner Bergdorf Fresach stattfinden. Das Programm und die ausgew\u00e4hlten Referenten werden am 3. November 2015 in Wien vorgestellt. Veranstalter&hellip;\" \/>\n<meta property=\"og:url\" content=\"https:\/\/www.tsp.at\/en\/2015\/10\/22\/denk-raum-fresach-stellt-programm-in-wien-vor\/\" \/>\n<meta property=\"og:site_name\" content=\"Temmel | Seywald - Corporate Communications\" \/>\n<meta property=\"article:publisher\" content=\"https:\/\/www.facebook.com\/TemmelSeywald\" \/>\n<meta property=\"article:published_time\" content=\"2015-10-22T15:44:00+00:00\" \/>\n<meta property=\"article:modified_time\" content=\"2025-10-21T12:58:32+00:00\" \/>\n<meta property=\"og:image\" content=\"https:\/\/www.tsp.at\/wp-content\/uploads\/2025\/10\/wini.jpg\" \/>\n\t<meta property=\"og:image:width\" content=\"2100\" \/>\n\t<meta property=\"og:image:height\" content=\"1953\" \/>\n\t<meta property=\"og:image:type\" content=\"image\/jpeg\" \/>\n<meta name=\"author\" content=\"TSP Redaktion\" \/>\n<meta name=\"twitter:card\" content=\"summary_large_image\" \/>\n<meta name=\"twitter:label1\" content=\"Written by\" \/>\n\t<meta name=\"twitter:data1\" content=\"TSP Redaktion\" \/>\n\t<meta name=\"twitter:label2\" content=\"Est. reading time\" \/>\n\t<meta name=\"twitter:data2\" content=\"2 minutes\" \/>\n<script type=\"application\/ld+json\" class=\"yoast-schema-graph\">{\"@context\":\"https:\/\/schema.org\",\"@graph\":[{\"@type\":\"Article\",\"@id\":\"https:\/\/www.tsp.at\/en\/2015\/10\/22\/denk-raum-fresach-stellt-programm-in-wien-vor\/#article\",\"isPartOf\":{\"@id\":\"https:\/\/www.tsp.at\/en\/2015\/10\/22\/denk-raum-fresach-stellt-programm-in-wien-vor\/\"},\"author\":{\"name\":\"TSP Redaktion\",\"@id\":\"https:\/\/www.tsp.at\/en\/#\/schema\/person\/1ba5600c29da17b902b0925cea567f8a\"},\"headline\":\"Denk.Raum.Fresach stellt Programm in Wien vor\",\"datePublished\":\"2015-10-22T15:44:00+00:00\",\"dateModified\":\"2025-10-21T12:58:32+00:00\",\"mainEntityOfPage\":{\"@id\":\"https:\/\/www.tsp.at\/en\/2015\/10\/22\/denk-raum-fresach-stellt-programm-in-wien-vor\/\"},\"wordCount\":289,\"publisher\":{\"@id\":\"https:\/\/www.tsp.at\/en\/#organization\"},\"image\":{\"@id\":\"https:\/\/www.tsp.at\/en\/2015\/10\/22\/denk-raum-fresach-stellt-programm-in-wien-vor\/#primaryimage\"},\"thumbnailUrl\":\"https:\/\/www.tsp.at\/wp-content\/uploads\/2025\/10\/wini.jpg\",\"articleSection\":[\"News\"],\"inLanguage\":\"en-US\"},{\"@type\":\"WebPage\",\"@id\":\"https:\/\/www.tsp.at\/en\/2015\/10\/22\/denk-raum-fresach-stellt-programm-in-wien-vor\/\",\"url\":\"https:\/\/www.tsp.at\/en\/2015\/10\/22\/denk-raum-fresach-stellt-programm-in-wien-vor\/\",\"name\":\"Denk.Raum.Fresach stellt Programm in Wien vor - Temmel | Seywald - Corporate Communications\",\"isPartOf\":{\"@id\":\"https:\/\/www.tsp.at\/en\/#website\"},\"primaryImageOfPage\":{\"@id\":\"https:\/\/www.tsp.at\/en\/2015\/10\/22\/denk-raum-fresach-stellt-programm-in-wien-vor\/#primaryimage\"},\"image\":{\"@id\":\"https:\/\/www.tsp.at\/en\/2015\/10\/22\/denk-raum-fresach-stellt-programm-in-wien-vor\/#primaryimage\"},\"thumbnailUrl\":\"https:\/\/www.tsp.at\/wp-content\/uploads\/2025\/10\/wini.jpg\",\"datePublished\":\"2015-10-22T15:44:00+00:00\",\"dateModified\":\"2025-10-21T12:58:32+00:00\",\"breadcrumb\":{\"@id\":\"https:\/\/www.tsp.at\/en\/2015\/10\/22\/denk-raum-fresach-stellt-programm-in-wien-vor\/#breadcrumb\"},\"inLanguage\":\"en-US\",\"potentialAction\":[{\"@type\":\"ReadAction\",\"target\":[\"https:\/\/www.tsp.at\/en\/2015\/10\/22\/denk-raum-fresach-stellt-programm-in-wien-vor\/\"]}]},{\"@type\":\"ImageObject\",\"inLanguage\":\"en-US\",\"@id\":\"https:\/\/www.tsp.at\/en\/2015\/10\/22\/denk-raum-fresach-stellt-programm-in-wien-vor\/#primaryimage\",\"url\":\"https:\/\/www.tsp.at\/wp-content\/uploads\/2025\/10\/wini.jpg\",\"contentUrl\":\"https:\/\/www.tsp.at\/wp-content\/uploads\/2025\/10\/wini.jpg\",\"width\":2100,\"height\":1953,\"caption\":\"Bei der Programm-Pr\u00e4sentation der Europ\u00e4ischen Toleranzgespr\u00e4che 2016 am 3. November in Wien wird die Umwelthistorikerin Prof. Verena Winiwarter \u00fcber die Verankerung von Nachhaltigkeit als Mittel zur \u00dcberwindung von nationalen Konflikten, neuen Grenzz\u00e4unen, der Abwanderung und dem Brain Drain in der Donau-Regionl sprechen.\"},{\"@type\":\"BreadcrumbList\",\"@id\":\"https:\/\/www.tsp.at\/en\/2015\/10\/22\/denk-raum-fresach-stellt-programm-in-wien-vor\/#breadcrumb\",\"itemListElement\":[{\"@type\":\"ListItem\",\"position\":1,\"name\":\"Startseite\",\"item\":\"https:\/\/www.tsp.at\/en\/\"},{\"@type\":\"ListItem\",\"position\":2,\"name\":\"Denk.Raum.Fresach stellt Programm in Wien vor\"}]},{\"@type\":\"WebSite\",\"@id\":\"https:\/\/www.tsp.at\/en\/#website\",\"url\":\"https:\/\/www.tsp.at\/en\/\",\"name\":\"Temmel | Seywald - Corporate Communications\",\"description\":\"Kommunikation ist Beziehungsarbeit\",\"publisher\":{\"@id\":\"https:\/\/www.tsp.at\/en\/#organization\"},\"potentialAction\":[{\"@type\":\"SearchAction\",\"target\":{\"@type\":\"EntryPoint\",\"urlTemplate\":\"https:\/\/www.tsp.at\/en\/?s={search_term_string}\"},\"query-input\":{\"@type\":\"PropertyValueSpecification\",\"valueRequired\":true,\"valueName\":\"search_term_string\"}}],\"inLanguage\":\"en-US\"},{\"@type\":\"Organization\",\"@id\":\"https:\/\/www.tsp.at\/en\/#organization\",\"name\":\"Temmel, Seywald & Partner Communications GesmbH\",\"alternateName\":\"TSP\",\"url\":\"https:\/\/www.tsp.at\/en\/\",\"logo\":{\"@type\":\"ImageObject\",\"inLanguage\":\"en-US\",\"@id\":\"https:\/\/www.tsp.at\/en\/#\/schema\/logo\/image\/\",\"url\":\"https:\/\/www.tsp.at\/wp-content\/uploads\/2025\/10\/favicontsp.png\",\"contentUrl\":\"https:\/\/www.tsp.at\/wp-content\/uploads\/2025\/10\/favicontsp.png\",\"width\":125,\"height\":125,\"caption\":\"Temmel, Seywald & Partner Communications GesmbH\"},\"image\":{\"@id\":\"https:\/\/www.tsp.at\/en\/#\/schema\/logo\/image\/\"},\"sameAs\":[\"https:\/\/www.facebook.com\/TemmelSeywald\"]},{\"@type\":\"Person\",\"@id\":\"https:\/\/www.tsp.at\/en\/#\/schema\/person\/1ba5600c29da17b902b0925cea567f8a\",\"name\":\"TSP Redaktion\"}]}<\/script>\n<!-- \/ Yoast SEO plugin. -->","yoast_head_json":{"title":"Denk.Raum.Fresach stellt Programm in Wien vor - Temmel | Seywald - Corporate Communications","robots":{"index":"index","follow":"follow","max-snippet":"max-snippet:-1","max-image-preview":"max-image-preview:large","max-video-preview":"max-video-preview:-1"},"canonical":"https:\/\/www.tsp.at\/en\/2015\/10\/22\/denk-raum-fresach-stellt-programm-in-wien-vor\/","og_locale":"en_US","og_type":"article","og_title":"Denk.Raum.Fresach stellt Programm in Wien vor - Temmel | Seywald - Corporate Communications","og_description":"Grenzen, Klimawandel und Menschenrechte bei Europ\u00e4ischen Toleranzgespr\u00e4chen 2016 22.10.2015 Wien \u2013 &#8220;Die Grenzen Europas &#8211; Menschenrechte und die Folgen des Klimawandels&#8221; stehen im Mittelpunkt der zweiten Europ\u00e4ischen Toleranzgespr\u00e4che, die vom 11. bis 14. Mai 2016 im K\u00e4rntner Bergdorf Fresach stattfinden. Das Programm und die ausgew\u00e4hlten Referenten werden am 3. November 2015 in Wien vorgestellt. Veranstalter&hellip;","og_url":"https:\/\/www.tsp.at\/en\/2015\/10\/22\/denk-raum-fresach-stellt-programm-in-wien-vor\/","og_site_name":"Temmel | Seywald - Corporate Communications","article_publisher":"https:\/\/www.facebook.com\/TemmelSeywald","article_published_time":"2015-10-22T15:44:00+00:00","article_modified_time":"2025-10-21T12:58:32+00:00","og_image":[{"width":2100,"height":1953,"url":"https:\/\/www.tsp.at\/wp-content\/uploads\/2025\/10\/wini.jpg","type":"image\/jpeg"}],"author":"TSP Redaktion","twitter_card":"summary_large_image","twitter_misc":{"Written by":"TSP Redaktion","Est. reading time":"2 minutes"},"schema":{"@context":"https:\/\/schema.org","@graph":[{"@type":"Article","@id":"https:\/\/www.tsp.at\/en\/2015\/10\/22\/denk-raum-fresach-stellt-programm-in-wien-vor\/#article","isPartOf":{"@id":"https:\/\/www.tsp.at\/en\/2015\/10\/22\/denk-raum-fresach-stellt-programm-in-wien-vor\/"},"author":{"name":"TSP Redaktion","@id":"https:\/\/www.tsp.at\/en\/#\/schema\/person\/1ba5600c29da17b902b0925cea567f8a"},"headline":"Denk.Raum.Fresach stellt Programm in Wien vor","datePublished":"2015-10-22T15:44:00+00:00","dateModified":"2025-10-21T12:58:32+00:00","mainEntityOfPage":{"@id":"https:\/\/www.tsp.at\/en\/2015\/10\/22\/denk-raum-fresach-stellt-programm-in-wien-vor\/"},"wordCount":289,"publisher":{"@id":"https:\/\/www.tsp.at\/en\/#organization"},"image":{"@id":"https:\/\/www.tsp.at\/en\/2015\/10\/22\/denk-raum-fresach-stellt-programm-in-wien-vor\/#primaryimage"},"thumbnailUrl":"https:\/\/www.tsp.at\/wp-content\/uploads\/2025\/10\/wini.jpg","articleSection":["News"],"inLanguage":"en-US"},{"@type":"WebPage","@id":"https:\/\/www.tsp.at\/en\/2015\/10\/22\/denk-raum-fresach-stellt-programm-in-wien-vor\/","url":"https:\/\/www.tsp.at\/en\/2015\/10\/22\/denk-raum-fresach-stellt-programm-in-wien-vor\/","name":"Denk.Raum.Fresach stellt Programm in Wien vor - Temmel | Seywald - Corporate Communications","isPartOf":{"@id":"https:\/\/www.tsp.at\/en\/#website"},"primaryImageOfPage":{"@id":"https:\/\/www.tsp.at\/en\/2015\/10\/22\/denk-raum-fresach-stellt-programm-in-wien-vor\/#primaryimage"},"image":{"@id":"https:\/\/www.tsp.at\/en\/2015\/10\/22\/denk-raum-fresach-stellt-programm-in-wien-vor\/#primaryimage"},"thumbnailUrl":"https:\/\/www.tsp.at\/wp-content\/uploads\/2025\/10\/wini.jpg","datePublished":"2015-10-22T15:44:00+00:00","dateModified":"2025-10-21T12:58:32+00:00","breadcrumb":{"@id":"https:\/\/www.tsp.at\/en\/2015\/10\/22\/denk-raum-fresach-stellt-programm-in-wien-vor\/#breadcrumb"},"inLanguage":"en-US","potentialAction":[{"@type":"ReadAction","target":["https:\/\/www.tsp.at\/en\/2015\/10\/22\/denk-raum-fresach-stellt-programm-in-wien-vor\/"]}]},{"@type":"ImageObject","inLanguage":"en-US","@id":"https:\/\/www.tsp.at\/en\/2015\/10\/22\/denk-raum-fresach-stellt-programm-in-wien-vor\/#primaryimage","url":"https:\/\/www.tsp.at\/wp-content\/uploads\/2025\/10\/wini.jpg","contentUrl":"https:\/\/www.tsp.at\/wp-content\/uploads\/2025\/10\/wini.jpg","width":2100,"height":1953,"caption":"Bei der Programm-Pr\u00e4sentation der Europ\u00e4ischen Toleranzgespr\u00e4che 2016 am 3. November in Wien wird die Umwelthistorikerin Prof. Verena Winiwarter \u00fcber die Verankerung von Nachhaltigkeit als Mittel zur \u00dcberwindung von nationalen Konflikten, neuen Grenzz\u00e4unen, der Abwanderung und dem Brain Drain in der Donau-Regionl sprechen."},{"@type":"BreadcrumbList","@id":"https:\/\/www.tsp.at\/en\/2015\/10\/22\/denk-raum-fresach-stellt-programm-in-wien-vor\/#breadcrumb","itemListElement":[{"@type":"ListItem","position":1,"name":"Startseite","item":"https:\/\/www.tsp.at\/en\/"},{"@type":"ListItem","position":2,"name":"Denk.Raum.Fresach stellt Programm in Wien vor"}]},{"@type":"WebSite","@id":"https:\/\/www.tsp.at\/en\/#website","url":"https:\/\/www.tsp.at\/en\/","name":"Temmel | Seywald - Corporate Communications","description":"Kommunikation ist Beziehungsarbeit","publisher":{"@id":"https:\/\/www.tsp.at\/en\/#organization"},"potentialAction":[{"@type":"SearchAction","target":{"@type":"EntryPoint","urlTemplate":"https:\/\/www.tsp.at\/en\/?s={search_term_string}"},"query-input":{"@type":"PropertyValueSpecification","valueRequired":true,"valueName":"search_term_string"}}],"inLanguage":"en-US"},{"@type":"Organization","@id":"https:\/\/www.tsp.at\/en\/#organization","name":"Temmel, Seywald & Partner Communications GesmbH","alternateName":"TSP","url":"https:\/\/www.tsp.at\/en\/","logo":{"@type":"ImageObject","inLanguage":"en-US","@id":"https:\/\/www.tsp.at\/en\/#\/schema\/logo\/image\/","url":"https:\/\/www.tsp.at\/wp-content\/uploads\/2025\/10\/favicontsp.png","contentUrl":"https:\/\/www.tsp.at\/wp-content\/uploads\/2025\/10\/favicontsp.png","width":125,"height":125,"caption":"Temmel, Seywald & Partner Communications GesmbH"},"image":{"@id":"https:\/\/www.tsp.at\/en\/#\/schema\/logo\/image\/"},"sameAs":["https:\/\/www.facebook.com\/TemmelSeywald"]},{"@type":"Person","@id":"https:\/\/www.tsp.at\/en\/#\/schema\/person\/1ba5600c29da17b902b0925cea567f8a","name":"TSP Redaktion"}]}},"_links":{"self":[{"href":"https:\/\/www.tsp.at\/en\/wp-json\/wp\/v2\/posts\/10344","targetHints":{"allow":["GET"]}}],"collection":[{"href":"https:\/\/www.tsp.at\/en\/wp-json\/wp\/v2\/posts"}],"about":[{"href":"https:\/\/www.tsp.at\/en\/wp-json\/wp\/v2\/types\/post"}],"author":[{"embeddable":true,"href":"https:\/\/www.tsp.at\/en\/wp-json\/wp\/v2\/users\/2"}],"replies":[{"embeddable":true,"href":"https:\/\/www.tsp.at\/en\/wp-json\/wp\/v2\/comments?post=10344"}],"version-history":[{"count":1,"href":"https:\/\/www.tsp.at\/en\/wp-json\/wp\/v2\/posts\/10344\/revisions"}],"predecessor-version":[{"id":11582,"href":"https:\/\/www.tsp.at\/en\/wp-json\/wp\/v2\/posts\/10344\/revisions\/11582"}],"wp:featuredmedia":[{"embeddable":true,"href":"https:\/\/www.tsp.at\/en\/wp-json\/wp\/v2\/media\/10343"}],"wp:attachment":[{"href":"https:\/\/www.tsp.at\/en\/wp-json\/wp\/v2\/media?parent=10344"}],"wp:term":[{"taxonomy":"category","embeddable":true,"href":"https:\/\/www.tsp.at\/en\/wp-json\/wp\/v2\/categories?post=10344"},{"taxonomy":"post_tag","embeddable":true,"href":"https:\/\/www.tsp.at\/en\/wp-json\/wp\/v2\/tags?post=10344"}],"curies":[{"name":"wp","href":"https:\/\/api.w.org\/{rel}","templated":true}]}}