{"id":10346,"date":"2015-10-06T10:34:00","date_gmt":"2015-10-06T08:34:00","guid":{"rendered":"https:\/\/staging.tsp.at\/2015\/10\/06\/betrieblicher-rechtsschutz-wird-immer-wichtiger\/"},"modified":"2025-10-21T14:58:33","modified_gmt":"2025-10-21T12:58:33","slug":"betrieblicher-rechtsschutz-wird-immer-wichtiger","status":"publish","type":"post","link":"https:\/\/www.tsp.at\/en\/2015\/10\/06\/betrieblicher-rechtsschutz-wird-immer-wichtiger\/","title":{"rendered":"Betrieblicher Rechtsschutz wird immer wichtiger"},"content":{"rendered":"<article class=\"item\">\n<h2><strong>\u00d6VM-Studie: Beinahe jeder Makler f\u00fchrt Firmen-Rechtsschutz im Portfolio<br \/>\n<\/strong><\/h2>\n<p>06.10.2015<\/p>\n<\/p>\n<\/p>\n<\/p>\n<\/p>\n<\/p>\n<p class=\"FtxtP\" style=\"text-align: justify;\">Wien \u2013 <strong><span class=\"FtxtBold\">Immer mehr Unternehmen fragen betrieblichen Rechtsschutz nach. Der Anteil der Makler, die Produkte in diesem Segment vermitteln, ist in den vergangenen zwei Jahren von 79 auf 88 Prozent gestiegen. Keine andere Sparte konnte in diesem Zeitraum einen h\u00f6heren Anstieg verzeichnen. Auch die positive Grundstimmung nimmt zu. Schon 92 Prozent der \u00f6sterreichischen Versicherungsmakler gehen davon aus, dass die Gesch\u00e4ftsentwicklung im Bereich &#8220;Betrieblicher Rechtsschutz&#8221; zunimmt oder zumindest konstant bleibt.<\/span><\/strong><\/p>\n<p class=\"FtxtP\" style=\"text-align: justify;\">Diese Zahlen gehen aus der aktuellen &#8220;Assekuranz Award Austria&#8221;-Studie des \u00d6sterreichischen Versicherungsmaklerrings (\u00d6VM) hervor, die in Kooperation mit dem Marktforschungsunternehmen Wissma durchgef\u00fchrt wurde.\u00a0<a href=\"http:\/\/oevm.at\/\" rel=\"nofollow\" target=\"_blank\">http:\/\/oevm.at<\/a>\u00a0Mit rund 500 befragten Maklern ist sie die gr\u00f6\u00dfte Benchmark-Studie der \u00f6sterreichischen Versicherungswirtschaft. \u00d6VM und Wissma pr\u00e4mieren mit dem Assekuranz Award Austria (AAA) regelm\u00e4\u00dfig die jeweils besten Versicherungen in den einzelnen Versicherungssparten.\u00a0<a href=\"http:\/\/wissma.at\/\" rel=\"nofollow\" target=\"_blank\">http:\/\/wissma.at<\/a><\/p>\n<p class=\"FtxtP\" style=\"text-align: justify;\">Makler ebenso wie Versicherungen profitieren von den zunehmenden Risiken und Schadensf\u00e4llen im Gesch\u00e4ftsumfeld. &#8220;Die Palette beim betrieblichen Rechtsschutz ist dementsprechend breit. Sie reicht vom Verkehrsunfall mit dem Firmenwagen \u00fcber Serverausf\u00e4lle und Datenklau bis zu Auffassungsunterschieden beim angewandten Dienstrecht oder sozialversicherungsrechtlichen Streitfragen. Hier geht es immer ums Eingemachte, und oft um kleine Details. Daher legen Makler wie Versicherungskunden gr\u00f6\u00dften Wert auf Flexibilit\u00e4t, Pr\u00e4mienh\u00f6he und Schadensabwicklung&#8221;, erkl\u00e4rt Ing. Alexander Punzl, Pr\u00e4sident des \u00d6sterreichischen Versicherungsmaklerrings.<\/p>\n<p class=\"FtxtP\" style=\"text-align: justify;\"><strong><span class=\"FtxtBold\">Zufriedenheit mit Versicherern<\/span><\/strong><\/p>\n<p class=\"FtxtP\" style=\"text-align: justify;\">\u00c4hnlich wie bei den Agrarversicherungen hat die Zufriedenheit der Makler auch mit den Versicherungsunternehmen im Bereich des betrieblichen Rechtsschutzes zugenommen. Der Anteil jener Makler, die die Produktqualit\u00e4t als &#8220;ausgezeichnet&#8221; bzw. &#8220;gut&#8221; beurteilen, ist seit 2013 von 89 auf 95 Prozent gestiegen. Bei der Pr\u00e4mienh\u00f6he hat die positive Beurteilung einen Sprung von 78 auf 87 Prozent gemacht, bei der Polizzierung von 81 auf 85 Prozent und bei der Flexibilit\u00e4t von 76 auf 80 Prozent. Die Zufriedenheit ist auch bei der Schadensregulierung angewachsen &#8211; sie stieg von 78 auf 87 Prozent.<\/p>\n<p class=\"FtxtP\" style=\"text-align: justify;\">Lob gibt es auch f\u00fcr die Schadensabwicklung. Jeder dritte Makler (38%) freut sich, dass die Regulierung von eindeutigen Schadensf\u00e4llen maximal nur eine Woche dauert. Vor zwei Jahren war es nur jeder Vierte (23%). Ebenso hat die Zufriedenheit mit der Qualit\u00e4t der Regulierung von nicht eindeutigen Schadensf\u00e4llen zugenommen &#8211; sie kletterte von 73 auf 85 Prozent Zufriedenheitsgrad. Die positive Beurteilung der Kompetenz bei der Fallbearbeitung stieg gegen\u00fcber 2013 von 62 auf 74 Prozent. \u00d6sterreichs Makler greifen beim betrieblichen Rechtsschutz im Schnitt auf die Produkte von drei unterschiedlichen Versicherungsunternehmen zur\u00fcck.<\/p>\n<p class=\"FtxtP\" style=\"text-align: justify;\"><strong><span class=\"FtxtBold\">Betriebliches Interesse sch\u00fctzen<\/span><\/strong><\/p>\n<p class=\"FtxtP\" style=\"text-align: justify;\">Mit einer betrieblichen Rechtsschutzversicherung k\u00f6nnen Unternehmen ihre firmeneigenen Interessen und ihre Arbeitnehmer\/innen bei der Aus\u00fcbung ihrer dienstlichen T\u00e4tigkeit sch\u00fctzen. Rechtlich abgedeckt sind vor allem die Bereiche Schadenersatz, Strafrecht, Sozialversicherungsrecht und Arbeitsrecht. Im Ernstfall kommt der Versicherer f\u00fcr Kosten auf, die durch einen Rechtsbeistand, Sachverst\u00e4ndige, Zeugen oder das Gericht selbst verursacht werden. Hinzu kommen Reisekosten und andere anfallende Geb\u00fchren. Dadurch k\u00f6nnen sich Unternehmer, die ihre gesch\u00e4ftlichen Interessen rechtlich gewahrt sehen m\u00f6chten, finanziell absichern und somit einfacher zu ihrem Recht kommen. Allf\u00e4llige Sch\u00e4den oder Strafen sind hingegen nicht abgedeckt.<\/p>\n<p class=\"FtxtP\" style=\"text-align: justify;\"><strong><span class=\"FtxtBold\">\u00d6sterreichischer Versicherungsmaklerring (\u00d6VM)<\/span><\/strong><br \/>Christine Weil\u00e4nder, \u00d6VM-Generalsekret\u00e4rin<br \/>Gottfried-Alber-Gasse 5-6, A-1140 Wien<br \/>Tel.: 01 \/ 416 93 33 13<br \/>Mail: office@oevm.at<br \/>Web:\u00a0<a href=\"http:\/\/www.oevm.at\/\" rel=\"nofollow\" target=\"_blank\">http:\/\/www.oevm.at<\/a><\/p>\n<p class=\"FtxtP\" style=\"text-align: justify;\"><strong><span class=\"FtxtBold\">Wissma GmbH<\/span><\/strong><br \/>Mag. Dr. Katja Meier-Pesti, Gesch\u00e4ftsf\u00fchrerin<br \/>Ettenreichgasse 13\/20, A-1010 Wien<br \/>Tel.: 01 \/ 997 19 30 0<br \/>Mail: office@wissma.at<br \/>Web:\u00a0<a href=\"http:\/\/www.wissma.at\/\" rel=\"nofollow\" target=\"_blank\">http:\/\/www.wissma.at<\/a><\/p>\n<\/article>\n","protected":false},"excerpt":{"rendered":"<p>\u00d6VM-Studie: Beinahe jeder Makler f\u00fchrt Firmen-Rechtsschutz im Portfolio 06.10.2015 Wien \u2013 Immer mehr Unternehmen fragen betrieblichen Rechtsschutz nach. Der Anteil der Makler, die Produkte in diesem Segment vermitteln, ist in den vergangenen zwei Jahren von 79 auf 88 Prozent gestiegen. Keine andere Sparte konnte in diesem Zeitraum einen h\u00f6heren Anstieg verzeichnen. Auch die positive Grundstimmung&hellip;<\/p>\n","protected":false},"author":2,"featured_media":10345,"comment_status":"closed","ping_status":"closed","sticky":false,"template":"","format":"standard","meta":{"footnotes":""},"categories":[3],"tags":[],"class_list":["post-10346","post","type-post","status-publish","format-standard","has-post-thumbnail","hentry","category-news","category-3","description-off"],"yoast_head":"<!-- This site is optimized with the Yoast SEO plugin v26.3 - https:\/\/yoast.com\/wordpress\/plugins\/seo\/ -->\n<title>Betrieblicher Rechtsschutz wird immer wichtiger - Temmel | Seywald - Corporate Communications<\/title>\n<meta name=\"robots\" content=\"index, follow, max-snippet:-1, max-image-preview:large, max-video-preview:-1\" \/>\n<link rel=\"canonical\" href=\"https:\/\/www.tsp.at\/en\/2015\/10\/06\/betrieblicher-rechtsschutz-wird-immer-wichtiger\/\" \/>\n<meta property=\"og:locale\" content=\"en_US\" \/>\n<meta property=\"og:type\" content=\"article\" \/>\n<meta property=\"og:title\" content=\"Betrieblicher Rechtsschutz wird immer wichtiger - Temmel | Seywald - Corporate Communications\" \/>\n<meta property=\"og:description\" content=\"\u00d6VM-Studie: Beinahe jeder Makler f\u00fchrt Firmen-Rechtsschutz im Portfolio 06.10.2015 Wien \u2013 Immer mehr Unternehmen fragen betrieblichen Rechtsschutz nach. Der Anteil der Makler, die Produkte in diesem Segment vermitteln, ist in den vergangenen zwei Jahren von 79 auf 88 Prozent gestiegen. Keine andere Sparte konnte in diesem Zeitraum einen h\u00f6heren Anstieg verzeichnen. Auch die positive Grundstimmung&hellip;\" \/>\n<meta property=\"og:url\" content=\"https:\/\/www.tsp.at\/en\/2015\/10\/06\/betrieblicher-rechtsschutz-wird-immer-wichtiger\/\" \/>\n<meta property=\"og:site_name\" content=\"Temmel | Seywald - Corporate Communications\" \/>\n<meta property=\"article:publisher\" content=\"https:\/\/www.facebook.com\/TemmelSeywald\" \/>\n<meta property=\"article:published_time\" content=\"2015-10-06T08:34:00+00:00\" \/>\n<meta property=\"article:modified_time\" content=\"2025-10-21T12:58:33+00:00\" \/>\n<meta property=\"og:image\" content=\"https:\/\/www.tsp.at\/wp-content\/uploads\/2025\/10\/Punzl_Rede.jpg\" \/>\n\t<meta property=\"og:image:width\" content=\"2480\" \/>\n\t<meta property=\"og:image:height\" content=\"1653\" \/>\n\t<meta property=\"og:image:type\" content=\"image\/jpeg\" \/>\n<meta name=\"author\" content=\"TSP Redaktion\" \/>\n<meta name=\"twitter:card\" content=\"summary_large_image\" \/>\n<meta name=\"twitter:label1\" content=\"Written by\" \/>\n\t<meta name=\"twitter:data1\" content=\"TSP Redaktion\" \/>\n\t<meta name=\"twitter:label2\" content=\"Est. reading time\" \/>\n\t<meta name=\"twitter:data2\" content=\"4 minutes\" \/>\n<script type=\"application\/ld+json\" class=\"yoast-schema-graph\">{\"@context\":\"https:\/\/schema.org\",\"@graph\":[{\"@type\":\"Article\",\"@id\":\"https:\/\/www.tsp.at\/en\/2015\/10\/06\/betrieblicher-rechtsschutz-wird-immer-wichtiger\/#article\",\"isPartOf\":{\"@id\":\"https:\/\/www.tsp.at\/en\/2015\/10\/06\/betrieblicher-rechtsschutz-wird-immer-wichtiger\/\"},\"author\":{\"name\":\"TSP Redaktion\",\"@id\":\"https:\/\/www.tsp.at\/en\/#\/schema\/person\/1ba5600c29da17b902b0925cea567f8a\"},\"headline\":\"Betrieblicher Rechtsschutz wird immer wichtiger\",\"datePublished\":\"2015-10-06T08:34:00+00:00\",\"dateModified\":\"2025-10-21T12:58:33+00:00\",\"mainEntityOfPage\":{\"@id\":\"https:\/\/www.tsp.at\/en\/2015\/10\/06\/betrieblicher-rechtsschutz-wird-immer-wichtiger\/\"},\"wordCount\":541,\"publisher\":{\"@id\":\"https:\/\/www.tsp.at\/en\/#organization\"},\"image\":{\"@id\":\"https:\/\/www.tsp.at\/en\/2015\/10\/06\/betrieblicher-rechtsschutz-wird-immer-wichtiger\/#primaryimage\"},\"thumbnailUrl\":\"https:\/\/www.tsp.at\/wp-content\/uploads\/2025\/10\/Punzl_Rede.jpg\",\"articleSection\":[\"News\"],\"inLanguage\":\"en-US\"},{\"@type\":\"WebPage\",\"@id\":\"https:\/\/www.tsp.at\/en\/2015\/10\/06\/betrieblicher-rechtsschutz-wird-immer-wichtiger\/\",\"url\":\"https:\/\/www.tsp.at\/en\/2015\/10\/06\/betrieblicher-rechtsschutz-wird-immer-wichtiger\/\",\"name\":\"Betrieblicher Rechtsschutz wird immer wichtiger - Temmel | Seywald - Corporate Communications\",\"isPartOf\":{\"@id\":\"https:\/\/www.tsp.at\/en\/#website\"},\"primaryImageOfPage\":{\"@id\":\"https:\/\/www.tsp.at\/en\/2015\/10\/06\/betrieblicher-rechtsschutz-wird-immer-wichtiger\/#primaryimage\"},\"image\":{\"@id\":\"https:\/\/www.tsp.at\/en\/2015\/10\/06\/betrieblicher-rechtsschutz-wird-immer-wichtiger\/#primaryimage\"},\"thumbnailUrl\":\"https:\/\/www.tsp.at\/wp-content\/uploads\/2025\/10\/Punzl_Rede.jpg\",\"datePublished\":\"2015-10-06T08:34:00+00:00\",\"dateModified\":\"2025-10-21T12:58:33+00:00\",\"breadcrumb\":{\"@id\":\"https:\/\/www.tsp.at\/en\/2015\/10\/06\/betrieblicher-rechtsschutz-wird-immer-wichtiger\/#breadcrumb\"},\"inLanguage\":\"en-US\",\"potentialAction\":[{\"@type\":\"ReadAction\",\"target\":[\"https:\/\/www.tsp.at\/en\/2015\/10\/06\/betrieblicher-rechtsschutz-wird-immer-wichtiger\/\"]}]},{\"@type\":\"ImageObject\",\"inLanguage\":\"en-US\",\"@id\":\"https:\/\/www.tsp.at\/en\/2015\/10\/06\/betrieblicher-rechtsschutz-wird-immer-wichtiger\/#primaryimage\",\"url\":\"https:\/\/www.tsp.at\/wp-content\/uploads\/2025\/10\/Punzl_Rede.jpg\",\"contentUrl\":\"https:\/\/www.tsp.at\/wp-content\/uploads\/2025\/10\/Punzl_Rede.jpg\",\"width\":2480,\"height\":1653,\"caption\":\"(c) fotodienst \/ Anna Rauchenberger - Wien, am 21.09.2015 - Follow Me! Nachfolgeb\u00f6rse f\u00fcr Versicherungsmakler und Informationskampagne des \u00d6sterreichischen Versicherungsmaklerrings \u00d6VM. FOTO: Ing. Alexander Punzl, Pr\u00e4sident \u00d6VM\"},{\"@type\":\"BreadcrumbList\",\"@id\":\"https:\/\/www.tsp.at\/en\/2015\/10\/06\/betrieblicher-rechtsschutz-wird-immer-wichtiger\/#breadcrumb\",\"itemListElement\":[{\"@type\":\"ListItem\",\"position\":1,\"name\":\"Startseite\",\"item\":\"https:\/\/www.tsp.at\/en\/\"},{\"@type\":\"ListItem\",\"position\":2,\"name\":\"Betrieblicher Rechtsschutz wird immer wichtiger\"}]},{\"@type\":\"WebSite\",\"@id\":\"https:\/\/www.tsp.at\/en\/#website\",\"url\":\"https:\/\/www.tsp.at\/en\/\",\"name\":\"Temmel | Seywald - Corporate Communications\",\"description\":\"Kommunikation ist Beziehungsarbeit\",\"publisher\":{\"@id\":\"https:\/\/www.tsp.at\/en\/#organization\"},\"potentialAction\":[{\"@type\":\"SearchAction\",\"target\":{\"@type\":\"EntryPoint\",\"urlTemplate\":\"https:\/\/www.tsp.at\/en\/?s={search_term_string}\"},\"query-input\":{\"@type\":\"PropertyValueSpecification\",\"valueRequired\":true,\"valueName\":\"search_term_string\"}}],\"inLanguage\":\"en-US\"},{\"@type\":\"Organization\",\"@id\":\"https:\/\/www.tsp.at\/en\/#organization\",\"name\":\"Temmel, Seywald & Partner Communications GesmbH\",\"alternateName\":\"TSP\",\"url\":\"https:\/\/www.tsp.at\/en\/\",\"logo\":{\"@type\":\"ImageObject\",\"inLanguage\":\"en-US\",\"@id\":\"https:\/\/www.tsp.at\/en\/#\/schema\/logo\/image\/\",\"url\":\"https:\/\/www.tsp.at\/wp-content\/uploads\/2025\/10\/favicontsp.png\",\"contentUrl\":\"https:\/\/www.tsp.at\/wp-content\/uploads\/2025\/10\/favicontsp.png\",\"width\":125,\"height\":125,\"caption\":\"Temmel, Seywald & Partner Communications GesmbH\"},\"image\":{\"@id\":\"https:\/\/www.tsp.at\/en\/#\/schema\/logo\/image\/\"},\"sameAs\":[\"https:\/\/www.facebook.com\/TemmelSeywald\"]},{\"@type\":\"Person\",\"@id\":\"https:\/\/www.tsp.at\/en\/#\/schema\/person\/1ba5600c29da17b902b0925cea567f8a\",\"name\":\"TSP Redaktion\"}]}<\/script>\n<!-- \/ Yoast SEO plugin. -->","yoast_head_json":{"title":"Betrieblicher Rechtsschutz wird immer wichtiger - Temmel | Seywald - Corporate Communications","robots":{"index":"index","follow":"follow","max-snippet":"max-snippet:-1","max-image-preview":"max-image-preview:large","max-video-preview":"max-video-preview:-1"},"canonical":"https:\/\/www.tsp.at\/en\/2015\/10\/06\/betrieblicher-rechtsschutz-wird-immer-wichtiger\/","og_locale":"en_US","og_type":"article","og_title":"Betrieblicher Rechtsschutz wird immer wichtiger - Temmel | Seywald - Corporate Communications","og_description":"\u00d6VM-Studie: Beinahe jeder Makler f\u00fchrt Firmen-Rechtsschutz im Portfolio 06.10.2015 Wien \u2013 Immer mehr Unternehmen fragen betrieblichen Rechtsschutz nach. Der Anteil der Makler, die Produkte in diesem Segment vermitteln, ist in den vergangenen zwei Jahren von 79 auf 88 Prozent gestiegen. Keine andere Sparte konnte in diesem Zeitraum einen h\u00f6heren Anstieg verzeichnen. Auch die positive Grundstimmung&hellip;","og_url":"https:\/\/www.tsp.at\/en\/2015\/10\/06\/betrieblicher-rechtsschutz-wird-immer-wichtiger\/","og_site_name":"Temmel | Seywald - Corporate Communications","article_publisher":"https:\/\/www.facebook.com\/TemmelSeywald","article_published_time":"2015-10-06T08:34:00+00:00","article_modified_time":"2025-10-21T12:58:33+00:00","og_image":[{"width":2480,"height":1653,"url":"https:\/\/www.tsp.at\/wp-content\/uploads\/2025\/10\/Punzl_Rede.jpg","type":"image\/jpeg"}],"author":"TSP Redaktion","twitter_card":"summary_large_image","twitter_misc":{"Written by":"TSP Redaktion","Est. reading time":"4 minutes"},"schema":{"@context":"https:\/\/schema.org","@graph":[{"@type":"Article","@id":"https:\/\/www.tsp.at\/en\/2015\/10\/06\/betrieblicher-rechtsschutz-wird-immer-wichtiger\/#article","isPartOf":{"@id":"https:\/\/www.tsp.at\/en\/2015\/10\/06\/betrieblicher-rechtsschutz-wird-immer-wichtiger\/"},"author":{"name":"TSP Redaktion","@id":"https:\/\/www.tsp.at\/en\/#\/schema\/person\/1ba5600c29da17b902b0925cea567f8a"},"headline":"Betrieblicher Rechtsschutz wird immer wichtiger","datePublished":"2015-10-06T08:34:00+00:00","dateModified":"2025-10-21T12:58:33+00:00","mainEntityOfPage":{"@id":"https:\/\/www.tsp.at\/en\/2015\/10\/06\/betrieblicher-rechtsschutz-wird-immer-wichtiger\/"},"wordCount":541,"publisher":{"@id":"https:\/\/www.tsp.at\/en\/#organization"},"image":{"@id":"https:\/\/www.tsp.at\/en\/2015\/10\/06\/betrieblicher-rechtsschutz-wird-immer-wichtiger\/#primaryimage"},"thumbnailUrl":"https:\/\/www.tsp.at\/wp-content\/uploads\/2025\/10\/Punzl_Rede.jpg","articleSection":["News"],"inLanguage":"en-US"},{"@type":"WebPage","@id":"https:\/\/www.tsp.at\/en\/2015\/10\/06\/betrieblicher-rechtsschutz-wird-immer-wichtiger\/","url":"https:\/\/www.tsp.at\/en\/2015\/10\/06\/betrieblicher-rechtsschutz-wird-immer-wichtiger\/","name":"Betrieblicher Rechtsschutz wird immer wichtiger - Temmel | Seywald - Corporate Communications","isPartOf":{"@id":"https:\/\/www.tsp.at\/en\/#website"},"primaryImageOfPage":{"@id":"https:\/\/www.tsp.at\/en\/2015\/10\/06\/betrieblicher-rechtsschutz-wird-immer-wichtiger\/#primaryimage"},"image":{"@id":"https:\/\/www.tsp.at\/en\/2015\/10\/06\/betrieblicher-rechtsschutz-wird-immer-wichtiger\/#primaryimage"},"thumbnailUrl":"https:\/\/www.tsp.at\/wp-content\/uploads\/2025\/10\/Punzl_Rede.jpg","datePublished":"2015-10-06T08:34:00+00:00","dateModified":"2025-10-21T12:58:33+00:00","breadcrumb":{"@id":"https:\/\/www.tsp.at\/en\/2015\/10\/06\/betrieblicher-rechtsschutz-wird-immer-wichtiger\/#breadcrumb"},"inLanguage":"en-US","potentialAction":[{"@type":"ReadAction","target":["https:\/\/www.tsp.at\/en\/2015\/10\/06\/betrieblicher-rechtsschutz-wird-immer-wichtiger\/"]}]},{"@type":"ImageObject","inLanguage":"en-US","@id":"https:\/\/www.tsp.at\/en\/2015\/10\/06\/betrieblicher-rechtsschutz-wird-immer-wichtiger\/#primaryimage","url":"https:\/\/www.tsp.at\/wp-content\/uploads\/2025\/10\/Punzl_Rede.jpg","contentUrl":"https:\/\/www.tsp.at\/wp-content\/uploads\/2025\/10\/Punzl_Rede.jpg","width":2480,"height":1653,"caption":"(c) fotodienst \/ Anna Rauchenberger - Wien, am 21.09.2015 - Follow Me! Nachfolgeb\u00f6rse f\u00fcr Versicherungsmakler und Informationskampagne des \u00d6sterreichischen Versicherungsmaklerrings \u00d6VM. FOTO: Ing. Alexander Punzl, Pr\u00e4sident \u00d6VM"},{"@type":"BreadcrumbList","@id":"https:\/\/www.tsp.at\/en\/2015\/10\/06\/betrieblicher-rechtsschutz-wird-immer-wichtiger\/#breadcrumb","itemListElement":[{"@type":"ListItem","position":1,"name":"Startseite","item":"https:\/\/www.tsp.at\/en\/"},{"@type":"ListItem","position":2,"name":"Betrieblicher Rechtsschutz wird immer wichtiger"}]},{"@type":"WebSite","@id":"https:\/\/www.tsp.at\/en\/#website","url":"https:\/\/www.tsp.at\/en\/","name":"Temmel | Seywald - Corporate Communications","description":"Kommunikation ist Beziehungsarbeit","publisher":{"@id":"https:\/\/www.tsp.at\/en\/#organization"},"potentialAction":[{"@type":"SearchAction","target":{"@type":"EntryPoint","urlTemplate":"https:\/\/www.tsp.at\/en\/?s={search_term_string}"},"query-input":{"@type":"PropertyValueSpecification","valueRequired":true,"valueName":"search_term_string"}}],"inLanguage":"en-US"},{"@type":"Organization","@id":"https:\/\/www.tsp.at\/en\/#organization","name":"Temmel, Seywald & Partner Communications GesmbH","alternateName":"TSP","url":"https:\/\/www.tsp.at\/en\/","logo":{"@type":"ImageObject","inLanguage":"en-US","@id":"https:\/\/www.tsp.at\/en\/#\/schema\/logo\/image\/","url":"https:\/\/www.tsp.at\/wp-content\/uploads\/2025\/10\/favicontsp.png","contentUrl":"https:\/\/www.tsp.at\/wp-content\/uploads\/2025\/10\/favicontsp.png","width":125,"height":125,"caption":"Temmel, Seywald & Partner Communications GesmbH"},"image":{"@id":"https:\/\/www.tsp.at\/en\/#\/schema\/logo\/image\/"},"sameAs":["https:\/\/www.facebook.com\/TemmelSeywald"]},{"@type":"Person","@id":"https:\/\/www.tsp.at\/en\/#\/schema\/person\/1ba5600c29da17b902b0925cea567f8a","name":"TSP Redaktion"}]}},"_links":{"self":[{"href":"https:\/\/www.tsp.at\/en\/wp-json\/wp\/v2\/posts\/10346","targetHints":{"allow":["GET"]}}],"collection":[{"href":"https:\/\/www.tsp.at\/en\/wp-json\/wp\/v2\/posts"}],"about":[{"href":"https:\/\/www.tsp.at\/en\/wp-json\/wp\/v2\/types\/post"}],"author":[{"embeddable":true,"href":"https:\/\/www.tsp.at\/en\/wp-json\/wp\/v2\/users\/2"}],"replies":[{"embeddable":true,"href":"https:\/\/www.tsp.at\/en\/wp-json\/wp\/v2\/comments?post=10346"}],"version-history":[{"count":1,"href":"https:\/\/www.tsp.at\/en\/wp-json\/wp\/v2\/posts\/10346\/revisions"}],"predecessor-version":[{"id":11583,"href":"https:\/\/www.tsp.at\/en\/wp-json\/wp\/v2\/posts\/10346\/revisions\/11583"}],"wp:featuredmedia":[{"embeddable":true,"href":"https:\/\/www.tsp.at\/en\/wp-json\/wp\/v2\/media\/10345"}],"wp:attachment":[{"href":"https:\/\/www.tsp.at\/en\/wp-json\/wp\/v2\/media?parent=10346"}],"wp:term":[{"taxonomy":"category","embeddable":true,"href":"https:\/\/www.tsp.at\/en\/wp-json\/wp\/v2\/categories?post=10346"},{"taxonomy":"post_tag","embeddable":true,"href":"https:\/\/www.tsp.at\/en\/wp-json\/wp\/v2\/tags?post=10346"}],"curies":[{"name":"wp","href":"https:\/\/api.w.org\/{rel}","templated":true}]}}