{"id":10350,"date":"2015-09-24T11:55:00","date_gmt":"2015-09-24T09:55:00","guid":{"rendered":"https:\/\/staging.tsp.at\/2015\/09\/24\/der-pitch-um-die-versicherungsmakler\/"},"modified":"2025-10-21T14:58:33","modified_gmt":"2025-10-21T12:58:33","slug":"der-pitch-um-die-versicherungsmakler","status":"publish","type":"post","link":"https:\/\/www.tsp.at\/en\/2015\/09\/24\/der-pitch-um-die-versicherungsmakler\/","title":{"rendered":"Der Pitch um die Versicherungsmakler"},"content":{"rendered":"<article class=\"item\">\n<h2><strong>\u00d6VM startet Nachfolgeb\u00f6rse f\u00fcr Betriebs\u00fcbergaben und Nachwuchs<\/strong><\/h2>\n<p>24.09.2015<\/p>\n<\/p>\n<\/p>\n<\/p>\n<\/p>\n<\/p>\n<p class=\"FtxtP\" style=\"text-align: justify;\">Wien \u2013 <strong>\u00a0<span class=\"FtxtBold\">In f\u00fcnf Minuten durch das ganze Universum. Beim ersten &#8220;Elevator-Pitch&#8221; der Versicherungsbranche haben sich \u00d6sterreichs gro\u00dfe Maklergruppen einem &#8220;Beauty-Contest&#8221; gestellt und damit f\u00fcr gro\u00dfes Interesse gesorgt. Der 1. Nachfolgetag des \u00d6sterreichischen Versicherungsmaklerrings (\u00d6VM) wurde so zum echten Magneten. \u00dcber 140 Versicherungsmakler folgten der Einladung von \u00d6VM, Fachverband und Wiener St\u00e4dtische Versicherung in den Ringturm.<\/span><\/strong><\/p>\n<p class=\"FtxtP\" style=\"text-align: justify;\">Bei ihren jeweils f\u00fcnfmin\u00fctigen Kurzpr\u00e4sentationen brachten die f\u00fcnf Gro\u00dfen ihre Philosophie, ihre Motivation und Zukunftspl\u00e4ne auf den Punkt: Alfred Sch\u00f6nburg von AON, Friedrich Neubrand von Greco, Klaus Koban von der Koban S\u00fcdvers Group, Josef Graf von EFM sowie Georg Eisenzopf von der SIVAG. Flankiert wurde der Pitch von Fachvortr\u00e4gen zum Thema Betriebs\u00fcbergabe und Finanzierung. Dabei wurde rasch klar, nicht die Gro\u00dfen fressen die Kleinen, sondern die Schnellen die Langsamen. Dass sich die Branche rasant ver\u00e4ndert, zeigten die Diskussionen.<\/p>\n<p class=\"FtxtP\" style=\"text-align: justify;\"><strong><span class=\"FtxtBold\">Lebenswerk weiterf\u00fchren<\/span><\/strong><\/p>\n<p class=\"FtxtP\" style=\"text-align: justify;\">Die Suche nach geeignetem Nachwuchs f\u00fcr den eigenen Maklerbetrieb wird zunehmend schwieriger. Das Durchschnittsalter bei Versicherungsmaklern liegt bei knapp 50 Jahren. &#8220;Wenn es uns nicht gelingt, junge Menschen f\u00fcr diesen Beruf zu begeistern, dann stirbt die Branche aus&#8221;, warnte Thomas Suchoweew vom &#8220;Makler Nachfolge Club&#8221; Deutschland. Deshalb sei es notwendig, den Generationswechsel nachhaltig sicherzustellen und jemanden zu finden, der ein begonnenes Lebenswerk auch weiterf\u00fchrt. Wichtigster Faktor dabei ist die Zeit. &#8220;Fangen Sie einige Jahre vor der eigentlichen \u00dcbergabe mit ihrer Planung an und stellen Sie die Verschwiegenheit sicher&#8221;, so der Rat von Suchoweew. Und gab zu verstehen: &#8220;Nicht jeder Bestand passt zu jedem K\u00e4ufer, und nicht jeder K\u00e4ufer passt zu jedem Bestand.&#8221;<\/p>\n<p class=\"FtxtP\" style=\"text-align: justify;\"><strong><span class=\"FtxtBold\">&#8220;Schwierig, aber l\u00f6sbar&#8221;<\/span><\/strong><\/p>\n<p class=\"FtxtP\" style=\"text-align: justify;\">Der Verkauf eines Kundenbestands oder des Unternehmens samt Mitarbeiterinnen stellt viele Makler vor technische, juristische und wirtschaftliche Herausforderungen. Gunther Riedlsperger, Bundesobmann der Versicherungsmakler, hat daf\u00fcr Verst\u00e4ndnis. &#8220;Ein Bestandswechsel ist schwierig, aber l\u00f6sbar.&#8221; In bestimmten F\u00e4llen k\u00f6nne es nat\u00fcrlich auch sinnvoll sein, das eigene Unternehmen abzuwickeln. Die Kunden k\u00f6nnten dadurch aber in andere Vertriebskan\u00e4le gelangen, und damit an Betreuungsqualit\u00e4t verlieren. Das sei nicht w\u00fcnschenswert.<\/p>\n<p class=\"FtxtP\" style=\"text-align: justify;\">Riedlsperger sieht die Zukunft der Versicherungsmakler grunds\u00e4tzlich positiv, in nahezu allen Bereichen steigen die Marktanteile gegen\u00fcber Versicherungsagenturen und dem Direktvertrieb der Versicherungen. Die Kunden sch\u00e4tzen die Unabh\u00e4ngigkeit der Makler, sagte Riedlsperger. Eine Lockerung des Zugangs zum Beruf des Versicherungsmaklers vor dem Hintergrund der Nachwuchsproblematik lehnt er kategorisch ab. Dies h\u00e4tte negative Folgen f\u00fcr die Beratungsqualit\u00e4t. Nicht die \u00dcberalterung sei im \u00dcbrigen das Problem, sondern die fehlende Ansprache und Motivation junger Menschen, den Beruf des Maklers zu ergreifen. Das Ziel des Fachverbands ist klar: &#8220;Wir wollen die Marktanteile weiter steigern.&#8221;<\/p>\n<p class=\"FtxtP\" style=\"text-align: justify;\"><strong><span class=\"FtxtBold\">Jahrelange Planung wichtig<\/span><\/strong><\/p>\n<p class=\"FtxtP\" style=\"text-align: justify;\">Ralph M\u00fcller, Vorstandsvorsitzender der Wiener St\u00e4dtischen Versicherung und Gastgeber des Events, bezeichnete Makler als &#8220;routinierte Einzelk\u00e4mpfer&#8221; und hob deren gro\u00dfe Bedeutung f\u00fcr die Versicherungswirtschaft hervor. Rund die H\u00e4lfte des Gesch\u00e4fts der Wiener St\u00e4dtischen kommt von Maklern, sagte M\u00fcller.<\/p>\n<p class=\"FtxtP\" style=\"text-align: justify;\">Im Anschluss daran boten Experten einen detaillierteren Blick auf rechtliche und praktische Fragestellungen bei der Bestands\u00fcbergabe. W\u00e4hrend Steuerberater Herbert Brunner \u00fcber fiskalische Besonderheiten aufkl\u00e4rte, machte Wirtschaftsanwalt Bernd Trappmaier auf unternehmensrechtliche Aspekte aufmerksam. Unternehmensberater Christian Brandst\u00e4tter fasste zusammen, worauf es bei der Berechnung des Bestandswerts ankommt. &#8220;Vertrauen Sie auf professionelle Unterst\u00fctzung und bereiten sie sich sorgf\u00e4ltig und fr\u00fchzeitig vor!&#8221;<\/p>\n<p class=\"FtxtP\" style=\"text-align: justify;\"><strong><span class=\"FtxtBold\">Auftakt f\u00fcr Nachfolgeb\u00f6rse<\/span><\/strong><\/p>\n<p class=\"FtxtP\" style=\"text-align: justify;\">Auch auf K\u00e4uferseite gibt es knifflige Fragen, zum Beispiel die Finanzierung. Felix Riedl von Riedl Consulting Management &amp; Finanzierung informierte \u00fcber klassische Finanzierungs- und F\u00f6rderm\u00f6glichkeiten. G\u00fcnther Lindenlaub, CEO von Finnest, erl\u00e4uterte innovative Crowdfunding-Modelle. Abgerundet wurden die Fachvortr\u00e4ge mit einer detaillierten Erkl\u00e4rung der \u00d6VM-Nachfolgeb\u00f6rse im Netz. Kaufinteressenten und verkaufswillige Maklerb\u00fcros k\u00f6nnen hier (anonym) unter\u00a0<a href=\"http:\/\/www.follow-me.cc\/\" rel=\"nofollow\" target=\"_blank\">http:\/\/www.follow-me.cc<\/a>\u00a0suchen und gefunden werden. Zudem stehen zahlreiche n\u00fctzliche Funktionen zur Verf\u00fcgung. Dar\u00fcber hinaus bietet der \u00d6VM ein engmaschiges Netzwerk an Beratern und Experten, die \u00dcbernahmeprozesse professionell begleiten.<\/p>\n<p class=\"FtxtP\" style=\"text-align: justify;\">Der Nachfolgetag war der Auftakt einer gro\u00dfangelegten Informationskampagne, die auf dem \u00d6VM-Forum in Linz einen weiteren H\u00f6hepunkt findet. Ziel ist es, den Generationswechsel in der Maklerbranche nachhaltig und reibungslos zu arrangieren. Fotos zur Veranstaltung stehen unter<a href=\"https:\/\/fotodienst.pressetext.com\/album\/3495\" rel=\"nofollow\" target=\"_blank\">https:\/\/fotodienst.pressetext.com\/album\/3495<\/a>\u00a0zur Verf\u00fcgung.<\/p>\n<p class=\"FtxtP\" style=\"text-align: justify;\"><strong><span class=\"FtxtBold\">\u00d6sterreichischer Versicherungsmaklerring (\u00d6VM)<\/span><\/strong><br \/>Christine Weil\u00e4nder, \u00d6VM-Generalsekret\u00e4rin<br \/>Gottfried-Alber-Gasse 5-6, A-1140 Wien<br \/>Tel.: 01 \/ 416 93 33 13<br \/>Mail: office@oevm.at<br \/>Web:\u00a0<a href=\"http:\/\/www.oevm.at\/\" rel=\"nofollow\" target=\"_blank\">http:\/\/www.oevm.at<\/a><\/p>\n<\/article>\n","protected":false},"excerpt":{"rendered":"<p>\u00d6VM startet Nachfolgeb\u00f6rse f\u00fcr Betriebs\u00fcbergaben und Nachwuchs 24.09.2015 Wien \u2013 \u00a0In f\u00fcnf Minuten durch das ganze Universum. Beim ersten &#8220;Elevator-Pitch&#8221; der Versicherungsbranche haben sich \u00d6sterreichs gro\u00dfe Maklergruppen einem &#8220;Beauty-Contest&#8221; gestellt und damit f\u00fcr gro\u00dfes Interesse gesorgt. Der 1. Nachfolgetag des \u00d6sterreichischen Versicherungsmaklerrings (\u00d6VM) wurde so zum echten Magneten. \u00dcber 140 Versicherungsmakler folgten der Einladung von&hellip;<\/p>\n","protected":false},"author":2,"featured_media":10349,"comment_status":"closed","ping_status":"closed","sticky":false,"template":"","format":"standard","meta":{"footnotes":""},"categories":[3],"tags":[],"class_list":["post-10350","post","type-post","status-publish","format-standard","has-post-thumbnail","hentry","category-news","category-3","description-off"],"yoast_head":"<!-- This site is optimized with the Yoast SEO plugin v26.3 - https:\/\/yoast.com\/wordpress\/plugins\/seo\/ -->\n<title>Der Pitch um die Versicherungsmakler - Temmel | Seywald - Corporate Communications<\/title>\n<meta name=\"robots\" content=\"index, follow, max-snippet:-1, max-image-preview:large, max-video-preview:-1\" \/>\n<link rel=\"canonical\" href=\"https:\/\/www.tsp.at\/en\/2015\/09\/24\/der-pitch-um-die-versicherungsmakler\/\" \/>\n<meta property=\"og:locale\" content=\"en_US\" \/>\n<meta property=\"og:type\" content=\"article\" \/>\n<meta property=\"og:title\" content=\"Der Pitch um die Versicherungsmakler - Temmel | Seywald - Corporate Communications\" \/>\n<meta property=\"og:description\" content=\"\u00d6VM startet Nachfolgeb\u00f6rse f\u00fcr Betriebs\u00fcbergaben und Nachwuchs 24.09.2015 Wien \u2013 \u00a0In f\u00fcnf Minuten durch das ganze Universum. Beim ersten &#8220;Elevator-Pitch&#8221; der Versicherungsbranche haben sich \u00d6sterreichs gro\u00dfe Maklergruppen einem &#8220;Beauty-Contest&#8221; gestellt und damit f\u00fcr gro\u00dfes Interesse gesorgt. Der 1. Nachfolgetag des \u00d6sterreichischen Versicherungsmaklerrings (\u00d6VM) wurde so zum echten Magneten. \u00dcber 140 Versicherungsmakler folgten der Einladung von&hellip;\" \/>\n<meta property=\"og:url\" content=\"https:\/\/www.tsp.at\/en\/2015\/09\/24\/der-pitch-um-die-versicherungsmakler\/\" \/>\n<meta property=\"og:site_name\" content=\"Temmel | Seywald - Corporate Communications\" \/>\n<meta property=\"article:publisher\" content=\"https:\/\/www.facebook.com\/TemmelSeywald\" \/>\n<meta property=\"article:published_time\" content=\"2015-09-24T09:55:00+00:00\" \/>\n<meta property=\"article:modified_time\" content=\"2025-10-21T12:58:33+00:00\" \/>\n<meta property=\"og:image\" content=\"https:\/\/www.tsp.at\/wp-content\/uploads\/2025\/10\/Pitcher.jpg\" \/>\n\t<meta property=\"og:image:width\" content=\"2480\" \/>\n\t<meta property=\"og:image:height\" content=\"1653\" \/>\n\t<meta property=\"og:image:type\" content=\"image\/jpeg\" \/>\n<meta name=\"author\" content=\"TSP Redaktion\" \/>\n<meta name=\"twitter:card\" content=\"summary_large_image\" \/>\n<meta name=\"twitter:label1\" content=\"Written by\" \/>\n\t<meta name=\"twitter:data1\" content=\"TSP Redaktion\" \/>\n\t<meta name=\"twitter:label2\" content=\"Est. reading time\" \/>\n\t<meta name=\"twitter:data2\" content=\"4 minutes\" \/>\n<script type=\"application\/ld+json\" class=\"yoast-schema-graph\">{\"@context\":\"https:\/\/schema.org\",\"@graph\":[{\"@type\":\"Article\",\"@id\":\"https:\/\/www.tsp.at\/en\/2015\/09\/24\/der-pitch-um-die-versicherungsmakler\/#article\",\"isPartOf\":{\"@id\":\"https:\/\/www.tsp.at\/en\/2015\/09\/24\/der-pitch-um-die-versicherungsmakler\/\"},\"author\":{\"name\":\"TSP Redaktion\",\"@id\":\"https:\/\/www.tsp.at\/en\/#\/schema\/person\/1ba5600c29da17b902b0925cea567f8a\"},\"headline\":\"Der Pitch um die Versicherungsmakler\",\"datePublished\":\"2015-09-24T09:55:00+00:00\",\"dateModified\":\"2025-10-21T12:58:33+00:00\",\"mainEntityOfPage\":{\"@id\":\"https:\/\/www.tsp.at\/en\/2015\/09\/24\/der-pitch-um-die-versicherungsmakler\/\"},\"wordCount\":736,\"publisher\":{\"@id\":\"https:\/\/www.tsp.at\/en\/#organization\"},\"image\":{\"@id\":\"https:\/\/www.tsp.at\/en\/2015\/09\/24\/der-pitch-um-die-versicherungsmakler\/#primaryimage\"},\"thumbnailUrl\":\"https:\/\/www.tsp.at\/wp-content\/uploads\/2025\/10\/Pitcher.jpg\",\"articleSection\":[\"News\"],\"inLanguage\":\"en-US\"},{\"@type\":\"WebPage\",\"@id\":\"https:\/\/www.tsp.at\/en\/2015\/09\/24\/der-pitch-um-die-versicherungsmakler\/\",\"url\":\"https:\/\/www.tsp.at\/en\/2015\/09\/24\/der-pitch-um-die-versicherungsmakler\/\",\"name\":\"Der Pitch um die Versicherungsmakler - Temmel | Seywald - Corporate Communications\",\"isPartOf\":{\"@id\":\"https:\/\/www.tsp.at\/en\/#website\"},\"primaryImageOfPage\":{\"@id\":\"https:\/\/www.tsp.at\/en\/2015\/09\/24\/der-pitch-um-die-versicherungsmakler\/#primaryimage\"},\"image\":{\"@id\":\"https:\/\/www.tsp.at\/en\/2015\/09\/24\/der-pitch-um-die-versicherungsmakler\/#primaryimage\"},\"thumbnailUrl\":\"https:\/\/www.tsp.at\/wp-content\/uploads\/2025\/10\/Pitcher.jpg\",\"datePublished\":\"2015-09-24T09:55:00+00:00\",\"dateModified\":\"2025-10-21T12:58:33+00:00\",\"breadcrumb\":{\"@id\":\"https:\/\/www.tsp.at\/en\/2015\/09\/24\/der-pitch-um-die-versicherungsmakler\/#breadcrumb\"},\"inLanguage\":\"en-US\",\"potentialAction\":[{\"@type\":\"ReadAction\",\"target\":[\"https:\/\/www.tsp.at\/en\/2015\/09\/24\/der-pitch-um-die-versicherungsmakler\/\"]}]},{\"@type\":\"ImageObject\",\"inLanguage\":\"en-US\",\"@id\":\"https:\/\/www.tsp.at\/en\/2015\/09\/24\/der-pitch-um-die-versicherungsmakler\/#primaryimage\",\"url\":\"https:\/\/www.tsp.at\/wp-content\/uploads\/2025\/10\/Pitcher.jpg\",\"contentUrl\":\"https:\/\/www.tsp.at\/wp-content\/uploads\/2025\/10\/Pitcher.jpg\",\"width\":2480,\"height\":1653,\"caption\":\"(c) fotodienst \/ Anna Rauchenberger - Wien, am 21.09.2015 - Follow Me! Nachfolgeb\u00f6rse f\u00fcr Versicherungsmakler und Informationskampagne des \u00d6sterreichischen Versicherungsmaklerrings \u00d6VM\"},{\"@type\":\"BreadcrumbList\",\"@id\":\"https:\/\/www.tsp.at\/en\/2015\/09\/24\/der-pitch-um-die-versicherungsmakler\/#breadcrumb\",\"itemListElement\":[{\"@type\":\"ListItem\",\"position\":1,\"name\":\"Startseite\",\"item\":\"https:\/\/www.tsp.at\/en\/\"},{\"@type\":\"ListItem\",\"position\":2,\"name\":\"Der Pitch um die Versicherungsmakler\"}]},{\"@type\":\"WebSite\",\"@id\":\"https:\/\/www.tsp.at\/en\/#website\",\"url\":\"https:\/\/www.tsp.at\/en\/\",\"name\":\"Temmel | Seywald - Corporate Communications\",\"description\":\"Kommunikation ist Beziehungsarbeit\",\"publisher\":{\"@id\":\"https:\/\/www.tsp.at\/en\/#organization\"},\"potentialAction\":[{\"@type\":\"SearchAction\",\"target\":{\"@type\":\"EntryPoint\",\"urlTemplate\":\"https:\/\/www.tsp.at\/en\/?s={search_term_string}\"},\"query-input\":{\"@type\":\"PropertyValueSpecification\",\"valueRequired\":true,\"valueName\":\"search_term_string\"}}],\"inLanguage\":\"en-US\"},{\"@type\":\"Organization\",\"@id\":\"https:\/\/www.tsp.at\/en\/#organization\",\"name\":\"Temmel, Seywald & Partner Communications GesmbH\",\"alternateName\":\"TSP\",\"url\":\"https:\/\/www.tsp.at\/en\/\",\"logo\":{\"@type\":\"ImageObject\",\"inLanguage\":\"en-US\",\"@id\":\"https:\/\/www.tsp.at\/en\/#\/schema\/logo\/image\/\",\"url\":\"https:\/\/www.tsp.at\/wp-content\/uploads\/2025\/10\/favicontsp.png\",\"contentUrl\":\"https:\/\/www.tsp.at\/wp-content\/uploads\/2025\/10\/favicontsp.png\",\"width\":125,\"height\":125,\"caption\":\"Temmel, Seywald & Partner Communications GesmbH\"},\"image\":{\"@id\":\"https:\/\/www.tsp.at\/en\/#\/schema\/logo\/image\/\"},\"sameAs\":[\"https:\/\/www.facebook.com\/TemmelSeywald\"]},{\"@type\":\"Person\",\"@id\":\"https:\/\/www.tsp.at\/en\/#\/schema\/person\/1ba5600c29da17b902b0925cea567f8a\",\"name\":\"TSP Redaktion\"}]}<\/script>\n<!-- \/ Yoast SEO plugin. -->","yoast_head_json":{"title":"Der Pitch um die Versicherungsmakler - Temmel | Seywald - Corporate Communications","robots":{"index":"index","follow":"follow","max-snippet":"max-snippet:-1","max-image-preview":"max-image-preview:large","max-video-preview":"max-video-preview:-1"},"canonical":"https:\/\/www.tsp.at\/en\/2015\/09\/24\/der-pitch-um-die-versicherungsmakler\/","og_locale":"en_US","og_type":"article","og_title":"Der Pitch um die Versicherungsmakler - Temmel | Seywald - Corporate Communications","og_description":"\u00d6VM startet Nachfolgeb\u00f6rse f\u00fcr Betriebs\u00fcbergaben und Nachwuchs 24.09.2015 Wien \u2013 \u00a0In f\u00fcnf Minuten durch das ganze Universum. Beim ersten &#8220;Elevator-Pitch&#8221; der Versicherungsbranche haben sich \u00d6sterreichs gro\u00dfe Maklergruppen einem &#8220;Beauty-Contest&#8221; gestellt und damit f\u00fcr gro\u00dfes Interesse gesorgt. Der 1. Nachfolgetag des \u00d6sterreichischen Versicherungsmaklerrings (\u00d6VM) wurde so zum echten Magneten. \u00dcber 140 Versicherungsmakler folgten der Einladung von&hellip;","og_url":"https:\/\/www.tsp.at\/en\/2015\/09\/24\/der-pitch-um-die-versicherungsmakler\/","og_site_name":"Temmel | Seywald - Corporate Communications","article_publisher":"https:\/\/www.facebook.com\/TemmelSeywald","article_published_time":"2015-09-24T09:55:00+00:00","article_modified_time":"2025-10-21T12:58:33+00:00","og_image":[{"width":2480,"height":1653,"url":"https:\/\/www.tsp.at\/wp-content\/uploads\/2025\/10\/Pitcher.jpg","type":"image\/jpeg"}],"author":"TSP Redaktion","twitter_card":"summary_large_image","twitter_misc":{"Written by":"TSP Redaktion","Est. reading time":"4 minutes"},"schema":{"@context":"https:\/\/schema.org","@graph":[{"@type":"Article","@id":"https:\/\/www.tsp.at\/en\/2015\/09\/24\/der-pitch-um-die-versicherungsmakler\/#article","isPartOf":{"@id":"https:\/\/www.tsp.at\/en\/2015\/09\/24\/der-pitch-um-die-versicherungsmakler\/"},"author":{"name":"TSP Redaktion","@id":"https:\/\/www.tsp.at\/en\/#\/schema\/person\/1ba5600c29da17b902b0925cea567f8a"},"headline":"Der Pitch um die Versicherungsmakler","datePublished":"2015-09-24T09:55:00+00:00","dateModified":"2025-10-21T12:58:33+00:00","mainEntityOfPage":{"@id":"https:\/\/www.tsp.at\/en\/2015\/09\/24\/der-pitch-um-die-versicherungsmakler\/"},"wordCount":736,"publisher":{"@id":"https:\/\/www.tsp.at\/en\/#organization"},"image":{"@id":"https:\/\/www.tsp.at\/en\/2015\/09\/24\/der-pitch-um-die-versicherungsmakler\/#primaryimage"},"thumbnailUrl":"https:\/\/www.tsp.at\/wp-content\/uploads\/2025\/10\/Pitcher.jpg","articleSection":["News"],"inLanguage":"en-US"},{"@type":"WebPage","@id":"https:\/\/www.tsp.at\/en\/2015\/09\/24\/der-pitch-um-die-versicherungsmakler\/","url":"https:\/\/www.tsp.at\/en\/2015\/09\/24\/der-pitch-um-die-versicherungsmakler\/","name":"Der Pitch um die Versicherungsmakler - Temmel | Seywald - Corporate Communications","isPartOf":{"@id":"https:\/\/www.tsp.at\/en\/#website"},"primaryImageOfPage":{"@id":"https:\/\/www.tsp.at\/en\/2015\/09\/24\/der-pitch-um-die-versicherungsmakler\/#primaryimage"},"image":{"@id":"https:\/\/www.tsp.at\/en\/2015\/09\/24\/der-pitch-um-die-versicherungsmakler\/#primaryimage"},"thumbnailUrl":"https:\/\/www.tsp.at\/wp-content\/uploads\/2025\/10\/Pitcher.jpg","datePublished":"2015-09-24T09:55:00+00:00","dateModified":"2025-10-21T12:58:33+00:00","breadcrumb":{"@id":"https:\/\/www.tsp.at\/en\/2015\/09\/24\/der-pitch-um-die-versicherungsmakler\/#breadcrumb"},"inLanguage":"en-US","potentialAction":[{"@type":"ReadAction","target":["https:\/\/www.tsp.at\/en\/2015\/09\/24\/der-pitch-um-die-versicherungsmakler\/"]}]},{"@type":"ImageObject","inLanguage":"en-US","@id":"https:\/\/www.tsp.at\/en\/2015\/09\/24\/der-pitch-um-die-versicherungsmakler\/#primaryimage","url":"https:\/\/www.tsp.at\/wp-content\/uploads\/2025\/10\/Pitcher.jpg","contentUrl":"https:\/\/www.tsp.at\/wp-content\/uploads\/2025\/10\/Pitcher.jpg","width":2480,"height":1653,"caption":"(c) fotodienst \/ Anna Rauchenberger - Wien, am 21.09.2015 - Follow Me! Nachfolgeb\u00f6rse f\u00fcr Versicherungsmakler und Informationskampagne des \u00d6sterreichischen Versicherungsmaklerrings \u00d6VM"},{"@type":"BreadcrumbList","@id":"https:\/\/www.tsp.at\/en\/2015\/09\/24\/der-pitch-um-die-versicherungsmakler\/#breadcrumb","itemListElement":[{"@type":"ListItem","position":1,"name":"Startseite","item":"https:\/\/www.tsp.at\/en\/"},{"@type":"ListItem","position":2,"name":"Der Pitch um die Versicherungsmakler"}]},{"@type":"WebSite","@id":"https:\/\/www.tsp.at\/en\/#website","url":"https:\/\/www.tsp.at\/en\/","name":"Temmel | Seywald - Corporate Communications","description":"Kommunikation ist Beziehungsarbeit","publisher":{"@id":"https:\/\/www.tsp.at\/en\/#organization"},"potentialAction":[{"@type":"SearchAction","target":{"@type":"EntryPoint","urlTemplate":"https:\/\/www.tsp.at\/en\/?s={search_term_string}"},"query-input":{"@type":"PropertyValueSpecification","valueRequired":true,"valueName":"search_term_string"}}],"inLanguage":"en-US"},{"@type":"Organization","@id":"https:\/\/www.tsp.at\/en\/#organization","name":"Temmel, Seywald & Partner Communications GesmbH","alternateName":"TSP","url":"https:\/\/www.tsp.at\/en\/","logo":{"@type":"ImageObject","inLanguage":"en-US","@id":"https:\/\/www.tsp.at\/en\/#\/schema\/logo\/image\/","url":"https:\/\/www.tsp.at\/wp-content\/uploads\/2025\/10\/favicontsp.png","contentUrl":"https:\/\/www.tsp.at\/wp-content\/uploads\/2025\/10\/favicontsp.png","width":125,"height":125,"caption":"Temmel, Seywald & Partner Communications GesmbH"},"image":{"@id":"https:\/\/www.tsp.at\/en\/#\/schema\/logo\/image\/"},"sameAs":["https:\/\/www.facebook.com\/TemmelSeywald"]},{"@type":"Person","@id":"https:\/\/www.tsp.at\/en\/#\/schema\/person\/1ba5600c29da17b902b0925cea567f8a","name":"TSP Redaktion"}]}},"_links":{"self":[{"href":"https:\/\/www.tsp.at\/en\/wp-json\/wp\/v2\/posts\/10350","targetHints":{"allow":["GET"]}}],"collection":[{"href":"https:\/\/www.tsp.at\/en\/wp-json\/wp\/v2\/posts"}],"about":[{"href":"https:\/\/www.tsp.at\/en\/wp-json\/wp\/v2\/types\/post"}],"author":[{"embeddable":true,"href":"https:\/\/www.tsp.at\/en\/wp-json\/wp\/v2\/users\/2"}],"replies":[{"embeddable":true,"href":"https:\/\/www.tsp.at\/en\/wp-json\/wp\/v2\/comments?post=10350"}],"version-history":[{"count":1,"href":"https:\/\/www.tsp.at\/en\/wp-json\/wp\/v2\/posts\/10350\/revisions"}],"predecessor-version":[{"id":11585,"href":"https:\/\/www.tsp.at\/en\/wp-json\/wp\/v2\/posts\/10350\/revisions\/11585"}],"wp:featuredmedia":[{"embeddable":true,"href":"https:\/\/www.tsp.at\/en\/wp-json\/wp\/v2\/media\/10349"}],"wp:attachment":[{"href":"https:\/\/www.tsp.at\/en\/wp-json\/wp\/v2\/media?parent=10350"}],"wp:term":[{"taxonomy":"category","embeddable":true,"href":"https:\/\/www.tsp.at\/en\/wp-json\/wp\/v2\/categories?post=10350"},{"taxonomy":"post_tag","embeddable":true,"href":"https:\/\/www.tsp.at\/en\/wp-json\/wp\/v2\/tags?post=10350"}],"curies":[{"name":"wp","href":"https:\/\/api.w.org\/{rel}","templated":true}]}}