{"id":10392,"date":"2015-05-22T16:08:00","date_gmt":"2015-05-22T14:08:00","guid":{"rendered":"https:\/\/staging.tsp.at\/2015\/05\/22\/bischof-buenker-fordert-mehr-verantwortung-im-umgang-mit-religion\/"},"modified":"2025-10-21T14:58:36","modified_gmt":"2025-10-21T12:58:36","slug":"bischof-buenker-fordert-mehr-verantwortung-im-umgang-mit-religion","status":"publish","type":"post","link":"https:\/\/www.tsp.at\/en\/2015\/05\/22\/bischof-buenker-fordert-mehr-verantwortung-im-umgang-mit-religion\/","title":{"rendered":"Bischof B\u00fcnker fordert mehr Verantwortung im Umgang mit Religion"},"content":{"rendered":"<article class=\"item\">\n<h2><strong>Europ\u00e4ische Toleranzgespr\u00e4che in Fresach im Zeichen der Toleranz<\/strong><\/h2>\n<p>22.05.2015<\/p>\n<\/p>\n<\/p>\n<\/p>\n<\/p>\n<\/p>\n<p>Fresach \u2013 &#8220;Was wir brauchen, ist nicht eine passive, sondern eine starke und aktive Toleranz &#8211; lebendiges Interesse, Anteilnahme und die Anerkennung der Andersheit&#8221;, sagte der evangelische Bischof Michael B\u00fcnker am Freitag bei den Europ\u00e4ischen Toleranzgespr\u00e4che 2015 in Fresach. Mit seinem Statement f\u00fchrte B\u00fcnker die G\u00e4ste des Denk.Raum.Fresach in eine Podiumsdiskussion mit dem Titel &#8220;Modernit\u00e4t, Menschenrechte und Islam&#8221;.\u00a0<a href=\"http:\/\/fresach.org\" rel=\"nofollow\" target=\"_blank\">http:\/\/fresach.org<\/a> <\/p>\n<p class=\"FtxtP\"><strong><span class=\"FtxtBold\" style=\"margin-bottom: 10px;\">Toleranz als Privileg der M\u00e4chtigen<\/span><\/strong><\/p>\n<p class=\"FtxtP\">&#8220;Das, was wir gegenw\u00e4rtig erleben, ist eine wahre Inflation des Kulturbegriffs&#8221;, erkl\u00e4rte Sama Maani zu Beginn der Diskussion. Der \u00f6sterreichische Autor mit iranischen Wurzeln kritisierte, dass Kultur und Natur immer \u00f6fter gleichgesetzt w\u00fcrden. Sigmund Freud habe hingegen noch klar unterschieden zwischen den beiden Begriffen, indem er von Kultur sprach als etwas, das die Natur des Menschen &#8220;unterdr\u00fcckt&#8221;. Der Philosoph Pravu Mazumdar kn\u00fcpfte mit seinen Ausf\u00fchrungen an jene von Maani an und sprach von Kultur als etwas, das &#8220;von uns fabriziert wird&#8221;. &#8220;Kultur erfinden ist wichtig, aber wir d\u00fcrfen nicht vergessen, dass wir sie erfunden haben&#8221;, so Mazumdar.<\/p>\n<p class=\"FtxtP\">Der Kulturbegriff ist in aller Munde &#8211; &#8220;Leitkultur&#8221;, &#8220;fremde Kultur&#8221;, &#8220;Kampf der Kulturen&#8221; -, und gerade deswegen muss er detailliert analysiert und kritisch betrachtet werden, ebenso wie die Toleranz, sagte Mazumdar. Sozialwissenschaftlerin Claudia Brunner zeichnete einen sehr skeptischen und kritischen Blick auf den Toleranzbegriff. Sie sprache von Machtverh\u00e4ltnissen, die sich hinter der Toleranz verstecken und fragte, wer spricht wann, wo, wie, und mit wem \u00fcber Toleranz. &#8220;Toleranz tritt erst dann zu Tage, wenn Konflikte auftreten. Und diese sind wiederum asymmetrisch&#8221;, kritisierte Brunner. Politisches werde immer \u00f6fter kulturalisiert anstatt sozio\u00f6konomische Ungleichheiten zu hinterfragen.<\/p>\n<p class=\"FtxtP\"><strong><span class=\"FtxtBold\" style=\"margin-bottom: 10px;\">Verantwortung im Umgang mit Religion<\/span><\/strong><\/p>\n<p class=\"FtxtP\">W\u00e4hrend Brunner die Kulturalisierung des Politischen kritisiert, beobachtet B\u00fcnker die zunehmende &#8220;Religionisierung&#8221; von gesellschaftlichen Konflikten mit Sorge. &#8220;Wir brauchen nicht ein Mehr an Religion, sondern mehr Verantwortung im Umgang mit ihr&#8221;, erkl\u00e4rte der Bischof. In Hinblick auf Toleranz und religi\u00f6s motivierte Gewalt werfen vor allem die j\u00fcngsten Geschehnisse in Syrien und im Irak gro\u00dfe Fragen auf.<\/p>\n<p class=\"FtxtP\"><strong>Politische L\u00f6sungen f\u00fcr politische Probleme<\/strong><\/p>\n<p class=\"FtxtP\">Nahost-Expertin Karin Kneissl skizzierte in ihrem Statement die historische Entwicklung des politischen Islam und sieht den Grund f\u00fcr die in Arabien zunehmende Islamisierung im dortigen Scheitern aller politischen Ideen der vergangenen 50 Jahre. Sie warnte davor, die Welt in Gl\u00e4ubige und Ungl\u00e4ubige einzuteilen und riet, sich nicht in interreligi\u00f6sen Dialogen zu verstricken, sondern f\u00fcr politische Probleme auch politische L\u00f6sungen zu suchen.<\/p>\n<p class=\"FtxtP\">Wie das aussehen k\u00f6nnte, erl\u00e4uterte Danica Purg, Professorin an der Bled School of Management. Anhand konkreter Beispiele f\u00fcr kreative Ausbildungsmethoden in den ehemaligen B\u00fcrgerkriegsgebieten auf den Balkan erl\u00e4uterte sie, was die Politik und Gesellschaft von modernen Managementmethoden lernen kann. Fotos zur Veranstaltung stehen unter <a href=\"https:\/\/fotodienst.pressetext.com\/album\/3463\" rel=\"nofollow\" target=\"_blank\">https:\/\/fotodienst.pressetext.com\/album\/3463<\/a> zum Download zur Verf\u00fcgung.<\/p>\n<\/article>\n","protected":false},"excerpt":{"rendered":"<p>Europ\u00e4ische Toleranzgespr\u00e4che in Fresach im Zeichen der Toleranz 22.05.2015 Fresach \u2013 &#8220;Was wir brauchen, ist nicht eine passive, sondern eine starke und aktive Toleranz &#8211; lebendiges Interesse, Anteilnahme und die Anerkennung der Andersheit&#8221;, sagte der evangelische Bischof Michael B\u00fcnker am Freitag bei den Europ\u00e4ischen Toleranzgespr\u00e4che 2015 in Fresach. Mit seinem Statement f\u00fchrte B\u00fcnker die G\u00e4ste&hellip;<\/p>\n","protected":false},"author":2,"featured_media":10391,"comment_status":"closed","ping_status":"closed","sticky":false,"template":"","format":"standard","meta":{"footnotes":""},"categories":[3],"tags":[],"class_list":["post-10392","post","type-post","status-publish","format-standard","has-post-thumbnail","hentry","category-news","category-3","description-off"],"yoast_head":"<!-- This site is optimized with the Yoast SEO plugin v26.3 - https:\/\/yoast.com\/wordpress\/plugins\/seo\/ -->\n<title>Bischof B\u00fcnker fordert mehr Verantwortung im Umgang mit Religion - Temmel | Seywald - Corporate Communications<\/title>\n<meta name=\"robots\" content=\"index, follow, max-snippet:-1, max-image-preview:large, max-video-preview:-1\" \/>\n<link rel=\"canonical\" href=\"https:\/\/www.tsp.at\/en\/2015\/05\/22\/bischof-buenker-fordert-mehr-verantwortung-im-umgang-mit-religion\/\" \/>\n<meta property=\"og:locale\" content=\"en_US\" \/>\n<meta property=\"og:type\" content=\"article\" \/>\n<meta property=\"og:title\" content=\"Bischof B\u00fcnker fordert mehr Verantwortung im Umgang mit Religion - Temmel | Seywald - Corporate Communications\" \/>\n<meta property=\"og:description\" content=\"Europ\u00e4ische Toleranzgespr\u00e4che in Fresach im Zeichen der Toleranz 22.05.2015 Fresach \u2013 &#8220;Was wir brauchen, ist nicht eine passive, sondern eine starke und aktive Toleranz &#8211; lebendiges Interesse, Anteilnahme und die Anerkennung der Andersheit&#8221;, sagte der evangelische Bischof Michael B\u00fcnker am Freitag bei den Europ\u00e4ischen Toleranzgespr\u00e4che 2015 in Fresach. Mit seinem Statement f\u00fchrte B\u00fcnker die G\u00e4ste&hellip;\" \/>\n<meta property=\"og:url\" content=\"https:\/\/www.tsp.at\/en\/2015\/05\/22\/bischof-buenker-fordert-mehr-verantwortung-im-umgang-mit-religion\/\" \/>\n<meta property=\"og:site_name\" content=\"Temmel | Seywald - Corporate Communications\" \/>\n<meta property=\"article:publisher\" content=\"https:\/\/www.facebook.com\/TemmelSeywald\" \/>\n<meta property=\"article:published_time\" content=\"2015-05-22T14:08:00+00:00\" \/>\n<meta property=\"article:modified_time\" content=\"2025-10-21T12:58:36+00:00\" \/>\n<meta property=\"og:image\" content=\"https:\/\/www.tsp.at\/wp-content\/uploads\/2025\/10\/2G4D5270-scaled.jpg\" \/>\n\t<meta property=\"og:image:width\" content=\"2560\" \/>\n\t<meta property=\"og:image:height\" content=\"1707\" \/>\n\t<meta property=\"og:image:type\" content=\"image\/jpeg\" \/>\n<meta name=\"author\" content=\"TSP Redaktion\" \/>\n<meta name=\"twitter:card\" content=\"summary_large_image\" \/>\n<meta name=\"twitter:label1\" content=\"Written by\" \/>\n\t<meta name=\"twitter:data1\" content=\"TSP Redaktion\" \/>\n\t<meta name=\"twitter:label2\" content=\"Est. reading time\" \/>\n\t<meta name=\"twitter:data2\" content=\"3 minutes\" \/>\n<script type=\"application\/ld+json\" class=\"yoast-schema-graph\">{\"@context\":\"https:\/\/schema.org\",\"@graph\":[{\"@type\":\"Article\",\"@id\":\"https:\/\/www.tsp.at\/en\/2015\/05\/22\/bischof-buenker-fordert-mehr-verantwortung-im-umgang-mit-religion\/#article\",\"isPartOf\":{\"@id\":\"https:\/\/www.tsp.at\/en\/2015\/05\/22\/bischof-buenker-fordert-mehr-verantwortung-im-umgang-mit-religion\/\"},\"author\":{\"name\":\"TSP Redaktion\",\"@id\":\"https:\/\/www.tsp.at\/en\/#\/schema\/person\/1ba5600c29da17b902b0925cea567f8a\"},\"headline\":\"Bischof B\u00fcnker fordert mehr Verantwortung im Umgang mit Religion\",\"datePublished\":\"2015-05-22T14:08:00+00:00\",\"dateModified\":\"2025-10-21T12:58:36+00:00\",\"mainEntityOfPage\":{\"@id\":\"https:\/\/www.tsp.at\/en\/2015\/05\/22\/bischof-buenker-fordert-mehr-verantwortung-im-umgang-mit-religion\/\"},\"wordCount\":491,\"publisher\":{\"@id\":\"https:\/\/www.tsp.at\/en\/#organization\"},\"image\":{\"@id\":\"https:\/\/www.tsp.at\/en\/2015\/05\/22\/bischof-buenker-fordert-mehr-verantwortung-im-umgang-mit-religion\/#primaryimage\"},\"thumbnailUrl\":\"https:\/\/www.tsp.at\/wp-content\/uploads\/2025\/10\/2G4D5270-scaled.jpg\",\"articleSection\":[\"News\"],\"inLanguage\":\"en-US\"},{\"@type\":\"WebPage\",\"@id\":\"https:\/\/www.tsp.at\/en\/2015\/05\/22\/bischof-buenker-fordert-mehr-verantwortung-im-umgang-mit-religion\/\",\"url\":\"https:\/\/www.tsp.at\/en\/2015\/05\/22\/bischof-buenker-fordert-mehr-verantwortung-im-umgang-mit-religion\/\",\"name\":\"Bischof B\u00fcnker fordert mehr Verantwortung im Umgang mit Religion - Temmel | Seywald - Corporate Communications\",\"isPartOf\":{\"@id\":\"https:\/\/www.tsp.at\/en\/#website\"},\"primaryImageOfPage\":{\"@id\":\"https:\/\/www.tsp.at\/en\/2015\/05\/22\/bischof-buenker-fordert-mehr-verantwortung-im-umgang-mit-religion\/#primaryimage\"},\"image\":{\"@id\":\"https:\/\/www.tsp.at\/en\/2015\/05\/22\/bischof-buenker-fordert-mehr-verantwortung-im-umgang-mit-religion\/#primaryimage\"},\"thumbnailUrl\":\"https:\/\/www.tsp.at\/wp-content\/uploads\/2025\/10\/2G4D5270-scaled.jpg\",\"datePublished\":\"2015-05-22T14:08:00+00:00\",\"dateModified\":\"2025-10-21T12:58:36+00:00\",\"breadcrumb\":{\"@id\":\"https:\/\/www.tsp.at\/en\/2015\/05\/22\/bischof-buenker-fordert-mehr-verantwortung-im-umgang-mit-religion\/#breadcrumb\"},\"inLanguage\":\"en-US\",\"potentialAction\":[{\"@type\":\"ReadAction\",\"target\":[\"https:\/\/www.tsp.at\/en\/2015\/05\/22\/bischof-buenker-fordert-mehr-verantwortung-im-umgang-mit-religion\/\"]}]},{\"@type\":\"ImageObject\",\"inLanguage\":\"en-US\",\"@id\":\"https:\/\/www.tsp.at\/en\/2015\/05\/22\/bischof-buenker-fordert-mehr-verantwortung-im-umgang-mit-religion\/#primaryimage\",\"url\":\"https:\/\/www.tsp.at\/wp-content\/uploads\/2025\/10\/2G4D5270-scaled.jpg\",\"contentUrl\":\"https:\/\/www.tsp.at\/wp-content\/uploads\/2025\/10\/2G4D5270-scaled.jpg\",\"width\":2560,\"height\":1707},{\"@type\":\"BreadcrumbList\",\"@id\":\"https:\/\/www.tsp.at\/en\/2015\/05\/22\/bischof-buenker-fordert-mehr-verantwortung-im-umgang-mit-religion\/#breadcrumb\",\"itemListElement\":[{\"@type\":\"ListItem\",\"position\":1,\"name\":\"Startseite\",\"item\":\"https:\/\/www.tsp.at\/en\/\"},{\"@type\":\"ListItem\",\"position\":2,\"name\":\"Bischof B\u00fcnker fordert mehr Verantwortung im Umgang mit Religion\"}]},{\"@type\":\"WebSite\",\"@id\":\"https:\/\/www.tsp.at\/en\/#website\",\"url\":\"https:\/\/www.tsp.at\/en\/\",\"name\":\"Temmel | Seywald - Corporate Communications\",\"description\":\"Kommunikation ist Beziehungsarbeit\",\"publisher\":{\"@id\":\"https:\/\/www.tsp.at\/en\/#organization\"},\"potentialAction\":[{\"@type\":\"SearchAction\",\"target\":{\"@type\":\"EntryPoint\",\"urlTemplate\":\"https:\/\/www.tsp.at\/en\/?s={search_term_string}\"},\"query-input\":{\"@type\":\"PropertyValueSpecification\",\"valueRequired\":true,\"valueName\":\"search_term_string\"}}],\"inLanguage\":\"en-US\"},{\"@type\":\"Organization\",\"@id\":\"https:\/\/www.tsp.at\/en\/#organization\",\"name\":\"Temmel, Seywald & Partner Communications GesmbH\",\"alternateName\":\"TSP\",\"url\":\"https:\/\/www.tsp.at\/en\/\",\"logo\":{\"@type\":\"ImageObject\",\"inLanguage\":\"en-US\",\"@id\":\"https:\/\/www.tsp.at\/en\/#\/schema\/logo\/image\/\",\"url\":\"https:\/\/www.tsp.at\/wp-content\/uploads\/2025\/10\/favicontsp.png\",\"contentUrl\":\"https:\/\/www.tsp.at\/wp-content\/uploads\/2025\/10\/favicontsp.png\",\"width\":125,\"height\":125,\"caption\":\"Temmel, Seywald & Partner Communications GesmbH\"},\"image\":{\"@id\":\"https:\/\/www.tsp.at\/en\/#\/schema\/logo\/image\/\"},\"sameAs\":[\"https:\/\/www.facebook.com\/TemmelSeywald\"]},{\"@type\":\"Person\",\"@id\":\"https:\/\/www.tsp.at\/en\/#\/schema\/person\/1ba5600c29da17b902b0925cea567f8a\",\"name\":\"TSP Redaktion\"}]}<\/script>\n<!-- \/ Yoast SEO plugin. -->","yoast_head_json":{"title":"Bischof B\u00fcnker fordert mehr Verantwortung im Umgang mit Religion - Temmel | Seywald - Corporate Communications","robots":{"index":"index","follow":"follow","max-snippet":"max-snippet:-1","max-image-preview":"max-image-preview:large","max-video-preview":"max-video-preview:-1"},"canonical":"https:\/\/www.tsp.at\/en\/2015\/05\/22\/bischof-buenker-fordert-mehr-verantwortung-im-umgang-mit-religion\/","og_locale":"en_US","og_type":"article","og_title":"Bischof B\u00fcnker fordert mehr Verantwortung im Umgang mit Religion - Temmel | Seywald - Corporate Communications","og_description":"Europ\u00e4ische Toleranzgespr\u00e4che in Fresach im Zeichen der Toleranz 22.05.2015 Fresach \u2013 &#8220;Was wir brauchen, ist nicht eine passive, sondern eine starke und aktive Toleranz &#8211; lebendiges Interesse, Anteilnahme und die Anerkennung der Andersheit&#8221;, sagte der evangelische Bischof Michael B\u00fcnker am Freitag bei den Europ\u00e4ischen Toleranzgespr\u00e4che 2015 in Fresach. Mit seinem Statement f\u00fchrte B\u00fcnker die G\u00e4ste&hellip;","og_url":"https:\/\/www.tsp.at\/en\/2015\/05\/22\/bischof-buenker-fordert-mehr-verantwortung-im-umgang-mit-religion\/","og_site_name":"Temmel | Seywald - Corporate Communications","article_publisher":"https:\/\/www.facebook.com\/TemmelSeywald","article_published_time":"2015-05-22T14:08:00+00:00","article_modified_time":"2025-10-21T12:58:36+00:00","og_image":[{"width":2560,"height":1707,"url":"https:\/\/www.tsp.at\/wp-content\/uploads\/2025\/10\/2G4D5270-scaled.jpg","type":"image\/jpeg"}],"author":"TSP Redaktion","twitter_card":"summary_large_image","twitter_misc":{"Written by":"TSP Redaktion","Est. reading time":"3 minutes"},"schema":{"@context":"https:\/\/schema.org","@graph":[{"@type":"Article","@id":"https:\/\/www.tsp.at\/en\/2015\/05\/22\/bischof-buenker-fordert-mehr-verantwortung-im-umgang-mit-religion\/#article","isPartOf":{"@id":"https:\/\/www.tsp.at\/en\/2015\/05\/22\/bischof-buenker-fordert-mehr-verantwortung-im-umgang-mit-religion\/"},"author":{"name":"TSP Redaktion","@id":"https:\/\/www.tsp.at\/en\/#\/schema\/person\/1ba5600c29da17b902b0925cea567f8a"},"headline":"Bischof B\u00fcnker fordert mehr Verantwortung im Umgang mit Religion","datePublished":"2015-05-22T14:08:00+00:00","dateModified":"2025-10-21T12:58:36+00:00","mainEntityOfPage":{"@id":"https:\/\/www.tsp.at\/en\/2015\/05\/22\/bischof-buenker-fordert-mehr-verantwortung-im-umgang-mit-religion\/"},"wordCount":491,"publisher":{"@id":"https:\/\/www.tsp.at\/en\/#organization"},"image":{"@id":"https:\/\/www.tsp.at\/en\/2015\/05\/22\/bischof-buenker-fordert-mehr-verantwortung-im-umgang-mit-religion\/#primaryimage"},"thumbnailUrl":"https:\/\/www.tsp.at\/wp-content\/uploads\/2025\/10\/2G4D5270-scaled.jpg","articleSection":["News"],"inLanguage":"en-US"},{"@type":"WebPage","@id":"https:\/\/www.tsp.at\/en\/2015\/05\/22\/bischof-buenker-fordert-mehr-verantwortung-im-umgang-mit-religion\/","url":"https:\/\/www.tsp.at\/en\/2015\/05\/22\/bischof-buenker-fordert-mehr-verantwortung-im-umgang-mit-religion\/","name":"Bischof B\u00fcnker fordert mehr Verantwortung im Umgang mit Religion - Temmel | Seywald - Corporate Communications","isPartOf":{"@id":"https:\/\/www.tsp.at\/en\/#website"},"primaryImageOfPage":{"@id":"https:\/\/www.tsp.at\/en\/2015\/05\/22\/bischof-buenker-fordert-mehr-verantwortung-im-umgang-mit-religion\/#primaryimage"},"image":{"@id":"https:\/\/www.tsp.at\/en\/2015\/05\/22\/bischof-buenker-fordert-mehr-verantwortung-im-umgang-mit-religion\/#primaryimage"},"thumbnailUrl":"https:\/\/www.tsp.at\/wp-content\/uploads\/2025\/10\/2G4D5270-scaled.jpg","datePublished":"2015-05-22T14:08:00+00:00","dateModified":"2025-10-21T12:58:36+00:00","breadcrumb":{"@id":"https:\/\/www.tsp.at\/en\/2015\/05\/22\/bischof-buenker-fordert-mehr-verantwortung-im-umgang-mit-religion\/#breadcrumb"},"inLanguage":"en-US","potentialAction":[{"@type":"ReadAction","target":["https:\/\/www.tsp.at\/en\/2015\/05\/22\/bischof-buenker-fordert-mehr-verantwortung-im-umgang-mit-religion\/"]}]},{"@type":"ImageObject","inLanguage":"en-US","@id":"https:\/\/www.tsp.at\/en\/2015\/05\/22\/bischof-buenker-fordert-mehr-verantwortung-im-umgang-mit-religion\/#primaryimage","url":"https:\/\/www.tsp.at\/wp-content\/uploads\/2025\/10\/2G4D5270-scaled.jpg","contentUrl":"https:\/\/www.tsp.at\/wp-content\/uploads\/2025\/10\/2G4D5270-scaled.jpg","width":2560,"height":1707},{"@type":"BreadcrumbList","@id":"https:\/\/www.tsp.at\/en\/2015\/05\/22\/bischof-buenker-fordert-mehr-verantwortung-im-umgang-mit-religion\/#breadcrumb","itemListElement":[{"@type":"ListItem","position":1,"name":"Startseite","item":"https:\/\/www.tsp.at\/en\/"},{"@type":"ListItem","position":2,"name":"Bischof B\u00fcnker fordert mehr Verantwortung im Umgang mit Religion"}]},{"@type":"WebSite","@id":"https:\/\/www.tsp.at\/en\/#website","url":"https:\/\/www.tsp.at\/en\/","name":"Temmel | Seywald - Corporate Communications","description":"Kommunikation ist Beziehungsarbeit","publisher":{"@id":"https:\/\/www.tsp.at\/en\/#organization"},"potentialAction":[{"@type":"SearchAction","target":{"@type":"EntryPoint","urlTemplate":"https:\/\/www.tsp.at\/en\/?s={search_term_string}"},"query-input":{"@type":"PropertyValueSpecification","valueRequired":true,"valueName":"search_term_string"}}],"inLanguage":"en-US"},{"@type":"Organization","@id":"https:\/\/www.tsp.at\/en\/#organization","name":"Temmel, Seywald & Partner Communications GesmbH","alternateName":"TSP","url":"https:\/\/www.tsp.at\/en\/","logo":{"@type":"ImageObject","inLanguage":"en-US","@id":"https:\/\/www.tsp.at\/en\/#\/schema\/logo\/image\/","url":"https:\/\/www.tsp.at\/wp-content\/uploads\/2025\/10\/favicontsp.png","contentUrl":"https:\/\/www.tsp.at\/wp-content\/uploads\/2025\/10\/favicontsp.png","width":125,"height":125,"caption":"Temmel, Seywald & Partner Communications GesmbH"},"image":{"@id":"https:\/\/www.tsp.at\/en\/#\/schema\/logo\/image\/"},"sameAs":["https:\/\/www.facebook.com\/TemmelSeywald"]},{"@type":"Person","@id":"https:\/\/www.tsp.at\/en\/#\/schema\/person\/1ba5600c29da17b902b0925cea567f8a","name":"TSP Redaktion"}]}},"_links":{"self":[{"href":"https:\/\/www.tsp.at\/en\/wp-json\/wp\/v2\/posts\/10392","targetHints":{"allow":["GET"]}}],"collection":[{"href":"https:\/\/www.tsp.at\/en\/wp-json\/wp\/v2\/posts"}],"about":[{"href":"https:\/\/www.tsp.at\/en\/wp-json\/wp\/v2\/types\/post"}],"author":[{"embeddable":true,"href":"https:\/\/www.tsp.at\/en\/wp-json\/wp\/v2\/users\/2"}],"replies":[{"embeddable":true,"href":"https:\/\/www.tsp.at\/en\/wp-json\/wp\/v2\/comments?post=10392"}],"version-history":[{"count":1,"href":"https:\/\/www.tsp.at\/en\/wp-json\/wp\/v2\/posts\/10392\/revisions"}],"predecessor-version":[{"id":11606,"href":"https:\/\/www.tsp.at\/en\/wp-json\/wp\/v2\/posts\/10392\/revisions\/11606"}],"wp:featuredmedia":[{"embeddable":true,"href":"https:\/\/www.tsp.at\/en\/wp-json\/wp\/v2\/media\/10391"}],"wp:attachment":[{"href":"https:\/\/www.tsp.at\/en\/wp-json\/wp\/v2\/media?parent=10392"}],"wp:term":[{"taxonomy":"category","embeddable":true,"href":"https:\/\/www.tsp.at\/en\/wp-json\/wp\/v2\/categories?post=10392"},{"taxonomy":"post_tag","embeddable":true,"href":"https:\/\/www.tsp.at\/en\/wp-json\/wp\/v2\/tags?post=10392"}],"curies":[{"name":"wp","href":"https:\/\/api.w.org\/{rel}","templated":true}]}}