{"id":10410,"date":"2015-04-16T17:50:00","date_gmt":"2015-04-16T15:50:00","guid":{"rendered":"https:\/\/staging.tsp.at\/2015\/04\/16\/denk-raum-fresach-erhaelt-support-bruessels\/"},"modified":"2025-10-21T14:58:37","modified_gmt":"2025-10-21T12:58:37","slug":"denk-raum-fresach-erhaelt-support-bruessels","status":"publish","type":"post","link":"https:\/\/www.tsp.at\/en\/2015\/04\/16\/denk-raum-fresach-erhaelt-support-bruessels\/","title":{"rendered":"Denk.Raum.Fresach erh\u00e4lt Support Br\u00fcssels"},"content":{"rendered":"<article class=\"item\">\n<h2><strong>Europ\u00e4ische Toleranzgespr\u00e4che im EU-Parlament vorgestellt<\/strong><\/h2>\n<p>16.04.2015<\/p>\n<\/p>\n<\/p>\n<\/p>\n<\/p>\n<\/p>\n<p>Br\u00fcssel \u2013 <span class=\"FtxtBold\">Die \u00f6sterreichischen Abgeordneten zum Europ\u00e4ischen Parlament, Eugen Freund (SP) und Othmar Karas (VP), unterst\u00fctzen die Europ\u00e4ischen Toleranzgespr\u00e4che. In einer gemeinsamen Pressekonferenz mit K\u00e4rntens Landeshauptmann Peter Kaiser im Europ\u00e4ischen Parlament erkl\u00e4rten die Europapolitiker, das neue Dialogforum f\u00fcr Toleranz und Integration sei eine bedeutsame Initiative f\u00fcr Europa und f\u00fcr den Alpen-Adria-Raum. An der international besetzten Veranstaltung unter dem Motto &#8220;Wie weit geht Toleranz? Aufgaben f\u00fcr Staat, Wirtschaft und Gesellschaft&#8221; vom 21. bis 23. Mai 2015 im K\u00e4rntner Bergdorf Fresach nehmen rund 20 Denker, Wissenschafter, Philosophen und \u00d6konomen teil.<\/span> <a href=\"http:\/\/www.fresach.org\" rel=\"nofollow\" target=\"_blank\">http:\/\/www.fresach.org<\/a> <\/p>\n<p class=\"FtxtP\">Toleranz ist &#8220;das Kernthema&#8221; unserer Gesellschaft, betonte Eugen Freund vor Journalisten. &#8220;Gerade die Konflikte der Gegenwart &#8211; im Nahen Osten, aber auch in der Ukraine &#8211; f\u00fchren uns klar vor Augen, dass der Mangel an Toleranz fast immer Ausgangspunkt f\u00fcr kriegerische Auseinandersetzungen ist. In Zeiten von Globalisierung und Individualisierung kommt der Toleranz daher eine immer gr\u00f6\u00dfer werdende Bedeutung zu. Ohne dass wir gegens\u00e4tzliche \u00dcberzeugungen akzeptieren &#8211; oder auch tolerieren &#8211; kann eine Demokratie nicht funktionieren. Ich erinnere mich als K\u00e4rntner auch noch besonders gut daran, dass gerade die mangelnde Toleranz zu einem versch\u00e4rften Konflikt um die Rechte der slowenischen Minderheit gef\u00fchrt hat. Und dass in den vergangenen Jahren &#8211; mit besonderer Betonung der Toleranz &#8211; dieser Konflikt einer L\u00f6sung zugef\u00fchrt worden ist. Ich freue mich daher, dass es nun so etwas wie die Fortsetzung dieser Gespr\u00e4che gibt.&#8221;<\/p>\n<p class=\"FtxtP\"><strong><span class=\"FtxtBold\" style=\"margin-bottom: 10px;\">Vielfalt nicht ignorieren<\/span><\/strong><\/p>\n<p class=\"FtxtP\">Othmar Karas sagte: &#8220;Der gesellschaftliche Umgang mit Andersartigkeit, anderen Kulturen und Vielfalt ist eine der gro\u00dfen Herausforderungen des 21. Jahrhunderts, sowohl in Europa als auch global. In einer immer kleiner werdenden Welt wird die Abh\u00e4ngigkeit voneinander immer gr\u00f6\u00dfer. Das h\u00e4ufig gelebte Nebeneinander muss von einem ehrlichen Miteinander abgel\u00f6st werden. Respekt, Toleranz und Akzeptanz der Unterschiedlichkeiten f\u00fchren zu Verst\u00e4ndnis und erh\u00f6hen die Bereitschaft auf gegenseitige R\u00fccksichtnahme. &#8216;In Vielfalt geeint&#8217; lautet das Motto der Europ\u00e4ischen Union. Der konstruktive Umgang mit Andersartigkeit ist auch in der christliche Soziallehre angelegt. Eine Gesellschaft, in der der Mensch, die subsidi\u00e4re Aufgabenteilung und das solidarische Miteinander im Mittelpunkt stehen, kann Vielfalt nicht einfach ignorieren.&#8221;<\/p>\n<p class=\"FtxtP\">Der K\u00e4rntner Landeshauptmann Peter Kaiser erkl\u00e4rte, die Europ\u00e4ische Union sei als gro\u00dfes Friedensprojekt gegr\u00fcndet worden. Europa ziele darauf ab, dass sich Menschen gegenseitig kennenlernen, und dass sie wie ihre L\u00e4nder und Regionen zusammenarbeiten und einander immer n\u00e4her r\u00fccken. F\u00fcr Kaiser ist es in diesem Sinne essentiell, dass vor allem schwierige Themen und Probleme offen angesprochen und auf breiter Ebene sachlich diskutiert werden. &#8220;Die Europ\u00e4ischen Toleranzgespr\u00e4che wollen genau ein solches Forum bieten und in den Denk.Raum.Fresach einladen.&#8221; LH Kaiser nimmt am 16. und 17. April an einer Sitzung des Ausschuss der Regionen (AdR) teil, in der es u.a. um Fragen des Europ\u00e4ischen Fonds f\u00fcr strategische Investitionen, \u00fcber die Erweiterungsstrategie und Verkehrsthemen geht.<\/p>\n<p class=\"FtxtP\">Der Sprecher des Veranstalters Denk.Raum.Fresach, Wilfried Seywald, erinnerte an die historische Bedeutung des Bergdorfs Fresach f\u00fcr den Kampf der evangelischen Kirche um Anerkennung und Gleichberechtigung. Nach der erfolgreichen Landesausstellung 2011 zum Thema &#8220;500 Jahre Protestantismus in K\u00e4rnten&#8221; sei es jetzt an der Zeit, diesen geschichtstr\u00e4chtigen Ort zu einem Zentrum der Toleranz f\u00fcr Europa weiter zu entwickeln. Dabei k\u00f6nne Fresach auf eine gute Tradition verweisen. Von 1972 bis 1993, bis zum Fall des eisernen Vorhangs, trafen sich in der kleinen Gemeinde internationale Schriftsteller, um Auswege aus dem Ost-West-Konflikt zu diskutieren. Freie Meinungs\u00e4u\u00dferung und offener Diskurs seien geradezu eine Grundlage des europ\u00e4ische Wertesystems.<\/p>\n<p class=\"FtxtP\"><strong><span class=\"FtxtBold\" style=\"margin-bottom: 10px;\">Hochkar\u00e4tige Referenten in Fresach<\/span><\/strong><\/p>\n<p class=\"FtxtP\">Neben Politprominenz und Medien aus ganz Europa haben zahlreiche Denker und Macher Ihre Teilnahme in Fresach zugesagt: die Journalisten Roland Barazon, Philo Ikonya, die Autoren Alois Brandstetter, Fabjan Hafner und Pravu Mazumdar, die Romanistin Zohra Bouchentouf-Siagh, die Genderforscherin Claudia Brunner, die Migrationsanthropologin Christa Markom, die Nahostexpertin Karin Kneissl und die slowenische Management-Ausbildnerin Danica Purg. Die Ergebnisse und Beitr\u00e4ge werden im Anschluss als Publikation herausgegeben.<\/p>\n<p class=\"FtxtP\">Die Europ\u00e4ischen Toleranzgespr\u00e4che werden von zahlreichen Organisationen unterst\u00fctzt, so u.a. vom PEN-Club Austria, dem Club Carinthia in Wien, der Stadt Villach und der Alpen-Adria-Universit\u00e4t. Auch das Land K\u00e4rnten, die Wirtschaftskammer und die Industriellenvereinigung K\u00e4rnten sowie das Bundeskanzleramt und der ORF begleiten die Initiative. Die Finanzierung erfolgt \u00fcberwiegend aus privaten Mitteln und Firmenpartnerschaften, \u00fcber \u00f6ffentliche Unterst\u00fctzung f\u00fcr die n\u00e4chsten Jahre wird noch verhandelt. Anmeldungen, Mitgliedschaften und Sponsorings sind \u00fcber die Webseite <a href=\"http:\/\/www.fresach.org\" rel=\"nofollow\" target=\"_blank\">http:\/\/www.fresach.org<\/a> m\u00f6glich.<\/p>\n<p>Fotos zur Veranstaltung: <a href=\"http:\/\/fotodienst.pressetext.com\/album\/3455?end=9\" rel=\"nofollow\" target=\"_blank\">http:\/\/fotodienst.pressetext.com\/album\/3455?end=9<\/a><\/p>\n<\/article>\n","protected":false},"excerpt":{"rendered":"<p>Europ\u00e4ische Toleranzgespr\u00e4che im EU-Parlament vorgestellt 16.04.2015 Br\u00fcssel \u2013 Die \u00f6sterreichischen Abgeordneten zum Europ\u00e4ischen Parlament, Eugen Freund (SP) und Othmar Karas (VP), unterst\u00fctzen die Europ\u00e4ischen Toleranzgespr\u00e4che. In einer gemeinsamen Pressekonferenz mit K\u00e4rntens Landeshauptmann Peter Kaiser im Europ\u00e4ischen Parlament erkl\u00e4rten die Europapolitiker, das neue Dialogforum f\u00fcr Toleranz und Integration sei eine bedeutsame Initiative f\u00fcr Europa und f\u00fcr&hellip;<\/p>\n","protected":false},"author":2,"featured_media":10409,"comment_status":"closed","ping_status":"closed","sticky":false,"template":"","format":"standard","meta":{"footnotes":""},"categories":[3],"tags":[],"class_list":["post-10410","post","type-post","status-publish","format-standard","has-post-thumbnail","hentry","category-news","category-3","description-off"],"yoast_head":"<!-- This site is optimized with the Yoast SEO plugin v26.3 - https:\/\/yoast.com\/wordpress\/plugins\/seo\/ -->\n<title>Denk.Raum.Fresach erh\u00e4lt Support Br\u00fcssels - Temmel | Seywald - Corporate Communications<\/title>\n<meta name=\"robots\" content=\"index, follow, max-snippet:-1, max-image-preview:large, max-video-preview:-1\" \/>\n<link rel=\"canonical\" href=\"https:\/\/www.tsp.at\/en\/2015\/04\/16\/denk-raum-fresach-erhaelt-support-bruessels\/\" \/>\n<meta property=\"og:locale\" content=\"en_US\" \/>\n<meta property=\"og:type\" content=\"article\" \/>\n<meta property=\"og:title\" content=\"Denk.Raum.Fresach erh\u00e4lt Support Br\u00fcssels - Temmel | Seywald - Corporate Communications\" \/>\n<meta property=\"og:description\" content=\"Europ\u00e4ische Toleranzgespr\u00e4che im EU-Parlament vorgestellt 16.04.2015 Br\u00fcssel \u2013 Die \u00f6sterreichischen Abgeordneten zum Europ\u00e4ischen Parlament, Eugen Freund (SP) und Othmar Karas (VP), unterst\u00fctzen die Europ\u00e4ischen Toleranzgespr\u00e4che. In einer gemeinsamen Pressekonferenz mit K\u00e4rntens Landeshauptmann Peter Kaiser im Europ\u00e4ischen Parlament erkl\u00e4rten die Europapolitiker, das neue Dialogforum f\u00fcr Toleranz und Integration sei eine bedeutsame Initiative f\u00fcr Europa und f\u00fcr&hellip;\" \/>\n<meta property=\"og:url\" content=\"https:\/\/www.tsp.at\/en\/2015\/04\/16\/denk-raum-fresach-erhaelt-support-bruessels\/\" \/>\n<meta property=\"og:site_name\" content=\"Temmel | Seywald - Corporate Communications\" \/>\n<meta property=\"article:publisher\" content=\"https:\/\/www.facebook.com\/TemmelSeywald\" \/>\n<meta property=\"article:published_time\" content=\"2015-04-16T15:50:00+00:00\" \/>\n<meta property=\"article:modified_time\" content=\"2025-10-21T12:58:37+00:00\" \/>\n<meta property=\"og:image\" content=\"https:\/\/www.tsp.at\/wp-content\/uploads\/2025\/10\/EP-10-scaled.jpg\" \/>\n\t<meta property=\"og:image:width\" content=\"2560\" \/>\n\t<meta property=\"og:image:height\" content=\"1829\" \/>\n\t<meta property=\"og:image:type\" content=\"image\/jpeg\" \/>\n<meta name=\"author\" content=\"TSP Redaktion\" \/>\n<meta name=\"twitter:card\" content=\"summary_large_image\" \/>\n<meta name=\"twitter:label1\" content=\"Written by\" \/>\n\t<meta name=\"twitter:data1\" content=\"TSP Redaktion\" \/>\n\t<meta name=\"twitter:label2\" content=\"Est. reading time\" \/>\n\t<meta name=\"twitter:data2\" content=\"5 minutes\" \/>\n<script type=\"application\/ld+json\" class=\"yoast-schema-graph\">{\"@context\":\"https:\/\/schema.org\",\"@graph\":[{\"@type\":\"Article\",\"@id\":\"https:\/\/www.tsp.at\/en\/2015\/04\/16\/denk-raum-fresach-erhaelt-support-bruessels\/#article\",\"isPartOf\":{\"@id\":\"https:\/\/www.tsp.at\/en\/2015\/04\/16\/denk-raum-fresach-erhaelt-support-bruessels\/\"},\"author\":{\"name\":\"TSP Redaktion\",\"@id\":\"https:\/\/www.tsp.at\/en\/#\/schema\/person\/1ba5600c29da17b902b0925cea567f8a\"},\"headline\":\"Denk.Raum.Fresach erh\u00e4lt Support Br\u00fcssels\",\"datePublished\":\"2015-04-16T15:50:00+00:00\",\"dateModified\":\"2025-10-21T12:58:37+00:00\",\"mainEntityOfPage\":{\"@id\":\"https:\/\/www.tsp.at\/en\/2015\/04\/16\/denk-raum-fresach-erhaelt-support-bruessels\/\"},\"wordCount\":779,\"publisher\":{\"@id\":\"https:\/\/www.tsp.at\/en\/#organization\"},\"image\":{\"@id\":\"https:\/\/www.tsp.at\/en\/2015\/04\/16\/denk-raum-fresach-erhaelt-support-bruessels\/#primaryimage\"},\"thumbnailUrl\":\"https:\/\/www.tsp.at\/wp-content\/uploads\/2025\/10\/EP-10-scaled.jpg\",\"articleSection\":[\"News\"],\"inLanguage\":\"en-US\"},{\"@type\":\"WebPage\",\"@id\":\"https:\/\/www.tsp.at\/en\/2015\/04\/16\/denk-raum-fresach-erhaelt-support-bruessels\/\",\"url\":\"https:\/\/www.tsp.at\/en\/2015\/04\/16\/denk-raum-fresach-erhaelt-support-bruessels\/\",\"name\":\"Denk.Raum.Fresach erh\u00e4lt Support Br\u00fcssels - Temmel | Seywald - Corporate Communications\",\"isPartOf\":{\"@id\":\"https:\/\/www.tsp.at\/en\/#website\"},\"primaryImageOfPage\":{\"@id\":\"https:\/\/www.tsp.at\/en\/2015\/04\/16\/denk-raum-fresach-erhaelt-support-bruessels\/#primaryimage\"},\"image\":{\"@id\":\"https:\/\/www.tsp.at\/en\/2015\/04\/16\/denk-raum-fresach-erhaelt-support-bruessels\/#primaryimage\"},\"thumbnailUrl\":\"https:\/\/www.tsp.at\/wp-content\/uploads\/2025\/10\/EP-10-scaled.jpg\",\"datePublished\":\"2015-04-16T15:50:00+00:00\",\"dateModified\":\"2025-10-21T12:58:37+00:00\",\"breadcrumb\":{\"@id\":\"https:\/\/www.tsp.at\/en\/2015\/04\/16\/denk-raum-fresach-erhaelt-support-bruessels\/#breadcrumb\"},\"inLanguage\":\"en-US\",\"potentialAction\":[{\"@type\":\"ReadAction\",\"target\":[\"https:\/\/www.tsp.at\/en\/2015\/04\/16\/denk-raum-fresach-erhaelt-support-bruessels\/\"]}]},{\"@type\":\"ImageObject\",\"inLanguage\":\"en-US\",\"@id\":\"https:\/\/www.tsp.at\/en\/2015\/04\/16\/denk-raum-fresach-erhaelt-support-bruessels\/#primaryimage\",\"url\":\"https:\/\/www.tsp.at\/wp-content\/uploads\/2025\/10\/EP-10-scaled.jpg\",\"contentUrl\":\"https:\/\/www.tsp.at\/wp-content\/uploads\/2025\/10\/EP-10-scaled.jpg\",\"width\":2560,\"height\":1829},{\"@type\":\"BreadcrumbList\",\"@id\":\"https:\/\/www.tsp.at\/en\/2015\/04\/16\/denk-raum-fresach-erhaelt-support-bruessels\/#breadcrumb\",\"itemListElement\":[{\"@type\":\"ListItem\",\"position\":1,\"name\":\"Startseite\",\"item\":\"https:\/\/www.tsp.at\/en\/\"},{\"@type\":\"ListItem\",\"position\":2,\"name\":\"Denk.Raum.Fresach erh\u00e4lt Support Br\u00fcssels\"}]},{\"@type\":\"WebSite\",\"@id\":\"https:\/\/www.tsp.at\/en\/#website\",\"url\":\"https:\/\/www.tsp.at\/en\/\",\"name\":\"Temmel | Seywald - Corporate Communications\",\"description\":\"Kommunikation ist Beziehungsarbeit\",\"publisher\":{\"@id\":\"https:\/\/www.tsp.at\/en\/#organization\"},\"potentialAction\":[{\"@type\":\"SearchAction\",\"target\":{\"@type\":\"EntryPoint\",\"urlTemplate\":\"https:\/\/www.tsp.at\/en\/?s={search_term_string}\"},\"query-input\":{\"@type\":\"PropertyValueSpecification\",\"valueRequired\":true,\"valueName\":\"search_term_string\"}}],\"inLanguage\":\"en-US\"},{\"@type\":\"Organization\",\"@id\":\"https:\/\/www.tsp.at\/en\/#organization\",\"name\":\"Temmel, Seywald & Partner Communications GesmbH\",\"alternateName\":\"TSP\",\"url\":\"https:\/\/www.tsp.at\/en\/\",\"logo\":{\"@type\":\"ImageObject\",\"inLanguage\":\"en-US\",\"@id\":\"https:\/\/www.tsp.at\/en\/#\/schema\/logo\/image\/\",\"url\":\"https:\/\/www.tsp.at\/wp-content\/uploads\/2025\/10\/favicontsp.png\",\"contentUrl\":\"https:\/\/www.tsp.at\/wp-content\/uploads\/2025\/10\/favicontsp.png\",\"width\":125,\"height\":125,\"caption\":\"Temmel, Seywald & Partner Communications GesmbH\"},\"image\":{\"@id\":\"https:\/\/www.tsp.at\/en\/#\/schema\/logo\/image\/\"},\"sameAs\":[\"https:\/\/www.facebook.com\/TemmelSeywald\"]},{\"@type\":\"Person\",\"@id\":\"https:\/\/www.tsp.at\/en\/#\/schema\/person\/1ba5600c29da17b902b0925cea567f8a\",\"name\":\"TSP Redaktion\"}]}<\/script>\n<!-- \/ Yoast SEO plugin. -->","yoast_head_json":{"title":"Denk.Raum.Fresach erh\u00e4lt Support Br\u00fcssels - Temmel | Seywald - Corporate Communications","robots":{"index":"index","follow":"follow","max-snippet":"max-snippet:-1","max-image-preview":"max-image-preview:large","max-video-preview":"max-video-preview:-1"},"canonical":"https:\/\/www.tsp.at\/en\/2015\/04\/16\/denk-raum-fresach-erhaelt-support-bruessels\/","og_locale":"en_US","og_type":"article","og_title":"Denk.Raum.Fresach erh\u00e4lt Support Br\u00fcssels - Temmel | Seywald - Corporate Communications","og_description":"Europ\u00e4ische Toleranzgespr\u00e4che im EU-Parlament vorgestellt 16.04.2015 Br\u00fcssel \u2013 Die \u00f6sterreichischen Abgeordneten zum Europ\u00e4ischen Parlament, Eugen Freund (SP) und Othmar Karas (VP), unterst\u00fctzen die Europ\u00e4ischen Toleranzgespr\u00e4che. In einer gemeinsamen Pressekonferenz mit K\u00e4rntens Landeshauptmann Peter Kaiser im Europ\u00e4ischen Parlament erkl\u00e4rten die Europapolitiker, das neue Dialogforum f\u00fcr Toleranz und Integration sei eine bedeutsame Initiative f\u00fcr Europa und f\u00fcr&hellip;","og_url":"https:\/\/www.tsp.at\/en\/2015\/04\/16\/denk-raum-fresach-erhaelt-support-bruessels\/","og_site_name":"Temmel | Seywald - Corporate Communications","article_publisher":"https:\/\/www.facebook.com\/TemmelSeywald","article_published_time":"2015-04-16T15:50:00+00:00","article_modified_time":"2025-10-21T12:58:37+00:00","og_image":[{"width":2560,"height":1829,"url":"https:\/\/www.tsp.at\/wp-content\/uploads\/2025\/10\/EP-10-scaled.jpg","type":"image\/jpeg"}],"author":"TSP Redaktion","twitter_card":"summary_large_image","twitter_misc":{"Written by":"TSP Redaktion","Est. reading time":"5 minutes"},"schema":{"@context":"https:\/\/schema.org","@graph":[{"@type":"Article","@id":"https:\/\/www.tsp.at\/en\/2015\/04\/16\/denk-raum-fresach-erhaelt-support-bruessels\/#article","isPartOf":{"@id":"https:\/\/www.tsp.at\/en\/2015\/04\/16\/denk-raum-fresach-erhaelt-support-bruessels\/"},"author":{"name":"TSP Redaktion","@id":"https:\/\/www.tsp.at\/en\/#\/schema\/person\/1ba5600c29da17b902b0925cea567f8a"},"headline":"Denk.Raum.Fresach erh\u00e4lt Support Br\u00fcssels","datePublished":"2015-04-16T15:50:00+00:00","dateModified":"2025-10-21T12:58:37+00:00","mainEntityOfPage":{"@id":"https:\/\/www.tsp.at\/en\/2015\/04\/16\/denk-raum-fresach-erhaelt-support-bruessels\/"},"wordCount":779,"publisher":{"@id":"https:\/\/www.tsp.at\/en\/#organization"},"image":{"@id":"https:\/\/www.tsp.at\/en\/2015\/04\/16\/denk-raum-fresach-erhaelt-support-bruessels\/#primaryimage"},"thumbnailUrl":"https:\/\/www.tsp.at\/wp-content\/uploads\/2025\/10\/EP-10-scaled.jpg","articleSection":["News"],"inLanguage":"en-US"},{"@type":"WebPage","@id":"https:\/\/www.tsp.at\/en\/2015\/04\/16\/denk-raum-fresach-erhaelt-support-bruessels\/","url":"https:\/\/www.tsp.at\/en\/2015\/04\/16\/denk-raum-fresach-erhaelt-support-bruessels\/","name":"Denk.Raum.Fresach erh\u00e4lt Support Br\u00fcssels - Temmel | Seywald - Corporate Communications","isPartOf":{"@id":"https:\/\/www.tsp.at\/en\/#website"},"primaryImageOfPage":{"@id":"https:\/\/www.tsp.at\/en\/2015\/04\/16\/denk-raum-fresach-erhaelt-support-bruessels\/#primaryimage"},"image":{"@id":"https:\/\/www.tsp.at\/en\/2015\/04\/16\/denk-raum-fresach-erhaelt-support-bruessels\/#primaryimage"},"thumbnailUrl":"https:\/\/www.tsp.at\/wp-content\/uploads\/2025\/10\/EP-10-scaled.jpg","datePublished":"2015-04-16T15:50:00+00:00","dateModified":"2025-10-21T12:58:37+00:00","breadcrumb":{"@id":"https:\/\/www.tsp.at\/en\/2015\/04\/16\/denk-raum-fresach-erhaelt-support-bruessels\/#breadcrumb"},"inLanguage":"en-US","potentialAction":[{"@type":"ReadAction","target":["https:\/\/www.tsp.at\/en\/2015\/04\/16\/denk-raum-fresach-erhaelt-support-bruessels\/"]}]},{"@type":"ImageObject","inLanguage":"en-US","@id":"https:\/\/www.tsp.at\/en\/2015\/04\/16\/denk-raum-fresach-erhaelt-support-bruessels\/#primaryimage","url":"https:\/\/www.tsp.at\/wp-content\/uploads\/2025\/10\/EP-10-scaled.jpg","contentUrl":"https:\/\/www.tsp.at\/wp-content\/uploads\/2025\/10\/EP-10-scaled.jpg","width":2560,"height":1829},{"@type":"BreadcrumbList","@id":"https:\/\/www.tsp.at\/en\/2015\/04\/16\/denk-raum-fresach-erhaelt-support-bruessels\/#breadcrumb","itemListElement":[{"@type":"ListItem","position":1,"name":"Startseite","item":"https:\/\/www.tsp.at\/en\/"},{"@type":"ListItem","position":2,"name":"Denk.Raum.Fresach erh\u00e4lt Support Br\u00fcssels"}]},{"@type":"WebSite","@id":"https:\/\/www.tsp.at\/en\/#website","url":"https:\/\/www.tsp.at\/en\/","name":"Temmel | Seywald - Corporate Communications","description":"Kommunikation ist Beziehungsarbeit","publisher":{"@id":"https:\/\/www.tsp.at\/en\/#organization"},"potentialAction":[{"@type":"SearchAction","target":{"@type":"EntryPoint","urlTemplate":"https:\/\/www.tsp.at\/en\/?s={search_term_string}"},"query-input":{"@type":"PropertyValueSpecification","valueRequired":true,"valueName":"search_term_string"}}],"inLanguage":"en-US"},{"@type":"Organization","@id":"https:\/\/www.tsp.at\/en\/#organization","name":"Temmel, Seywald & Partner Communications GesmbH","alternateName":"TSP","url":"https:\/\/www.tsp.at\/en\/","logo":{"@type":"ImageObject","inLanguage":"en-US","@id":"https:\/\/www.tsp.at\/en\/#\/schema\/logo\/image\/","url":"https:\/\/www.tsp.at\/wp-content\/uploads\/2025\/10\/favicontsp.png","contentUrl":"https:\/\/www.tsp.at\/wp-content\/uploads\/2025\/10\/favicontsp.png","width":125,"height":125,"caption":"Temmel, Seywald & Partner Communications GesmbH"},"image":{"@id":"https:\/\/www.tsp.at\/en\/#\/schema\/logo\/image\/"},"sameAs":["https:\/\/www.facebook.com\/TemmelSeywald"]},{"@type":"Person","@id":"https:\/\/www.tsp.at\/en\/#\/schema\/person\/1ba5600c29da17b902b0925cea567f8a","name":"TSP Redaktion"}]}},"_links":{"self":[{"href":"https:\/\/www.tsp.at\/en\/wp-json\/wp\/v2\/posts\/10410","targetHints":{"allow":["GET"]}}],"collection":[{"href":"https:\/\/www.tsp.at\/en\/wp-json\/wp\/v2\/posts"}],"about":[{"href":"https:\/\/www.tsp.at\/en\/wp-json\/wp\/v2\/types\/post"}],"author":[{"embeddable":true,"href":"https:\/\/www.tsp.at\/en\/wp-json\/wp\/v2\/users\/2"}],"replies":[{"embeddable":true,"href":"https:\/\/www.tsp.at\/en\/wp-json\/wp\/v2\/comments?post=10410"}],"version-history":[{"count":1,"href":"https:\/\/www.tsp.at\/en\/wp-json\/wp\/v2\/posts\/10410\/revisions"}],"predecessor-version":[{"id":11615,"href":"https:\/\/www.tsp.at\/en\/wp-json\/wp\/v2\/posts\/10410\/revisions\/11615"}],"wp:featuredmedia":[{"embeddable":true,"href":"https:\/\/www.tsp.at\/en\/wp-json\/wp\/v2\/media\/10409"}],"wp:attachment":[{"href":"https:\/\/www.tsp.at\/en\/wp-json\/wp\/v2\/media?parent=10410"}],"wp:term":[{"taxonomy":"category","embeddable":true,"href":"https:\/\/www.tsp.at\/en\/wp-json\/wp\/v2\/categories?post=10410"},{"taxonomy":"post_tag","embeddable":true,"href":"https:\/\/www.tsp.at\/en\/wp-json\/wp\/v2\/tags?post=10410"}],"curies":[{"name":"wp","href":"https:\/\/api.w.org\/{rel}","templated":true}]}}