{"id":10428,"date":"2015-03-03T08:52:00","date_gmt":"2015-03-03T07:52:00","guid":{"rendered":"https:\/\/staging.tsp.at\/2015\/03\/03\/oesterreichern-ist-persoenliche-vorsorge-egal\/"},"modified":"2025-10-21T14:58:38","modified_gmt":"2025-10-21T12:58:38","slug":"oesterreichern-ist-persoenliche-vorsorge-egal","status":"publish","type":"post","link":"https:\/\/www.tsp.at\/en\/2015\/03\/03\/oesterreichern-ist-persoenliche-vorsorge-egal\/","title":{"rendered":"\u00d6sterreichern ist pers\u00f6nliche Vorsorge egal"},"content":{"rendered":"<article class=\"item\">\n<h2><strong>\u00d6VM: Sachwerte werden oft besser abgesichert als eigene Person <\/strong><\/h2>\n<p>03.03.2015<\/p>\n<\/p>\n<\/p>\n<\/p>\n<\/p>\n<\/p>\n<p>Wien \u2013 \u00d6sterreichs Versicherungsmakler schlagen Alarm. Sachwerte w\u00fcrden oft viel besser abgesichert als die eigene Person. So schlie\u00dft beinahe jeder eine Kaskoversicherung f\u00fcr sein Auto ab, aber eine Kaskoversicherung f\u00fcr sich selbst kaum. Dabei w\u00e4ren eine Unfallversicherung, eine Berufsunf\u00e4higkeitsversicherung oder die Ablebensversicherung zur Hinterbliebenenvorsorge im Todesfall eigentlich die wichtigsten Ma\u00dfnahmen zur Absicherung des Lebensstandards, erkl\u00e4rt Alexander Punzl, Pr\u00e4sident des \u00d6sterreichischen Versicherungsmaklerrings \u00d6VM <a href=\"http:\/\/oevm.at\" target=\"_blank\">http:\/\/oevm.at<\/a>, im pressetext-Gespr\u00e4ch. Zusatzkrankenversicherungen bezeichnet er hingegen als &#8220;echten Luxus&#8221;, da jeder \u00d6sterreicher ja eine gesetzliche Grundversorgung habe.\n<\/p>\n<p>Hauptgr\u00fcnde f\u00fcr die noch eher schwache Nachfrage nach Berufsunf\u00e4higkeitsversicherungen ist laut Punzl, dass diese f\u00e4lschlicherweise als &#8220;zu kompliziert und zu teuer&#8221; gelten und die Menschen sich nach wie vor auf den Staat und die \u00f6ffentlichen Sicherungssysteme verlassen. Bei Besserverdienern, Freiberuflern, Unternehmern und im Management sei dies allerdings riskant, warnt der Experte &#8211; vor allem dann, wenn die betroffene Person Alleinverdiener ist und im Ernstfall seine ganze Familie darunter leiden muss, wenn er nicht ausreichend abgesichert ist. Eine ordentliche Unfallversicherung f\u00fcr Beruf und Freizeit (ab etwa 240 Euro pro Jahr) k\u00f6nne sich hingegen jeder leisten.\n<\/p>\n<p><strong>Perfektes Deckungskonzept<\/strong> <\/p>\n<p>Ein anderes Problem sieht der Experte darin, dass bei bestehenden Versicherungen wichtige Deckungen oft schlicht fehlen oder die angebotenen Versicherungssummen unzureichend sind. So kann sich der Versicherungsschutz f\u00fcr vollj\u00e4hrig gewordene Kinder in einer Familienunfallversicherung empfindlich reduzieren oder in einer Privathaftpflichtversicherung automatisch von einem Tag auf den anderen ganz entfallen, ohne dass der Kunde informiert wird. &#8220;Das steht nur im Kleingedruckten&#8221;, so Punzl.\n<\/p>\n<p>Dass aus Pr\u00e4miengr\u00fcnden oft auch ganz bewusst eine Unterversicherung in Kauf genommen wird, nennt er einen &#8220;Fehler&#8221;. Auch vor dem Abschluss einer Rechtsschutzversicherung sollte eine professionelle Risiko- und Bedarfsanalyse gemacht werden, bevor das &#8220;perfekte Deckungskonzept&#8221; erstellt werden kann. &#8220;Dann gibt es auch garantierte Hilfe im Schadensfall.&#8221;\n<\/p>\n<p>Pr\u00e4mieneinsparungen \u00fcber K\u00fcrzungen von Versicherungssummen sind laut Punzl grundlegend abzulehnen und r\u00e4chen sich im Schadensfall empfindlich. Auch Kombiangebote sind nicht wirklich sinnvoll. Denn es gibt Versicherer, die bessere Unfallversicherungsprodukte anbieten, andere wiederum sind im Bereich Rechtsschutz oder Haushalt besser. Bei Kombiprodukten gibt es zwar oft sehr g\u00fcnstige Pr\u00e4mien, der individuelle Bedarf wird aber zumeist nicht ausreichend abgedeckt. Individuelle, versicherer\u00fcbergreifende Gesamtl\u00f6sungen k\u00f6nnen nur \u00fcber Versicherungsmakler bezogen werden, die letztendlich den besten und unabh\u00e4ngigen \u00dcberblick haben, sagt Punzl.\n<\/p>\n<p>Das gilt auch f\u00fcr Online-Abschl\u00fcsse. Diese seien nur in beratungsarmen Versicherungsbereichen sinnvoll &#8211; wie etwa bei Reise- oder Kfz-Haftpflichtversicherungen. Abgesehen davon, steht der Privatperson niemand hilfreich zur Seite, wenn es wirklich zu einem Schaden kommt, warnt der Experte. Punzls Empfehlung: Da kein Versicherer derzeit alle wichtigen Produkte ma\u00dfgeschneidert im Paket anbietet, sollte ein konzessionierter Versicherungsmakler zu Rate gezogen werden. Bei der Suche nach dem geeigneten Makler hilft das Wirtschaftsministerium online unter <a href=\"http:\/\/versicherungsvermittler.brz.gv.at\" target=\"_blank\">http:\/\/versicherungsvermittler.brz.gv.at<\/a> .\n<\/p>\n<p><strong>Diese Versicherungen sollte jeder haben<\/strong> <\/p>\n<p><strong>1. Unfallversicherung:<\/strong> Sie zahlt einen Fixbetrag, wenn Dauerfolgen bleiben (abh\u00e4ngig vom Prozentsatz der dauernden Invalidit\u00e4t). Es kann auch eine Summe vereinbart werden, die im Falle eines Unfalltodes bezahlt wird. Zus\u00e4tzlich sollten auch sogenannte &#8220;Unfallkosten&#8221; mitversichert werden. Hier sind dann Heilkosten, Bergungskosten (zum Beispiel Hubschrauberbergung) oder auch kosmetische Operationen (die aufgrund des Unfalles notwendig werden) mitversichert.\n<\/p>\n<p><strong>2. Berufsunf\u00e4higkeitsversicherung:<\/strong> Sie leistet die vertraglich vereinbarte monatliche Rente, wenn man seinen zuletzt ausge\u00fcbten Beruf zu mindestens 50 Prozent nicht mehr aus\u00fcben kann. Die Berufsunf\u00e4higkeitsversicherung leistet nicht nur nach einem Unfall, sondern auch bei Berufsunf\u00e4higkeit infolge Krankheit. Das hei\u00dft, sie ist die Versicherung f\u00fcr die Absicherung der eigenen Arbeitskraft.\n<\/p>\n<p><strong>3. Privathaftpflichtversicherung:<\/strong> Sie ist in den meisten F\u00e4llen in einer Haushaltversicherung automatisch inkludiert. Diese Versicherung \u00fcbernimmt s\u00e4mtliche Schadenersatzanspr\u00fcche von Gesch\u00e4digten. Nicht zu untersch\u00e4tzen: Sie wehrt auch ungerechtfertigte Schadenersatzforderungen ab. Zu achten ist auf eine ausreichend hohe Versicherungssumme (zumindest drei Mio. Euro).\n<\/p>\n<p><strong>4. Rechtsschutzversicherung:<\/strong> Sie hilft dem Versicherten, eigene Schadenersatzanspr\u00fcche (beispielsweise Schmerzensgeld, Verdienstentgang) beim Unfallverursacher einzufordern, indem sie Anwalts- und Gerichtskosten \u00fcbernimmt und so das Prozesskostenrisiko reduziert.\n<\/p>\n<p><strong>5. Hinterbliebenenvorsorge:<\/strong> F\u00fcr den Todesfall eines alleinverdienenden Familienvaters oder der alleinerziehenden Mutter sollte eine ausreichend hohe Ablebensversicherung als \u00dcberbr\u00fcckung, Sicherung von Ausbildungskosten, Kreditbesicherung abgeschlossen werden.<\/p>\n<\/article>\n","protected":false},"excerpt":{"rendered":"<p>\u00d6VM: Sachwerte werden oft besser abgesichert als eigene Person 03.03.2015 Wien \u2013 \u00d6sterreichs Versicherungsmakler schlagen Alarm. Sachwerte w\u00fcrden oft viel besser abgesichert als die eigene Person. So schlie\u00dft beinahe jeder eine Kaskoversicherung f\u00fcr sein Auto ab, aber eine Kaskoversicherung f\u00fcr sich selbst kaum. Dabei w\u00e4ren eine Unfallversicherung, eine Berufsunf\u00e4higkeitsversicherung oder die Ablebensversicherung zur Hinterbliebenenvorsorge im&hellip;<\/p>\n","protected":false},"author":2,"featured_media":10427,"comment_status":"closed","ping_status":"closed","sticky":false,"template":"","format":"standard","meta":{"footnotes":""},"categories":[3],"tags":[],"class_list":["post-10428","post","type-post","status-publish","format-standard","has-post-thumbnail","hentry","category-news","category-3","description-off"],"yoast_head":"<!-- This site is optimized with the Yoast SEO plugin v26.3 - https:\/\/yoast.com\/wordpress\/plugins\/seo\/ -->\n<title>\u00d6sterreichern ist pers\u00f6nliche Vorsorge egal - Temmel | Seywald - Corporate Communications<\/title>\n<meta name=\"robots\" content=\"index, follow, max-snippet:-1, max-image-preview:large, max-video-preview:-1\" \/>\n<link rel=\"canonical\" href=\"https:\/\/www.tsp.at\/en\/2015\/03\/03\/oesterreichern-ist-persoenliche-vorsorge-egal\/\" \/>\n<meta property=\"og:locale\" content=\"en_US\" \/>\n<meta property=\"og:type\" content=\"article\" \/>\n<meta property=\"og:title\" content=\"\u00d6sterreichern ist pers\u00f6nliche Vorsorge egal - Temmel | Seywald - Corporate Communications\" \/>\n<meta property=\"og:description\" content=\"\u00d6VM: Sachwerte werden oft besser abgesichert als eigene Person 03.03.2015 Wien \u2013 \u00d6sterreichs Versicherungsmakler schlagen Alarm. Sachwerte w\u00fcrden oft viel besser abgesichert als die eigene Person. So schlie\u00dft beinahe jeder eine Kaskoversicherung f\u00fcr sein Auto ab, aber eine Kaskoversicherung f\u00fcr sich selbst kaum. Dabei w\u00e4ren eine Unfallversicherung, eine Berufsunf\u00e4higkeitsversicherung oder die Ablebensversicherung zur Hinterbliebenenvorsorge im&hellip;\" \/>\n<meta property=\"og:url\" content=\"https:\/\/www.tsp.at\/en\/2015\/03\/03\/oesterreichern-ist-persoenliche-vorsorge-egal\/\" \/>\n<meta property=\"og:site_name\" content=\"Temmel | Seywald - Corporate Communications\" \/>\n<meta property=\"article:publisher\" content=\"https:\/\/www.facebook.com\/TemmelSeywald\" \/>\n<meta property=\"article:published_time\" content=\"2015-03-03T07:52:00+00:00\" \/>\n<meta property=\"article:modified_time\" content=\"2025-10-21T12:58:38+00:00\" \/>\n<meta property=\"og:image\" content=\"https:\/\/www.tsp.at\/wp-content\/uploads\/2025\/10\/sceneline_164090-scaled.jpg\" \/>\n\t<meta property=\"og:image:width\" content=\"2560\" \/>\n\t<meta property=\"og:image:height\" content=\"1707\" \/>\n\t<meta property=\"og:image:type\" content=\"image\/jpeg\" \/>\n<meta name=\"author\" content=\"TSP Redaktion\" \/>\n<meta name=\"twitter:card\" content=\"summary_large_image\" \/>\n<meta name=\"twitter:label1\" content=\"Written by\" \/>\n\t<meta name=\"twitter:data1\" content=\"TSP Redaktion\" \/>\n\t<meta name=\"twitter:label2\" content=\"Est. reading time\" \/>\n\t<meta name=\"twitter:data2\" content=\"4 minutes\" \/>\n<script type=\"application\/ld+json\" class=\"yoast-schema-graph\">{\"@context\":\"https:\/\/schema.org\",\"@graph\":[{\"@type\":\"Article\",\"@id\":\"https:\/\/www.tsp.at\/en\/2015\/03\/03\/oesterreichern-ist-persoenliche-vorsorge-egal\/#article\",\"isPartOf\":{\"@id\":\"https:\/\/www.tsp.at\/en\/2015\/03\/03\/oesterreichern-ist-persoenliche-vorsorge-egal\/\"},\"author\":{\"name\":\"TSP Redaktion\",\"@id\":\"https:\/\/www.tsp.at\/en\/#\/schema\/person\/1ba5600c29da17b902b0925cea567f8a\"},\"headline\":\"\u00d6sterreichern ist pers\u00f6nliche Vorsorge egal\",\"datePublished\":\"2015-03-03T07:52:00+00:00\",\"dateModified\":\"2025-10-21T12:58:38+00:00\",\"mainEntityOfPage\":{\"@id\":\"https:\/\/www.tsp.at\/en\/2015\/03\/03\/oesterreichern-ist-persoenliche-vorsorge-egal\/\"},\"wordCount\":695,\"publisher\":{\"@id\":\"https:\/\/www.tsp.at\/en\/#organization\"},\"image\":{\"@id\":\"https:\/\/www.tsp.at\/en\/2015\/03\/03\/oesterreichern-ist-persoenliche-vorsorge-egal\/#primaryimage\"},\"thumbnailUrl\":\"https:\/\/www.tsp.at\/wp-content\/uploads\/2025\/10\/sceneline_164090-scaled.jpg\",\"articleSection\":[\"News\"],\"inLanguage\":\"en-US\"},{\"@type\":\"WebPage\",\"@id\":\"https:\/\/www.tsp.at\/en\/2015\/03\/03\/oesterreichern-ist-persoenliche-vorsorge-egal\/\",\"url\":\"https:\/\/www.tsp.at\/en\/2015\/03\/03\/oesterreichern-ist-persoenliche-vorsorge-egal\/\",\"name\":\"\u00d6sterreichern ist pers\u00f6nliche Vorsorge egal - Temmel | Seywald - Corporate Communications\",\"isPartOf\":{\"@id\":\"https:\/\/www.tsp.at\/en\/#website\"},\"primaryImageOfPage\":{\"@id\":\"https:\/\/www.tsp.at\/en\/2015\/03\/03\/oesterreichern-ist-persoenliche-vorsorge-egal\/#primaryimage\"},\"image\":{\"@id\":\"https:\/\/www.tsp.at\/en\/2015\/03\/03\/oesterreichern-ist-persoenliche-vorsorge-egal\/#primaryimage\"},\"thumbnailUrl\":\"https:\/\/www.tsp.at\/wp-content\/uploads\/2025\/10\/sceneline_164090-scaled.jpg\",\"datePublished\":\"2015-03-03T07:52:00+00:00\",\"dateModified\":\"2025-10-21T12:58:38+00:00\",\"breadcrumb\":{\"@id\":\"https:\/\/www.tsp.at\/en\/2015\/03\/03\/oesterreichern-ist-persoenliche-vorsorge-egal\/#breadcrumb\"},\"inLanguage\":\"en-US\",\"potentialAction\":[{\"@type\":\"ReadAction\",\"target\":[\"https:\/\/www.tsp.at\/en\/2015\/03\/03\/oesterreichern-ist-persoenliche-vorsorge-egal\/\"]}]},{\"@type\":\"ImageObject\",\"inLanguage\":\"en-US\",\"@id\":\"https:\/\/www.tsp.at\/en\/2015\/03\/03\/oesterreichern-ist-persoenliche-vorsorge-egal\/#primaryimage\",\"url\":\"https:\/\/www.tsp.at\/wp-content\/uploads\/2025\/10\/sceneline_164090-scaled.jpg\",\"contentUrl\":\"https:\/\/www.tsp.at\/wp-content\/uploads\/2025\/10\/sceneline_164090-scaled.jpg\",\"width\":2560,\"height\":1707},{\"@type\":\"BreadcrumbList\",\"@id\":\"https:\/\/www.tsp.at\/en\/2015\/03\/03\/oesterreichern-ist-persoenliche-vorsorge-egal\/#breadcrumb\",\"itemListElement\":[{\"@type\":\"ListItem\",\"position\":1,\"name\":\"Startseite\",\"item\":\"https:\/\/www.tsp.at\/en\/\"},{\"@type\":\"ListItem\",\"position\":2,\"name\":\"\u00d6sterreichern ist pers\u00f6nliche Vorsorge egal\"}]},{\"@type\":\"WebSite\",\"@id\":\"https:\/\/www.tsp.at\/en\/#website\",\"url\":\"https:\/\/www.tsp.at\/en\/\",\"name\":\"Temmel | Seywald - Corporate Communications\",\"description\":\"Kommunikation ist Beziehungsarbeit\",\"publisher\":{\"@id\":\"https:\/\/www.tsp.at\/en\/#organization\"},\"potentialAction\":[{\"@type\":\"SearchAction\",\"target\":{\"@type\":\"EntryPoint\",\"urlTemplate\":\"https:\/\/www.tsp.at\/en\/?s={search_term_string}\"},\"query-input\":{\"@type\":\"PropertyValueSpecification\",\"valueRequired\":true,\"valueName\":\"search_term_string\"}}],\"inLanguage\":\"en-US\"},{\"@type\":\"Organization\",\"@id\":\"https:\/\/www.tsp.at\/en\/#organization\",\"name\":\"Temmel, Seywald & Partner Communications GesmbH\",\"alternateName\":\"TSP\",\"url\":\"https:\/\/www.tsp.at\/en\/\",\"logo\":{\"@type\":\"ImageObject\",\"inLanguage\":\"en-US\",\"@id\":\"https:\/\/www.tsp.at\/en\/#\/schema\/logo\/image\/\",\"url\":\"https:\/\/www.tsp.at\/wp-content\/uploads\/2025\/10\/favicontsp.png\",\"contentUrl\":\"https:\/\/www.tsp.at\/wp-content\/uploads\/2025\/10\/favicontsp.png\",\"width\":125,\"height\":125,\"caption\":\"Temmel, Seywald & Partner Communications GesmbH\"},\"image\":{\"@id\":\"https:\/\/www.tsp.at\/en\/#\/schema\/logo\/image\/\"},\"sameAs\":[\"https:\/\/www.facebook.com\/TemmelSeywald\"]},{\"@type\":\"Person\",\"@id\":\"https:\/\/www.tsp.at\/en\/#\/schema\/person\/1ba5600c29da17b902b0925cea567f8a\",\"name\":\"TSP Redaktion\"}]}<\/script>\n<!-- \/ Yoast SEO plugin. -->","yoast_head_json":{"title":"\u00d6sterreichern ist pers\u00f6nliche Vorsorge egal - Temmel | Seywald - Corporate Communications","robots":{"index":"index","follow":"follow","max-snippet":"max-snippet:-1","max-image-preview":"max-image-preview:large","max-video-preview":"max-video-preview:-1"},"canonical":"https:\/\/www.tsp.at\/en\/2015\/03\/03\/oesterreichern-ist-persoenliche-vorsorge-egal\/","og_locale":"en_US","og_type":"article","og_title":"\u00d6sterreichern ist pers\u00f6nliche Vorsorge egal - Temmel | Seywald - Corporate Communications","og_description":"\u00d6VM: Sachwerte werden oft besser abgesichert als eigene Person 03.03.2015 Wien \u2013 \u00d6sterreichs Versicherungsmakler schlagen Alarm. Sachwerte w\u00fcrden oft viel besser abgesichert als die eigene Person. So schlie\u00dft beinahe jeder eine Kaskoversicherung f\u00fcr sein Auto ab, aber eine Kaskoversicherung f\u00fcr sich selbst kaum. Dabei w\u00e4ren eine Unfallversicherung, eine Berufsunf\u00e4higkeitsversicherung oder die Ablebensversicherung zur Hinterbliebenenvorsorge im&hellip;","og_url":"https:\/\/www.tsp.at\/en\/2015\/03\/03\/oesterreichern-ist-persoenliche-vorsorge-egal\/","og_site_name":"Temmel | Seywald - Corporate Communications","article_publisher":"https:\/\/www.facebook.com\/TemmelSeywald","article_published_time":"2015-03-03T07:52:00+00:00","article_modified_time":"2025-10-21T12:58:38+00:00","og_image":[{"width":2560,"height":1707,"url":"https:\/\/www.tsp.at\/wp-content\/uploads\/2025\/10\/sceneline_164090-scaled.jpg","type":"image\/jpeg"}],"author":"TSP Redaktion","twitter_card":"summary_large_image","twitter_misc":{"Written by":"TSP Redaktion","Est. reading time":"4 minutes"},"schema":{"@context":"https:\/\/schema.org","@graph":[{"@type":"Article","@id":"https:\/\/www.tsp.at\/en\/2015\/03\/03\/oesterreichern-ist-persoenliche-vorsorge-egal\/#article","isPartOf":{"@id":"https:\/\/www.tsp.at\/en\/2015\/03\/03\/oesterreichern-ist-persoenliche-vorsorge-egal\/"},"author":{"name":"TSP Redaktion","@id":"https:\/\/www.tsp.at\/en\/#\/schema\/person\/1ba5600c29da17b902b0925cea567f8a"},"headline":"\u00d6sterreichern ist pers\u00f6nliche Vorsorge egal","datePublished":"2015-03-03T07:52:00+00:00","dateModified":"2025-10-21T12:58:38+00:00","mainEntityOfPage":{"@id":"https:\/\/www.tsp.at\/en\/2015\/03\/03\/oesterreichern-ist-persoenliche-vorsorge-egal\/"},"wordCount":695,"publisher":{"@id":"https:\/\/www.tsp.at\/en\/#organization"},"image":{"@id":"https:\/\/www.tsp.at\/en\/2015\/03\/03\/oesterreichern-ist-persoenliche-vorsorge-egal\/#primaryimage"},"thumbnailUrl":"https:\/\/www.tsp.at\/wp-content\/uploads\/2025\/10\/sceneline_164090-scaled.jpg","articleSection":["News"],"inLanguage":"en-US"},{"@type":"WebPage","@id":"https:\/\/www.tsp.at\/en\/2015\/03\/03\/oesterreichern-ist-persoenliche-vorsorge-egal\/","url":"https:\/\/www.tsp.at\/en\/2015\/03\/03\/oesterreichern-ist-persoenliche-vorsorge-egal\/","name":"\u00d6sterreichern ist pers\u00f6nliche Vorsorge egal - Temmel | Seywald - Corporate Communications","isPartOf":{"@id":"https:\/\/www.tsp.at\/en\/#website"},"primaryImageOfPage":{"@id":"https:\/\/www.tsp.at\/en\/2015\/03\/03\/oesterreichern-ist-persoenliche-vorsorge-egal\/#primaryimage"},"image":{"@id":"https:\/\/www.tsp.at\/en\/2015\/03\/03\/oesterreichern-ist-persoenliche-vorsorge-egal\/#primaryimage"},"thumbnailUrl":"https:\/\/www.tsp.at\/wp-content\/uploads\/2025\/10\/sceneline_164090-scaled.jpg","datePublished":"2015-03-03T07:52:00+00:00","dateModified":"2025-10-21T12:58:38+00:00","breadcrumb":{"@id":"https:\/\/www.tsp.at\/en\/2015\/03\/03\/oesterreichern-ist-persoenliche-vorsorge-egal\/#breadcrumb"},"inLanguage":"en-US","potentialAction":[{"@type":"ReadAction","target":["https:\/\/www.tsp.at\/en\/2015\/03\/03\/oesterreichern-ist-persoenliche-vorsorge-egal\/"]}]},{"@type":"ImageObject","inLanguage":"en-US","@id":"https:\/\/www.tsp.at\/en\/2015\/03\/03\/oesterreichern-ist-persoenliche-vorsorge-egal\/#primaryimage","url":"https:\/\/www.tsp.at\/wp-content\/uploads\/2025\/10\/sceneline_164090-scaled.jpg","contentUrl":"https:\/\/www.tsp.at\/wp-content\/uploads\/2025\/10\/sceneline_164090-scaled.jpg","width":2560,"height":1707},{"@type":"BreadcrumbList","@id":"https:\/\/www.tsp.at\/en\/2015\/03\/03\/oesterreichern-ist-persoenliche-vorsorge-egal\/#breadcrumb","itemListElement":[{"@type":"ListItem","position":1,"name":"Startseite","item":"https:\/\/www.tsp.at\/en\/"},{"@type":"ListItem","position":2,"name":"\u00d6sterreichern ist pers\u00f6nliche Vorsorge egal"}]},{"@type":"WebSite","@id":"https:\/\/www.tsp.at\/en\/#website","url":"https:\/\/www.tsp.at\/en\/","name":"Temmel | Seywald - Corporate Communications","description":"Kommunikation ist Beziehungsarbeit","publisher":{"@id":"https:\/\/www.tsp.at\/en\/#organization"},"potentialAction":[{"@type":"SearchAction","target":{"@type":"EntryPoint","urlTemplate":"https:\/\/www.tsp.at\/en\/?s={search_term_string}"},"query-input":{"@type":"PropertyValueSpecification","valueRequired":true,"valueName":"search_term_string"}}],"inLanguage":"en-US"},{"@type":"Organization","@id":"https:\/\/www.tsp.at\/en\/#organization","name":"Temmel, Seywald & Partner Communications GesmbH","alternateName":"TSP","url":"https:\/\/www.tsp.at\/en\/","logo":{"@type":"ImageObject","inLanguage":"en-US","@id":"https:\/\/www.tsp.at\/en\/#\/schema\/logo\/image\/","url":"https:\/\/www.tsp.at\/wp-content\/uploads\/2025\/10\/favicontsp.png","contentUrl":"https:\/\/www.tsp.at\/wp-content\/uploads\/2025\/10\/favicontsp.png","width":125,"height":125,"caption":"Temmel, Seywald & Partner Communications GesmbH"},"image":{"@id":"https:\/\/www.tsp.at\/en\/#\/schema\/logo\/image\/"},"sameAs":["https:\/\/www.facebook.com\/TemmelSeywald"]},{"@type":"Person","@id":"https:\/\/www.tsp.at\/en\/#\/schema\/person\/1ba5600c29da17b902b0925cea567f8a","name":"TSP Redaktion"}]}},"_links":{"self":[{"href":"https:\/\/www.tsp.at\/en\/wp-json\/wp\/v2\/posts\/10428","targetHints":{"allow":["GET"]}}],"collection":[{"href":"https:\/\/www.tsp.at\/en\/wp-json\/wp\/v2\/posts"}],"about":[{"href":"https:\/\/www.tsp.at\/en\/wp-json\/wp\/v2\/types\/post"}],"author":[{"embeddable":true,"href":"https:\/\/www.tsp.at\/en\/wp-json\/wp\/v2\/users\/2"}],"replies":[{"embeddable":true,"href":"https:\/\/www.tsp.at\/en\/wp-json\/wp\/v2\/comments?post=10428"}],"version-history":[{"count":1,"href":"https:\/\/www.tsp.at\/en\/wp-json\/wp\/v2\/posts\/10428\/revisions"}],"predecessor-version":[{"id":11624,"href":"https:\/\/www.tsp.at\/en\/wp-json\/wp\/v2\/posts\/10428\/revisions\/11624"}],"wp:featuredmedia":[{"embeddable":true,"href":"https:\/\/www.tsp.at\/en\/wp-json\/wp\/v2\/media\/10427"}],"wp:attachment":[{"href":"https:\/\/www.tsp.at\/en\/wp-json\/wp\/v2\/media?parent=10428"}],"wp:term":[{"taxonomy":"category","embeddable":true,"href":"https:\/\/www.tsp.at\/en\/wp-json\/wp\/v2\/categories?post=10428"},{"taxonomy":"post_tag","embeddable":true,"href":"https:\/\/www.tsp.at\/en\/wp-json\/wp\/v2\/tags?post=10428"}],"curies":[{"name":"wp","href":"https:\/\/api.w.org\/{rel}","templated":true}]}}