{"id":10430,"date":"2015-02-22T11:34:00","date_gmt":"2015-02-22T10:34:00","guid":{"rendered":"https:\/\/staging.tsp.at\/2015\/02\/22\/happy-monday-mit-wilfried-seywald\/"},"modified":"2025-10-21T14:58:38","modified_gmt":"2025-10-21T12:58:38","slug":"happy-monday-mit-wilfried-seywald","status":"publish","type":"post","link":"https:\/\/www.tsp.at\/en\/2015\/02\/22\/happy-monday-mit-wilfried-seywald\/","title":{"rendered":"Happy Monday mit Wilfried Seywald"},"content":{"rendered":"<article class=\"item\">\n<h2><strong>PR-Sprechstunde f\u00fcr alle Krisen- und Notf\u00e4lle<\/strong><\/h2>\n<p>22.02.2015<\/p>\n<\/p>\n<\/p>\n<\/p>\n<\/p>\n<\/p>\n<p>Wien \u2013 <strong>Immer wieder mal kommt es vor, dass man in seinem Gesch\u00e4ft nicht mehr weiter kommt oder die Ideen ausgehen. Immer wieder passiert es aber auch, dass man als Unternehmen &#8211; oft v\u00f6llig unverschuldet &#8211; in eine kritische Situation kommt und auf dem &#8220;Schlachtfeld&#8221; der Medien vorgef\u00fchrt wird. Immer dann, wenn man sich nicht mehr zu helfen wei\u00df, braucht es unabh\u00e4ngigen, objektiven Beistand &#8211; vor allem in der so sensiblen Kommunikation mit der \u00d6ffentlichkeit.<\/strong> <\/p>\n<p>PR-Profi Wilfried Seywald, seit \u00fcber drei Jahrzehnten im Medienbusiness versiert und gut vernetzt, steht ab sofort jeden Montag von 8 bis 9 Uhr f\u00fcr Einzelgespr\u00e4che zur Verf\u00fcgung. Hier k\u00f6nnen Sie sich unabh\u00e4ngigen Rat holen, offen und ohne R\u00fccksichten Fragen stellen. Sie m\u00fcssen lediglich so fair sein, auch Ihre Karten auf den Tisch zu legen und sagen, wo der Schuh dr\u00fcckt, und was Ihnen einfach nicht gelingen will. Buchen Sie jetzt diese eine PR-Sprechstunde (p\u00fcnktlich) und profitieren Sie ein ganzes Jahr. V\u00f6llig kostenlos und unverbindlich \u2013 gut vorbereitet von Profi zu Profi.<\/p>\n<p>Der Ablauf der PR-Sprechstunde \u2013 wir nennen ihn Happy Monday \u2013 ist standardisiert und durchstrukturiert. Sie liefern schon bei der Anmeldung ein kurzes Briefing, was und wor\u00fcber Sie sprechen m\u00f6chten, und wir bereiten den Termin gr\u00fcndlich vor. Das Gespr\u00e4ch wird \u00fcber Skype oder Telefon gef\u00fchrt, p\u00fcnktlich begonnen und abgeschlossen. Optional sind auch pers\u00f6nliche Termine in Wien, Z\u00fcrich oder Berlin m\u00f6glich. Melden Sie sich gleich an via E-Mail: seywald@tsp.at oder auf <a href=\"http:\/\/www.pressetext.com\/workshops\/sprechstunde\" target=\"_blank\">http:\/\/www.pressetext.com\/workshops\/sprechstunde<\/a><\/p>\n<\/article>\n","protected":false},"excerpt":{"rendered":"<p>PR-Sprechstunde f\u00fcr alle Krisen- und Notf\u00e4lle 22.02.2015 Wien \u2013 Immer wieder mal kommt es vor, dass man in seinem Gesch\u00e4ft nicht mehr weiter kommt oder die Ideen ausgehen. Immer wieder passiert es aber auch, dass man als Unternehmen &#8211; oft v\u00f6llig unverschuldet &#8211; in eine kritische Situation kommt und auf dem &#8220;Schlachtfeld&#8221; der Medien vorgef\u00fchrt&hellip;<\/p>\n","protected":false},"author":2,"featured_media":10429,"comment_status":"closed","ping_status":"closed","sticky":false,"template":"","format":"standard","meta":{"footnotes":""},"categories":[3],"tags":[],"class_list":["post-10430","post","type-post","status-publish","format-standard","has-post-thumbnail","hentry","category-news","category-3","description-off"],"yoast_head":"<!-- This site is optimized with the Yoast SEO plugin v26.3 - https:\/\/yoast.com\/wordpress\/plugins\/seo\/ -->\n<title>Happy Monday mit Wilfried Seywald - Temmel | Seywald - Corporate Communications<\/title>\n<meta name=\"robots\" content=\"index, follow, max-snippet:-1, max-image-preview:large, max-video-preview:-1\" \/>\n<link rel=\"canonical\" href=\"https:\/\/www.tsp.at\/en\/2015\/02\/22\/happy-monday-mit-wilfried-seywald\/\" \/>\n<meta property=\"og:locale\" content=\"en_US\" \/>\n<meta property=\"og:type\" content=\"article\" \/>\n<meta property=\"og:title\" content=\"Happy Monday mit Wilfried Seywald - Temmel | Seywald - Corporate Communications\" \/>\n<meta property=\"og:description\" content=\"PR-Sprechstunde f\u00fcr alle Krisen- und Notf\u00e4lle 22.02.2015 Wien \u2013 Immer wieder mal kommt es vor, dass man in seinem Gesch\u00e4ft nicht mehr weiter kommt oder die Ideen ausgehen. Immer wieder passiert es aber auch, dass man als Unternehmen &#8211; oft v\u00f6llig unverschuldet &#8211; in eine kritische Situation kommt und auf dem &#8220;Schlachtfeld&#8221; der Medien vorgef\u00fchrt&hellip;\" \/>\n<meta property=\"og:url\" content=\"https:\/\/www.tsp.at\/en\/2015\/02\/22\/happy-monday-mit-wilfried-seywald\/\" \/>\n<meta property=\"og:site_name\" content=\"Temmel | Seywald - Corporate Communications\" \/>\n<meta property=\"article:publisher\" content=\"https:\/\/www.facebook.com\/TemmelSeywald\" \/>\n<meta property=\"article:published_time\" content=\"2015-02-22T10:34:00+00:00\" \/>\n<meta property=\"article:modified_time\" content=\"2025-10-21T12:58:38+00:00\" \/>\n<meta property=\"og:image\" content=\"https:\/\/www.tsp.at\/wp-content\/uploads\/2025\/10\/0570Mikes-scaled.jpg\" \/>\n\t<meta property=\"og:image:width\" content=\"2560\" \/>\n\t<meta property=\"og:image:height\" content=\"1706\" \/>\n\t<meta property=\"og:image:type\" content=\"image\/jpeg\" \/>\n<meta name=\"author\" content=\"TSP Redaktion\" \/>\n<meta name=\"twitter:card\" content=\"summary_large_image\" \/>\n<meta name=\"twitter:label1\" content=\"Written by\" \/>\n\t<meta name=\"twitter:data1\" content=\"TSP Redaktion\" \/>\n\t<meta name=\"twitter:label2\" content=\"Est. reading time\" \/>\n\t<meta name=\"twitter:data2\" content=\"2 minutes\" \/>\n<script type=\"application\/ld+json\" class=\"yoast-schema-graph\">{\"@context\":\"https:\/\/schema.org\",\"@graph\":[{\"@type\":\"Article\",\"@id\":\"https:\/\/www.tsp.at\/en\/2015\/02\/22\/happy-monday-mit-wilfried-seywald\/#article\",\"isPartOf\":{\"@id\":\"https:\/\/www.tsp.at\/en\/2015\/02\/22\/happy-monday-mit-wilfried-seywald\/\"},\"author\":{\"name\":\"TSP Redaktion\",\"@id\":\"https:\/\/www.tsp.at\/en\/#\/schema\/person\/1ba5600c29da17b902b0925cea567f8a\"},\"headline\":\"Happy Monday mit Wilfried Seywald\",\"datePublished\":\"2015-02-22T10:34:00+00:00\",\"dateModified\":\"2025-10-21T12:58:38+00:00\",\"mainEntityOfPage\":{\"@id\":\"https:\/\/www.tsp.at\/en\/2015\/02\/22\/happy-monday-mit-wilfried-seywald\/\"},\"wordCount\":274,\"publisher\":{\"@id\":\"https:\/\/www.tsp.at\/en\/#organization\"},\"image\":{\"@id\":\"https:\/\/www.tsp.at\/en\/2015\/02\/22\/happy-monday-mit-wilfried-seywald\/#primaryimage\"},\"thumbnailUrl\":\"https:\/\/www.tsp.at\/wp-content\/uploads\/2025\/10\/0570Mikes-scaled.jpg\",\"articleSection\":[\"News\"],\"inLanguage\":\"en-US\"},{\"@type\":\"WebPage\",\"@id\":\"https:\/\/www.tsp.at\/en\/2015\/02\/22\/happy-monday-mit-wilfried-seywald\/\",\"url\":\"https:\/\/www.tsp.at\/en\/2015\/02\/22\/happy-monday-mit-wilfried-seywald\/\",\"name\":\"Happy Monday mit Wilfried Seywald - Temmel | Seywald - Corporate Communications\",\"isPartOf\":{\"@id\":\"https:\/\/www.tsp.at\/en\/#website\"},\"primaryImageOfPage\":{\"@id\":\"https:\/\/www.tsp.at\/en\/2015\/02\/22\/happy-monday-mit-wilfried-seywald\/#primaryimage\"},\"image\":{\"@id\":\"https:\/\/www.tsp.at\/en\/2015\/02\/22\/happy-monday-mit-wilfried-seywald\/#primaryimage\"},\"thumbnailUrl\":\"https:\/\/www.tsp.at\/wp-content\/uploads\/2025\/10\/0570Mikes-scaled.jpg\",\"datePublished\":\"2015-02-22T10:34:00+00:00\",\"dateModified\":\"2025-10-21T12:58:38+00:00\",\"breadcrumb\":{\"@id\":\"https:\/\/www.tsp.at\/en\/2015\/02\/22\/happy-monday-mit-wilfried-seywald\/#breadcrumb\"},\"inLanguage\":\"en-US\",\"potentialAction\":[{\"@type\":\"ReadAction\",\"target\":[\"https:\/\/www.tsp.at\/en\/2015\/02\/22\/happy-monday-mit-wilfried-seywald\/\"]}]},{\"@type\":\"ImageObject\",\"inLanguage\":\"en-US\",\"@id\":\"https:\/\/www.tsp.at\/en\/2015\/02\/22\/happy-monday-mit-wilfried-seywald\/#primaryimage\",\"url\":\"https:\/\/www.tsp.at\/wp-content\/uploads\/2025\/10\/0570Mikes-scaled.jpg\",\"contentUrl\":\"https:\/\/www.tsp.at\/wp-content\/uploads\/2025\/10\/0570Mikes-scaled.jpg\",\"width\":2560,\"height\":1706},{\"@type\":\"BreadcrumbList\",\"@id\":\"https:\/\/www.tsp.at\/en\/2015\/02\/22\/happy-monday-mit-wilfried-seywald\/#breadcrumb\",\"itemListElement\":[{\"@type\":\"ListItem\",\"position\":1,\"name\":\"Startseite\",\"item\":\"https:\/\/www.tsp.at\/en\/\"},{\"@type\":\"ListItem\",\"position\":2,\"name\":\"Happy Monday mit Wilfried Seywald\"}]},{\"@type\":\"WebSite\",\"@id\":\"https:\/\/www.tsp.at\/en\/#website\",\"url\":\"https:\/\/www.tsp.at\/en\/\",\"name\":\"Temmel | Seywald - Corporate Communications\",\"description\":\"Kommunikation ist Beziehungsarbeit\",\"publisher\":{\"@id\":\"https:\/\/www.tsp.at\/en\/#organization\"},\"potentialAction\":[{\"@type\":\"SearchAction\",\"target\":{\"@type\":\"EntryPoint\",\"urlTemplate\":\"https:\/\/www.tsp.at\/en\/?s={search_term_string}\"},\"query-input\":{\"@type\":\"PropertyValueSpecification\",\"valueRequired\":true,\"valueName\":\"search_term_string\"}}],\"inLanguage\":\"en-US\"},{\"@type\":\"Organization\",\"@id\":\"https:\/\/www.tsp.at\/en\/#organization\",\"name\":\"Temmel, Seywald & Partner Communications GesmbH\",\"alternateName\":\"TSP\",\"url\":\"https:\/\/www.tsp.at\/en\/\",\"logo\":{\"@type\":\"ImageObject\",\"inLanguage\":\"en-US\",\"@id\":\"https:\/\/www.tsp.at\/en\/#\/schema\/logo\/image\/\",\"url\":\"https:\/\/www.tsp.at\/wp-content\/uploads\/2025\/10\/favicontsp.png\",\"contentUrl\":\"https:\/\/www.tsp.at\/wp-content\/uploads\/2025\/10\/favicontsp.png\",\"width\":125,\"height\":125,\"caption\":\"Temmel, Seywald & Partner Communications GesmbH\"},\"image\":{\"@id\":\"https:\/\/www.tsp.at\/en\/#\/schema\/logo\/image\/\"},\"sameAs\":[\"https:\/\/www.facebook.com\/TemmelSeywald\"]},{\"@type\":\"Person\",\"@id\":\"https:\/\/www.tsp.at\/en\/#\/schema\/person\/1ba5600c29da17b902b0925cea567f8a\",\"name\":\"TSP Redaktion\"}]}<\/script>\n<!-- \/ Yoast SEO plugin. -->","yoast_head_json":{"title":"Happy Monday mit Wilfried Seywald - Temmel | Seywald - Corporate Communications","robots":{"index":"index","follow":"follow","max-snippet":"max-snippet:-1","max-image-preview":"max-image-preview:large","max-video-preview":"max-video-preview:-1"},"canonical":"https:\/\/www.tsp.at\/en\/2015\/02\/22\/happy-monday-mit-wilfried-seywald\/","og_locale":"en_US","og_type":"article","og_title":"Happy Monday mit Wilfried Seywald - Temmel | Seywald - Corporate Communications","og_description":"PR-Sprechstunde f\u00fcr alle Krisen- und Notf\u00e4lle 22.02.2015 Wien \u2013 Immer wieder mal kommt es vor, dass man in seinem Gesch\u00e4ft nicht mehr weiter kommt oder die Ideen ausgehen. Immer wieder passiert es aber auch, dass man als Unternehmen &#8211; oft v\u00f6llig unverschuldet &#8211; in eine kritische Situation kommt und auf dem &#8220;Schlachtfeld&#8221; der Medien vorgef\u00fchrt&hellip;","og_url":"https:\/\/www.tsp.at\/en\/2015\/02\/22\/happy-monday-mit-wilfried-seywald\/","og_site_name":"Temmel | Seywald - Corporate Communications","article_publisher":"https:\/\/www.facebook.com\/TemmelSeywald","article_published_time":"2015-02-22T10:34:00+00:00","article_modified_time":"2025-10-21T12:58:38+00:00","og_image":[{"width":2560,"height":1706,"url":"https:\/\/www.tsp.at\/wp-content\/uploads\/2025\/10\/0570Mikes-scaled.jpg","type":"image\/jpeg"}],"author":"TSP Redaktion","twitter_card":"summary_large_image","twitter_misc":{"Written by":"TSP Redaktion","Est. reading time":"2 minutes"},"schema":{"@context":"https:\/\/schema.org","@graph":[{"@type":"Article","@id":"https:\/\/www.tsp.at\/en\/2015\/02\/22\/happy-monday-mit-wilfried-seywald\/#article","isPartOf":{"@id":"https:\/\/www.tsp.at\/en\/2015\/02\/22\/happy-monday-mit-wilfried-seywald\/"},"author":{"name":"TSP Redaktion","@id":"https:\/\/www.tsp.at\/en\/#\/schema\/person\/1ba5600c29da17b902b0925cea567f8a"},"headline":"Happy Monday mit Wilfried Seywald","datePublished":"2015-02-22T10:34:00+00:00","dateModified":"2025-10-21T12:58:38+00:00","mainEntityOfPage":{"@id":"https:\/\/www.tsp.at\/en\/2015\/02\/22\/happy-monday-mit-wilfried-seywald\/"},"wordCount":274,"publisher":{"@id":"https:\/\/www.tsp.at\/en\/#organization"},"image":{"@id":"https:\/\/www.tsp.at\/en\/2015\/02\/22\/happy-monday-mit-wilfried-seywald\/#primaryimage"},"thumbnailUrl":"https:\/\/www.tsp.at\/wp-content\/uploads\/2025\/10\/0570Mikes-scaled.jpg","articleSection":["News"],"inLanguage":"en-US"},{"@type":"WebPage","@id":"https:\/\/www.tsp.at\/en\/2015\/02\/22\/happy-monday-mit-wilfried-seywald\/","url":"https:\/\/www.tsp.at\/en\/2015\/02\/22\/happy-monday-mit-wilfried-seywald\/","name":"Happy Monday mit Wilfried Seywald - Temmel | Seywald - Corporate Communications","isPartOf":{"@id":"https:\/\/www.tsp.at\/en\/#website"},"primaryImageOfPage":{"@id":"https:\/\/www.tsp.at\/en\/2015\/02\/22\/happy-monday-mit-wilfried-seywald\/#primaryimage"},"image":{"@id":"https:\/\/www.tsp.at\/en\/2015\/02\/22\/happy-monday-mit-wilfried-seywald\/#primaryimage"},"thumbnailUrl":"https:\/\/www.tsp.at\/wp-content\/uploads\/2025\/10\/0570Mikes-scaled.jpg","datePublished":"2015-02-22T10:34:00+00:00","dateModified":"2025-10-21T12:58:38+00:00","breadcrumb":{"@id":"https:\/\/www.tsp.at\/en\/2015\/02\/22\/happy-monday-mit-wilfried-seywald\/#breadcrumb"},"inLanguage":"en-US","potentialAction":[{"@type":"ReadAction","target":["https:\/\/www.tsp.at\/en\/2015\/02\/22\/happy-monday-mit-wilfried-seywald\/"]}]},{"@type":"ImageObject","inLanguage":"en-US","@id":"https:\/\/www.tsp.at\/en\/2015\/02\/22\/happy-monday-mit-wilfried-seywald\/#primaryimage","url":"https:\/\/www.tsp.at\/wp-content\/uploads\/2025\/10\/0570Mikes-scaled.jpg","contentUrl":"https:\/\/www.tsp.at\/wp-content\/uploads\/2025\/10\/0570Mikes-scaled.jpg","width":2560,"height":1706},{"@type":"BreadcrumbList","@id":"https:\/\/www.tsp.at\/en\/2015\/02\/22\/happy-monday-mit-wilfried-seywald\/#breadcrumb","itemListElement":[{"@type":"ListItem","position":1,"name":"Startseite","item":"https:\/\/www.tsp.at\/en\/"},{"@type":"ListItem","position":2,"name":"Happy Monday mit Wilfried Seywald"}]},{"@type":"WebSite","@id":"https:\/\/www.tsp.at\/en\/#website","url":"https:\/\/www.tsp.at\/en\/","name":"Temmel | Seywald - Corporate Communications","description":"Kommunikation ist Beziehungsarbeit","publisher":{"@id":"https:\/\/www.tsp.at\/en\/#organization"},"potentialAction":[{"@type":"SearchAction","target":{"@type":"EntryPoint","urlTemplate":"https:\/\/www.tsp.at\/en\/?s={search_term_string}"},"query-input":{"@type":"PropertyValueSpecification","valueRequired":true,"valueName":"search_term_string"}}],"inLanguage":"en-US"},{"@type":"Organization","@id":"https:\/\/www.tsp.at\/en\/#organization","name":"Temmel, Seywald & Partner Communications GesmbH","alternateName":"TSP","url":"https:\/\/www.tsp.at\/en\/","logo":{"@type":"ImageObject","inLanguage":"en-US","@id":"https:\/\/www.tsp.at\/en\/#\/schema\/logo\/image\/","url":"https:\/\/www.tsp.at\/wp-content\/uploads\/2025\/10\/favicontsp.png","contentUrl":"https:\/\/www.tsp.at\/wp-content\/uploads\/2025\/10\/favicontsp.png","width":125,"height":125,"caption":"Temmel, Seywald & Partner Communications GesmbH"},"image":{"@id":"https:\/\/www.tsp.at\/en\/#\/schema\/logo\/image\/"},"sameAs":["https:\/\/www.facebook.com\/TemmelSeywald"]},{"@type":"Person","@id":"https:\/\/www.tsp.at\/en\/#\/schema\/person\/1ba5600c29da17b902b0925cea567f8a","name":"TSP Redaktion"}]}},"_links":{"self":[{"href":"https:\/\/www.tsp.at\/en\/wp-json\/wp\/v2\/posts\/10430","targetHints":{"allow":["GET"]}}],"collection":[{"href":"https:\/\/www.tsp.at\/en\/wp-json\/wp\/v2\/posts"}],"about":[{"href":"https:\/\/www.tsp.at\/en\/wp-json\/wp\/v2\/types\/post"}],"author":[{"embeddable":true,"href":"https:\/\/www.tsp.at\/en\/wp-json\/wp\/v2\/users\/2"}],"replies":[{"embeddable":true,"href":"https:\/\/www.tsp.at\/en\/wp-json\/wp\/v2\/comments?post=10430"}],"version-history":[{"count":1,"href":"https:\/\/www.tsp.at\/en\/wp-json\/wp\/v2\/posts\/10430\/revisions"}],"predecessor-version":[{"id":11625,"href":"https:\/\/www.tsp.at\/en\/wp-json\/wp\/v2\/posts\/10430\/revisions\/11625"}],"wp:featuredmedia":[{"embeddable":true,"href":"https:\/\/www.tsp.at\/en\/wp-json\/wp\/v2\/media\/10429"}],"wp:attachment":[{"href":"https:\/\/www.tsp.at\/en\/wp-json\/wp\/v2\/media?parent=10430"}],"wp:term":[{"taxonomy":"category","embeddable":true,"href":"https:\/\/www.tsp.at\/en\/wp-json\/wp\/v2\/categories?post=10430"},{"taxonomy":"post_tag","embeddable":true,"href":"https:\/\/www.tsp.at\/en\/wp-json\/wp\/v2\/tags?post=10430"}],"curies":[{"name":"wp","href":"https:\/\/api.w.org\/{rel}","templated":true}]}}