{"id":10468,"date":"2014-10-23T14:22:00","date_gmt":"2014-10-23T12:22:00","guid":{"rendered":"https:\/\/staging.tsp.at\/2014\/10\/23\/priva-sparen-mit-umweltschutz\/"},"modified":"2025-10-21T14:58:41","modified_gmt":"2025-10-21T12:58:41","slug":"priva-sparen-mit-umweltschutz","status":"publish","type":"post","link":"https:\/\/www.tsp.at\/en\/2014\/10\/23\/priva-sparen-mit-umweltschutz\/","title":{"rendered":"Priva: Sparen mit Umweltschutz"},"content":{"rendered":"<article class=\"item\">\n<h2><strong>Automationssystem &#8220;Priva Blue ID&#8221; \u00fcberzeugt Planer und Endkunden<\/strong><\/h2>\n<p>23.10.2014<\/p>\n<\/p>\n<\/p>\n<\/p>\n<\/p>\n<\/p>\n<p class=\"FtxtP\">Kaarst-Holzb\u00fcttgen\/D\u00fcsseldorf  \u2013 <strong><span class=\"FtxtBold\">Die Energiewende in Deutschland und st\u00e4ndig steigende Betriebskosten haben dazu gef\u00fchrt, dass \u00f6ffentliche wie private Geb\u00e4udebetreiber verst\u00e4rkt nach Einsparpotenzialen bei Strom, Gas und Wasserverbrauch suchen. Der Geb\u00e4udeautomationsspezialist Priva Building Intelligence\u00a0<a href=\"http:\/\/privaweb.de\/\" rel=\"nofollow\" target=\"_blank\">http:\/\/privaweb.de<\/a>\u00a0hat sich ganz der Reduktion von Energiekosten und CO2-Emissionen verschrieben. Davon konnten sich Planer und Endkunden bei der &#8220;Priva Roadshow&#8221; in der Classic Remise D\u00fcsseldorf ein Bild machen.<\/span><\/strong><\/p>\n<p class=\"FtxtP\">Im Mittelpunkt des Priva Engagements steht das neue Geb\u00e4udeautomationssystem &#8220;Priva Blue ID&#8221; mit der dazugeh\u00f6renden Software &#8220;Top Control 8&#8221;. &#8220;Das System \u00fcberzeugt durch Zuverl\u00e4ssigkeit, Bedienungskomfort sowie vielf\u00e4ltige Einsatz- und Anwendungsm\u00f6glichkeiten. Auf Knopfdruck k\u00f6nnen geb\u00e4udetechnische Anlagen und Systeme effizient gesteuert werden&#8221;, erkl\u00e4rt Priva Gesch\u00e4ftsf\u00fchrer Frank H\u00fchren. Durch die Bereitstellung aller relevanten Informationen k\u00f6nnen Fehler und St\u00f6rungen rasch geortet, ausf\u00fchrlich analysiert und schnell gel\u00f6st werden.<\/p>\n<p class=\"FtxtP\"><strong><span class=\"FtxtBold\">Kompatibel mit &#8220;fremden&#8221; Ger\u00e4ten<\/span><\/strong><\/p>\n<p class=\"FtxtP\">&#8220;Priva Blue ID&#8221; umfasst ein funktionsgepr\u00fcftes Regelmodulsortiment f\u00fcr Heizung, K\u00fchlung, Ventilation, W\u00e4rme- und K\u00e4ltespeicherung sowie ein Einzelraumregelsystem und vieles mehr. Es erm\u00f6glicht eine offene, genormte und standardisierte Kommunikation aller aufgeschalteten Ger\u00e4te untereinander. Feldger\u00e4te von nahezu jedem Hersteller k\u00f6nnen direkt an das Automationssystem angeschlossen werden, sodass bei Sanierungen bestehender Anlagen bereits existente Ger\u00e4te und Verkabelungen verwendet werden k\u00f6nnen, das Infolge viel Zeit und Kosten spart.<\/p>\n<p class=\"FtxtP\">Die Hardware ist mit mehrfarbigen programmierbaren LEDs, zum Anzeigen aller Zustandsmeldungen ausgestattet. Die zus\u00e4tzlichen blauen LEDs auf allen Modulen bilden gemeinsam die &#8220;Priva Blue ID Lifeline&#8221;. Tritt eine St\u00f6rung auf, wird die &#8220;Lifeline&#8221; unterbrochen und der Fehler sofort ersichtlich. Die Bedienung erfolgt entweder mittels Internetbrowser, GLT Software oder direkt mit dem Touchpoint. Bei &#8220;Priva Blue ID&#8221; handelt es sich um eine Produktfamilie f\u00fcr alle Anwendungen. Das System ist modular aufgebaut und kann praktisch unendlich erweitert werden.<\/p>\n<p class=\"FtxtP\"><strong><span class=\"FtxtBold\">Effizient und transparent<\/span><\/strong><\/p>\n<p class=\"FtxtP\">Eine dieser Erweiterungen ist das Online-Tool &#8220;TC Energy&#8221;. Durch detailliertes Energie-Monitoring erm\u00f6glicht es ein effizientes Energiemanagement und arbeitet zudem perfekt mit bestehenden Priva Komponenten sowie Dritt-Komponenten zusammen. F\u00fcr Unternehmen stellt es ein wertvolles und ebenso einfach zu bedienendes Instrument zur optimalen Steuerung des hauseigenen Energiemanagements dar.<\/p>\n<p class=\"FtxtP\">&#8220;Mit unserem durchg\u00e4ngigen Online-Tool k\u00f6nnen Energieeffizienz und Transparenz gesteigert, Einsparpotenziale identifiziert und Daten systematisch erfasst werden&#8221;, streicht Herr H\u00fchren die Vorteile von &#8220;TC Energy&#8221; heraus. Ein weiteres Plus sieht er in der F\u00f6rderf\u00e4higkeit. Vonseiten des Bundes k\u00f6nnen bis zu 20 Prozent der Anschaffungskosten beigesteuert werden.<\/p>\n<p class=\"FtxtP\"><strong><span class=\"FtxtBold\">Energie sparen leicht gemacht<\/span><\/strong><\/p>\n<p class=\"FtxtP\">&#8220;TC Energy&#8221; \u00fcbernimmt eine F\u00fclle an Aufgaben. Diese reichen vom Erfassen aktueller und historischer Daten \u00fcber das Kontrollieren und Analysieren von Energiefl\u00fcssen bis hin zum Ermitteln und Vergleichen der Kosten. Zus\u00e4tzlich werden Verbr\u00e4uche beurteilt und Optimierungspotenziale aufgezeigt. Die Softwarel\u00f6sung ist einfach und schnell in das &#8220;Priva Blue ID&#8221;-System zu integrieren. Vom Z\u00e4hlersoftware-Modul bis zur Auswertung ist alles aus einem Guss. Die Bedienung ist denkbar einfach, zus\u00e4tzliche Programme werden nicht ben\u00f6tigt.<\/p>\n<p class=\"FtxtP\">Einer der Hauptgr\u00fcnde f\u00fcr die simple und problemlose Bedienung liegt darin, dass es sich dabei um ein Internet-basiertes Cloud-System handelt. Es steht jederzeit bereit, verf\u00fcgt \u00fcber eine sehr hohe Skalierbarkeit und ist aufgrund der verschl\u00fcsselten Daten\u00fcbertragung \u00e4u\u00dferst sicher. \u00c4nderungen sind einfach und schnell zu bewerkstelligen. Es besteht weder ein Wartungsaufwand noch ben\u00f6tigt man zus\u00e4tzliche Hardware-Server. Das Programm ist offen f\u00fcr zuk\u00fcnftige Erweiterungen, welche nahtlos integriert werden k\u00f6nnen.<\/p>\n<p class=\"FtxtP\"><strong><span class=\"FtxtBold\">Benutzerfreundlich und flexibel<\/span><\/strong><\/p>\n<p class=\"FtxtP\">Mit &#8220;TC Energy&#8221; ist Priva seiner bisherigen Maxime treu geblieben: H\u00f6chste Anspr\u00fcche erf\u00fcllen und hervorragende Benutzerfreundlichkeit garantieren. Priva Kunden ben\u00f6tigen somit keine Programmiersprachenkenntnisse und die Anzahl unterschiedlicher Hardwarekomponenten bleibt \u00fcberschaubar. Gleichzeitig \u00fcberzeugt die Priva Geb\u00e4udeautomation mit ihrer Flexibilit\u00e4t. Sie ist geeignet f\u00fcr Neubauten, Umnutzungen und Sanierungen sowie einsetzbar f\u00fcr Geb\u00e4ude und Liegenschaften jeder Gr\u00f6\u00dfenordnung.<\/p>\n<p class=\"FtxtP\">Die Besucher der Roadshow konnten \u00fcber die intuitive Geb\u00e4udeautomation nicht nur viele Hintergrundinformationen sammeln, sondern auch live erleben, wie die Software im praktischen Einsatz funktioniert. Neben dem neuen Produktportfolio des Automationsprofis stand eine spannende Keynote von Prof. Dr.-Ing. Dirk M\u00fcller vom E.ON Energy Research Center im Zentrum der Veranstaltung. Er ging der Frage nach, wie man das Raumklima optimal regeln und die &#8220;St\u00f6rgr\u00f6\u00dfe Nutzer&#8221; effektiv minimieren kann.<\/p>\n<p class=\"FtxtP\"><strong><span class=\"FtxtBold\">\u00dcber Priva<\/span><\/strong><br \/>Priva Building Intelligence geh\u00f6rt mit den L\u00f6sungen f\u00fcr &#8220;Intuitive Geb\u00e4udeautomation&#8221; zu den aufstrebenden Unternehmen im deutschsprachigen Raum. Die deutsche Tochtergesellschaft der niederl\u00e4ndischen Priva B.V. ist f\u00fcr die sogenannten D-A-CH L\u00e4nder verantwortlich.<a href=\"http:\/\/www.privaweb.de\/\" rel=\"nofollow\" target=\"_blank\">http:\/\/www.privaweb.de<\/a><\/p>\n<p class=\"FtxtP\">Priva B.V., De Lier, Niederlande, ist Marktf\u00fchrer in der Geb\u00e4udeautomation in den Niederlanden sowie Weltmarktf\u00fchrer in der Gew\u00e4chshausautomation. Als Familienunternehmen setzt Priva seit \u00fcber 55 Jahren auf Partnerschaft. Gemeinsam mit den zertifizierten Partnern bietet Priva den Kunden eine globale Plattform f\u00fcr hochwertige Hardware, Software und Dienstleistungen.<\/p>\n<p class=\"FtxtP\"><strong><span class=\"FtxtBold\">Informationen:<\/span><\/strong><br \/>Priva Building Intelligence GmbH<br \/>Claudia Siemer<br \/>T +49 2131 66 197- 0<br \/>c.siemer@privaweb.com<\/p>\n<\/article>\n","protected":false},"excerpt":{"rendered":"<p>Automationssystem &#8220;Priva Blue ID&#8221; \u00fcberzeugt Planer und Endkunden 23.10.2014 Kaarst-Holzb\u00fcttgen\/D\u00fcsseldorf \u2013 Die Energiewende in Deutschland und st\u00e4ndig steigende Betriebskosten haben dazu gef\u00fchrt, dass \u00f6ffentliche wie private Geb\u00e4udebetreiber verst\u00e4rkt nach Einsparpotenzialen bei Strom, Gas und Wasserverbrauch suchen. Der Geb\u00e4udeautomationsspezialist Priva Building Intelligence\u00a0http:\/\/privaweb.de\u00a0hat sich ganz der Reduktion von Energiekosten und CO2-Emissionen verschrieben. Davon konnten sich Planer und&hellip;<\/p>\n","protected":false},"author":2,"featured_media":10467,"comment_status":"closed","ping_status":"closed","sticky":false,"template":"","format":"standard","meta":{"footnotes":""},"categories":[3],"tags":[],"class_list":["post-10468","post","type-post","status-publish","format-standard","has-post-thumbnail","hentry","category-news","category-3","description-off"],"yoast_head":"<!-- This site is optimized with the Yoast SEO plugin v26.3 - https:\/\/yoast.com\/wordpress\/plugins\/seo\/ -->\n<title>Priva: Sparen mit Umweltschutz - Temmel | Seywald - Corporate Communications<\/title>\n<meta name=\"robots\" content=\"index, follow, max-snippet:-1, max-image-preview:large, max-video-preview:-1\" \/>\n<link rel=\"canonical\" href=\"https:\/\/www.tsp.at\/en\/2014\/10\/23\/priva-sparen-mit-umweltschutz\/\" \/>\n<meta property=\"og:locale\" content=\"en_US\" \/>\n<meta property=\"og:type\" content=\"article\" \/>\n<meta property=\"og:title\" content=\"Priva: Sparen mit Umweltschutz - Temmel | Seywald - Corporate Communications\" \/>\n<meta property=\"og:description\" content=\"Automationssystem &#8220;Priva Blue ID&#8221; \u00fcberzeugt Planer und Endkunden 23.10.2014 Kaarst-Holzb\u00fcttgen\/D\u00fcsseldorf \u2013 Die Energiewende in Deutschland und st\u00e4ndig steigende Betriebskosten haben dazu gef\u00fchrt, dass \u00f6ffentliche wie private Geb\u00e4udebetreiber verst\u00e4rkt nach Einsparpotenzialen bei Strom, Gas und Wasserverbrauch suchen. Der Geb\u00e4udeautomationsspezialist Priva Building Intelligence\u00a0http:\/\/privaweb.de\u00a0hat sich ganz der Reduktion von Energiekosten und CO2-Emissionen verschrieben. Davon konnten sich Planer und&hellip;\" \/>\n<meta property=\"og:url\" content=\"https:\/\/www.tsp.at\/en\/2014\/10\/23\/priva-sparen-mit-umweltschutz\/\" \/>\n<meta property=\"og:site_name\" content=\"Temmel | Seywald - Corporate Communications\" \/>\n<meta property=\"article:publisher\" content=\"https:\/\/www.facebook.com\/TemmelSeywald\" \/>\n<meta property=\"article:published_time\" content=\"2014-10-23T12:22:00+00:00\" \/>\n<meta property=\"article:modified_time\" content=\"2025-10-21T12:58:41+00:00\" \/>\n<meta property=\"og:image\" content=\"https:\/\/www.tsp.at\/wp-content\/uploads\/2025\/10\/13-039-_147_1.jpg\" \/>\n\t<meta property=\"og:image:width\" content=\"1024\" \/>\n\t<meta property=\"og:image:height\" content=\"683\" \/>\n\t<meta property=\"og:image:type\" content=\"image\/jpeg\" \/>\n<meta name=\"author\" content=\"TSP Redaktion\" \/>\n<meta name=\"twitter:card\" content=\"summary_large_image\" \/>\n<meta name=\"twitter:label1\" content=\"Written by\" \/>\n\t<meta name=\"twitter:data1\" content=\"TSP Redaktion\" \/>\n\t<meta name=\"twitter:label2\" content=\"Est. reading time\" \/>\n\t<meta name=\"twitter:data2\" content=\"5 minutes\" \/>\n<script type=\"application\/ld+json\" class=\"yoast-schema-graph\">{\"@context\":\"https:\/\/schema.org\",\"@graph\":[{\"@type\":\"Article\",\"@id\":\"https:\/\/www.tsp.at\/en\/2014\/10\/23\/priva-sparen-mit-umweltschutz\/#article\",\"isPartOf\":{\"@id\":\"https:\/\/www.tsp.at\/en\/2014\/10\/23\/priva-sparen-mit-umweltschutz\/\"},\"author\":{\"name\":\"TSP Redaktion\",\"@id\":\"https:\/\/www.tsp.at\/en\/#\/schema\/person\/1ba5600c29da17b902b0925cea567f8a\"},\"headline\":\"Priva: Sparen mit Umweltschutz\",\"datePublished\":\"2014-10-23T12:22:00+00:00\",\"dateModified\":\"2025-10-21T12:58:41+00:00\",\"mainEntityOfPage\":{\"@id\":\"https:\/\/www.tsp.at\/en\/2014\/10\/23\/priva-sparen-mit-umweltschutz\/\"},\"wordCount\":829,\"publisher\":{\"@id\":\"https:\/\/www.tsp.at\/en\/#organization\"},\"image\":{\"@id\":\"https:\/\/www.tsp.at\/en\/2014\/10\/23\/priva-sparen-mit-umweltschutz\/#primaryimage\"},\"thumbnailUrl\":\"https:\/\/www.tsp.at\/wp-content\/uploads\/2025\/10\/13-039-_147_1.jpg\",\"articleSection\":[\"News\"],\"inLanguage\":\"en-US\"},{\"@type\":\"WebPage\",\"@id\":\"https:\/\/www.tsp.at\/en\/2014\/10\/23\/priva-sparen-mit-umweltschutz\/\",\"url\":\"https:\/\/www.tsp.at\/en\/2014\/10\/23\/priva-sparen-mit-umweltschutz\/\",\"name\":\"Priva: Sparen mit Umweltschutz - Temmel | Seywald - Corporate Communications\",\"isPartOf\":{\"@id\":\"https:\/\/www.tsp.at\/en\/#website\"},\"primaryImageOfPage\":{\"@id\":\"https:\/\/www.tsp.at\/en\/2014\/10\/23\/priva-sparen-mit-umweltschutz\/#primaryimage\"},\"image\":{\"@id\":\"https:\/\/www.tsp.at\/en\/2014\/10\/23\/priva-sparen-mit-umweltschutz\/#primaryimage\"},\"thumbnailUrl\":\"https:\/\/www.tsp.at\/wp-content\/uploads\/2025\/10\/13-039-_147_1.jpg\",\"datePublished\":\"2014-10-23T12:22:00+00:00\",\"dateModified\":\"2025-10-21T12:58:41+00:00\",\"breadcrumb\":{\"@id\":\"https:\/\/www.tsp.at\/en\/2014\/10\/23\/priva-sparen-mit-umweltschutz\/#breadcrumb\"},\"inLanguage\":\"en-US\",\"potentialAction\":[{\"@type\":\"ReadAction\",\"target\":[\"https:\/\/www.tsp.at\/en\/2014\/10\/23\/priva-sparen-mit-umweltschutz\/\"]}]},{\"@type\":\"ImageObject\",\"inLanguage\":\"en-US\",\"@id\":\"https:\/\/www.tsp.at\/en\/2014\/10\/23\/priva-sparen-mit-umweltschutz\/#primaryimage\",\"url\":\"https:\/\/www.tsp.at\/wp-content\/uploads\/2025\/10\/13-039-_147_1.jpg\",\"contentUrl\":\"https:\/\/www.tsp.at\/wp-content\/uploads\/2025\/10\/13-039-_147_1.jpg\",\"width\":1024,\"height\":683},{\"@type\":\"BreadcrumbList\",\"@id\":\"https:\/\/www.tsp.at\/en\/2014\/10\/23\/priva-sparen-mit-umweltschutz\/#breadcrumb\",\"itemListElement\":[{\"@type\":\"ListItem\",\"position\":1,\"name\":\"Startseite\",\"item\":\"https:\/\/www.tsp.at\/en\/\"},{\"@type\":\"ListItem\",\"position\":2,\"name\":\"Priva: Sparen mit Umweltschutz\"}]},{\"@type\":\"WebSite\",\"@id\":\"https:\/\/www.tsp.at\/en\/#website\",\"url\":\"https:\/\/www.tsp.at\/en\/\",\"name\":\"Temmel | Seywald - Corporate Communications\",\"description\":\"Kommunikation ist Beziehungsarbeit\",\"publisher\":{\"@id\":\"https:\/\/www.tsp.at\/en\/#organization\"},\"potentialAction\":[{\"@type\":\"SearchAction\",\"target\":{\"@type\":\"EntryPoint\",\"urlTemplate\":\"https:\/\/www.tsp.at\/en\/?s={search_term_string}\"},\"query-input\":{\"@type\":\"PropertyValueSpecification\",\"valueRequired\":true,\"valueName\":\"search_term_string\"}}],\"inLanguage\":\"en-US\"},{\"@type\":\"Organization\",\"@id\":\"https:\/\/www.tsp.at\/en\/#organization\",\"name\":\"Temmel, Seywald & Partner Communications GesmbH\",\"alternateName\":\"TSP\",\"url\":\"https:\/\/www.tsp.at\/en\/\",\"logo\":{\"@type\":\"ImageObject\",\"inLanguage\":\"en-US\",\"@id\":\"https:\/\/www.tsp.at\/en\/#\/schema\/logo\/image\/\",\"url\":\"https:\/\/www.tsp.at\/wp-content\/uploads\/2025\/10\/favicontsp.png\",\"contentUrl\":\"https:\/\/www.tsp.at\/wp-content\/uploads\/2025\/10\/favicontsp.png\",\"width\":125,\"height\":125,\"caption\":\"Temmel, Seywald & Partner Communications GesmbH\"},\"image\":{\"@id\":\"https:\/\/www.tsp.at\/en\/#\/schema\/logo\/image\/\"},\"sameAs\":[\"https:\/\/www.facebook.com\/TemmelSeywald\"]},{\"@type\":\"Person\",\"@id\":\"https:\/\/www.tsp.at\/en\/#\/schema\/person\/1ba5600c29da17b902b0925cea567f8a\",\"name\":\"TSP Redaktion\"}]}<\/script>\n<!-- \/ Yoast SEO plugin. -->","yoast_head_json":{"title":"Priva: Sparen mit Umweltschutz - Temmel | Seywald - Corporate Communications","robots":{"index":"index","follow":"follow","max-snippet":"max-snippet:-1","max-image-preview":"max-image-preview:large","max-video-preview":"max-video-preview:-1"},"canonical":"https:\/\/www.tsp.at\/en\/2014\/10\/23\/priva-sparen-mit-umweltschutz\/","og_locale":"en_US","og_type":"article","og_title":"Priva: Sparen mit Umweltschutz - Temmel | Seywald - Corporate Communications","og_description":"Automationssystem &#8220;Priva Blue ID&#8221; \u00fcberzeugt Planer und Endkunden 23.10.2014 Kaarst-Holzb\u00fcttgen\/D\u00fcsseldorf \u2013 Die Energiewende in Deutschland und st\u00e4ndig steigende Betriebskosten haben dazu gef\u00fchrt, dass \u00f6ffentliche wie private Geb\u00e4udebetreiber verst\u00e4rkt nach Einsparpotenzialen bei Strom, Gas und Wasserverbrauch suchen. Der Geb\u00e4udeautomationsspezialist Priva Building Intelligence\u00a0http:\/\/privaweb.de\u00a0hat sich ganz der Reduktion von Energiekosten und CO2-Emissionen verschrieben. Davon konnten sich Planer und&hellip;","og_url":"https:\/\/www.tsp.at\/en\/2014\/10\/23\/priva-sparen-mit-umweltschutz\/","og_site_name":"Temmel | Seywald - Corporate Communications","article_publisher":"https:\/\/www.facebook.com\/TemmelSeywald","article_published_time":"2014-10-23T12:22:00+00:00","article_modified_time":"2025-10-21T12:58:41+00:00","og_image":[{"width":1024,"height":683,"url":"https:\/\/www.tsp.at\/wp-content\/uploads\/2025\/10\/13-039-_147_1.jpg","type":"image\/jpeg"}],"author":"TSP Redaktion","twitter_card":"summary_large_image","twitter_misc":{"Written by":"TSP Redaktion","Est. reading time":"5 minutes"},"schema":{"@context":"https:\/\/schema.org","@graph":[{"@type":"Article","@id":"https:\/\/www.tsp.at\/en\/2014\/10\/23\/priva-sparen-mit-umweltschutz\/#article","isPartOf":{"@id":"https:\/\/www.tsp.at\/en\/2014\/10\/23\/priva-sparen-mit-umweltschutz\/"},"author":{"name":"TSP Redaktion","@id":"https:\/\/www.tsp.at\/en\/#\/schema\/person\/1ba5600c29da17b902b0925cea567f8a"},"headline":"Priva: Sparen mit Umweltschutz","datePublished":"2014-10-23T12:22:00+00:00","dateModified":"2025-10-21T12:58:41+00:00","mainEntityOfPage":{"@id":"https:\/\/www.tsp.at\/en\/2014\/10\/23\/priva-sparen-mit-umweltschutz\/"},"wordCount":829,"publisher":{"@id":"https:\/\/www.tsp.at\/en\/#organization"},"image":{"@id":"https:\/\/www.tsp.at\/en\/2014\/10\/23\/priva-sparen-mit-umweltschutz\/#primaryimage"},"thumbnailUrl":"https:\/\/www.tsp.at\/wp-content\/uploads\/2025\/10\/13-039-_147_1.jpg","articleSection":["News"],"inLanguage":"en-US"},{"@type":"WebPage","@id":"https:\/\/www.tsp.at\/en\/2014\/10\/23\/priva-sparen-mit-umweltschutz\/","url":"https:\/\/www.tsp.at\/en\/2014\/10\/23\/priva-sparen-mit-umweltschutz\/","name":"Priva: Sparen mit Umweltschutz - Temmel | Seywald - Corporate Communications","isPartOf":{"@id":"https:\/\/www.tsp.at\/en\/#website"},"primaryImageOfPage":{"@id":"https:\/\/www.tsp.at\/en\/2014\/10\/23\/priva-sparen-mit-umweltschutz\/#primaryimage"},"image":{"@id":"https:\/\/www.tsp.at\/en\/2014\/10\/23\/priva-sparen-mit-umweltschutz\/#primaryimage"},"thumbnailUrl":"https:\/\/www.tsp.at\/wp-content\/uploads\/2025\/10\/13-039-_147_1.jpg","datePublished":"2014-10-23T12:22:00+00:00","dateModified":"2025-10-21T12:58:41+00:00","breadcrumb":{"@id":"https:\/\/www.tsp.at\/en\/2014\/10\/23\/priva-sparen-mit-umweltschutz\/#breadcrumb"},"inLanguage":"en-US","potentialAction":[{"@type":"ReadAction","target":["https:\/\/www.tsp.at\/en\/2014\/10\/23\/priva-sparen-mit-umweltschutz\/"]}]},{"@type":"ImageObject","inLanguage":"en-US","@id":"https:\/\/www.tsp.at\/en\/2014\/10\/23\/priva-sparen-mit-umweltschutz\/#primaryimage","url":"https:\/\/www.tsp.at\/wp-content\/uploads\/2025\/10\/13-039-_147_1.jpg","contentUrl":"https:\/\/www.tsp.at\/wp-content\/uploads\/2025\/10\/13-039-_147_1.jpg","width":1024,"height":683},{"@type":"BreadcrumbList","@id":"https:\/\/www.tsp.at\/en\/2014\/10\/23\/priva-sparen-mit-umweltschutz\/#breadcrumb","itemListElement":[{"@type":"ListItem","position":1,"name":"Startseite","item":"https:\/\/www.tsp.at\/en\/"},{"@type":"ListItem","position":2,"name":"Priva: Sparen mit Umweltschutz"}]},{"@type":"WebSite","@id":"https:\/\/www.tsp.at\/en\/#website","url":"https:\/\/www.tsp.at\/en\/","name":"Temmel | Seywald - Corporate Communications","description":"Kommunikation ist Beziehungsarbeit","publisher":{"@id":"https:\/\/www.tsp.at\/en\/#organization"},"potentialAction":[{"@type":"SearchAction","target":{"@type":"EntryPoint","urlTemplate":"https:\/\/www.tsp.at\/en\/?s={search_term_string}"},"query-input":{"@type":"PropertyValueSpecification","valueRequired":true,"valueName":"search_term_string"}}],"inLanguage":"en-US"},{"@type":"Organization","@id":"https:\/\/www.tsp.at\/en\/#organization","name":"Temmel, Seywald & Partner Communications GesmbH","alternateName":"TSP","url":"https:\/\/www.tsp.at\/en\/","logo":{"@type":"ImageObject","inLanguage":"en-US","@id":"https:\/\/www.tsp.at\/en\/#\/schema\/logo\/image\/","url":"https:\/\/www.tsp.at\/wp-content\/uploads\/2025\/10\/favicontsp.png","contentUrl":"https:\/\/www.tsp.at\/wp-content\/uploads\/2025\/10\/favicontsp.png","width":125,"height":125,"caption":"Temmel, Seywald & Partner Communications GesmbH"},"image":{"@id":"https:\/\/www.tsp.at\/en\/#\/schema\/logo\/image\/"},"sameAs":["https:\/\/www.facebook.com\/TemmelSeywald"]},{"@type":"Person","@id":"https:\/\/www.tsp.at\/en\/#\/schema\/person\/1ba5600c29da17b902b0925cea567f8a","name":"TSP Redaktion"}]}},"_links":{"self":[{"href":"https:\/\/www.tsp.at\/en\/wp-json\/wp\/v2\/posts\/10468","targetHints":{"allow":["GET"]}}],"collection":[{"href":"https:\/\/www.tsp.at\/en\/wp-json\/wp\/v2\/posts"}],"about":[{"href":"https:\/\/www.tsp.at\/en\/wp-json\/wp\/v2\/types\/post"}],"author":[{"embeddable":true,"href":"https:\/\/www.tsp.at\/en\/wp-json\/wp\/v2\/users\/2"}],"replies":[{"embeddable":true,"href":"https:\/\/www.tsp.at\/en\/wp-json\/wp\/v2\/comments?post=10468"}],"version-history":[{"count":1,"href":"https:\/\/www.tsp.at\/en\/wp-json\/wp\/v2\/posts\/10468\/revisions"}],"predecessor-version":[{"id":11644,"href":"https:\/\/www.tsp.at\/en\/wp-json\/wp\/v2\/posts\/10468\/revisions\/11644"}],"wp:featuredmedia":[{"embeddable":true,"href":"https:\/\/www.tsp.at\/en\/wp-json\/wp\/v2\/media\/10467"}],"wp:attachment":[{"href":"https:\/\/www.tsp.at\/en\/wp-json\/wp\/v2\/media?parent=10468"}],"wp:term":[{"taxonomy":"category","embeddable":true,"href":"https:\/\/www.tsp.at\/en\/wp-json\/wp\/v2\/categories?post=10468"},{"taxonomy":"post_tag","embeddable":true,"href":"https:\/\/www.tsp.at\/en\/wp-json\/wp\/v2\/tags?post=10468"}],"curies":[{"name":"wp","href":"https:\/\/api.w.org\/{rel}","templated":true}]}}