{"id":10490,"date":"2014-09-17T11:32:00","date_gmt":"2014-09-17T09:32:00","guid":{"rendered":"https:\/\/staging.tsp.at\/2014\/09\/17\/schoenheitsschlaf-als-anti-aging-kur\/"},"modified":"2025-10-21T14:58:42","modified_gmt":"2025-10-21T12:58:42","slug":"schoenheitsschlaf-als-anti-aging-kur","status":"publish","type":"post","link":"https:\/\/www.tsp.at\/en\/2014\/09\/17\/schoenheitsschlaf-als-anti-aging-kur\/","title":{"rendered":"Sch\u00f6nheitsschlaf als Anti-Aging-Kur"},"content":{"rendered":"<article class=\"item\">\n<h2><strong>Besser aussehen mit der Nachtpflege von Louis Widmer<\/strong><\/h2>\n<p>17.09.2014<\/p>\n<\/p>\n<\/p>\n<\/p>\n<\/p>\n<\/p>\n<p class=\"FtxtP\">Salzburg \u2013 <strong>Ringe unter den Augen? Blasses Gesicht und eingefallene Wangen? \u00dcber diesen Anblick am Morgen kann man sich schon mal erschrecken. Die Ursache ist meist Schlafmangel. Da hilft nur eines: Durch geschicktes Schminken m\u00f6glichst gut kaschieren. Mehr k\u00f6nnen auch die besten Beautyprodukte kurzfristig nicht ausrichten. Langfristig gilt allerdings die Empfehlung: Ausreichend Schlaf und gute Nachtpflege. Entsprechende Beratung und die bew\u00e4hrten Produkte des Schweizer Kosmetikspezialisten Louis Widmer gibt es in jeder Apotheke.<\/strong><\/p>\n<p class=\"FtxtP\">Auch wenn der Tag lang war und man eigentlich nur noch ins Bett m\u00f6chte, sollte man sich vor dem Schlafen gehen noch ein paar Minuten Zeit f\u00fcr die Haut nehmen. F\u00fcr das gr\u00f6\u00dfte Organ des Menschen beginnen die wichtigsten Stunden des Tages n\u00e4mlich gerade jetzt. Der sprichw\u00f6rtliche &#8220;Sch\u00f6nheitsschlaf&#8221; ist inzwischen wissenschaftlich bewiesen. Erholung und Regeneration der Haut finden in der Nacht statt. Unter anderem daf\u00fcr verantwortlich ist ein Wachstumshormon, das im Schlaf ausgesch\u00fcttet wird und die Zellteilung anregt.<\/p>\n<p class=\"FtxtP\"><strong>Keine Tagespflege<\/strong><\/p>\n<p class=\"FtxtP\">&#8220;Unterst\u00fctzen kann man den Sch\u00f6nheitsschlaf mit den richtigen Nachtcremen&#8221;, wei\u00df Philipp Wied, \u00d6sterreich-Gesch\u00e4ftsf\u00fchrer des Schweizer Kosmetikherstellers Louis Widmer. &#8220;Die Tagescreme hilft nachts nur bedingt. Enth\u00e4lt sie auch einen UV Filter, sollte sie jedenfalls nur untertags eingesetzt werden, da sonst Allergien entstehen k\u00f6nnen&#8221;, erl\u00e4utert der Fachmann. Auch vor Schmutz oder anderen Umwelteinfl\u00fcssen muss die Haut &#8211; im Gegensatz zu tags\u00fcber &#8211; nachts nicht gesch\u00fctzt werden.<\/p>\n<p class=\"FtxtP\">Aufgrund der besseren Durchblutung ist die Haut in den Nachtstunden w\u00e4rmer als am Tag und verliert dadurch auch weniger Wasser. Au\u00dferdem produziert sie weniger Talg. Da kann sie besonders gut befeuchtende, straffende oder Falten reduzierende Inhaltstoffe aufnehmen. Idealerweise sollte die Nachtpflege schon vor 23 Uhr aufgetragen werden, da die gr\u00f6\u00dfte Regenerationsaktivit\u00e4t um diese Zeit stattfindet. F\u00fcr die Nacht besonders gut geeignete Wirkstoffe sind die Vitamine A und E.<\/p>\n<p class=\"FtxtP\"><strong>Spezielle Wirkstoffe<\/strong><\/p>\n<p class=\"FtxtP\">Je nach Bedarf und Hauttyp hat Louis Widmer f\u00fcr seine Kundinnen die passenden Nachtcremen entwickelt.<\/p>\n<p class=\"FtxtP\"><strong>Cr\u00e8me Nutritive:<\/strong> Bei dieser Creme handelt es sich um eine regenerierende Nachtpflege f\u00fcr normale Haut. Die Wirkstoffe (Biostimulatoren, Panthenol, Vitamine A und E) dringen bis in die Keimschicht und das Bindegewebe ein, wo sie ihre regenerierende und befeuchtende Wirkung entfalten. Erste F\u00e4ltchen werden gemildert. Die Cr\u00e8me Nutritive zieht sofort ein und hinterl\u00e4sst keinen Fettfilm.<\/p>\n<p class=\"FtxtP\"><strong>Cr\u00e8me Vitalisante:<\/strong> Sie war die erste Nachtcreme von Louis Widmer und hat sich \u00fcber vier Jahrzehnte auf dem Markt bew\u00e4hrt. Bis heute wird sie laufend mit den modernsten Wirkstoffen auf den neuesten Stand der Forschung gebracht. Sie ist eine reichhaltige und\u00a0<br \/>n\u00e4hrende Nachtcreme f\u00fcr trockene bis sehr trockene Haut, deren Inhaltsstoffe bis in die Lederhaut vordringen. Die erh\u00f6hte Wirkstoffdosis stimuliert die Gewebeerneuerung und f\u00f6rdert die Durchblutung.<\/p>\n<p class=\"FtxtP\"><strong>Sebo Fluid:<\/strong> Dieses Produkt wurde speziell f\u00fcr die Behandlung der fetten Haut sowie der Mischhaut entwickelt. Es enth\u00e4lt leicht antiseptische und irritationshemmende Substanzen. Sebo Fluid unterst\u00fctzt die Behandlung von Hautunreinheiten, verhindert R\u00fcckf\u00e4lle und wirkt mattierend. Aufgrund seiner speziellen Wirkstoffe kann es sowohl als Tages- als auch als Nachtpflege verwendet werden.<\/p>\n<p class=\"FtxtP\"><strong>Preise:<\/strong><br \/>Cr\u00e8me Nutritive (50 ml)*: 21,50 Euro<br \/>Cr\u00e8me Vitalisante (50 ml)*: 24,50 Euro<br \/>Sebo Fluid (30 ml)*: 10,60 Euro<\/p>\n<p class=\"FtxtP\">*Unverbindlicher Apothekenverkaufspreis.<br \/>Erh\u00e4ltlich in jeder Apotheke.<\/p>\n<\/article>\n","protected":false},"excerpt":{"rendered":"<p>Besser aussehen mit der Nachtpflege von Louis Widmer 17.09.2014 Salzburg \u2013 Ringe unter den Augen? Blasses Gesicht und eingefallene Wangen? \u00dcber diesen Anblick am Morgen kann man sich schon mal erschrecken. Die Ursache ist meist Schlafmangel. Da hilft nur eines: Durch geschicktes Schminken m\u00f6glichst gut kaschieren. Mehr k\u00f6nnen auch die besten Beautyprodukte kurzfristig nicht ausrichten.&hellip;<\/p>\n","protected":false},"author":2,"featured_media":10489,"comment_status":"closed","ping_status":"closed","sticky":false,"template":"","format":"standard","meta":{"footnotes":""},"categories":[3],"tags":[],"class_list":["post-10490","post","type-post","status-publish","format-standard","has-post-thumbnail","hentry","category-news","category-3","description-off"],"yoast_head":"<!-- This site is optimized with the Yoast SEO plugin v26.3 - https:\/\/yoast.com\/wordpress\/plugins\/seo\/ -->\n<title>Sch\u00f6nheitsschlaf als Anti-Aging-Kur - Temmel | Seywald - Corporate Communications<\/title>\n<meta name=\"robots\" content=\"index, follow, max-snippet:-1, max-image-preview:large, max-video-preview:-1\" \/>\n<link rel=\"canonical\" href=\"https:\/\/www.tsp.at\/en\/2014\/09\/17\/schoenheitsschlaf-als-anti-aging-kur\/\" \/>\n<meta property=\"og:locale\" content=\"en_US\" \/>\n<meta property=\"og:type\" content=\"article\" \/>\n<meta property=\"og:title\" content=\"Sch\u00f6nheitsschlaf als Anti-Aging-Kur - Temmel | Seywald - Corporate Communications\" \/>\n<meta property=\"og:description\" content=\"Besser aussehen mit der Nachtpflege von Louis Widmer 17.09.2014 Salzburg \u2013 Ringe unter den Augen? Blasses Gesicht und eingefallene Wangen? \u00dcber diesen Anblick am Morgen kann man sich schon mal erschrecken. Die Ursache ist meist Schlafmangel. Da hilft nur eines: Durch geschicktes Schminken m\u00f6glichst gut kaschieren. Mehr k\u00f6nnen auch die besten Beautyprodukte kurzfristig nicht ausrichten.&hellip;\" \/>\n<meta property=\"og:url\" content=\"https:\/\/www.tsp.at\/en\/2014\/09\/17\/schoenheitsschlaf-als-anti-aging-kur\/\" \/>\n<meta property=\"og:site_name\" content=\"Temmel | Seywald - Corporate Communications\" \/>\n<meta property=\"article:publisher\" content=\"https:\/\/www.facebook.com\/TemmelSeywald\" \/>\n<meta property=\"article:published_time\" content=\"2014-09-17T09:32:00+00:00\" \/>\n<meta property=\"article:modified_time\" content=\"2025-10-21T12:58:42+00:00\" \/>\n<meta property=\"og:image\" content=\"https:\/\/www.tsp.at\/wp-content\/uploads\/2025\/10\/TN_Creme_Nutritive_DL-1024x806.jpg\" \/>\n\t<meta property=\"og:image:width\" content=\"1024\" \/>\n\t<meta property=\"og:image:height\" content=\"806\" \/>\n\t<meta property=\"og:image:type\" content=\"image\/jpeg\" \/>\n<meta name=\"author\" content=\"TSP Redaktion\" \/>\n<meta name=\"twitter:card\" content=\"summary_large_image\" \/>\n<meta name=\"twitter:label1\" content=\"Written by\" \/>\n\t<meta name=\"twitter:data1\" content=\"TSP Redaktion\" \/>\n\t<meta name=\"twitter:label2\" content=\"Est. reading time\" \/>\n\t<meta name=\"twitter:data2\" content=\"4 minutes\" \/>\n<script type=\"application\/ld+json\" class=\"yoast-schema-graph\">{\"@context\":\"https:\/\/schema.org\",\"@graph\":[{\"@type\":\"Article\",\"@id\":\"https:\/\/www.tsp.at\/en\/2014\/09\/17\/schoenheitsschlaf-als-anti-aging-kur\/#article\",\"isPartOf\":{\"@id\":\"https:\/\/www.tsp.at\/en\/2014\/09\/17\/schoenheitsschlaf-als-anti-aging-kur\/\"},\"author\":{\"name\":\"TSP Redaktion\",\"@id\":\"https:\/\/www.tsp.at\/en\/#\/schema\/person\/1ba5600c29da17b902b0925cea567f8a\"},\"headline\":\"Sch\u00f6nheitsschlaf als Anti-Aging-Kur\",\"datePublished\":\"2014-09-17T09:32:00+00:00\",\"dateModified\":\"2025-10-21T12:58:42+00:00\",\"mainEntityOfPage\":{\"@id\":\"https:\/\/www.tsp.at\/en\/2014\/09\/17\/schoenheitsschlaf-als-anti-aging-kur\/\"},\"wordCount\":545,\"publisher\":{\"@id\":\"https:\/\/www.tsp.at\/en\/#organization\"},\"image\":{\"@id\":\"https:\/\/www.tsp.at\/en\/2014\/09\/17\/schoenheitsschlaf-als-anti-aging-kur\/#primaryimage\"},\"thumbnailUrl\":\"https:\/\/www.tsp.at\/wp-content\/uploads\/2025\/10\/TN_Creme_Nutritive_DL-scaled.jpg\",\"articleSection\":[\"News\"],\"inLanguage\":\"en-US\"},{\"@type\":\"WebPage\",\"@id\":\"https:\/\/www.tsp.at\/en\/2014\/09\/17\/schoenheitsschlaf-als-anti-aging-kur\/\",\"url\":\"https:\/\/www.tsp.at\/en\/2014\/09\/17\/schoenheitsschlaf-als-anti-aging-kur\/\",\"name\":\"Sch\u00f6nheitsschlaf als Anti-Aging-Kur - Temmel | Seywald - Corporate Communications\",\"isPartOf\":{\"@id\":\"https:\/\/www.tsp.at\/en\/#website\"},\"primaryImageOfPage\":{\"@id\":\"https:\/\/www.tsp.at\/en\/2014\/09\/17\/schoenheitsschlaf-als-anti-aging-kur\/#primaryimage\"},\"image\":{\"@id\":\"https:\/\/www.tsp.at\/en\/2014\/09\/17\/schoenheitsschlaf-als-anti-aging-kur\/#primaryimage\"},\"thumbnailUrl\":\"https:\/\/www.tsp.at\/wp-content\/uploads\/2025\/10\/TN_Creme_Nutritive_DL-scaled.jpg\",\"datePublished\":\"2014-09-17T09:32:00+00:00\",\"dateModified\":\"2025-10-21T12:58:42+00:00\",\"breadcrumb\":{\"@id\":\"https:\/\/www.tsp.at\/en\/2014\/09\/17\/schoenheitsschlaf-als-anti-aging-kur\/#breadcrumb\"},\"inLanguage\":\"en-US\",\"potentialAction\":[{\"@type\":\"ReadAction\",\"target\":[\"https:\/\/www.tsp.at\/en\/2014\/09\/17\/schoenheitsschlaf-als-anti-aging-kur\/\"]}]},{\"@type\":\"ImageObject\",\"inLanguage\":\"en-US\",\"@id\":\"https:\/\/www.tsp.at\/en\/2014\/09\/17\/schoenheitsschlaf-als-anti-aging-kur\/#primaryimage\",\"url\":\"https:\/\/www.tsp.at\/wp-content\/uploads\/2025\/10\/TN_Creme_Nutritive_DL-scaled.jpg\",\"contentUrl\":\"https:\/\/www.tsp.at\/wp-content\/uploads\/2025\/10\/TN_Creme_Nutritive_DL-scaled.jpg\",\"width\":2560,\"height\":2016},{\"@type\":\"BreadcrumbList\",\"@id\":\"https:\/\/www.tsp.at\/en\/2014\/09\/17\/schoenheitsschlaf-als-anti-aging-kur\/#breadcrumb\",\"itemListElement\":[{\"@type\":\"ListItem\",\"position\":1,\"name\":\"Startseite\",\"item\":\"https:\/\/www.tsp.at\/en\/\"},{\"@type\":\"ListItem\",\"position\":2,\"name\":\"Sch\u00f6nheitsschlaf als Anti-Aging-Kur\"}]},{\"@type\":\"WebSite\",\"@id\":\"https:\/\/www.tsp.at\/en\/#website\",\"url\":\"https:\/\/www.tsp.at\/en\/\",\"name\":\"Temmel | Seywald - Corporate Communications\",\"description\":\"Kommunikation ist Beziehungsarbeit\",\"publisher\":{\"@id\":\"https:\/\/www.tsp.at\/en\/#organization\"},\"potentialAction\":[{\"@type\":\"SearchAction\",\"target\":{\"@type\":\"EntryPoint\",\"urlTemplate\":\"https:\/\/www.tsp.at\/en\/?s={search_term_string}\"},\"query-input\":{\"@type\":\"PropertyValueSpecification\",\"valueRequired\":true,\"valueName\":\"search_term_string\"}}],\"inLanguage\":\"en-US\"},{\"@type\":\"Organization\",\"@id\":\"https:\/\/www.tsp.at\/en\/#organization\",\"name\":\"Temmel, Seywald & Partner Communications GesmbH\",\"alternateName\":\"TSP\",\"url\":\"https:\/\/www.tsp.at\/en\/\",\"logo\":{\"@type\":\"ImageObject\",\"inLanguage\":\"en-US\",\"@id\":\"https:\/\/www.tsp.at\/en\/#\/schema\/logo\/image\/\",\"url\":\"https:\/\/www.tsp.at\/wp-content\/uploads\/2025\/10\/favicontsp.png\",\"contentUrl\":\"https:\/\/www.tsp.at\/wp-content\/uploads\/2025\/10\/favicontsp.png\",\"width\":125,\"height\":125,\"caption\":\"Temmel, Seywald & Partner Communications GesmbH\"},\"image\":{\"@id\":\"https:\/\/www.tsp.at\/en\/#\/schema\/logo\/image\/\"},\"sameAs\":[\"https:\/\/www.facebook.com\/TemmelSeywald\"]},{\"@type\":\"Person\",\"@id\":\"https:\/\/www.tsp.at\/en\/#\/schema\/person\/1ba5600c29da17b902b0925cea567f8a\",\"name\":\"TSP Redaktion\"}]}<\/script>\n<!-- \/ Yoast SEO plugin. -->","yoast_head_json":{"title":"Sch\u00f6nheitsschlaf als Anti-Aging-Kur - Temmel | Seywald - Corporate Communications","robots":{"index":"index","follow":"follow","max-snippet":"max-snippet:-1","max-image-preview":"max-image-preview:large","max-video-preview":"max-video-preview:-1"},"canonical":"https:\/\/www.tsp.at\/en\/2014\/09\/17\/schoenheitsschlaf-als-anti-aging-kur\/","og_locale":"en_US","og_type":"article","og_title":"Sch\u00f6nheitsschlaf als Anti-Aging-Kur - Temmel | Seywald - Corporate Communications","og_description":"Besser aussehen mit der Nachtpflege von Louis Widmer 17.09.2014 Salzburg \u2013 Ringe unter den Augen? Blasses Gesicht und eingefallene Wangen? \u00dcber diesen Anblick am Morgen kann man sich schon mal erschrecken. Die Ursache ist meist Schlafmangel. Da hilft nur eines: Durch geschicktes Schminken m\u00f6glichst gut kaschieren. Mehr k\u00f6nnen auch die besten Beautyprodukte kurzfristig nicht ausrichten.&hellip;","og_url":"https:\/\/www.tsp.at\/en\/2014\/09\/17\/schoenheitsschlaf-als-anti-aging-kur\/","og_site_name":"Temmel | Seywald - Corporate Communications","article_publisher":"https:\/\/www.facebook.com\/TemmelSeywald","article_published_time":"2014-09-17T09:32:00+00:00","article_modified_time":"2025-10-21T12:58:42+00:00","og_image":[{"width":1024,"height":806,"url":"https:\/\/www.tsp.at\/wp-content\/uploads\/2025\/10\/TN_Creme_Nutritive_DL-1024x806.jpg","type":"image\/jpeg"}],"author":"TSP Redaktion","twitter_card":"summary_large_image","twitter_misc":{"Written by":"TSP Redaktion","Est. reading time":"4 minutes"},"schema":{"@context":"https:\/\/schema.org","@graph":[{"@type":"Article","@id":"https:\/\/www.tsp.at\/en\/2014\/09\/17\/schoenheitsschlaf-als-anti-aging-kur\/#article","isPartOf":{"@id":"https:\/\/www.tsp.at\/en\/2014\/09\/17\/schoenheitsschlaf-als-anti-aging-kur\/"},"author":{"name":"TSP Redaktion","@id":"https:\/\/www.tsp.at\/en\/#\/schema\/person\/1ba5600c29da17b902b0925cea567f8a"},"headline":"Sch\u00f6nheitsschlaf als Anti-Aging-Kur","datePublished":"2014-09-17T09:32:00+00:00","dateModified":"2025-10-21T12:58:42+00:00","mainEntityOfPage":{"@id":"https:\/\/www.tsp.at\/en\/2014\/09\/17\/schoenheitsschlaf-als-anti-aging-kur\/"},"wordCount":545,"publisher":{"@id":"https:\/\/www.tsp.at\/en\/#organization"},"image":{"@id":"https:\/\/www.tsp.at\/en\/2014\/09\/17\/schoenheitsschlaf-als-anti-aging-kur\/#primaryimage"},"thumbnailUrl":"https:\/\/www.tsp.at\/wp-content\/uploads\/2025\/10\/TN_Creme_Nutritive_DL-scaled.jpg","articleSection":["News"],"inLanguage":"en-US"},{"@type":"WebPage","@id":"https:\/\/www.tsp.at\/en\/2014\/09\/17\/schoenheitsschlaf-als-anti-aging-kur\/","url":"https:\/\/www.tsp.at\/en\/2014\/09\/17\/schoenheitsschlaf-als-anti-aging-kur\/","name":"Sch\u00f6nheitsschlaf als Anti-Aging-Kur - Temmel | Seywald - Corporate Communications","isPartOf":{"@id":"https:\/\/www.tsp.at\/en\/#website"},"primaryImageOfPage":{"@id":"https:\/\/www.tsp.at\/en\/2014\/09\/17\/schoenheitsschlaf-als-anti-aging-kur\/#primaryimage"},"image":{"@id":"https:\/\/www.tsp.at\/en\/2014\/09\/17\/schoenheitsschlaf-als-anti-aging-kur\/#primaryimage"},"thumbnailUrl":"https:\/\/www.tsp.at\/wp-content\/uploads\/2025\/10\/TN_Creme_Nutritive_DL-scaled.jpg","datePublished":"2014-09-17T09:32:00+00:00","dateModified":"2025-10-21T12:58:42+00:00","breadcrumb":{"@id":"https:\/\/www.tsp.at\/en\/2014\/09\/17\/schoenheitsschlaf-als-anti-aging-kur\/#breadcrumb"},"inLanguage":"en-US","potentialAction":[{"@type":"ReadAction","target":["https:\/\/www.tsp.at\/en\/2014\/09\/17\/schoenheitsschlaf-als-anti-aging-kur\/"]}]},{"@type":"ImageObject","inLanguage":"en-US","@id":"https:\/\/www.tsp.at\/en\/2014\/09\/17\/schoenheitsschlaf-als-anti-aging-kur\/#primaryimage","url":"https:\/\/www.tsp.at\/wp-content\/uploads\/2025\/10\/TN_Creme_Nutritive_DL-scaled.jpg","contentUrl":"https:\/\/www.tsp.at\/wp-content\/uploads\/2025\/10\/TN_Creme_Nutritive_DL-scaled.jpg","width":2560,"height":2016},{"@type":"BreadcrumbList","@id":"https:\/\/www.tsp.at\/en\/2014\/09\/17\/schoenheitsschlaf-als-anti-aging-kur\/#breadcrumb","itemListElement":[{"@type":"ListItem","position":1,"name":"Startseite","item":"https:\/\/www.tsp.at\/en\/"},{"@type":"ListItem","position":2,"name":"Sch\u00f6nheitsschlaf als Anti-Aging-Kur"}]},{"@type":"WebSite","@id":"https:\/\/www.tsp.at\/en\/#website","url":"https:\/\/www.tsp.at\/en\/","name":"Temmel | Seywald - Corporate Communications","description":"Kommunikation ist Beziehungsarbeit","publisher":{"@id":"https:\/\/www.tsp.at\/en\/#organization"},"potentialAction":[{"@type":"SearchAction","target":{"@type":"EntryPoint","urlTemplate":"https:\/\/www.tsp.at\/en\/?s={search_term_string}"},"query-input":{"@type":"PropertyValueSpecification","valueRequired":true,"valueName":"search_term_string"}}],"inLanguage":"en-US"},{"@type":"Organization","@id":"https:\/\/www.tsp.at\/en\/#organization","name":"Temmel, Seywald & Partner Communications GesmbH","alternateName":"TSP","url":"https:\/\/www.tsp.at\/en\/","logo":{"@type":"ImageObject","inLanguage":"en-US","@id":"https:\/\/www.tsp.at\/en\/#\/schema\/logo\/image\/","url":"https:\/\/www.tsp.at\/wp-content\/uploads\/2025\/10\/favicontsp.png","contentUrl":"https:\/\/www.tsp.at\/wp-content\/uploads\/2025\/10\/favicontsp.png","width":125,"height":125,"caption":"Temmel, Seywald & Partner Communications GesmbH"},"image":{"@id":"https:\/\/www.tsp.at\/en\/#\/schema\/logo\/image\/"},"sameAs":["https:\/\/www.facebook.com\/TemmelSeywald"]},{"@type":"Person","@id":"https:\/\/www.tsp.at\/en\/#\/schema\/person\/1ba5600c29da17b902b0925cea567f8a","name":"TSP Redaktion"}]}},"_links":{"self":[{"href":"https:\/\/www.tsp.at\/en\/wp-json\/wp\/v2\/posts\/10490","targetHints":{"allow":["GET"]}}],"collection":[{"href":"https:\/\/www.tsp.at\/en\/wp-json\/wp\/v2\/posts"}],"about":[{"href":"https:\/\/www.tsp.at\/en\/wp-json\/wp\/v2\/types\/post"}],"author":[{"embeddable":true,"href":"https:\/\/www.tsp.at\/en\/wp-json\/wp\/v2\/users\/2"}],"replies":[{"embeddable":true,"href":"https:\/\/www.tsp.at\/en\/wp-json\/wp\/v2\/comments?post=10490"}],"version-history":[{"count":1,"href":"https:\/\/www.tsp.at\/en\/wp-json\/wp\/v2\/posts\/10490\/revisions"}],"predecessor-version":[{"id":11655,"href":"https:\/\/www.tsp.at\/en\/wp-json\/wp\/v2\/posts\/10490\/revisions\/11655"}],"wp:featuredmedia":[{"embeddable":true,"href":"https:\/\/www.tsp.at\/en\/wp-json\/wp\/v2\/media\/10489"}],"wp:attachment":[{"href":"https:\/\/www.tsp.at\/en\/wp-json\/wp\/v2\/media?parent=10490"}],"wp:term":[{"taxonomy":"category","embeddable":true,"href":"https:\/\/www.tsp.at\/en\/wp-json\/wp\/v2\/categories?post=10490"},{"taxonomy":"post_tag","embeddable":true,"href":"https:\/\/www.tsp.at\/en\/wp-json\/wp\/v2\/tags?post=10490"}],"curies":[{"name":"wp","href":"https:\/\/api.w.org\/{rel}","templated":true}]}}