{"id":10522,"date":"2014-07-07T08:55:00","date_gmt":"2014-07-07T06:55:00","guid":{"rendered":"https:\/\/staging.tsp.at\/2014\/07\/07\/pressetext-feiert-100-jahre-belucha-erstbesteigung\/"},"modified":"2025-10-21T14:58:44","modified_gmt":"2025-10-21T12:58:44","slug":"pressetext-feiert-100-jahre-belucha-erstbesteigung","status":"publish","type":"post","link":"https:\/\/www.tsp.at\/en\/2014\/07\/07\/pressetext-feiert-100-jahre-belucha-erstbesteigung\/","title":{"rendered":"pressetext feiert 100 Jahre Belucha-Erstbesteigung"},"content":{"rendered":"<article class=\"item\">\n<h2><strong>Expedition zum Studium des Klimawandels im sibirischen Altai-Gebirge<\/strong><\/h2>\n<p>07.07.2014<\/p>\n<\/p>\n<\/p>\n<\/p>\n<\/p>\n<\/p>\n<p>Tjungur\/Altai \u2013 Der in den Europa allerorten sichtbare Gletscherschwund ist in Sibirien offenbar noch nicht so weit fortgeschritten, aber bereits sp\u00fcrbar. Das zeigen Recherchen der Nachrichtenagentur pressetext, die mit ihrem &#8220;Stop Global Warming&#8221;-Team am 1. Juli den Belucha im Altai-Gebirge bestiegen hat. Die Expedition fand in Gedenken an die russischen Gletscherforscher Gebr\u00fcder Tronov statt, die im Sommer 1914 den &#8220;Wei\u00dfen Riesen&#8221; als Erste bezwungen haben. Der 4.605 m hohe Eisgipfel im zentralasiatischen Vierl\u00e4ndereck zwischen Russland, Kasachstan, China und Mongolei ist rund 5.000 km Luftlinie von Wien entfernt.\n<\/p>\n<p class=\"FtxtP\">Der Klimawandel zeigt auch hier bereits deutliche Auswirkungen: Steigende Temperaturen und zunehmende Trockenheit haben in den vergangenen 60 Jahren dazu gef\u00fchrt, dass die Gletscher im Altai-Massiv, einem beliebten russischen Urlaubsgebiet in Westsibirien, im Durchschnitt um zehn Prozent geschrumpft sind. 2008 z\u00e4hlten die Forscher 953 Gletscher mit einer Fl\u00e4che von 724 km2 und einem Volumen von 38 km3 &#8211; gegen\u00fcber 1030 Gletschern mit einer Fl\u00e4che von 805 km2 und einem Volumen von 42,5 km3 im Jahre 1952. <a href=\"http:\/\/1.usa.gov\/1jczpg4\" rel=\"nofollow\" target=\"_blank\">http:\/\/1.usa.gov\/1jczpg4<\/a> Wenn die Klimaerw\u00e4rmung im bisherigen Tempo voranschreitet, rechnen die Experten jedoch mit dem Verschwinden weit gr\u00f6\u00dferer Gletscherfl\u00e4chen in naher Zukunft.<\/p>\n<p class=\"FtxtP\"><strong><span class=\"FtxtBold\" style=\"margin-bottom: 10px;\"> Unterschiedliche Klimajahre<\/span><\/strong><\/p>\n<p class=\"FtxtP\">Ivan Khrabruych, ein 42j\u00e4hriger Extremsportler aus St. Petersburg und seit 13 Jahren f\u00fcr LenAlptours als Bergf\u00fchrer am Belucha aktiv, gibt trotzdem Entwarnung. <a href=\"http:\/\/www.lenalptours.ru\/\" rel=\"nofollow\" target=\"_blank\">http:\/\/www.lenalptours.ru\/<\/a> Er berichtet von sehr unterschiedlichen Jahren, manche sehr trocken, manche wiederum mit sehr viel Niederschlag und eisigen Temperaturen. Gew\u00f6hnlich startet seine Saison Mitte Mai und l\u00e4uft bis Ende September. In diesem Jahr konnte er die ersten Bergtouren auf den 4000er wegen der schwierigen Witterung erst Mitte Juni aufnehmen. Den Belucha-Gipfel erreichte das pressetext-Team 2014 mit ihm daher \u00fcberhaupt als erste Seilschaft der Saison &#8211; bei wolkenlosem Himmel, Windstille und Temperaturen von 10 Plusgraden am Gipfel.<\/p>\n<p class=\"FtxtP\">Ivan sieht keine allzu gro\u00dfen Ver\u00e4nderungen gegen\u00fcber seinen ersten Jahren auf dem Berg. Der Geblergletscher auf der Nordseite, er reicht bis auf rund 2230 m Seeh\u00f6he herunter, habe in seiner Zeit nur wenig Volumen verloren. Doch er registriert eine deutliche Zunahme von Steinschlag und Steinlawinen am Berg, als Folge der hohen Erw\u00e4rmung an Sch\u00f6nwettertagen. Auch Anatoly Minichkin, der das Unternehmen Lenalptours und das auch f\u00fcr europ\u00e4ische Verh\u00e4ltnisse komfortable Basecamp &#8220;Vysotnik&#8221; in Tjungur <a href=\"http:\/\/bit.ly\/TWFrWg\" rel=\"nofollow\" target=\"_blank\">http:\/\/bit.ly\/TWFrWg<\/a> in den vergangenen 20 Jahren aufgebaut hat, ist zuversichtlich, dass der Berg noch viele Jahrzehnte Gletscher tragen wird. &#8220;Der Belucha liegt ja in Sibirien&#8221;, schmunzelt er.<\/p>\n<p class=\"FtxtP\"><strong><span class=\"FtxtBold\" style=\"margin-bottom: 10px;\"> Anreise wie zur Zarenzeit<\/span><\/strong><\/p>\n<p class=\"FtxtP\">Egal ob zur Ski- oder Bergtour auf den Belucha: Die Anreise hat es jedenfalls in sich und ist ungew\u00f6hnlich lang. Allein f\u00fcr den Transfer von der Gebietshauptstadt Barnaul mit dem n\u00e4chsten Flughafen zum Basecamp Tjungur (Entfernung ca. 700 km) muss man 12 Stunden Fahrtzeit in Kauf nehmen, zu einem guten Teil \u00fcber Land- und Schotterstra\u00dfen, quer durch Kulturland wie in den Alpen, doch nahezu unbewohnt und \u00e4rmlich behaust. Von dort aus geht es nur noch zu Fu\u00df oder zu Pferd \u00fcber die Berge weiter. F\u00fcr die etwa 40 km Trekking von Tjungur (850 m Seeh\u00f6he) \u00fcber den Karatjurek-Pass auf 3.000 m Seeh\u00f6he bis zum Akkem-See am Fu\u00dfe des Belucha (ca. 1.800 m) veranschlagen die \u00f6rtlichen Touristiker je nach Kondition zwischen zwei bis f\u00fcnf Tagen, Schlafen im Zelt inklusive.<\/p>\n<p class=\"FtxtP\"><strong><span class=\"FtxtBold\" style=\"margin-bottom: 10px;\"> Helikopter f\u00fcr Zeitverw\u00f6hnte<\/span><\/strong><\/p>\n<p class=\"FtxtP\">Weitere vier bis sieben Tage sollte man &#8211; auch aufgrund der st\u00e4ndigen Wetterkapriolen &#8211; f\u00fcr die Gipfeltour veranschlagen, dann wiederum zwei bis f\u00fcnf Tage f\u00fcr den R\u00fcckmarsch zum Basecamp in Tjungur, hat man bis dahin nicht schon dicke Blasen an den Zehen und genug vom &#8220;Zelteln&#8221; am Berg und unter freiem Himmel. Wer diese Strapazen nicht mehr auf sich nehmen m\u00f6chte, kann auch einen Hubschrauber buchen, den der \u00f6rtliche Oligarch f\u00fcr Rettungsfl\u00fcge, aber auch gerne verw\u00f6hnten Tourengehern zur Verf\u00fcgung stellt. Heli-Fl\u00fcge zwischen dem Akkem-See und Tjungur gibt&#8217;s zu durchaus erschwinglichen Tarifen, schon ab 725 Euro f\u00fcr die 4er Gruppe.<\/p>\n<p class=\"FtxtP\">Die ganzj\u00e4hrig betriebene Ferienanlage &#8220;Vysotnik&#8221; selbst bietet das gesamte Touristikprogramm der Altai-Region, nat\u00fcrlich Bergsteigen im Sommer und Herbst, Skitouren im Fr\u00fchjahr, gef\u00fchrte Trekking-Touren zu Pferd, zu Fu\u00df oder zu Wasser. Die Rafting- und Kanutouren auf dem Oberlauf des Flusses Katun (Katyn) sind weltweit einmalig abwechslungsreich. Vysotnik liegt direkt an der Katun, die am Belucha-Gletscher entspringt und hier nach 40 Kilometern bereits Ausma\u00dfe der mittleren Donau erreicht. 600 Kilometer sp\u00e4ter vereinigt sich die Katun mit der ihrer Schwester &#8220;Bija&#8221; nahe der Handelsstadt Bijsk zum m\u00e4chtigen Sibirienstrom &#8220;Ob&#8221;, der wiederum 3650 Kilometer sp\u00e4ter in die Arktis m\u00fcndet.<\/p>\n<p class=\"FtxtP\"><strong><span class=\"FtxtBold\" style=\"margin-bottom: 10px;\"> Gletscherforschung im Museum<\/span><\/strong><\/p>\n<p class=\"FtxtP\">Die Erforschung der Altai Gletscher begann \u00fcbrigens schon zu Beginn des 19. Jahrhunderts, als der Deutsche Arzt und Naturkundler Friedrich von Gebler die Gletscherregion um den Belucha in der Geographischen Gesellschaft bekannt machte (nach ihm ist der gr\u00f6\u00dfte Belucha-Gletscher benannt). <a href=\"http:\/\/www.aai.ee\/abks\/015.html\" rel=\"nofollow\" target=\"_blank\">http:\/\/www.aai.ee\/abks\/015.html<\/a> Die systematische Erforschung folgte sp\u00e4ter durch den russischen Glaziologen Viktor Sapozhnikov Ende des 19. Jahrhunderts und die Expeditionen der Tronov-Br\u00fcder in den ersten Jahrzehnten des 20. Jahrhunderts. Begibt man sich heute auf die Suche nach Vergleichsstudien, wird man auch im Heimatmuseum von Barnaul f\u00fcndig. Hier sind die Ergebnisse von Humboldt, Gebler &amp; Co. in alten Fotos und Forschungsberichten ausgestellt.<\/p>\n<p class=\"FtxtP\"><strong><span class=\"FtxtBold\" style=\"margin-bottom: 10px;\"> Anmerkung der Redaktion:<\/span> <\/strong>Die Besteigung des Belucha erfolgte auf eigene Initiative und mit Genehmigung der Autonomiebeh\u00f6rde der Republik Altai in Gorno-Altaisk. Teilnehmer der Gipfeltour waren die K\u00e4rntner Wilfried Seywald (Drautal), Rudolf Sagmeister (Spittal) und Johannes Stattmann (Tr\u00f6polach). Eine gro\u00dfe Auswahl von Fotos zu diesem Beitrag steht auf Fotodienst zum Download bereit. <a href=\"http:\/\/fotodienst.pressetext.com\/album\/3369\" rel=\"nofollow\" target=\"_blank\">http:\/\/fotodienst.pressetext.com\/album\/3369<\/a><\/p>\n<p class=\"FtxtP\">Es gibt eine Reihe von Reiseveranstaltern mit dem Belucha im Programm, in Deutschland etwa Paradeast <a href=\"http:\/\/www.paradeast.de\/,\" rel=\"nofollow\" target=\"_blank\">http:\/\/www.paradeast.de\/,<\/a> Diamir <a href=\"http:\/\/www.diamir.de\/\" rel=\"nofollow\" target=\"_blank\">http:\/\/www.diamir.de\/<\/a> und Schulz. <a href=\"http:\/\/www.schulz-aktiv-reisen.de\/\" rel=\"nofollow\" target=\"_blank\">http:\/\/www.schulz-aktiv-reisen.de\/<\/a> Die meisten beschr\u00e4nken sich allerdings auf ein Trekking-Programm ohne Gipfel und dauern zwei bis drei Wochen, zum Pauschalpreis ab 1790 Euro. Ma\u00dfgeschneiderte Individualtouren bieten die Vorort-Veranstalter <a href=\"http:\/\/www.sibalp.com\/gr\/active_tour_ger.html\" rel=\"nofollow\" target=\"_blank\">http:\/\/www.sibalp.com\/gr\/active_tour_ger.html<\/a> (Sergej Kurgin) und Vysotnik-Betreiber Lenalptours (Anatoly Minichkin), ab etwa 1500 Euro ohne Flug, daf\u00fcr aber mit kompletter Ausr\u00fcstung. <a href=\"http:\/\/www.lenalptours.ru\/\" rel=\"nofollow\" target=\"_blank\">http:\/\/www.lenalptours.ru\/<\/a><\/p>\n<\/article>\n","protected":false},"excerpt":{"rendered":"<p>Expedition zum Studium des Klimawandels im sibirischen Altai-Gebirge 07.07.2014 Tjungur\/Altai \u2013 Der in den Europa allerorten sichtbare Gletscherschwund ist in Sibirien offenbar noch nicht so weit fortgeschritten, aber bereits sp\u00fcrbar. Das zeigen Recherchen der Nachrichtenagentur pressetext, die mit ihrem &#8220;Stop Global Warming&#8221;-Team am 1. Juli den Belucha im Altai-Gebirge bestiegen hat. Die Expedition fand in&hellip;<\/p>\n","protected":false},"author":2,"featured_media":10521,"comment_status":"closed","ping_status":"closed","sticky":false,"template":"","format":"standard","meta":{"footnotes":""},"categories":[3],"tags":[],"class_list":["post-10522","post","type-post","status-publish","format-standard","has-post-thumbnail","hentry","category-news","category-3","description-off"],"yoast_head":"<!-- This site is optimized with the Yoast SEO plugin v26.3 - https:\/\/yoast.com\/wordpress\/plugins\/seo\/ -->\n<title>pressetext feiert 100 Jahre Belucha-Erstbesteigung - Temmel | Seywald - Corporate Communications<\/title>\n<meta name=\"robots\" content=\"index, follow, max-snippet:-1, max-image-preview:large, max-video-preview:-1\" \/>\n<link rel=\"canonical\" href=\"https:\/\/www.tsp.at\/en\/2014\/07\/07\/pressetext-feiert-100-jahre-belucha-erstbesteigung\/\" \/>\n<meta property=\"og:locale\" content=\"en_US\" \/>\n<meta property=\"og:type\" content=\"article\" \/>\n<meta property=\"og:title\" content=\"pressetext feiert 100 Jahre Belucha-Erstbesteigung - Temmel | Seywald - Corporate Communications\" \/>\n<meta property=\"og:description\" content=\"Expedition zum Studium des Klimawandels im sibirischen Altai-Gebirge 07.07.2014 Tjungur\/Altai \u2013 Der in den Europa allerorten sichtbare Gletscherschwund ist in Sibirien offenbar noch nicht so weit fortgeschritten, aber bereits sp\u00fcrbar. Das zeigen Recherchen der Nachrichtenagentur pressetext, die mit ihrem &#8220;Stop Global Warming&#8221;-Team am 1. Juli den Belucha im Altai-Gebirge bestiegen hat. Die Expedition fand in&hellip;\" \/>\n<meta property=\"og:url\" content=\"https:\/\/www.tsp.at\/en\/2014\/07\/07\/pressetext-feiert-100-jahre-belucha-erstbesteigung\/\" \/>\n<meta property=\"og:site_name\" content=\"Temmel | Seywald - Corporate Communications\" \/>\n<meta property=\"article:publisher\" content=\"https:\/\/www.facebook.com\/TemmelSeywald\" \/>\n<meta property=\"article:published_time\" content=\"2014-07-07T06:55:00+00:00\" \/>\n<meta property=\"article:modified_time\" content=\"2025-10-21T12:58:44+00:00\" \/>\n<meta property=\"og:image\" content=\"https:\/\/www.tsp.at\/wp-content\/uploads\/2025\/10\/Seywald_Stattmann-scaled.jpg\" \/>\n\t<meta property=\"og:image:width\" content=\"2560\" \/>\n\t<meta property=\"og:image:height\" content=\"1707\" \/>\n\t<meta property=\"og:image:type\" content=\"image\/jpeg\" \/>\n<meta name=\"author\" content=\"TSP Redaktion\" \/>\n<meta name=\"twitter:card\" content=\"summary_large_image\" \/>\n<meta name=\"twitter:label1\" content=\"Written by\" \/>\n\t<meta name=\"twitter:data1\" content=\"TSP Redaktion\" \/>\n\t<meta name=\"twitter:label2\" content=\"Est. reading time\" \/>\n\t<meta name=\"twitter:data2\" content=\"6 minutes\" \/>\n<script type=\"application\/ld+json\" class=\"yoast-schema-graph\">{\"@context\":\"https:\/\/schema.org\",\"@graph\":[{\"@type\":\"Article\",\"@id\":\"https:\/\/www.tsp.at\/en\/2014\/07\/07\/pressetext-feiert-100-jahre-belucha-erstbesteigung\/#article\",\"isPartOf\":{\"@id\":\"https:\/\/www.tsp.at\/en\/2014\/07\/07\/pressetext-feiert-100-jahre-belucha-erstbesteigung\/\"},\"author\":{\"name\":\"TSP Redaktion\",\"@id\":\"https:\/\/www.tsp.at\/en\/#\/schema\/person\/1ba5600c29da17b902b0925cea567f8a\"},\"headline\":\"pressetext feiert 100 Jahre Belucha-Erstbesteigung\",\"datePublished\":\"2014-07-07T06:55:00+00:00\",\"dateModified\":\"2025-10-21T12:58:44+00:00\",\"mainEntityOfPage\":{\"@id\":\"https:\/\/www.tsp.at\/en\/2014\/07\/07\/pressetext-feiert-100-jahre-belucha-erstbesteigung\/\"},\"wordCount\":1023,\"publisher\":{\"@id\":\"https:\/\/www.tsp.at\/en\/#organization\"},\"image\":{\"@id\":\"https:\/\/www.tsp.at\/en\/2014\/07\/07\/pressetext-feiert-100-jahre-belucha-erstbesteigung\/#primaryimage\"},\"thumbnailUrl\":\"https:\/\/www.tsp.at\/wp-content\/uploads\/2025\/10\/Seywald_Stattmann-scaled.jpg\",\"articleSection\":[\"News\"],\"inLanguage\":\"en-US\"},{\"@type\":\"WebPage\",\"@id\":\"https:\/\/www.tsp.at\/en\/2014\/07\/07\/pressetext-feiert-100-jahre-belucha-erstbesteigung\/\",\"url\":\"https:\/\/www.tsp.at\/en\/2014\/07\/07\/pressetext-feiert-100-jahre-belucha-erstbesteigung\/\",\"name\":\"pressetext feiert 100 Jahre Belucha-Erstbesteigung - Temmel | Seywald - Corporate Communications\",\"isPartOf\":{\"@id\":\"https:\/\/www.tsp.at\/en\/#website\"},\"primaryImageOfPage\":{\"@id\":\"https:\/\/www.tsp.at\/en\/2014\/07\/07\/pressetext-feiert-100-jahre-belucha-erstbesteigung\/#primaryimage\"},\"image\":{\"@id\":\"https:\/\/www.tsp.at\/en\/2014\/07\/07\/pressetext-feiert-100-jahre-belucha-erstbesteigung\/#primaryimage\"},\"thumbnailUrl\":\"https:\/\/www.tsp.at\/wp-content\/uploads\/2025\/10\/Seywald_Stattmann-scaled.jpg\",\"datePublished\":\"2014-07-07T06:55:00+00:00\",\"dateModified\":\"2025-10-21T12:58:44+00:00\",\"breadcrumb\":{\"@id\":\"https:\/\/www.tsp.at\/en\/2014\/07\/07\/pressetext-feiert-100-jahre-belucha-erstbesteigung\/#breadcrumb\"},\"inLanguage\":\"en-US\",\"potentialAction\":[{\"@type\":\"ReadAction\",\"target\":[\"https:\/\/www.tsp.at\/en\/2014\/07\/07\/pressetext-feiert-100-jahre-belucha-erstbesteigung\/\"]}]},{\"@type\":\"ImageObject\",\"inLanguage\":\"en-US\",\"@id\":\"https:\/\/www.tsp.at\/en\/2014\/07\/07\/pressetext-feiert-100-jahre-belucha-erstbesteigung\/#primaryimage\",\"url\":\"https:\/\/www.tsp.at\/wp-content\/uploads\/2025\/10\/Seywald_Stattmann-scaled.jpg\",\"contentUrl\":\"https:\/\/www.tsp.at\/wp-content\/uploads\/2025\/10\/Seywald_Stattmann-scaled.jpg\",\"width\":2560,\"height\":1707},{\"@type\":\"BreadcrumbList\",\"@id\":\"https:\/\/www.tsp.at\/en\/2014\/07\/07\/pressetext-feiert-100-jahre-belucha-erstbesteigung\/#breadcrumb\",\"itemListElement\":[{\"@type\":\"ListItem\",\"position\":1,\"name\":\"Startseite\",\"item\":\"https:\/\/www.tsp.at\/en\/\"},{\"@type\":\"ListItem\",\"position\":2,\"name\":\"pressetext feiert 100 Jahre Belucha-Erstbesteigung\"}]},{\"@type\":\"WebSite\",\"@id\":\"https:\/\/www.tsp.at\/en\/#website\",\"url\":\"https:\/\/www.tsp.at\/en\/\",\"name\":\"Temmel | Seywald - Corporate Communications\",\"description\":\"Kommunikation ist Beziehungsarbeit\",\"publisher\":{\"@id\":\"https:\/\/www.tsp.at\/en\/#organization\"},\"potentialAction\":[{\"@type\":\"SearchAction\",\"target\":{\"@type\":\"EntryPoint\",\"urlTemplate\":\"https:\/\/www.tsp.at\/en\/?s={search_term_string}\"},\"query-input\":{\"@type\":\"PropertyValueSpecification\",\"valueRequired\":true,\"valueName\":\"search_term_string\"}}],\"inLanguage\":\"en-US\"},{\"@type\":\"Organization\",\"@id\":\"https:\/\/www.tsp.at\/en\/#organization\",\"name\":\"Temmel, Seywald & Partner Communications GesmbH\",\"alternateName\":\"TSP\",\"url\":\"https:\/\/www.tsp.at\/en\/\",\"logo\":{\"@type\":\"ImageObject\",\"inLanguage\":\"en-US\",\"@id\":\"https:\/\/www.tsp.at\/en\/#\/schema\/logo\/image\/\",\"url\":\"https:\/\/www.tsp.at\/wp-content\/uploads\/2025\/10\/favicontsp.png\",\"contentUrl\":\"https:\/\/www.tsp.at\/wp-content\/uploads\/2025\/10\/favicontsp.png\",\"width\":125,\"height\":125,\"caption\":\"Temmel, Seywald & Partner Communications GesmbH\"},\"image\":{\"@id\":\"https:\/\/www.tsp.at\/en\/#\/schema\/logo\/image\/\"},\"sameAs\":[\"https:\/\/www.facebook.com\/TemmelSeywald\"]},{\"@type\":\"Person\",\"@id\":\"https:\/\/www.tsp.at\/en\/#\/schema\/person\/1ba5600c29da17b902b0925cea567f8a\",\"name\":\"TSP Redaktion\"}]}<\/script>\n<!-- \/ Yoast SEO plugin. -->","yoast_head_json":{"title":"pressetext feiert 100 Jahre Belucha-Erstbesteigung - Temmel | Seywald - Corporate Communications","robots":{"index":"index","follow":"follow","max-snippet":"max-snippet:-1","max-image-preview":"max-image-preview:large","max-video-preview":"max-video-preview:-1"},"canonical":"https:\/\/www.tsp.at\/en\/2014\/07\/07\/pressetext-feiert-100-jahre-belucha-erstbesteigung\/","og_locale":"en_US","og_type":"article","og_title":"pressetext feiert 100 Jahre Belucha-Erstbesteigung - Temmel | Seywald - Corporate Communications","og_description":"Expedition zum Studium des Klimawandels im sibirischen Altai-Gebirge 07.07.2014 Tjungur\/Altai \u2013 Der in den Europa allerorten sichtbare Gletscherschwund ist in Sibirien offenbar noch nicht so weit fortgeschritten, aber bereits sp\u00fcrbar. Das zeigen Recherchen der Nachrichtenagentur pressetext, die mit ihrem &#8220;Stop Global Warming&#8221;-Team am 1. Juli den Belucha im Altai-Gebirge bestiegen hat. Die Expedition fand in&hellip;","og_url":"https:\/\/www.tsp.at\/en\/2014\/07\/07\/pressetext-feiert-100-jahre-belucha-erstbesteigung\/","og_site_name":"Temmel | Seywald - Corporate Communications","article_publisher":"https:\/\/www.facebook.com\/TemmelSeywald","article_published_time":"2014-07-07T06:55:00+00:00","article_modified_time":"2025-10-21T12:58:44+00:00","og_image":[{"width":2560,"height":1707,"url":"https:\/\/www.tsp.at\/wp-content\/uploads\/2025\/10\/Seywald_Stattmann-scaled.jpg","type":"image\/jpeg"}],"author":"TSP Redaktion","twitter_card":"summary_large_image","twitter_misc":{"Written by":"TSP Redaktion","Est. reading time":"6 minutes"},"schema":{"@context":"https:\/\/schema.org","@graph":[{"@type":"Article","@id":"https:\/\/www.tsp.at\/en\/2014\/07\/07\/pressetext-feiert-100-jahre-belucha-erstbesteigung\/#article","isPartOf":{"@id":"https:\/\/www.tsp.at\/en\/2014\/07\/07\/pressetext-feiert-100-jahre-belucha-erstbesteigung\/"},"author":{"name":"TSP Redaktion","@id":"https:\/\/www.tsp.at\/en\/#\/schema\/person\/1ba5600c29da17b902b0925cea567f8a"},"headline":"pressetext feiert 100 Jahre Belucha-Erstbesteigung","datePublished":"2014-07-07T06:55:00+00:00","dateModified":"2025-10-21T12:58:44+00:00","mainEntityOfPage":{"@id":"https:\/\/www.tsp.at\/en\/2014\/07\/07\/pressetext-feiert-100-jahre-belucha-erstbesteigung\/"},"wordCount":1023,"publisher":{"@id":"https:\/\/www.tsp.at\/en\/#organization"},"image":{"@id":"https:\/\/www.tsp.at\/en\/2014\/07\/07\/pressetext-feiert-100-jahre-belucha-erstbesteigung\/#primaryimage"},"thumbnailUrl":"https:\/\/www.tsp.at\/wp-content\/uploads\/2025\/10\/Seywald_Stattmann-scaled.jpg","articleSection":["News"],"inLanguage":"en-US"},{"@type":"WebPage","@id":"https:\/\/www.tsp.at\/en\/2014\/07\/07\/pressetext-feiert-100-jahre-belucha-erstbesteigung\/","url":"https:\/\/www.tsp.at\/en\/2014\/07\/07\/pressetext-feiert-100-jahre-belucha-erstbesteigung\/","name":"pressetext feiert 100 Jahre Belucha-Erstbesteigung - Temmel | Seywald - Corporate Communications","isPartOf":{"@id":"https:\/\/www.tsp.at\/en\/#website"},"primaryImageOfPage":{"@id":"https:\/\/www.tsp.at\/en\/2014\/07\/07\/pressetext-feiert-100-jahre-belucha-erstbesteigung\/#primaryimage"},"image":{"@id":"https:\/\/www.tsp.at\/en\/2014\/07\/07\/pressetext-feiert-100-jahre-belucha-erstbesteigung\/#primaryimage"},"thumbnailUrl":"https:\/\/www.tsp.at\/wp-content\/uploads\/2025\/10\/Seywald_Stattmann-scaled.jpg","datePublished":"2014-07-07T06:55:00+00:00","dateModified":"2025-10-21T12:58:44+00:00","breadcrumb":{"@id":"https:\/\/www.tsp.at\/en\/2014\/07\/07\/pressetext-feiert-100-jahre-belucha-erstbesteigung\/#breadcrumb"},"inLanguage":"en-US","potentialAction":[{"@type":"ReadAction","target":["https:\/\/www.tsp.at\/en\/2014\/07\/07\/pressetext-feiert-100-jahre-belucha-erstbesteigung\/"]}]},{"@type":"ImageObject","inLanguage":"en-US","@id":"https:\/\/www.tsp.at\/en\/2014\/07\/07\/pressetext-feiert-100-jahre-belucha-erstbesteigung\/#primaryimage","url":"https:\/\/www.tsp.at\/wp-content\/uploads\/2025\/10\/Seywald_Stattmann-scaled.jpg","contentUrl":"https:\/\/www.tsp.at\/wp-content\/uploads\/2025\/10\/Seywald_Stattmann-scaled.jpg","width":2560,"height":1707},{"@type":"BreadcrumbList","@id":"https:\/\/www.tsp.at\/en\/2014\/07\/07\/pressetext-feiert-100-jahre-belucha-erstbesteigung\/#breadcrumb","itemListElement":[{"@type":"ListItem","position":1,"name":"Startseite","item":"https:\/\/www.tsp.at\/en\/"},{"@type":"ListItem","position":2,"name":"pressetext feiert 100 Jahre Belucha-Erstbesteigung"}]},{"@type":"WebSite","@id":"https:\/\/www.tsp.at\/en\/#website","url":"https:\/\/www.tsp.at\/en\/","name":"Temmel | Seywald - Corporate Communications","description":"Kommunikation ist Beziehungsarbeit","publisher":{"@id":"https:\/\/www.tsp.at\/en\/#organization"},"potentialAction":[{"@type":"SearchAction","target":{"@type":"EntryPoint","urlTemplate":"https:\/\/www.tsp.at\/en\/?s={search_term_string}"},"query-input":{"@type":"PropertyValueSpecification","valueRequired":true,"valueName":"search_term_string"}}],"inLanguage":"en-US"},{"@type":"Organization","@id":"https:\/\/www.tsp.at\/en\/#organization","name":"Temmel, Seywald & Partner Communications GesmbH","alternateName":"TSP","url":"https:\/\/www.tsp.at\/en\/","logo":{"@type":"ImageObject","inLanguage":"en-US","@id":"https:\/\/www.tsp.at\/en\/#\/schema\/logo\/image\/","url":"https:\/\/www.tsp.at\/wp-content\/uploads\/2025\/10\/favicontsp.png","contentUrl":"https:\/\/www.tsp.at\/wp-content\/uploads\/2025\/10\/favicontsp.png","width":125,"height":125,"caption":"Temmel, Seywald & Partner Communications GesmbH"},"image":{"@id":"https:\/\/www.tsp.at\/en\/#\/schema\/logo\/image\/"},"sameAs":["https:\/\/www.facebook.com\/TemmelSeywald"]},{"@type":"Person","@id":"https:\/\/www.tsp.at\/en\/#\/schema\/person\/1ba5600c29da17b902b0925cea567f8a","name":"TSP Redaktion"}]}},"_links":{"self":[{"href":"https:\/\/www.tsp.at\/en\/wp-json\/wp\/v2\/posts\/10522","targetHints":{"allow":["GET"]}}],"collection":[{"href":"https:\/\/www.tsp.at\/en\/wp-json\/wp\/v2\/posts"}],"about":[{"href":"https:\/\/www.tsp.at\/en\/wp-json\/wp\/v2\/types\/post"}],"author":[{"embeddable":true,"href":"https:\/\/www.tsp.at\/en\/wp-json\/wp\/v2\/users\/2"}],"replies":[{"embeddable":true,"href":"https:\/\/www.tsp.at\/en\/wp-json\/wp\/v2\/comments?post=10522"}],"version-history":[{"count":1,"href":"https:\/\/www.tsp.at\/en\/wp-json\/wp\/v2\/posts\/10522\/revisions"}],"predecessor-version":[{"id":11671,"href":"https:\/\/www.tsp.at\/en\/wp-json\/wp\/v2\/posts\/10522\/revisions\/11671"}],"wp:featuredmedia":[{"embeddable":true,"href":"https:\/\/www.tsp.at\/en\/wp-json\/wp\/v2\/media\/10521"}],"wp:attachment":[{"href":"https:\/\/www.tsp.at\/en\/wp-json\/wp\/v2\/media?parent=10522"}],"wp:term":[{"taxonomy":"category","embeddable":true,"href":"https:\/\/www.tsp.at\/en\/wp-json\/wp\/v2\/categories?post=10522"},{"taxonomy":"post_tag","embeddable":true,"href":"https:\/\/www.tsp.at\/en\/wp-json\/wp\/v2\/tags?post=10522"}],"curies":[{"name":"wp","href":"https:\/\/api.w.org\/{rel}","templated":true}]}}