{"id":10532,"date":"2014-06-03T10:18:00","date_gmt":"2014-06-03T08:18:00","guid":{"rendered":"https:\/\/staging.tsp.at\/2014\/06\/03\/barmherzige-brueder-feiern-400-jahre-wien\/"},"modified":"2025-10-21T14:58:45","modified_gmt":"2025-10-21T12:58:45","slug":"barmherzige-brueder-feiern-400-jahre-wien","status":"publish","type":"post","link":"https:\/\/www.tsp.at\/en\/2014\/06\/03\/barmherzige-brueder-feiern-400-jahre-wien\/","title":{"rendered":"Barmherzige Br\u00fcder feiern 400 Jahre Wien"},"content":{"rendered":"<article class=\"item\">\n<h2><strong>Hospitalit\u00e4t als Grundpfeiler des \u00e4ltesten Ordensspitals \u00d6sterreichs<\/strong><\/h2>\n<p>03.06.2014<\/p>\n<\/p>\n<\/p>\n<\/p>\n<\/p>\n<\/p>\n<p>Wien \u2013 Das \u00e4lteste Ordensspital der Stadt Wien hat am Montag seinen 400. Geburtstag in Anwesenheit zahlreicher Festg\u00e4ste aus dem In- und Ausland gefeiert. Krankenhaus und Konvent der Barmherzigen Br\u00fcder <a href=\"http:\/\/barmherzige-brueder.at\" rel=\"nofollow\" target=\"_blank\">http:\/\/barmherzige-brueder.at<\/a>in der Taborstra\u00dfe 16 wurden im Jahre 1612 vom Chirurgen und Ordensbruder Gabriel von Ferrara gegr\u00fcndet und sind seither ununterbrochen im Betrieb. Bundespr\u00e4sident Heinz Fischer, Gesundheitsminister Alois St\u00f6ger und die Wiener Stadtr\u00e4tin Sonja Wehsely w\u00fcrdigten die medizinischen Spitzenleistungen des Hauses ebenso wie die unverzichtbare Solidarit\u00e4t f\u00fcr Kranke und notleidende Menschen &#8211; unabh\u00e4ngig von ihrer Herkunft, ihrer Religion und ihrem Versichertenstatus.\n<\/p>\n<p class=\"FtxtP\">Der Hospitalorden der Barmherzigen Br\u00fcder stammt urspr\u00fcnglich aus dem spanischen Granada und betreibt heute in \u00fcber 60 L\u00e4ndern auf f\u00fcnf Kontinenten 400 Einrichtungen mit rund 60.000 haupt- und ehrenamtlichen Mitarbeitern. Frater Ulrich Fischer OH, Provinzial der \u00d6sterreichischen Ordensprovinz, zitierte in der Begr\u00fc\u00dfung im Wiener Rathaus den Leitspruch &#8220;Tut Euch Gutes, indem Ihr anderen Gutes tut&#8221; und erinnerte an die wechselvolle Geschichte des Ordens, seiner Freunde und Wohlt\u00e4ter. Gerade in einer schwierigen Zeit wie heute, in der wieder an allen Ecken und Enden gespart werden muss, stimmt eine Feier wie diese zuversichtlich, und auch &#8220;die N\u00e4he, f\u00fcr die immer Zeit sein muss&#8221;.<\/p>\n<p class=\"FtxtP\">Der Generalprior in Rom, Frater Jes\u00fas Etayo Arrondo OH, erl\u00e4uterte das Verm\u00e4chtnis des Ordensgr\u00fcnders Johannes von Gott (1495 bis 1550), notleidenden und bed\u00fcrftigen Menschen immer und \u00fcberall bestm\u00f6glich zu helfen. Die Idee der Hospitalit\u00e4t sei auch ein Kernanliegen der Kirche, betonte Etayo, und sie sei so kraftvoll, dass sie sich viele zu eigen gemacht haben. Etayo sprach von einem Netzwerk der Hospitalit\u00e4t, das sich mit dem Orden \u00fcber die ganze Welt ausgebreitet habe. Die Einrichtungen der Barmherzigen Br\u00fcder stehen allen Notleidenden und Bed\u00fcrftigen offen, und daher k\u00e4men immer weitere dazu. Diese Offenheit f\u00fcr jeden Menschen sei letztlich auch ein Erfolgsgeheimnis.<\/p>\n<p class=\"FtxtP\"><strong><span class=\"FtxtBold\" style=\"margin-bottom: 10px;\">Hirn und Herz am richtigen Fleck<\/span><\/strong><\/p>\n<p class=\"FtxtP\">Die Wiener Gesundheitsstadtr\u00e4tin Sonja Wehsely w\u00fcrdigte die Kontinuit\u00e4t und Solidarit\u00e4t des Ordens, f\u00fcr die da zu sein, die es brauchen, und auch dann da zu sein, wenn alle wegschauen. &#8220;Hier sind Hirn und Herz am richtigen Fleck.&#8221; Dies gelte f\u00fcr gro\u00dfe und kleine Projekte, die immer mit hoher Effizienz und Qualit\u00e4t umgesetzt werden und deshalb auch Vorbild f\u00fcr andere seien, so etwa die Geh\u00f6rlosenambulanz oder das Dialysezentrum. Als Politikerin gefalle ihr besonders der Grundgedanke der Solidarit\u00e4t, sagte Wehsely. &#8220;Es sind die Schwachen, die eine starke Stadt und Solidarit\u00e4t brauchen. Die Barmherzigen Br\u00fcder und Wien haben daher eine gute Zukunft.&#8221;<\/p>\n<p class=\"FtxtP\">Bundesminister St\u00f6ger sprach von einem besonderen Augenblick: Das Ordensspital der Barmherzigen Br\u00fcder stehe f\u00fcr 400 Jahre Medizingeschichte, Pflege und Gesundheitspolitik. Er erinnerte daran, dass die Lebenserwartung der Wiener zu Beginn des 17. Jahrhunderts aufgrund der hohen S\u00e4uglingssterblichkeit im Schnitt 17 Jahre betrug. Wien sei eine Stadt der Kultur, habe aber auch eine &#8220;Kultur der Solidarit\u00e4t&#8221; aufgebaut. Aufgabe der Gesundheitspolitik sei es, allen Menschen gleichen Zugang zu medizinischen Leistungen zu erm\u00f6glichen, die &#8220;Sozialb\u00fcrokratie&#8221; sei da oft unsensibel. Er sei daher froh, dass es die Barmherzigen Br\u00fcder gibt. Von ihnen k\u00f6nnten viele noch etwas lernen, auch in puncto Innovation und Wirtschaftlichkeit.<\/p>\n<\/article>\n","protected":false},"excerpt":{"rendered":"<p>Hospitalit\u00e4t als Grundpfeiler des \u00e4ltesten Ordensspitals \u00d6sterreichs 03.06.2014 Wien \u2013 Das \u00e4lteste Ordensspital der Stadt Wien hat am Montag seinen 400. Geburtstag in Anwesenheit zahlreicher Festg\u00e4ste aus dem In- und Ausland gefeiert. Krankenhaus und Konvent der Barmherzigen Br\u00fcder http:\/\/barmherzige-brueder.atin der Taborstra\u00dfe 16 wurden im Jahre 1612 vom Chirurgen und Ordensbruder Gabriel von Ferrara gegr\u00fcndet und&hellip;<\/p>\n","protected":false},"author":2,"featured_media":10531,"comment_status":"closed","ping_status":"closed","sticky":false,"template":"","format":"standard","meta":{"footnotes":""},"categories":[3],"tags":[],"class_list":["post-10532","post","type-post","status-publish","format-standard","has-post-thumbnail","hentry","category-news","category-3","description-off"],"yoast_head":"<!-- This site is optimized with the Yoast SEO plugin v26.3 - https:\/\/yoast.com\/wordpress\/plugins\/seo\/ -->\n<title>Barmherzige Br\u00fcder feiern 400 Jahre Wien - Temmel | Seywald - Corporate Communications<\/title>\n<meta name=\"robots\" content=\"index, follow, max-snippet:-1, max-image-preview:large, max-video-preview:-1\" \/>\n<link rel=\"canonical\" href=\"https:\/\/www.tsp.at\/en\/2014\/06\/03\/barmherzige-brueder-feiern-400-jahre-wien\/\" \/>\n<meta property=\"og:locale\" content=\"en_US\" \/>\n<meta property=\"og:type\" content=\"article\" \/>\n<meta property=\"og:title\" content=\"Barmherzige Br\u00fcder feiern 400 Jahre Wien - Temmel | Seywald - Corporate Communications\" \/>\n<meta property=\"og:description\" content=\"Hospitalit\u00e4t als Grundpfeiler des \u00e4ltesten Ordensspitals \u00d6sterreichs 03.06.2014 Wien \u2013 Das \u00e4lteste Ordensspital der Stadt Wien hat am Montag seinen 400. Geburtstag in Anwesenheit zahlreicher Festg\u00e4ste aus dem In- und Ausland gefeiert. Krankenhaus und Konvent der Barmherzigen Br\u00fcder http:\/\/barmherzige-brueder.atin der Taborstra\u00dfe 16 wurden im Jahre 1612 vom Chirurgen und Ordensbruder Gabriel von Ferrara gegr\u00fcndet und&hellip;\" \/>\n<meta property=\"og:url\" content=\"https:\/\/www.tsp.at\/en\/2014\/06\/03\/barmherzige-brueder-feiern-400-jahre-wien\/\" \/>\n<meta property=\"og:site_name\" content=\"Temmel | Seywald - Corporate Communications\" \/>\n<meta property=\"article:publisher\" content=\"https:\/\/www.facebook.com\/TemmelSeywald\" \/>\n<meta property=\"article:published_time\" content=\"2014-06-03T08:18:00+00:00\" \/>\n<meta property=\"article:modified_time\" content=\"2025-10-21T12:58:45+00:00\" \/>\n<meta property=\"og:image\" content=\"https:\/\/www.tsp.at\/wp-content\/uploads\/2025\/10\/026_20140602_b-1024x683.jpg\" \/>\n\t<meta property=\"og:image:width\" content=\"1024\" \/>\n\t<meta property=\"og:image:height\" content=\"683\" \/>\n\t<meta property=\"og:image:type\" content=\"image\/jpeg\" \/>\n<meta name=\"author\" content=\"TSP Redaktion\" \/>\n<meta name=\"twitter:card\" content=\"summary_large_image\" \/>\n<meta name=\"twitter:label1\" content=\"Written by\" \/>\n\t<meta name=\"twitter:data1\" content=\"TSP Redaktion\" \/>\n\t<meta name=\"twitter:label2\" content=\"Est. reading time\" \/>\n\t<meta name=\"twitter:data2\" content=\"4 minutes\" \/>\n<script type=\"application\/ld+json\" class=\"yoast-schema-graph\">{\"@context\":\"https:\/\/schema.org\",\"@graph\":[{\"@type\":\"Article\",\"@id\":\"https:\/\/www.tsp.at\/en\/2014\/06\/03\/barmherzige-brueder-feiern-400-jahre-wien\/#article\",\"isPartOf\":{\"@id\":\"https:\/\/www.tsp.at\/en\/2014\/06\/03\/barmherzige-brueder-feiern-400-jahre-wien\/\"},\"author\":{\"name\":\"TSP Redaktion\",\"@id\":\"https:\/\/www.tsp.at\/en\/#\/schema\/person\/1ba5600c29da17b902b0925cea567f8a\"},\"headline\":\"Barmherzige Br\u00fcder feiern 400 Jahre Wien\",\"datePublished\":\"2014-06-03T08:18:00+00:00\",\"dateModified\":\"2025-10-21T12:58:45+00:00\",\"mainEntityOfPage\":{\"@id\":\"https:\/\/www.tsp.at\/en\/2014\/06\/03\/barmherzige-brueder-feiern-400-jahre-wien\/\"},\"wordCount\":552,\"publisher\":{\"@id\":\"https:\/\/www.tsp.at\/en\/#organization\"},\"image\":{\"@id\":\"https:\/\/www.tsp.at\/en\/2014\/06\/03\/barmherzige-brueder-feiern-400-jahre-wien\/#primaryimage\"},\"thumbnailUrl\":\"https:\/\/www.tsp.at\/wp-content\/uploads\/2025\/10\/026_20140602_b.jpg\",\"articleSection\":[\"News\"],\"inLanguage\":\"en-US\"},{\"@type\":\"WebPage\",\"@id\":\"https:\/\/www.tsp.at\/en\/2014\/06\/03\/barmherzige-brueder-feiern-400-jahre-wien\/\",\"url\":\"https:\/\/www.tsp.at\/en\/2014\/06\/03\/barmherzige-brueder-feiern-400-jahre-wien\/\",\"name\":\"Barmherzige Br\u00fcder feiern 400 Jahre Wien - Temmel | Seywald - Corporate Communications\",\"isPartOf\":{\"@id\":\"https:\/\/www.tsp.at\/en\/#website\"},\"primaryImageOfPage\":{\"@id\":\"https:\/\/www.tsp.at\/en\/2014\/06\/03\/barmherzige-brueder-feiern-400-jahre-wien\/#primaryimage\"},\"image\":{\"@id\":\"https:\/\/www.tsp.at\/en\/2014\/06\/03\/barmherzige-brueder-feiern-400-jahre-wien\/#primaryimage\"},\"thumbnailUrl\":\"https:\/\/www.tsp.at\/wp-content\/uploads\/2025\/10\/026_20140602_b.jpg\",\"datePublished\":\"2014-06-03T08:18:00+00:00\",\"dateModified\":\"2025-10-21T12:58:45+00:00\",\"breadcrumb\":{\"@id\":\"https:\/\/www.tsp.at\/en\/2014\/06\/03\/barmherzige-brueder-feiern-400-jahre-wien\/#breadcrumb\"},\"inLanguage\":\"en-US\",\"potentialAction\":[{\"@type\":\"ReadAction\",\"target\":[\"https:\/\/www.tsp.at\/en\/2014\/06\/03\/barmherzige-brueder-feiern-400-jahre-wien\/\"]}]},{\"@type\":\"ImageObject\",\"inLanguage\":\"en-US\",\"@id\":\"https:\/\/www.tsp.at\/en\/2014\/06\/03\/barmherzige-brueder-feiern-400-jahre-wien\/#primaryimage\",\"url\":\"https:\/\/www.tsp.at\/wp-content\/uploads\/2025\/10\/026_20140602_b.jpg\",\"contentUrl\":\"https:\/\/www.tsp.at\/wp-content\/uploads\/2025\/10\/026_20140602_b.jpg\",\"width\":2303,\"height\":1535,\"caption\":\"Wien - Barmherzige Br\u00fcder Wien feierten 400. Bestandsjubil\u00e4um. Am 2. Juni 2014 feierten der Konvent und das Krankenhaus der Barmherzigen Br\u00fcder Wien mit rund 700 G\u00e4sten im Rathaus das 400. Bestandsjubil\u00e4um. Gru\u00dfworte beim Festakt sprachen Gesundheitsminister Alois St\u00f6ger, Bundesminister f\u00fcr Arbeit, Soziales und Konsumentenschutz Rudolf Hundstorfer, Gesundheitsstadtr\u00e4tin Mag.a Sonja Wehsely sowie Frater Jes\u00fas Etayo Arrondo OH, Generalprior der Barmherzigen Br\u00fcder sowie Apostolischer Nuntius Erzbischof Dr. Peter Stephan Zurbriggen.\"},{\"@type\":\"BreadcrumbList\",\"@id\":\"https:\/\/www.tsp.at\/en\/2014\/06\/03\/barmherzige-brueder-feiern-400-jahre-wien\/#breadcrumb\",\"itemListElement\":[{\"@type\":\"ListItem\",\"position\":1,\"name\":\"Startseite\",\"item\":\"https:\/\/www.tsp.at\/en\/\"},{\"@type\":\"ListItem\",\"position\":2,\"name\":\"Barmherzige Br\u00fcder feiern 400 Jahre Wien\"}]},{\"@type\":\"WebSite\",\"@id\":\"https:\/\/www.tsp.at\/en\/#website\",\"url\":\"https:\/\/www.tsp.at\/en\/\",\"name\":\"Temmel | Seywald - Corporate Communications\",\"description\":\"Kommunikation ist Beziehungsarbeit\",\"publisher\":{\"@id\":\"https:\/\/www.tsp.at\/en\/#organization\"},\"potentialAction\":[{\"@type\":\"SearchAction\",\"target\":{\"@type\":\"EntryPoint\",\"urlTemplate\":\"https:\/\/www.tsp.at\/en\/?s={search_term_string}\"},\"query-input\":{\"@type\":\"PropertyValueSpecification\",\"valueRequired\":true,\"valueName\":\"search_term_string\"}}],\"inLanguage\":\"en-US\"},{\"@type\":\"Organization\",\"@id\":\"https:\/\/www.tsp.at\/en\/#organization\",\"name\":\"Temmel, Seywald & Partner Communications GesmbH\",\"alternateName\":\"TSP\",\"url\":\"https:\/\/www.tsp.at\/en\/\",\"logo\":{\"@type\":\"ImageObject\",\"inLanguage\":\"en-US\",\"@id\":\"https:\/\/www.tsp.at\/en\/#\/schema\/logo\/image\/\",\"url\":\"https:\/\/www.tsp.at\/wp-content\/uploads\/2025\/10\/favicontsp.png\",\"contentUrl\":\"https:\/\/www.tsp.at\/wp-content\/uploads\/2025\/10\/favicontsp.png\",\"width\":125,\"height\":125,\"caption\":\"Temmel, Seywald & Partner Communications GesmbH\"},\"image\":{\"@id\":\"https:\/\/www.tsp.at\/en\/#\/schema\/logo\/image\/\"},\"sameAs\":[\"https:\/\/www.facebook.com\/TemmelSeywald\"]},{\"@type\":\"Person\",\"@id\":\"https:\/\/www.tsp.at\/en\/#\/schema\/person\/1ba5600c29da17b902b0925cea567f8a\",\"name\":\"TSP Redaktion\"}]}<\/script>\n<!-- \/ Yoast SEO plugin. -->","yoast_head_json":{"title":"Barmherzige Br\u00fcder feiern 400 Jahre Wien - Temmel | Seywald - Corporate Communications","robots":{"index":"index","follow":"follow","max-snippet":"max-snippet:-1","max-image-preview":"max-image-preview:large","max-video-preview":"max-video-preview:-1"},"canonical":"https:\/\/www.tsp.at\/en\/2014\/06\/03\/barmherzige-brueder-feiern-400-jahre-wien\/","og_locale":"en_US","og_type":"article","og_title":"Barmherzige Br\u00fcder feiern 400 Jahre Wien - Temmel | Seywald - Corporate Communications","og_description":"Hospitalit\u00e4t als Grundpfeiler des \u00e4ltesten Ordensspitals \u00d6sterreichs 03.06.2014 Wien \u2013 Das \u00e4lteste Ordensspital der Stadt Wien hat am Montag seinen 400. Geburtstag in Anwesenheit zahlreicher Festg\u00e4ste aus dem In- und Ausland gefeiert. Krankenhaus und Konvent der Barmherzigen Br\u00fcder http:\/\/barmherzige-brueder.atin der Taborstra\u00dfe 16 wurden im Jahre 1612 vom Chirurgen und Ordensbruder Gabriel von Ferrara gegr\u00fcndet und&hellip;","og_url":"https:\/\/www.tsp.at\/en\/2014\/06\/03\/barmherzige-brueder-feiern-400-jahre-wien\/","og_site_name":"Temmel | Seywald - Corporate Communications","article_publisher":"https:\/\/www.facebook.com\/TemmelSeywald","article_published_time":"2014-06-03T08:18:00+00:00","article_modified_time":"2025-10-21T12:58:45+00:00","og_image":[{"width":1024,"height":683,"url":"https:\/\/www.tsp.at\/wp-content\/uploads\/2025\/10\/026_20140602_b-1024x683.jpg","type":"image\/jpeg"}],"author":"TSP Redaktion","twitter_card":"summary_large_image","twitter_misc":{"Written by":"TSP Redaktion","Est. reading time":"4 minutes"},"schema":{"@context":"https:\/\/schema.org","@graph":[{"@type":"Article","@id":"https:\/\/www.tsp.at\/en\/2014\/06\/03\/barmherzige-brueder-feiern-400-jahre-wien\/#article","isPartOf":{"@id":"https:\/\/www.tsp.at\/en\/2014\/06\/03\/barmherzige-brueder-feiern-400-jahre-wien\/"},"author":{"name":"TSP Redaktion","@id":"https:\/\/www.tsp.at\/en\/#\/schema\/person\/1ba5600c29da17b902b0925cea567f8a"},"headline":"Barmherzige Br\u00fcder feiern 400 Jahre Wien","datePublished":"2014-06-03T08:18:00+00:00","dateModified":"2025-10-21T12:58:45+00:00","mainEntityOfPage":{"@id":"https:\/\/www.tsp.at\/en\/2014\/06\/03\/barmherzige-brueder-feiern-400-jahre-wien\/"},"wordCount":552,"publisher":{"@id":"https:\/\/www.tsp.at\/en\/#organization"},"image":{"@id":"https:\/\/www.tsp.at\/en\/2014\/06\/03\/barmherzige-brueder-feiern-400-jahre-wien\/#primaryimage"},"thumbnailUrl":"https:\/\/www.tsp.at\/wp-content\/uploads\/2025\/10\/026_20140602_b.jpg","articleSection":["News"],"inLanguage":"en-US"},{"@type":"WebPage","@id":"https:\/\/www.tsp.at\/en\/2014\/06\/03\/barmherzige-brueder-feiern-400-jahre-wien\/","url":"https:\/\/www.tsp.at\/en\/2014\/06\/03\/barmherzige-brueder-feiern-400-jahre-wien\/","name":"Barmherzige Br\u00fcder feiern 400 Jahre Wien - Temmel | Seywald - Corporate Communications","isPartOf":{"@id":"https:\/\/www.tsp.at\/en\/#website"},"primaryImageOfPage":{"@id":"https:\/\/www.tsp.at\/en\/2014\/06\/03\/barmherzige-brueder-feiern-400-jahre-wien\/#primaryimage"},"image":{"@id":"https:\/\/www.tsp.at\/en\/2014\/06\/03\/barmherzige-brueder-feiern-400-jahre-wien\/#primaryimage"},"thumbnailUrl":"https:\/\/www.tsp.at\/wp-content\/uploads\/2025\/10\/026_20140602_b.jpg","datePublished":"2014-06-03T08:18:00+00:00","dateModified":"2025-10-21T12:58:45+00:00","breadcrumb":{"@id":"https:\/\/www.tsp.at\/en\/2014\/06\/03\/barmherzige-brueder-feiern-400-jahre-wien\/#breadcrumb"},"inLanguage":"en-US","potentialAction":[{"@type":"ReadAction","target":["https:\/\/www.tsp.at\/en\/2014\/06\/03\/barmherzige-brueder-feiern-400-jahre-wien\/"]}]},{"@type":"ImageObject","inLanguage":"en-US","@id":"https:\/\/www.tsp.at\/en\/2014\/06\/03\/barmherzige-brueder-feiern-400-jahre-wien\/#primaryimage","url":"https:\/\/www.tsp.at\/wp-content\/uploads\/2025\/10\/026_20140602_b.jpg","contentUrl":"https:\/\/www.tsp.at\/wp-content\/uploads\/2025\/10\/026_20140602_b.jpg","width":2303,"height":1535,"caption":"Wien - Barmherzige Br\u00fcder Wien feierten 400. Bestandsjubil\u00e4um. Am 2. Juni 2014 feierten der Konvent und das Krankenhaus der Barmherzigen Br\u00fcder Wien mit rund 700 G\u00e4sten im Rathaus das 400. Bestandsjubil\u00e4um. Gru\u00dfworte beim Festakt sprachen Gesundheitsminister Alois St\u00f6ger, Bundesminister f\u00fcr Arbeit, Soziales und Konsumentenschutz Rudolf Hundstorfer, Gesundheitsstadtr\u00e4tin Mag.a Sonja Wehsely sowie Frater Jes\u00fas Etayo Arrondo OH, Generalprior der Barmherzigen Br\u00fcder sowie Apostolischer Nuntius Erzbischof Dr. Peter Stephan Zurbriggen."},{"@type":"BreadcrumbList","@id":"https:\/\/www.tsp.at\/en\/2014\/06\/03\/barmherzige-brueder-feiern-400-jahre-wien\/#breadcrumb","itemListElement":[{"@type":"ListItem","position":1,"name":"Startseite","item":"https:\/\/www.tsp.at\/en\/"},{"@type":"ListItem","position":2,"name":"Barmherzige Br\u00fcder feiern 400 Jahre Wien"}]},{"@type":"WebSite","@id":"https:\/\/www.tsp.at\/en\/#website","url":"https:\/\/www.tsp.at\/en\/","name":"Temmel | Seywald - Corporate Communications","description":"Kommunikation ist Beziehungsarbeit","publisher":{"@id":"https:\/\/www.tsp.at\/en\/#organization"},"potentialAction":[{"@type":"SearchAction","target":{"@type":"EntryPoint","urlTemplate":"https:\/\/www.tsp.at\/en\/?s={search_term_string}"},"query-input":{"@type":"PropertyValueSpecification","valueRequired":true,"valueName":"search_term_string"}}],"inLanguage":"en-US"},{"@type":"Organization","@id":"https:\/\/www.tsp.at\/en\/#organization","name":"Temmel, Seywald & Partner Communications GesmbH","alternateName":"TSP","url":"https:\/\/www.tsp.at\/en\/","logo":{"@type":"ImageObject","inLanguage":"en-US","@id":"https:\/\/www.tsp.at\/en\/#\/schema\/logo\/image\/","url":"https:\/\/www.tsp.at\/wp-content\/uploads\/2025\/10\/favicontsp.png","contentUrl":"https:\/\/www.tsp.at\/wp-content\/uploads\/2025\/10\/favicontsp.png","width":125,"height":125,"caption":"Temmel, Seywald & Partner Communications GesmbH"},"image":{"@id":"https:\/\/www.tsp.at\/en\/#\/schema\/logo\/image\/"},"sameAs":["https:\/\/www.facebook.com\/TemmelSeywald"]},{"@type":"Person","@id":"https:\/\/www.tsp.at\/en\/#\/schema\/person\/1ba5600c29da17b902b0925cea567f8a","name":"TSP Redaktion"}]}},"_links":{"self":[{"href":"https:\/\/www.tsp.at\/en\/wp-json\/wp\/v2\/posts\/10532","targetHints":{"allow":["GET"]}}],"collection":[{"href":"https:\/\/www.tsp.at\/en\/wp-json\/wp\/v2\/posts"}],"about":[{"href":"https:\/\/www.tsp.at\/en\/wp-json\/wp\/v2\/types\/post"}],"author":[{"embeddable":true,"href":"https:\/\/www.tsp.at\/en\/wp-json\/wp\/v2\/users\/2"}],"replies":[{"embeddable":true,"href":"https:\/\/www.tsp.at\/en\/wp-json\/wp\/v2\/comments?post=10532"}],"version-history":[{"count":1,"href":"https:\/\/www.tsp.at\/en\/wp-json\/wp\/v2\/posts\/10532\/revisions"}],"predecessor-version":[{"id":11676,"href":"https:\/\/www.tsp.at\/en\/wp-json\/wp\/v2\/posts\/10532\/revisions\/11676"}],"wp:featuredmedia":[{"embeddable":true,"href":"https:\/\/www.tsp.at\/en\/wp-json\/wp\/v2\/media\/10531"}],"wp:attachment":[{"href":"https:\/\/www.tsp.at\/en\/wp-json\/wp\/v2\/media?parent=10532"}],"wp:term":[{"taxonomy":"category","embeddable":true,"href":"https:\/\/www.tsp.at\/en\/wp-json\/wp\/v2\/categories?post=10532"},{"taxonomy":"post_tag","embeddable":true,"href":"https:\/\/www.tsp.at\/en\/wp-json\/wp\/v2\/tags?post=10532"}],"curies":[{"name":"wp","href":"https:\/\/api.w.org\/{rel}","templated":true}]}}