{"id":10534,"date":"2014-05-29T12:36:00","date_gmt":"2014-05-29T10:36:00","guid":{"rendered":"https:\/\/staging.tsp.at\/2014\/05\/29\/charme-offensive-russlands-in-der-ukraine\/"},"modified":"2025-10-21T14:58:45","modified_gmt":"2025-10-21T12:58:45","slug":"charme-offensive-russlands-in-der-ukraine","status":"publish","type":"post","link":"https:\/\/www.tsp.at\/en\/2014\/05\/29\/charme-offensive-russlands-in-der-ukraine\/","title":{"rendered":"Charme-Offensive Russlands in der Ukraine"},"content":{"rendered":"<article class=\"item\">\n<h2><strong>Harte Kritik an der EU-Au\u00dfenpolitik &#8211; B\u00fcndnisfreiheit und F\u00f6deralisierung als Ziel<br \/>\n<\/strong><\/h2>\n<p>29.05.2014<\/p>\n<\/p>\n<\/p>\n<\/p>\n<\/p>\n<\/p>\n<p>Wien \u2013 Eklatante Fehler, Gr\u00f6\u00dfenwahn und bewusste Falschinformation: Das wirft die \u00d6sterreichisch-Russische Freundschaftsgesellschaft (ORFG) der Europ\u00e4ischen Union in der Ukraine-Politik vor. Der &#8220;innerstaatlich begrenzte bewaffnete Konflikt&#8221; (Bewertung Prof. Mangott) sei prim\u00e4r eine Folge der EU-Anstrengungen, die Ukraine ins westliche Lager zu ziehen. Das werde Russland aus Sicherheits- und Wirtschaftsinteressen niemals akzeptieren, so der Tenor einer Podiumsdiskussion am Mittwoch abend im Palais Kaiserhaus in Wien. <a href=\"http:\/\/www.orfg.net\" rel=\"nofollow\" target=\"_blank\">http:\/\/www.orfg.net<\/a> <\/p>\n<p class=\"FtxtP\">Der Pr\u00e4sident der Freundschaftsgesellschaft, Ludwig Scharinger, ging gleich in der Er\u00f6ffnung in Frontalopposition zur EU und lobte den Beitrag Putins zur Stabilit\u00e4t in Russland. Er kritisierte die EU-Sanktionen und Vasallenmentalit\u00e4t gegen\u00fcber den USA und hob die guten Beziehungen \u00d6sterreichs zu Moskau hervor. Eine &#8220;Charme-Offensive&#8221; Russlands im Westen k\u00f6nnte die Desinformation der westlichen Medien beenden und f\u00fcr Aufkl\u00e4rung sorgen, meinte der Alt-Raiffeisenbanker, der entsprechende Ma\u00dfnahmen treffen will.<\/p>\n<p class=\"FtxtP\"><strong><span class=\"FtxtBold\" style=\"margin-bottom: 10px;\"> Wei\u00dfe Schafe<\/span><\/strong><\/p>\n<p class=\"FtxtP\">Noch drastischer echauffierte sich der Journalist und Autor Hans V. Haumer. Er warf den heimischen Medien vor, ein einseitiges Bild der Lage zu zeichnen und empfahl als Alternative &#8220;Russia Today&#8221;. Haumer nannte die EU in der Region einen &#8220;Brandstifter&#8221;, und warnte vor einem neuen Kalten Krieg. Es fehle an grundlegendem Respekt, man sei von Deeskalation weit entfernt. Die EU wolle den Energieriesen Russland schw\u00e4chen, um Zugriff zu Pipelines und Erdgassystemen zu bekommen. &#8220;Vorgestern war es Georgien, heute die Ukraine, und morgen sind Kasachstan und Aserbaidschan dran&#8221;, wetterte Haumer.<\/p>\n<p class=\"FtxtP\">Russlands Botschafter Sergej Netschajew rollte die Genesis der Ukraine-Krise auf, um zu verdeutlichen, dass sich sein Land von Anfang an zur\u00fcckgehalten und zu keinem Zeitpunkt in die inneren Angelegenheiten eingemischt habe. Die Besetzung der Krim argumentierte der Botschafter bed\u00e4chtig mit der jahrhundertelangen Zugeh\u00f6rigkeit der Halbinsel zu Russland und internationalen Vertr\u00e4gen, die der Schwarzmeerflotte die milit\u00e4rische Pr\u00e4senz von 25.000 Soldaten zusichert. Die russischsprachige Bev\u00f6lkerung habe zu den Waffen gegriffen, weil ihre Identit\u00e4t durch das &#8220;unrechtm\u00e4\u00dfige&#8221; Regime in Kiew gef\u00e4hrdet sei. Das Referendum und der Beitritt der Krim zur Russischen F\u00f6rderation seien &#8220;absolut legitim&#8221;.<\/p>\n<p class=\"FtxtP\"><strong><span class=\"FtxtBold\" style=\"margin-bottom: 10px;\"> Gr\u00fcne M\u00e4nnchen<\/span><\/strong><\/p>\n<p class=\"FtxtP\">Der Politikwissenschafter und Russlandkenner Gerhard Mangott skizzierte die Rolle Russlands in dem Konflikt differenzierter. Er sprach von inakzeptablen Verst\u00f6\u00dfen Moskaus gegen das V\u00f6lkerrecht, wie etwa die Besatzung der Krim mit &#8220;gr\u00fcnen M\u00e4nnchen&#8221; ohne Hoheitsabzeichen. Doch auch die EU tr\u00e4gt Verantwortung. Sie sei &#8220;Mitverursacher&#8221; der Krise und &#8220;kein ehrlicher Makler&#8221;. Ja sie sei erstaunlich naiv was Machtpolitik anlangt. So habe er, Mangott, nie verstanden, warum die EU im Rahmen des EU-Assoziationsabkommens auf trilaterale Gespr\u00e4che verzichtet und einen &#8220;unn\u00f6tigen&#8221; Artikel 7 hineingeschrieben habe, der Au\u00dfen-, Sicherheits und Verteidigungsfragen behandelt.<\/p>\n<p class=\"FtxtP\">Jeder h\u00e4tte ahnen k\u00f6nnen, was das f\u00fcr Russland bedeutet. Die Vorstellung, die Ukraine-Krise gegen und ohne Russland zu l\u00f6sen, sei nicht denkbar. Die Fehler summierten sich. Nach dem Abkommen der drei Au\u00dfenminister vom 21. Februar zur Beruhigung der Lage w\u00e4re es die wichtigste Aufgabe der EU gewesen, diese Vereinbarung zu verteidigen. Nicht die Bildung einer Regierung der nationalen Einheit war allerdings die Folge, sondern eine 2-Parteien-Regierung bestehend aus Rechtsextremen und westukrainischen Nationalisten. Das sei keine nationale Vers\u00f6hnung, weder auf Parteien-, noch auf Regionenebene.<\/p>\n<p class=\"FtxtP\"><strong><span class=\"FtxtBold\" style=\"margin-bottom: 10px;\"> Breiter Dialog gefordert<\/span><\/strong><\/p>\n<p class=\"FtxtP\">Mangott gab zu bedenken, dass die Regierung in Kiew jede Glaubw\u00fcrdigkeit verspielt habe. Die schlechte Bewertung in repr\u00e4sentativen Umfragen (lediglich 7% der russischsprachigen Bev\u00f6lkerung in der Ostukraine stuft sie noch als legal ein) gehe weit \u00fcber aufst\u00e4ndische Elemente hinaus. Um eine Verhandlungsl\u00f6sung zu finden, m\u00fcssten alle Kr\u00e4fte in den Dialog eingebunden werden, Parteien, Gewerkschaften, Kirchen. Eckpunkte einer k\u00fcnftigen L\u00f6sung f\u00fcr die politische Stabilit\u00e4t der Ukraine sieht Mangott demgem\u00e4\u00df in der &#8220;B\u00fcndnisfreiheit, F\u00f6deralisierung und Dezentralisierung&#8221; des Landes.<\/p>\n<p class=\"FtxtP\">Der Innsbrucker Politikwissenschafter warnte \u00fcberdies davor, weiter \u00fcber eine m\u00f6gliche dritte Stufe der Sanktionen zu sprechen. Auch wenn man in Polen und in den baltischen Staaten anders denkt: Die EU sollte davon Abstand nehmen, das w\u00fcrde nur zu einer weiteren Versch\u00e4rfung der Situation beitragen. Besser sollte mehr Druck auf die ukrainische Regierung ausge\u00fcbt werden, breitere Grundlagen f\u00fcr einen nationalen Dialog zu schaffen und den Runden Tisch ernst zu nehmen, nat\u00fcrlich aber nur wenn die Waffen niedergelegt werden.<\/p>\n<p class=\"FtxtP\"><strong><span class=\"FtxtBold\" style=\"margin-bottom: 10px;\"> Falsch- und Fehlinformationen<\/span><\/strong><\/p>\n<p class=\"FtxtP\">Im Publikum regte sich bei so viel Anti-EU und Pro-Russland-Stimmen Kritik. Der ehemalige \u00f6sterreichische Au\u00dfenminister Erwin Lanz sagte, man solle sich von der russischen Propaganda nicht f\u00fcr dumm verkaufen lassen. Was Russland ureigene Sicherheitsinteressen nennt, sei in Wahrheit brutale Machtpolitik, in der jedes Mittel recht ist. Die Erfahrungen des Weltkriegs, der sowjetischen Diktatur und der Menschenrechtsverletzungen bis in die j\u00fcngste Zeit haben Europa lernen lassen, was vom russischen Vorgehen zu halten ist.<\/p>\n<p class=\"FtxtP\">Aus seiner Sicht wird der Konflikt au\u00dferdem &#8220;zu juristisch und formalistisch&#8221; behandelt, man solle doch einmal an die betroffenen Menschen denken. Eine Befriedung und Demokratisierung der Ukraine sei nur mit den Menschen, und nicht gegen und \u00fcber die &#8220;Ukraine dr\u00fcber&#8221; machbar, sagte Lanz. Ein anderer Teilnehmer stellte die Frage, warum \u00fcber die milit\u00e4rischen Operationen Russlands keine Informationen geliefert werden. &#8220;Russia Today&#8221; oder &#8220;Charme-Offensiven&#8221; seien wohl nicht die richtige Antwort darauf.<\/p>\n<\/article>\n","protected":false},"excerpt":{"rendered":"<p>Harte Kritik an der EU-Au\u00dfenpolitik &#8211; B\u00fcndnisfreiheit und F\u00f6deralisierung als Ziel 29.05.2014 Wien \u2013 Eklatante Fehler, Gr\u00f6\u00dfenwahn und bewusste Falschinformation: Das wirft die \u00d6sterreichisch-Russische Freundschaftsgesellschaft (ORFG) der Europ\u00e4ischen Union in der Ukraine-Politik vor. Der &#8220;innerstaatlich begrenzte bewaffnete Konflikt&#8221; (Bewertung Prof. Mangott) sei prim\u00e4r eine Folge der EU-Anstrengungen, die Ukraine ins westliche Lager zu ziehen. Das&hellip;<\/p>\n","protected":false},"author":2,"featured_media":10533,"comment_status":"closed","ping_status":"closed","sticky":false,"template":"","format":"standard","meta":{"footnotes":""},"categories":[3],"tags":[],"class_list":["post-10534","post","type-post","status-publish","format-standard","has-post-thumbnail","hentry","category-news","category-3","description-off"],"yoast_head":"<!-- This site is optimized with the Yoast SEO plugin v26.3 - https:\/\/yoast.com\/wordpress\/plugins\/seo\/ -->\n<title>Charme-Offensive Russlands in der Ukraine - Temmel | Seywald - Corporate Communications<\/title>\n<meta name=\"robots\" content=\"index, follow, max-snippet:-1, max-image-preview:large, max-video-preview:-1\" \/>\n<link rel=\"canonical\" href=\"https:\/\/www.tsp.at\/en\/2014\/05\/29\/charme-offensive-russlands-in-der-ukraine\/\" \/>\n<meta property=\"og:locale\" content=\"en_US\" \/>\n<meta property=\"og:type\" content=\"article\" \/>\n<meta property=\"og:title\" content=\"Charme-Offensive Russlands in der Ukraine - Temmel | Seywald - Corporate Communications\" \/>\n<meta property=\"og:description\" content=\"Harte Kritik an der EU-Au\u00dfenpolitik &#8211; B\u00fcndnisfreiheit und F\u00f6deralisierung als Ziel 29.05.2014 Wien \u2013 Eklatante Fehler, Gr\u00f6\u00dfenwahn und bewusste Falschinformation: Das wirft die \u00d6sterreichisch-Russische Freundschaftsgesellschaft (ORFG) der Europ\u00e4ischen Union in der Ukraine-Politik vor. Der &#8220;innerstaatlich begrenzte bewaffnete Konflikt&#8221; (Bewertung Prof. Mangott) sei prim\u00e4r eine Folge der EU-Anstrengungen, die Ukraine ins westliche Lager zu ziehen. Das&hellip;\" \/>\n<meta property=\"og:url\" content=\"https:\/\/www.tsp.at\/en\/2014\/05\/29\/charme-offensive-russlands-in-der-ukraine\/\" \/>\n<meta property=\"og:site_name\" content=\"Temmel | Seywald - Corporate Communications\" \/>\n<meta property=\"article:publisher\" content=\"https:\/\/www.facebook.com\/TemmelSeywald\" \/>\n<meta property=\"article:published_time\" content=\"2014-05-29T10:36:00+00:00\" \/>\n<meta property=\"article:modified_time\" content=\"2025-10-21T12:58:45+00:00\" \/>\n<meta property=\"og:image\" content=\"https:\/\/www.tsp.at\/wp-content\/uploads\/2025\/10\/P1140814-scaled.jpg\" \/>\n\t<meta property=\"og:image:width\" content=\"2560\" \/>\n\t<meta property=\"og:image:height\" content=\"1920\" \/>\n\t<meta property=\"og:image:type\" content=\"image\/jpeg\" \/>\n<meta name=\"author\" content=\"TSP Redaktion\" \/>\n<meta name=\"twitter:card\" content=\"summary_large_image\" \/>\n<meta name=\"twitter:label1\" content=\"Written by\" \/>\n\t<meta name=\"twitter:data1\" content=\"TSP Redaktion\" \/>\n\t<meta name=\"twitter:label2\" content=\"Est. reading time\" \/>\n\t<meta name=\"twitter:data2\" content=\"5 minutes\" \/>\n<script type=\"application\/ld+json\" class=\"yoast-schema-graph\">{\"@context\":\"https:\/\/schema.org\",\"@graph\":[{\"@type\":\"Article\",\"@id\":\"https:\/\/www.tsp.at\/en\/2014\/05\/29\/charme-offensive-russlands-in-der-ukraine\/#article\",\"isPartOf\":{\"@id\":\"https:\/\/www.tsp.at\/en\/2014\/05\/29\/charme-offensive-russlands-in-der-ukraine\/\"},\"author\":{\"name\":\"TSP Redaktion\",\"@id\":\"https:\/\/www.tsp.at\/en\/#\/schema\/person\/1ba5600c29da17b902b0925cea567f8a\"},\"headline\":\"Charme-Offensive Russlands in der Ukraine\",\"datePublished\":\"2014-05-29T10:36:00+00:00\",\"dateModified\":\"2025-10-21T12:58:45+00:00\",\"mainEntityOfPage\":{\"@id\":\"https:\/\/www.tsp.at\/en\/2014\/05\/29\/charme-offensive-russlands-in-der-ukraine\/\"},\"wordCount\":870,\"publisher\":{\"@id\":\"https:\/\/www.tsp.at\/en\/#organization\"},\"image\":{\"@id\":\"https:\/\/www.tsp.at\/en\/2014\/05\/29\/charme-offensive-russlands-in-der-ukraine\/#primaryimage\"},\"thumbnailUrl\":\"https:\/\/www.tsp.at\/wp-content\/uploads\/2025\/10\/P1140814-scaled.jpg\",\"articleSection\":[\"News\"],\"inLanguage\":\"en-US\"},{\"@type\":\"WebPage\",\"@id\":\"https:\/\/www.tsp.at\/en\/2014\/05\/29\/charme-offensive-russlands-in-der-ukraine\/\",\"url\":\"https:\/\/www.tsp.at\/en\/2014\/05\/29\/charme-offensive-russlands-in-der-ukraine\/\",\"name\":\"Charme-Offensive Russlands in der Ukraine - Temmel | Seywald - Corporate Communications\",\"isPartOf\":{\"@id\":\"https:\/\/www.tsp.at\/en\/#website\"},\"primaryImageOfPage\":{\"@id\":\"https:\/\/www.tsp.at\/en\/2014\/05\/29\/charme-offensive-russlands-in-der-ukraine\/#primaryimage\"},\"image\":{\"@id\":\"https:\/\/www.tsp.at\/en\/2014\/05\/29\/charme-offensive-russlands-in-der-ukraine\/#primaryimage\"},\"thumbnailUrl\":\"https:\/\/www.tsp.at\/wp-content\/uploads\/2025\/10\/P1140814-scaled.jpg\",\"datePublished\":\"2014-05-29T10:36:00+00:00\",\"dateModified\":\"2025-10-21T12:58:45+00:00\",\"breadcrumb\":{\"@id\":\"https:\/\/www.tsp.at\/en\/2014\/05\/29\/charme-offensive-russlands-in-der-ukraine\/#breadcrumb\"},\"inLanguage\":\"en-US\",\"potentialAction\":[{\"@type\":\"ReadAction\",\"target\":[\"https:\/\/www.tsp.at\/en\/2014\/05\/29\/charme-offensive-russlands-in-der-ukraine\/\"]}]},{\"@type\":\"ImageObject\",\"inLanguage\":\"en-US\",\"@id\":\"https:\/\/www.tsp.at\/en\/2014\/05\/29\/charme-offensive-russlands-in-der-ukraine\/#primaryimage\",\"url\":\"https:\/\/www.tsp.at\/wp-content\/uploads\/2025\/10\/P1140814-scaled.jpg\",\"contentUrl\":\"https:\/\/www.tsp.at\/wp-content\/uploads\/2025\/10\/P1140814-scaled.jpg\",\"width\":2560,\"height\":1920},{\"@type\":\"BreadcrumbList\",\"@id\":\"https:\/\/www.tsp.at\/en\/2014\/05\/29\/charme-offensive-russlands-in-der-ukraine\/#breadcrumb\",\"itemListElement\":[{\"@type\":\"ListItem\",\"position\":1,\"name\":\"Startseite\",\"item\":\"https:\/\/www.tsp.at\/en\/\"},{\"@type\":\"ListItem\",\"position\":2,\"name\":\"Charme-Offensive Russlands in der Ukraine\"}]},{\"@type\":\"WebSite\",\"@id\":\"https:\/\/www.tsp.at\/en\/#website\",\"url\":\"https:\/\/www.tsp.at\/en\/\",\"name\":\"Temmel | Seywald - Corporate Communications\",\"description\":\"Kommunikation ist Beziehungsarbeit\",\"publisher\":{\"@id\":\"https:\/\/www.tsp.at\/en\/#organization\"},\"potentialAction\":[{\"@type\":\"SearchAction\",\"target\":{\"@type\":\"EntryPoint\",\"urlTemplate\":\"https:\/\/www.tsp.at\/en\/?s={search_term_string}\"},\"query-input\":{\"@type\":\"PropertyValueSpecification\",\"valueRequired\":true,\"valueName\":\"search_term_string\"}}],\"inLanguage\":\"en-US\"},{\"@type\":\"Organization\",\"@id\":\"https:\/\/www.tsp.at\/en\/#organization\",\"name\":\"Temmel, Seywald & Partner Communications GesmbH\",\"alternateName\":\"TSP\",\"url\":\"https:\/\/www.tsp.at\/en\/\",\"logo\":{\"@type\":\"ImageObject\",\"inLanguage\":\"en-US\",\"@id\":\"https:\/\/www.tsp.at\/en\/#\/schema\/logo\/image\/\",\"url\":\"https:\/\/www.tsp.at\/wp-content\/uploads\/2025\/10\/favicontsp.png\",\"contentUrl\":\"https:\/\/www.tsp.at\/wp-content\/uploads\/2025\/10\/favicontsp.png\",\"width\":125,\"height\":125,\"caption\":\"Temmel, Seywald & Partner Communications GesmbH\"},\"image\":{\"@id\":\"https:\/\/www.tsp.at\/en\/#\/schema\/logo\/image\/\"},\"sameAs\":[\"https:\/\/www.facebook.com\/TemmelSeywald\"]},{\"@type\":\"Person\",\"@id\":\"https:\/\/www.tsp.at\/en\/#\/schema\/person\/1ba5600c29da17b902b0925cea567f8a\",\"name\":\"TSP Redaktion\"}]}<\/script>\n<!-- \/ Yoast SEO plugin. -->","yoast_head_json":{"title":"Charme-Offensive Russlands in der Ukraine - Temmel | Seywald - Corporate Communications","robots":{"index":"index","follow":"follow","max-snippet":"max-snippet:-1","max-image-preview":"max-image-preview:large","max-video-preview":"max-video-preview:-1"},"canonical":"https:\/\/www.tsp.at\/en\/2014\/05\/29\/charme-offensive-russlands-in-der-ukraine\/","og_locale":"en_US","og_type":"article","og_title":"Charme-Offensive Russlands in der Ukraine - Temmel | Seywald - Corporate Communications","og_description":"Harte Kritik an der EU-Au\u00dfenpolitik &#8211; B\u00fcndnisfreiheit und F\u00f6deralisierung als Ziel 29.05.2014 Wien \u2013 Eklatante Fehler, Gr\u00f6\u00dfenwahn und bewusste Falschinformation: Das wirft die \u00d6sterreichisch-Russische Freundschaftsgesellschaft (ORFG) der Europ\u00e4ischen Union in der Ukraine-Politik vor. Der &#8220;innerstaatlich begrenzte bewaffnete Konflikt&#8221; (Bewertung Prof. Mangott) sei prim\u00e4r eine Folge der EU-Anstrengungen, die Ukraine ins westliche Lager zu ziehen. Das&hellip;","og_url":"https:\/\/www.tsp.at\/en\/2014\/05\/29\/charme-offensive-russlands-in-der-ukraine\/","og_site_name":"Temmel | Seywald - Corporate Communications","article_publisher":"https:\/\/www.facebook.com\/TemmelSeywald","article_published_time":"2014-05-29T10:36:00+00:00","article_modified_time":"2025-10-21T12:58:45+00:00","og_image":[{"width":2560,"height":1920,"url":"https:\/\/www.tsp.at\/wp-content\/uploads\/2025\/10\/P1140814-scaled.jpg","type":"image\/jpeg"}],"author":"TSP Redaktion","twitter_card":"summary_large_image","twitter_misc":{"Written by":"TSP Redaktion","Est. reading time":"5 minutes"},"schema":{"@context":"https:\/\/schema.org","@graph":[{"@type":"Article","@id":"https:\/\/www.tsp.at\/en\/2014\/05\/29\/charme-offensive-russlands-in-der-ukraine\/#article","isPartOf":{"@id":"https:\/\/www.tsp.at\/en\/2014\/05\/29\/charme-offensive-russlands-in-der-ukraine\/"},"author":{"name":"TSP Redaktion","@id":"https:\/\/www.tsp.at\/en\/#\/schema\/person\/1ba5600c29da17b902b0925cea567f8a"},"headline":"Charme-Offensive Russlands in der Ukraine","datePublished":"2014-05-29T10:36:00+00:00","dateModified":"2025-10-21T12:58:45+00:00","mainEntityOfPage":{"@id":"https:\/\/www.tsp.at\/en\/2014\/05\/29\/charme-offensive-russlands-in-der-ukraine\/"},"wordCount":870,"publisher":{"@id":"https:\/\/www.tsp.at\/en\/#organization"},"image":{"@id":"https:\/\/www.tsp.at\/en\/2014\/05\/29\/charme-offensive-russlands-in-der-ukraine\/#primaryimage"},"thumbnailUrl":"https:\/\/www.tsp.at\/wp-content\/uploads\/2025\/10\/P1140814-scaled.jpg","articleSection":["News"],"inLanguage":"en-US"},{"@type":"WebPage","@id":"https:\/\/www.tsp.at\/en\/2014\/05\/29\/charme-offensive-russlands-in-der-ukraine\/","url":"https:\/\/www.tsp.at\/en\/2014\/05\/29\/charme-offensive-russlands-in-der-ukraine\/","name":"Charme-Offensive Russlands in der Ukraine - Temmel | Seywald - Corporate Communications","isPartOf":{"@id":"https:\/\/www.tsp.at\/en\/#website"},"primaryImageOfPage":{"@id":"https:\/\/www.tsp.at\/en\/2014\/05\/29\/charme-offensive-russlands-in-der-ukraine\/#primaryimage"},"image":{"@id":"https:\/\/www.tsp.at\/en\/2014\/05\/29\/charme-offensive-russlands-in-der-ukraine\/#primaryimage"},"thumbnailUrl":"https:\/\/www.tsp.at\/wp-content\/uploads\/2025\/10\/P1140814-scaled.jpg","datePublished":"2014-05-29T10:36:00+00:00","dateModified":"2025-10-21T12:58:45+00:00","breadcrumb":{"@id":"https:\/\/www.tsp.at\/en\/2014\/05\/29\/charme-offensive-russlands-in-der-ukraine\/#breadcrumb"},"inLanguage":"en-US","potentialAction":[{"@type":"ReadAction","target":["https:\/\/www.tsp.at\/en\/2014\/05\/29\/charme-offensive-russlands-in-der-ukraine\/"]}]},{"@type":"ImageObject","inLanguage":"en-US","@id":"https:\/\/www.tsp.at\/en\/2014\/05\/29\/charme-offensive-russlands-in-der-ukraine\/#primaryimage","url":"https:\/\/www.tsp.at\/wp-content\/uploads\/2025\/10\/P1140814-scaled.jpg","contentUrl":"https:\/\/www.tsp.at\/wp-content\/uploads\/2025\/10\/P1140814-scaled.jpg","width":2560,"height":1920},{"@type":"BreadcrumbList","@id":"https:\/\/www.tsp.at\/en\/2014\/05\/29\/charme-offensive-russlands-in-der-ukraine\/#breadcrumb","itemListElement":[{"@type":"ListItem","position":1,"name":"Startseite","item":"https:\/\/www.tsp.at\/en\/"},{"@type":"ListItem","position":2,"name":"Charme-Offensive Russlands in der Ukraine"}]},{"@type":"WebSite","@id":"https:\/\/www.tsp.at\/en\/#website","url":"https:\/\/www.tsp.at\/en\/","name":"Temmel | Seywald - Corporate Communications","description":"Kommunikation ist Beziehungsarbeit","publisher":{"@id":"https:\/\/www.tsp.at\/en\/#organization"},"potentialAction":[{"@type":"SearchAction","target":{"@type":"EntryPoint","urlTemplate":"https:\/\/www.tsp.at\/en\/?s={search_term_string}"},"query-input":{"@type":"PropertyValueSpecification","valueRequired":true,"valueName":"search_term_string"}}],"inLanguage":"en-US"},{"@type":"Organization","@id":"https:\/\/www.tsp.at\/en\/#organization","name":"Temmel, Seywald & Partner Communications GesmbH","alternateName":"TSP","url":"https:\/\/www.tsp.at\/en\/","logo":{"@type":"ImageObject","inLanguage":"en-US","@id":"https:\/\/www.tsp.at\/en\/#\/schema\/logo\/image\/","url":"https:\/\/www.tsp.at\/wp-content\/uploads\/2025\/10\/favicontsp.png","contentUrl":"https:\/\/www.tsp.at\/wp-content\/uploads\/2025\/10\/favicontsp.png","width":125,"height":125,"caption":"Temmel, Seywald & Partner Communications GesmbH"},"image":{"@id":"https:\/\/www.tsp.at\/en\/#\/schema\/logo\/image\/"},"sameAs":["https:\/\/www.facebook.com\/TemmelSeywald"]},{"@type":"Person","@id":"https:\/\/www.tsp.at\/en\/#\/schema\/person\/1ba5600c29da17b902b0925cea567f8a","name":"TSP Redaktion"}]}},"_links":{"self":[{"href":"https:\/\/www.tsp.at\/en\/wp-json\/wp\/v2\/posts\/10534","targetHints":{"allow":["GET"]}}],"collection":[{"href":"https:\/\/www.tsp.at\/en\/wp-json\/wp\/v2\/posts"}],"about":[{"href":"https:\/\/www.tsp.at\/en\/wp-json\/wp\/v2\/types\/post"}],"author":[{"embeddable":true,"href":"https:\/\/www.tsp.at\/en\/wp-json\/wp\/v2\/users\/2"}],"replies":[{"embeddable":true,"href":"https:\/\/www.tsp.at\/en\/wp-json\/wp\/v2\/comments?post=10534"}],"version-history":[{"count":1,"href":"https:\/\/www.tsp.at\/en\/wp-json\/wp\/v2\/posts\/10534\/revisions"}],"predecessor-version":[{"id":11677,"href":"https:\/\/www.tsp.at\/en\/wp-json\/wp\/v2\/posts\/10534\/revisions\/11677"}],"wp:featuredmedia":[{"embeddable":true,"href":"https:\/\/www.tsp.at\/en\/wp-json\/wp\/v2\/media\/10533"}],"wp:attachment":[{"href":"https:\/\/www.tsp.at\/en\/wp-json\/wp\/v2\/media?parent=10534"}],"wp:term":[{"taxonomy":"category","embeddable":true,"href":"https:\/\/www.tsp.at\/en\/wp-json\/wp\/v2\/categories?post=10534"},{"taxonomy":"post_tag","embeddable":true,"href":"https:\/\/www.tsp.at\/en\/wp-json\/wp\/v2\/tags?post=10534"}],"curies":[{"name":"wp","href":"https:\/\/api.w.org\/{rel}","templated":true}]}}