{"id":10570,"date":"2014-04-07T15:20:00","date_gmt":"2014-04-07T13:20:00","guid":{"rendered":"https:\/\/staging.tsp.at\/2014\/04\/07\/louis-widmer-sonnenschutz-uebertrifft-eu-standards\/"},"modified":"2025-10-21T14:58:47","modified_gmt":"2025-10-21T12:58:47","slug":"louis-widmer-sonnenschutz-uebertrifft-eu-standards","status":"publish","type":"post","link":"https:\/\/www.tsp.at\/en\/2014\/04\/07\/louis-widmer-sonnenschutz-uebertrifft-eu-standards\/","title":{"rendered":"Louis Widmer Sonnenschutz \u00fcbertrifft EU-Standards"},"content":{"rendered":"<article class=\"item\">\n<h2><strong>UVA-Protection deutlich h\u00f6her als ein Drittel des UVB-Wertes<\/strong><\/h2>\n<p>07.04.2014<\/p>\n<\/p>\n<\/p>\n<\/p>\n<\/p>\n<\/p>\n<p>Salzburg \u2013 <strong>Trotz wechselhaftem Wetter ist eines sicher: Mit den steigenden Temperaturen ist wieder Sonnentanken angesagt. Wer mit den ersten Sonnenstrahlen nicht auch gleich einen Sonnenbrand bekommen will, sollte achtgeben. Denn ab Ende April ist die UV-Belastung bereits gleich hoch wie Mitte August. Mit den Sonnenschutzprodukten des Schweizer Kosmetikspezialisten Louis Widmer steht dem Outdoor-Vergn\u00fcgen nichts mehr im Weg: Sie bieten mehr Schutz als die EU vorschreibt, pflegen die Haut mit feuchtigkeitspendenden Substanzen und sind auch f\u00fcr Allergiker geeignet.<\/strong> <\/p>\n<p class=\"FtxtP\">Gerade dem Winter entronnen, ist unsere Sehnsucht nach Sonne gro\u00df. Zwar ist die UV-Strahlung erst zur Sommersonnenwende am 21. Juni am gr\u00f6\u00dften, aber in der Mittagszeit ist sie auch im April nicht zu untersch\u00e4tzen. An h\u00f6hergelegenen Orten bzw. im Schnee und in der N\u00e4he von anderen reflektierenden Oberfl\u00e4chen steigt sie noch zus\u00e4tzlich.<\/p>\n<p class=\"FtxtP\"><strong>Negative Folgen vermeiden<\/strong><\/p>\n<p class=\"FtxtP\">Dass ein Zuviel an Sonne zu Hauskrebs f\u00fchren kann, ist in der Zwischenzeit hinl\u00e4nglich bekannt. Eine gewisse Br\u00e4une gilt jedoch bei vielen als gesund. Ein Irrtum, denn in Wirklichkeit ist die Br\u00e4une ist ein Zeichen f\u00fcr eine Sch\u00e4digung der Haut. Sie entsteht durch die Bildung von Melanin, einem dunklen Hautpigment und dient als Schutzmechanismus gegen UV-Strahlen.<\/p>\n<p class=\"FtxtP\">Wer sich l\u00e4nger in der Sonne aufh\u00e4lt, sollte also f\u00fcr entsprechenden Sonnenschutz sorgen. Im Fr\u00fchling und Herbst gilt dies vor allem zwischen 11 und 15 Uhr, wenn die Sonne am intensivsten strahlt. Ideal f\u00fcr das Fr\u00fchjahr ist die All Day 20 Sonnenmilch von Louis Widmer: Ein wasserfester, pflegender Sonnenschutz mit hoch wirksamen UVA- und UVB-Filtern. Sie eignet sich f\u00fcr alle Hauttypen und wird auch von sehr empfindlicher und zu Akne neigender Haut gut vertragen. Dank hoch entwickelter Liposomen-Technologie, mit der die UVA- und UVB-Filter bis tief in die Hornschicht gelangen, bietet die All Day Sonnenmilch einen langandauernden Schutz gegen UV-Strahlen. Auch bei regelm\u00e4\u00dfigem Wasserkontakt. Zus\u00e4tzlich pflegt und befeuchtet sie die Haut. Vitamin E neutralisiert sch\u00e4dliche freie Radikale und stimuliert die hauteigenen Repair-Mechanismen. F\u00fcr einen l\u00e4ngeren Aufenthalt an der Sonne oder im Hochsommer gibt es auch die Variante All Day 30. Praktisch: F\u00fcr unterwegs gibt es die All Day 30 auch in der 25 ml Sporttube mit integriertem UV-Lippenpflegestift. Sie passt bequem in jeden Rucksack und jede Handtasche. So ist der Sonnenschutz immer dabei.<\/p>\n<p class=\"FtxtP\">Speziell f\u00fcr die empfindliche Haut &#8211; nicht nur bei Kindern &#8211; hat Louis Widmer die Kids Hautschutz Creme 25 entwickelt. Sie enth\u00e4lt keine chemischen Filter, sondern ausschlie\u00dflich mineralische Pigmente. Diese reflektieren das Sonnenlicht und sch\u00fctzen so die Haut. Die Kids Hautschutz Creme 25 ist wasser- und schwei\u00dffest und enth\u00e4lt weder Parf\u00fcm- noch Farbstoffe. Sie zieht gut ein und entfaltet ihre Schutzwirkung sofort nach dem Auftragen. Auch sie ist zus\u00e4tzlich zur Standardgr\u00f6\u00dfe von 100 ml in der praktischen 25 ml Kombitube mit UV-Lippenpflegestift erh\u00e4ltlich.<\/p>\n<p class=\"FtxtP\"><strong>Anti-Falten-Sonnenpflege f\u00fcr das Gesicht<\/strong><\/p>\n<p class=\"FtxtP\">Falten stellen zwar kein gesundheitliches Problem dar, st\u00f6ren aber trotzdem unser Wohlbefinden. Da sie ma\u00dfgeblich durch die UV-Bestrahlung verursacht werden, ist im Gesicht ganz besonders auf Sonnenschutz zu achten &#8211; zumindest dann, wenn man nicht vorzeitig um Jahre gealtert aussehen m\u00f6chte. Louis Widmer hat f\u00fcr diesen Zweck eine ganz spezielle Creme entwickelt: Die Sun Protection Face 30 &#8211; sie ist ausschlie\u00dflich f\u00fcr den Einsatz im Gesicht gedacht &#8211; und ist Sonnencreme plus hochwirksame Tagespflege zugleich. Au\u00dferdem enth\u00e4lt die Creme den Antifalten-Wirkstoff Matrixyl, der die hauteigene Feuchtigkeitsregulierung unterst\u00fctzt und die nat\u00fcrlichen Reparaturprozesse stimuliert. Falten werden von innen ausgef\u00fcllt und sichtbar gemildert.<\/p>\n<p class=\"FtxtP\">Tests belegen: Bereits nach zwei Monaten sind Falten um 45 Prozent reduziert. Zudem sch\u00fctzt der Anti-Aging Wirkstoff Advanced Photo Protection die Haut mit einem dreifachen Schutzmechanismus rund um die Uhr vor langfristigen Sch\u00e4den durch freie Radikale. Die Emulsion, die f\u00fcr jeden Hauttyp geeignet ist, zieht schnell ein, fettet nicht und hinterl\u00e4sst ein angenehm weiches und geschmeidiges Hautgef\u00fchl.<\/p>\n<p class=\"FtxtP\"><strong>Hoher Schutz f\u00fcr empfindliche Stellen<\/strong><\/p>\n<p class=\"FtxtP\">Empfindliche Hautstellen, Narben oder Tattoos m\u00fcssen extra gut gesch\u00fctzt werden. F\u00fcr all diese F\u00e4lle gibt es von Louis Widmer die Extra Sun Protection 50. Die Kombination aus hochdosiertem UVA, UVB und Breitbandfiltern gew\u00e4hrleistet einen sehr hohen Schutz. Vitamin E sch\u00fctzt vor freien Radikalen und reduziert durch UV-Strahlung bedingte fr\u00fchzeitige Hautalterung und Hautsch\u00e4den. Der Wirkstoff Ectoin verst\u00e4rkt die zelleigenen Reparaturmechanismen der Haut und sch\u00fctzt vor lichtbedingter Hautalterung. Er reduziert die Bildung von Sonnenbrandzellen und bindet die Hautfeuchtigkeit auch unter extremen Bedingungen. Besser kann man seine Haut nicht sch\u00fctzen!<\/p>\n<p class=\"FtxtP\">Alle Sonnenschutzprodukte aus dem Hause Widmer sind optimal vertr\u00e4glich und sogar f\u00fcr Allergiker geeignet. Sie sind leicht parf\u00fcmiert oder ohne Parf\u00fcm erh\u00e4ltlich und enthalten weder Mineral\u00f6l noch PEG. Der UVA-Schutz der Widmer-Sonnenschutzprodukte \u00fcbersteigt den von der EU empfohlenen Wert von 1\/3 des UVB-Schutzes deutlich.<\/p>\n<p class=\"FtxtP\"><strong>Preise:<\/strong><br \/> All Day 20*: Eur 16,50<br \/> All Day 20 DUO-PACK*: Eur 26,90<br \/> All Day 30*: Eur 17,70<br \/> All Day 30 FAMILY-PACK*: Eur 28,55 <br \/> All Day 30 Sporttube 25 ml*: Eur 8,20<br \/> Kids 25 Hautschutzcreme *: Eur 16,50<br \/> Kids 25 Hautschutzcreme 25 ml*: Eur 8,20<br \/> Sun Protection Face 30*: Eur 17,50<br \/> Extra Sun Protection 50*: Eur 17,50<\/p>\n<p class=\"FtxtP\">*Unverbindlicher Apothekenverkaufspreis.<br \/> Erh\u00e4ltlich in jeder Apotheke.<\/p>\n<\/article>\n","protected":false},"excerpt":{"rendered":"<p>UVA-Protection deutlich h\u00f6her als ein Drittel des UVB-Wertes 07.04.2014 Salzburg \u2013 Trotz wechselhaftem Wetter ist eines sicher: Mit den steigenden Temperaturen ist wieder Sonnentanken angesagt. Wer mit den ersten Sonnenstrahlen nicht auch gleich einen Sonnenbrand bekommen will, sollte achtgeben. Denn ab Ende April ist die UV-Belastung bereits gleich hoch wie Mitte August. Mit den Sonnenschutzprodukten&hellip;<\/p>\n","protected":false},"author":2,"featured_media":10569,"comment_status":"closed","ping_status":"closed","sticky":false,"template":"","format":"standard","meta":{"footnotes":""},"categories":[3],"tags":[],"class_list":["post-10570","post","type-post","status-publish","format-standard","has-post-thumbnail","hentry","category-news","category-3","description-off"],"yoast_head":"<!-- This site is optimized with the Yoast SEO plugin v26.3 - https:\/\/yoast.com\/wordpress\/plugins\/seo\/ -->\n<title>Louis Widmer Sonnenschutz \u00fcbertrifft EU-Standards - Temmel | Seywald - Corporate Communications<\/title>\n<meta name=\"robots\" content=\"index, follow, max-snippet:-1, max-image-preview:large, max-video-preview:-1\" \/>\n<link rel=\"canonical\" href=\"https:\/\/www.tsp.at\/en\/2014\/04\/07\/louis-widmer-sonnenschutz-uebertrifft-eu-standards\/\" \/>\n<meta property=\"og:locale\" content=\"en_US\" \/>\n<meta property=\"og:type\" content=\"article\" \/>\n<meta property=\"og:title\" content=\"Louis Widmer Sonnenschutz \u00fcbertrifft EU-Standards - Temmel | Seywald - Corporate Communications\" \/>\n<meta property=\"og:description\" content=\"UVA-Protection deutlich h\u00f6her als ein Drittel des UVB-Wertes 07.04.2014 Salzburg \u2013 Trotz wechselhaftem Wetter ist eines sicher: Mit den steigenden Temperaturen ist wieder Sonnentanken angesagt. Wer mit den ersten Sonnenstrahlen nicht auch gleich einen Sonnenbrand bekommen will, sollte achtgeben. Denn ab Ende April ist die UV-Belastung bereits gleich hoch wie Mitte August. Mit den Sonnenschutzprodukten&hellip;\" \/>\n<meta property=\"og:url\" content=\"https:\/\/www.tsp.at\/en\/2014\/04\/07\/louis-widmer-sonnenschutz-uebertrifft-eu-standards\/\" \/>\n<meta property=\"og:site_name\" content=\"Temmel | Seywald - Corporate Communications\" \/>\n<meta property=\"article:publisher\" content=\"https:\/\/www.facebook.com\/TemmelSeywald\" \/>\n<meta property=\"article:published_time\" content=\"2014-04-07T13:20:00+00:00\" \/>\n<meta property=\"article:modified_time\" content=\"2025-10-21T12:58:47+00:00\" \/>\n<meta property=\"og:image\" content=\"https:\/\/www.tsp.at\/wp-content\/uploads\/2025\/10\/Sun_All_Day_20_DL-692x1024.jpg\" \/>\n\t<meta property=\"og:image:width\" content=\"692\" \/>\n\t<meta property=\"og:image:height\" content=\"1024\" \/>\n\t<meta property=\"og:image:type\" content=\"image\/jpeg\" \/>\n<meta name=\"author\" content=\"TSP Redaktion\" \/>\n<meta name=\"twitter:card\" content=\"summary_large_image\" \/>\n<meta name=\"twitter:label1\" content=\"Written by\" \/>\n\t<meta name=\"twitter:data1\" content=\"TSP Redaktion\" \/>\n\t<meta name=\"twitter:label2\" content=\"Est. reading time\" \/>\n\t<meta name=\"twitter:data2\" content=\"5 minutes\" \/>\n<script type=\"application\/ld+json\" class=\"yoast-schema-graph\">{\"@context\":\"https:\/\/schema.org\",\"@graph\":[{\"@type\":\"Article\",\"@id\":\"https:\/\/www.tsp.at\/en\/2014\/04\/07\/louis-widmer-sonnenschutz-uebertrifft-eu-standards\/#article\",\"isPartOf\":{\"@id\":\"https:\/\/www.tsp.at\/en\/2014\/04\/07\/louis-widmer-sonnenschutz-uebertrifft-eu-standards\/\"},\"author\":{\"name\":\"TSP Redaktion\",\"@id\":\"https:\/\/www.tsp.at\/en\/#\/schema\/person\/1ba5600c29da17b902b0925cea567f8a\"},\"headline\":\"Louis Widmer Sonnenschutz \u00fcbertrifft EU-Standards\",\"datePublished\":\"2014-04-07T13:20:00+00:00\",\"dateModified\":\"2025-10-21T12:58:47+00:00\",\"mainEntityOfPage\":{\"@id\":\"https:\/\/www.tsp.at\/en\/2014\/04\/07\/louis-widmer-sonnenschutz-uebertrifft-eu-standards\/\"},\"wordCount\":854,\"publisher\":{\"@id\":\"https:\/\/www.tsp.at\/en\/#organization\"},\"image\":{\"@id\":\"https:\/\/www.tsp.at\/en\/2014\/04\/07\/louis-widmer-sonnenschutz-uebertrifft-eu-standards\/#primaryimage\"},\"thumbnailUrl\":\"https:\/\/www.tsp.at\/wp-content\/uploads\/2025\/10\/Sun_All_Day_20_DL-scaled.jpg\",\"articleSection\":[\"News\"],\"inLanguage\":\"en-US\"},{\"@type\":\"WebPage\",\"@id\":\"https:\/\/www.tsp.at\/en\/2014\/04\/07\/louis-widmer-sonnenschutz-uebertrifft-eu-standards\/\",\"url\":\"https:\/\/www.tsp.at\/en\/2014\/04\/07\/louis-widmer-sonnenschutz-uebertrifft-eu-standards\/\",\"name\":\"Louis Widmer Sonnenschutz \u00fcbertrifft EU-Standards - Temmel | Seywald - Corporate Communications\",\"isPartOf\":{\"@id\":\"https:\/\/www.tsp.at\/en\/#website\"},\"primaryImageOfPage\":{\"@id\":\"https:\/\/www.tsp.at\/en\/2014\/04\/07\/louis-widmer-sonnenschutz-uebertrifft-eu-standards\/#primaryimage\"},\"image\":{\"@id\":\"https:\/\/www.tsp.at\/en\/2014\/04\/07\/louis-widmer-sonnenschutz-uebertrifft-eu-standards\/#primaryimage\"},\"thumbnailUrl\":\"https:\/\/www.tsp.at\/wp-content\/uploads\/2025\/10\/Sun_All_Day_20_DL-scaled.jpg\",\"datePublished\":\"2014-04-07T13:20:00+00:00\",\"dateModified\":\"2025-10-21T12:58:47+00:00\",\"breadcrumb\":{\"@id\":\"https:\/\/www.tsp.at\/en\/2014\/04\/07\/louis-widmer-sonnenschutz-uebertrifft-eu-standards\/#breadcrumb\"},\"inLanguage\":\"en-US\",\"potentialAction\":[{\"@type\":\"ReadAction\",\"target\":[\"https:\/\/www.tsp.at\/en\/2014\/04\/07\/louis-widmer-sonnenschutz-uebertrifft-eu-standards\/\"]}]},{\"@type\":\"ImageObject\",\"inLanguage\":\"en-US\",\"@id\":\"https:\/\/www.tsp.at\/en\/2014\/04\/07\/louis-widmer-sonnenschutz-uebertrifft-eu-standards\/#primaryimage\",\"url\":\"https:\/\/www.tsp.at\/wp-content\/uploads\/2025\/10\/Sun_All_Day_20_DL-scaled.jpg\",\"contentUrl\":\"https:\/\/www.tsp.at\/wp-content\/uploads\/2025\/10\/Sun_All_Day_20_DL-scaled.jpg\",\"width\":1730,\"height\":2560},{\"@type\":\"BreadcrumbList\",\"@id\":\"https:\/\/www.tsp.at\/en\/2014\/04\/07\/louis-widmer-sonnenschutz-uebertrifft-eu-standards\/#breadcrumb\",\"itemListElement\":[{\"@type\":\"ListItem\",\"position\":1,\"name\":\"Startseite\",\"item\":\"https:\/\/www.tsp.at\/en\/\"},{\"@type\":\"ListItem\",\"position\":2,\"name\":\"Louis Widmer Sonnenschutz \u00fcbertrifft EU-Standards\"}]},{\"@type\":\"WebSite\",\"@id\":\"https:\/\/www.tsp.at\/en\/#website\",\"url\":\"https:\/\/www.tsp.at\/en\/\",\"name\":\"Temmel | Seywald - Corporate Communications\",\"description\":\"Kommunikation ist Beziehungsarbeit\",\"publisher\":{\"@id\":\"https:\/\/www.tsp.at\/en\/#organization\"},\"potentialAction\":[{\"@type\":\"SearchAction\",\"target\":{\"@type\":\"EntryPoint\",\"urlTemplate\":\"https:\/\/www.tsp.at\/en\/?s={search_term_string}\"},\"query-input\":{\"@type\":\"PropertyValueSpecification\",\"valueRequired\":true,\"valueName\":\"search_term_string\"}}],\"inLanguage\":\"en-US\"},{\"@type\":\"Organization\",\"@id\":\"https:\/\/www.tsp.at\/en\/#organization\",\"name\":\"Temmel, Seywald & Partner Communications GesmbH\",\"alternateName\":\"TSP\",\"url\":\"https:\/\/www.tsp.at\/en\/\",\"logo\":{\"@type\":\"ImageObject\",\"inLanguage\":\"en-US\",\"@id\":\"https:\/\/www.tsp.at\/en\/#\/schema\/logo\/image\/\",\"url\":\"https:\/\/www.tsp.at\/wp-content\/uploads\/2025\/10\/favicontsp.png\",\"contentUrl\":\"https:\/\/www.tsp.at\/wp-content\/uploads\/2025\/10\/favicontsp.png\",\"width\":125,\"height\":125,\"caption\":\"Temmel, Seywald & Partner Communications GesmbH\"},\"image\":{\"@id\":\"https:\/\/www.tsp.at\/en\/#\/schema\/logo\/image\/\"},\"sameAs\":[\"https:\/\/www.facebook.com\/TemmelSeywald\"]},{\"@type\":\"Person\",\"@id\":\"https:\/\/www.tsp.at\/en\/#\/schema\/person\/1ba5600c29da17b902b0925cea567f8a\",\"name\":\"TSP Redaktion\"}]}<\/script>\n<!-- \/ Yoast SEO plugin. -->","yoast_head_json":{"title":"Louis Widmer Sonnenschutz \u00fcbertrifft EU-Standards - Temmel | Seywald - Corporate Communications","robots":{"index":"index","follow":"follow","max-snippet":"max-snippet:-1","max-image-preview":"max-image-preview:large","max-video-preview":"max-video-preview:-1"},"canonical":"https:\/\/www.tsp.at\/en\/2014\/04\/07\/louis-widmer-sonnenschutz-uebertrifft-eu-standards\/","og_locale":"en_US","og_type":"article","og_title":"Louis Widmer Sonnenschutz \u00fcbertrifft EU-Standards - Temmel | Seywald - Corporate Communications","og_description":"UVA-Protection deutlich h\u00f6her als ein Drittel des UVB-Wertes 07.04.2014 Salzburg \u2013 Trotz wechselhaftem Wetter ist eines sicher: Mit den steigenden Temperaturen ist wieder Sonnentanken angesagt. Wer mit den ersten Sonnenstrahlen nicht auch gleich einen Sonnenbrand bekommen will, sollte achtgeben. Denn ab Ende April ist die UV-Belastung bereits gleich hoch wie Mitte August. Mit den Sonnenschutzprodukten&hellip;","og_url":"https:\/\/www.tsp.at\/en\/2014\/04\/07\/louis-widmer-sonnenschutz-uebertrifft-eu-standards\/","og_site_name":"Temmel | Seywald - Corporate Communications","article_publisher":"https:\/\/www.facebook.com\/TemmelSeywald","article_published_time":"2014-04-07T13:20:00+00:00","article_modified_time":"2025-10-21T12:58:47+00:00","og_image":[{"width":692,"height":1024,"url":"https:\/\/www.tsp.at\/wp-content\/uploads\/2025\/10\/Sun_All_Day_20_DL-692x1024.jpg","type":"image\/jpeg"}],"author":"TSP Redaktion","twitter_card":"summary_large_image","twitter_misc":{"Written by":"TSP Redaktion","Est. reading time":"5 minutes"},"schema":{"@context":"https:\/\/schema.org","@graph":[{"@type":"Article","@id":"https:\/\/www.tsp.at\/en\/2014\/04\/07\/louis-widmer-sonnenschutz-uebertrifft-eu-standards\/#article","isPartOf":{"@id":"https:\/\/www.tsp.at\/en\/2014\/04\/07\/louis-widmer-sonnenschutz-uebertrifft-eu-standards\/"},"author":{"name":"TSP Redaktion","@id":"https:\/\/www.tsp.at\/en\/#\/schema\/person\/1ba5600c29da17b902b0925cea567f8a"},"headline":"Louis Widmer Sonnenschutz \u00fcbertrifft EU-Standards","datePublished":"2014-04-07T13:20:00+00:00","dateModified":"2025-10-21T12:58:47+00:00","mainEntityOfPage":{"@id":"https:\/\/www.tsp.at\/en\/2014\/04\/07\/louis-widmer-sonnenschutz-uebertrifft-eu-standards\/"},"wordCount":854,"publisher":{"@id":"https:\/\/www.tsp.at\/en\/#organization"},"image":{"@id":"https:\/\/www.tsp.at\/en\/2014\/04\/07\/louis-widmer-sonnenschutz-uebertrifft-eu-standards\/#primaryimage"},"thumbnailUrl":"https:\/\/www.tsp.at\/wp-content\/uploads\/2025\/10\/Sun_All_Day_20_DL-scaled.jpg","articleSection":["News"],"inLanguage":"en-US"},{"@type":"WebPage","@id":"https:\/\/www.tsp.at\/en\/2014\/04\/07\/louis-widmer-sonnenschutz-uebertrifft-eu-standards\/","url":"https:\/\/www.tsp.at\/en\/2014\/04\/07\/louis-widmer-sonnenschutz-uebertrifft-eu-standards\/","name":"Louis Widmer Sonnenschutz \u00fcbertrifft EU-Standards - Temmel | Seywald - Corporate Communications","isPartOf":{"@id":"https:\/\/www.tsp.at\/en\/#website"},"primaryImageOfPage":{"@id":"https:\/\/www.tsp.at\/en\/2014\/04\/07\/louis-widmer-sonnenschutz-uebertrifft-eu-standards\/#primaryimage"},"image":{"@id":"https:\/\/www.tsp.at\/en\/2014\/04\/07\/louis-widmer-sonnenschutz-uebertrifft-eu-standards\/#primaryimage"},"thumbnailUrl":"https:\/\/www.tsp.at\/wp-content\/uploads\/2025\/10\/Sun_All_Day_20_DL-scaled.jpg","datePublished":"2014-04-07T13:20:00+00:00","dateModified":"2025-10-21T12:58:47+00:00","breadcrumb":{"@id":"https:\/\/www.tsp.at\/en\/2014\/04\/07\/louis-widmer-sonnenschutz-uebertrifft-eu-standards\/#breadcrumb"},"inLanguage":"en-US","potentialAction":[{"@type":"ReadAction","target":["https:\/\/www.tsp.at\/en\/2014\/04\/07\/louis-widmer-sonnenschutz-uebertrifft-eu-standards\/"]}]},{"@type":"ImageObject","inLanguage":"en-US","@id":"https:\/\/www.tsp.at\/en\/2014\/04\/07\/louis-widmer-sonnenschutz-uebertrifft-eu-standards\/#primaryimage","url":"https:\/\/www.tsp.at\/wp-content\/uploads\/2025\/10\/Sun_All_Day_20_DL-scaled.jpg","contentUrl":"https:\/\/www.tsp.at\/wp-content\/uploads\/2025\/10\/Sun_All_Day_20_DL-scaled.jpg","width":1730,"height":2560},{"@type":"BreadcrumbList","@id":"https:\/\/www.tsp.at\/en\/2014\/04\/07\/louis-widmer-sonnenschutz-uebertrifft-eu-standards\/#breadcrumb","itemListElement":[{"@type":"ListItem","position":1,"name":"Startseite","item":"https:\/\/www.tsp.at\/en\/"},{"@type":"ListItem","position":2,"name":"Louis Widmer Sonnenschutz \u00fcbertrifft EU-Standards"}]},{"@type":"WebSite","@id":"https:\/\/www.tsp.at\/en\/#website","url":"https:\/\/www.tsp.at\/en\/","name":"Temmel | Seywald - Corporate Communications","description":"Kommunikation ist Beziehungsarbeit","publisher":{"@id":"https:\/\/www.tsp.at\/en\/#organization"},"potentialAction":[{"@type":"SearchAction","target":{"@type":"EntryPoint","urlTemplate":"https:\/\/www.tsp.at\/en\/?s={search_term_string}"},"query-input":{"@type":"PropertyValueSpecification","valueRequired":true,"valueName":"search_term_string"}}],"inLanguage":"en-US"},{"@type":"Organization","@id":"https:\/\/www.tsp.at\/en\/#organization","name":"Temmel, Seywald & Partner Communications GesmbH","alternateName":"TSP","url":"https:\/\/www.tsp.at\/en\/","logo":{"@type":"ImageObject","inLanguage":"en-US","@id":"https:\/\/www.tsp.at\/en\/#\/schema\/logo\/image\/","url":"https:\/\/www.tsp.at\/wp-content\/uploads\/2025\/10\/favicontsp.png","contentUrl":"https:\/\/www.tsp.at\/wp-content\/uploads\/2025\/10\/favicontsp.png","width":125,"height":125,"caption":"Temmel, Seywald & Partner Communications GesmbH"},"image":{"@id":"https:\/\/www.tsp.at\/en\/#\/schema\/logo\/image\/"},"sameAs":["https:\/\/www.facebook.com\/TemmelSeywald"]},{"@type":"Person","@id":"https:\/\/www.tsp.at\/en\/#\/schema\/person\/1ba5600c29da17b902b0925cea567f8a","name":"TSP Redaktion"}]}},"_links":{"self":[{"href":"https:\/\/www.tsp.at\/en\/wp-json\/wp\/v2\/posts\/10570","targetHints":{"allow":["GET"]}}],"collection":[{"href":"https:\/\/www.tsp.at\/en\/wp-json\/wp\/v2\/posts"}],"about":[{"href":"https:\/\/www.tsp.at\/en\/wp-json\/wp\/v2\/types\/post"}],"author":[{"embeddable":true,"href":"https:\/\/www.tsp.at\/en\/wp-json\/wp\/v2\/users\/2"}],"replies":[{"embeddable":true,"href":"https:\/\/www.tsp.at\/en\/wp-json\/wp\/v2\/comments?post=10570"}],"version-history":[{"count":1,"href":"https:\/\/www.tsp.at\/en\/wp-json\/wp\/v2\/posts\/10570\/revisions"}],"predecessor-version":[{"id":11695,"href":"https:\/\/www.tsp.at\/en\/wp-json\/wp\/v2\/posts\/10570\/revisions\/11695"}],"wp:featuredmedia":[{"embeddable":true,"href":"https:\/\/www.tsp.at\/en\/wp-json\/wp\/v2\/media\/10569"}],"wp:attachment":[{"href":"https:\/\/www.tsp.at\/en\/wp-json\/wp\/v2\/media?parent=10570"}],"wp:term":[{"taxonomy":"category","embeddable":true,"href":"https:\/\/www.tsp.at\/en\/wp-json\/wp\/v2\/categories?post=10570"},{"taxonomy":"post_tag","embeddable":true,"href":"https:\/\/www.tsp.at\/en\/wp-json\/wp\/v2\/tags?post=10570"}],"curies":[{"name":"wp","href":"https:\/\/api.w.org\/{rel}","templated":true}]}}