{"id":10576,"date":"2014-03-20T13:00:00","date_gmt":"2014-03-20T12:00:00","guid":{"rendered":"https:\/\/staging.tsp.at\/2014\/03\/20\/modellflugjahr-2014-im-oberdrautal-eroeffnet\/"},"modified":"2025-10-21T14:58:48","modified_gmt":"2025-10-21T12:58:48","slug":"modellflugjahr-2014-im-oberdrautal-eroeffnet","status":"publish","type":"post","link":"https:\/\/www.tsp.at\/en\/2014\/03\/20\/modellflugjahr-2014-im-oberdrautal-eroeffnet\/","title":{"rendered":"Modellflugjahr 2014 im Oberdrautal er\u00f6ffnet"},"content":{"rendered":"<article class=\"item\">\n<h2><strong>Hangflugkurse ab 22. M\u00e4rz 2014 &#8211; Segelschlepp und Heli Week ab April<\/strong><\/h2>\n<p>20.03.2014<\/p>\n<\/p>\n<\/p>\n<\/p>\n<\/p>\n<\/p>\n<p> \u2013 So fr\u00fch wie noch nie startet der Glocknerhof im Oberdrautal in die Modellflugsaison 2014. Schon ab 22. M\u00e4rz beginnt das Jahr mit einer Reihe von Hangflug-Seminaren, die den Anforderungen und W\u00fcnschen der flugbegeisterten Teilnehmer angepasst werden. Im April geht&#8217;s dann weiter mit den Segelschleppwochen, und im Mai mit der Heli Power Week. Mehr zum Modellflugprogramm 2014 auf <a href=\"http:\/\/www.modellfliegen.at\" rel=\"external\" target=\"_blank\">http:\/\/www.modellfliegen.at<\/a> <\/p>\n<p class=\"FtxtP\">Der Outdoor-Park Oberdrautal im K\u00e4rntner Oberland ist schon seit vielen Jahren &#8211; auch thermikbedingt &#8211; Mekka begeisterter Flugsportler, f\u00fcr Drachenflieger und Paragleiter ebenso wie f\u00fcr Modellflugsportler. Der Glocknerhof, ein Ferienhotel f\u00fcr Familie, Sport und Gesundheit, hat sich auf den Modellflugsport spezialisiert, da der Chef selbst Flieger ist und diese Leidenschaft auch gerne vermittelt &#8211; mit einem abwechslungsreichen Angebot an Schulungen und Kursen ebenso wie mit Top-Infrastruktur, so etwa mit einem Privatflugplatz f\u00fcr Hotelg\u00e4ste und einem eigens reservierten Hangfluggel\u00e4nde f\u00fcr die Segler.<\/p>\n<p class=\"FtxtP\"><strong><span class=\"FtxtBold\" style=\"margin-bottom: 10px;\"> Fliegerhotel f\u00fcr die ganze Familie<\/span><\/strong><\/p>\n<p class=\"FtxtP\">Der Glocknerhof befasst sich seit bald 50 Jahren mit dem Modellflugsport, von Insidern wird das Fliegerhotel bis nach Skandinavien empfohlen. Die \u00fcberragende Thermik der Hohen Tauern und zwei der sch\u00f6nsten Modellflugpl\u00e4tze \u00d6sterreichs &#8211; locken Modellflugsportler zu jeder Jahreszeit. Die Natur liefert dazu beste Voraussetzungen, und das unverbaute freie Gel\u00e4nde freie Sicht. W\u00e4hrend Papa und Sohn also ihre Kunstflugf\u00e4higkeiten trainieren, kann Mama getrost auf der Sonnenterrasse entspannen. Ein Top-Rundumangebot sorgt daf\u00fcr, dass niemandem langweilig wird.<\/p>\n<p class=\"FtxtP\">Die Flugg\u00e4ste k\u00f6nnen sich auf den verschiedenen Modellfluggel\u00e4nden das ganze Jahr \u00fcber \u00fcber frei aufhalten, mit eigenen Modellen fliegen und die Infrastruktur und Bastelr\u00e4ume ben\u00fctzen. Beliebt sind besonders die laufenden Modellflugkurse des Hauses und zahlreichen Modellflug-Veranstaltungen, die frei zug\u00e4nglich sind. Auch Vereine und Fliegergruppen sind willkommen. Detaillierte Informationen, Modellflugprogramme, Kursinhalte und Kosten auf <a href=\"http:\/\/modellfliegen.at\" rel=\"external\" target=\"_blank\">http:\/\/modellfliegen.at<\/a><\/p>\n<p class=\"FtxtP\"><strong><span class=\"FtxtBold\" style=\"margin-bottom: 10px;\"> Modellflug-Events 2014<\/span> <\/strong><br \/> 22. M\u00e4rz bis 6. April: Hangflugwochen<br \/> 27. April bis 3. Mai: Segelschleppwoche<br \/> 3. bis 10. Mai: Heli Power Week<br \/> 23. bis 30. August: 32. Oberdrautaler Modellflugwoche<br \/> 2. bis 5. Oktober: Warbird-Tage<\/p>\n<p class=\"FtxtP\">Auf allen Modellflugpl\u00e4tzen im Drautal ist eine g\u00fcltige Haftpflichtversicherung f\u00fcr Modellflug erforderlich, die auch vor Ort abgeschlossen werden kann. Bei Ankunft im Hotel erhalten Modellflugpiloten alle erforderlichen Informationen mit genauen Details zu den Pl\u00e4tzen, Anfahrtsbeschreibungen und Platzordnungen. Der Kurspreise beinhalten die Schulung samt gesetzlichen Steuern und Abgaben. Der Aufenthalt im Glocknerhof ist f\u00fcr die Kursteilnahme keine Bedingung.<\/p>\n<\/article>\n","protected":false},"excerpt":{"rendered":"<p>Hangflugkurse ab 22. M\u00e4rz 2014 &#8211; Segelschlepp und Heli Week ab April 20.03.2014 \u2013 So fr\u00fch wie noch nie startet der Glocknerhof im Oberdrautal in die Modellflugsaison 2014. Schon ab 22. M\u00e4rz beginnt das Jahr mit einer Reihe von Hangflug-Seminaren, die den Anforderungen und W\u00fcnschen der flugbegeisterten Teilnehmer angepasst werden. Im April geht&#8217;s dann weiter&hellip;<\/p>\n","protected":false},"author":2,"featured_media":10575,"comment_status":"closed","ping_status":"closed","sticky":false,"template":"","format":"standard","meta":{"footnotes":""},"categories":[3],"tags":[],"class_list":["post-10576","post","type-post","status-publish","format-standard","has-post-thumbnail","hentry","category-news","category-3","description-off"],"yoast_head":"<!-- This site is optimized with the Yoast SEO plugin v26.3 - https:\/\/yoast.com\/wordpress\/plugins\/seo\/ -->\n<title>Modellflugjahr 2014 im Oberdrautal er\u00f6ffnet - Temmel | Seywald - Corporate Communications<\/title>\n<meta name=\"robots\" content=\"index, follow, max-snippet:-1, max-image-preview:large, max-video-preview:-1\" \/>\n<link rel=\"canonical\" href=\"https:\/\/www.tsp.at\/en\/2014\/03\/20\/modellflugjahr-2014-im-oberdrautal-eroeffnet\/\" \/>\n<meta property=\"og:locale\" content=\"en_US\" \/>\n<meta property=\"og:type\" content=\"article\" \/>\n<meta property=\"og:title\" content=\"Modellflugjahr 2014 im Oberdrautal er\u00f6ffnet - Temmel | Seywald - Corporate Communications\" \/>\n<meta property=\"og:description\" content=\"Hangflugkurse ab 22. M\u00e4rz 2014 &#8211; Segelschlepp und Heli Week ab April 20.03.2014 \u2013 So fr\u00fch wie noch nie startet der Glocknerhof im Oberdrautal in die Modellflugsaison 2014. Schon ab 22. M\u00e4rz beginnt das Jahr mit einer Reihe von Hangflug-Seminaren, die den Anforderungen und W\u00fcnschen der flugbegeisterten Teilnehmer angepasst werden. Im April geht&#8217;s dann weiter&hellip;\" \/>\n<meta property=\"og:url\" content=\"https:\/\/www.tsp.at\/en\/2014\/03\/20\/modellflugjahr-2014-im-oberdrautal-eroeffnet\/\" \/>\n<meta property=\"og:site_name\" content=\"Temmel | Seywald - Corporate Communications\" \/>\n<meta property=\"article:publisher\" content=\"https:\/\/www.facebook.com\/TemmelSeywald\" \/>\n<meta property=\"article:published_time\" content=\"2014-03-20T12:00:00+00:00\" \/>\n<meta property=\"article:modified_time\" content=\"2025-10-21T12:58:48+00:00\" \/>\n<meta property=\"og:image\" content=\"https:\/\/www.tsp.at\/wp-content\/uploads\/2025\/10\/Flugschule-2012-03.jpg\" \/>\n\t<meta property=\"og:image:width\" content=\"2448\" \/>\n\t<meta property=\"og:image:height\" content=\"1380\" \/>\n\t<meta property=\"og:image:type\" content=\"image\/jpeg\" \/>\n<meta name=\"author\" content=\"TSP Redaktion\" \/>\n<meta name=\"twitter:card\" content=\"summary_large_image\" \/>\n<meta name=\"twitter:label1\" content=\"Written by\" \/>\n\t<meta name=\"twitter:data1\" content=\"TSP Redaktion\" \/>\n\t<meta name=\"twitter:label2\" content=\"Est. reading time\" \/>\n\t<meta name=\"twitter:data2\" content=\"3 minutes\" \/>\n<script type=\"application\/ld+json\" class=\"yoast-schema-graph\">{\"@context\":\"https:\/\/schema.org\",\"@graph\":[{\"@type\":\"Article\",\"@id\":\"https:\/\/www.tsp.at\/en\/2014\/03\/20\/modellflugjahr-2014-im-oberdrautal-eroeffnet\/#article\",\"isPartOf\":{\"@id\":\"https:\/\/www.tsp.at\/en\/2014\/03\/20\/modellflugjahr-2014-im-oberdrautal-eroeffnet\/\"},\"author\":{\"name\":\"TSP Redaktion\",\"@id\":\"https:\/\/www.tsp.at\/en\/#\/schema\/person\/1ba5600c29da17b902b0925cea567f8a\"},\"headline\":\"Modellflugjahr 2014 im Oberdrautal er\u00f6ffnet\",\"datePublished\":\"2014-03-20T12:00:00+00:00\",\"dateModified\":\"2025-10-21T12:58:48+00:00\",\"mainEntityOfPage\":{\"@id\":\"https:\/\/www.tsp.at\/en\/2014\/03\/20\/modellflugjahr-2014-im-oberdrautal-eroeffnet\/\"},\"wordCount\":398,\"publisher\":{\"@id\":\"https:\/\/www.tsp.at\/en\/#organization\"},\"image\":{\"@id\":\"https:\/\/www.tsp.at\/en\/2014\/03\/20\/modellflugjahr-2014-im-oberdrautal-eroeffnet\/#primaryimage\"},\"thumbnailUrl\":\"https:\/\/www.tsp.at\/wp-content\/uploads\/2025\/10\/Flugschule-2012-03.jpg\",\"articleSection\":[\"News\"],\"inLanguage\":\"en-US\"},{\"@type\":\"WebPage\",\"@id\":\"https:\/\/www.tsp.at\/en\/2014\/03\/20\/modellflugjahr-2014-im-oberdrautal-eroeffnet\/\",\"url\":\"https:\/\/www.tsp.at\/en\/2014\/03\/20\/modellflugjahr-2014-im-oberdrautal-eroeffnet\/\",\"name\":\"Modellflugjahr 2014 im Oberdrautal er\u00f6ffnet - Temmel | Seywald - Corporate Communications\",\"isPartOf\":{\"@id\":\"https:\/\/www.tsp.at\/en\/#website\"},\"primaryImageOfPage\":{\"@id\":\"https:\/\/www.tsp.at\/en\/2014\/03\/20\/modellflugjahr-2014-im-oberdrautal-eroeffnet\/#primaryimage\"},\"image\":{\"@id\":\"https:\/\/www.tsp.at\/en\/2014\/03\/20\/modellflugjahr-2014-im-oberdrautal-eroeffnet\/#primaryimage\"},\"thumbnailUrl\":\"https:\/\/www.tsp.at\/wp-content\/uploads\/2025\/10\/Flugschule-2012-03.jpg\",\"datePublished\":\"2014-03-20T12:00:00+00:00\",\"dateModified\":\"2025-10-21T12:58:48+00:00\",\"breadcrumb\":{\"@id\":\"https:\/\/www.tsp.at\/en\/2014\/03\/20\/modellflugjahr-2014-im-oberdrautal-eroeffnet\/#breadcrumb\"},\"inLanguage\":\"en-US\",\"potentialAction\":[{\"@type\":\"ReadAction\",\"target\":[\"https:\/\/www.tsp.at\/en\/2014\/03\/20\/modellflugjahr-2014-im-oberdrautal-eroeffnet\/\"]}]},{\"@type\":\"ImageObject\",\"inLanguage\":\"en-US\",\"@id\":\"https:\/\/www.tsp.at\/en\/2014\/03\/20\/modellflugjahr-2014-im-oberdrautal-eroeffnet\/#primaryimage\",\"url\":\"https:\/\/www.tsp.at\/wp-content\/uploads\/2025\/10\/Flugschule-2012-03.jpg\",\"contentUrl\":\"https:\/\/www.tsp.at\/wp-content\/uploads\/2025\/10\/Flugschule-2012-03.jpg\",\"width\":2448,\"height\":1380},{\"@type\":\"BreadcrumbList\",\"@id\":\"https:\/\/www.tsp.at\/en\/2014\/03\/20\/modellflugjahr-2014-im-oberdrautal-eroeffnet\/#breadcrumb\",\"itemListElement\":[{\"@type\":\"ListItem\",\"position\":1,\"name\":\"Startseite\",\"item\":\"https:\/\/www.tsp.at\/en\/\"},{\"@type\":\"ListItem\",\"position\":2,\"name\":\"Modellflugjahr 2014 im Oberdrautal er\u00f6ffnet\"}]},{\"@type\":\"WebSite\",\"@id\":\"https:\/\/www.tsp.at\/en\/#website\",\"url\":\"https:\/\/www.tsp.at\/en\/\",\"name\":\"Temmel | Seywald - Corporate Communications\",\"description\":\"Kommunikation ist Beziehungsarbeit\",\"publisher\":{\"@id\":\"https:\/\/www.tsp.at\/en\/#organization\"},\"potentialAction\":[{\"@type\":\"SearchAction\",\"target\":{\"@type\":\"EntryPoint\",\"urlTemplate\":\"https:\/\/www.tsp.at\/en\/?s={search_term_string}\"},\"query-input\":{\"@type\":\"PropertyValueSpecification\",\"valueRequired\":true,\"valueName\":\"search_term_string\"}}],\"inLanguage\":\"en-US\"},{\"@type\":\"Organization\",\"@id\":\"https:\/\/www.tsp.at\/en\/#organization\",\"name\":\"Temmel, Seywald & Partner Communications GesmbH\",\"alternateName\":\"TSP\",\"url\":\"https:\/\/www.tsp.at\/en\/\",\"logo\":{\"@type\":\"ImageObject\",\"inLanguage\":\"en-US\",\"@id\":\"https:\/\/www.tsp.at\/en\/#\/schema\/logo\/image\/\",\"url\":\"https:\/\/www.tsp.at\/wp-content\/uploads\/2025\/10\/favicontsp.png\",\"contentUrl\":\"https:\/\/www.tsp.at\/wp-content\/uploads\/2025\/10\/favicontsp.png\",\"width\":125,\"height\":125,\"caption\":\"Temmel, Seywald & Partner Communications GesmbH\"},\"image\":{\"@id\":\"https:\/\/www.tsp.at\/en\/#\/schema\/logo\/image\/\"},\"sameAs\":[\"https:\/\/www.facebook.com\/TemmelSeywald\"]},{\"@type\":\"Person\",\"@id\":\"https:\/\/www.tsp.at\/en\/#\/schema\/person\/1ba5600c29da17b902b0925cea567f8a\",\"name\":\"TSP Redaktion\"}]}<\/script>\n<!-- \/ Yoast SEO plugin. -->","yoast_head_json":{"title":"Modellflugjahr 2014 im Oberdrautal er\u00f6ffnet - Temmel | Seywald - Corporate Communications","robots":{"index":"index","follow":"follow","max-snippet":"max-snippet:-1","max-image-preview":"max-image-preview:large","max-video-preview":"max-video-preview:-1"},"canonical":"https:\/\/www.tsp.at\/en\/2014\/03\/20\/modellflugjahr-2014-im-oberdrautal-eroeffnet\/","og_locale":"en_US","og_type":"article","og_title":"Modellflugjahr 2014 im Oberdrautal er\u00f6ffnet - Temmel | Seywald - Corporate Communications","og_description":"Hangflugkurse ab 22. M\u00e4rz 2014 &#8211; Segelschlepp und Heli Week ab April 20.03.2014 \u2013 So fr\u00fch wie noch nie startet der Glocknerhof im Oberdrautal in die Modellflugsaison 2014. Schon ab 22. M\u00e4rz beginnt das Jahr mit einer Reihe von Hangflug-Seminaren, die den Anforderungen und W\u00fcnschen der flugbegeisterten Teilnehmer angepasst werden. Im April geht&#8217;s dann weiter&hellip;","og_url":"https:\/\/www.tsp.at\/en\/2014\/03\/20\/modellflugjahr-2014-im-oberdrautal-eroeffnet\/","og_site_name":"Temmel | Seywald - Corporate Communications","article_publisher":"https:\/\/www.facebook.com\/TemmelSeywald","article_published_time":"2014-03-20T12:00:00+00:00","article_modified_time":"2025-10-21T12:58:48+00:00","og_image":[{"width":2448,"height":1380,"url":"https:\/\/www.tsp.at\/wp-content\/uploads\/2025\/10\/Flugschule-2012-03.jpg","type":"image\/jpeg"}],"author":"TSP Redaktion","twitter_card":"summary_large_image","twitter_misc":{"Written by":"TSP Redaktion","Est. reading time":"3 minutes"},"schema":{"@context":"https:\/\/schema.org","@graph":[{"@type":"Article","@id":"https:\/\/www.tsp.at\/en\/2014\/03\/20\/modellflugjahr-2014-im-oberdrautal-eroeffnet\/#article","isPartOf":{"@id":"https:\/\/www.tsp.at\/en\/2014\/03\/20\/modellflugjahr-2014-im-oberdrautal-eroeffnet\/"},"author":{"name":"TSP Redaktion","@id":"https:\/\/www.tsp.at\/en\/#\/schema\/person\/1ba5600c29da17b902b0925cea567f8a"},"headline":"Modellflugjahr 2014 im Oberdrautal er\u00f6ffnet","datePublished":"2014-03-20T12:00:00+00:00","dateModified":"2025-10-21T12:58:48+00:00","mainEntityOfPage":{"@id":"https:\/\/www.tsp.at\/en\/2014\/03\/20\/modellflugjahr-2014-im-oberdrautal-eroeffnet\/"},"wordCount":398,"publisher":{"@id":"https:\/\/www.tsp.at\/en\/#organization"},"image":{"@id":"https:\/\/www.tsp.at\/en\/2014\/03\/20\/modellflugjahr-2014-im-oberdrautal-eroeffnet\/#primaryimage"},"thumbnailUrl":"https:\/\/www.tsp.at\/wp-content\/uploads\/2025\/10\/Flugschule-2012-03.jpg","articleSection":["News"],"inLanguage":"en-US"},{"@type":"WebPage","@id":"https:\/\/www.tsp.at\/en\/2014\/03\/20\/modellflugjahr-2014-im-oberdrautal-eroeffnet\/","url":"https:\/\/www.tsp.at\/en\/2014\/03\/20\/modellflugjahr-2014-im-oberdrautal-eroeffnet\/","name":"Modellflugjahr 2014 im Oberdrautal er\u00f6ffnet - Temmel | Seywald - Corporate Communications","isPartOf":{"@id":"https:\/\/www.tsp.at\/en\/#website"},"primaryImageOfPage":{"@id":"https:\/\/www.tsp.at\/en\/2014\/03\/20\/modellflugjahr-2014-im-oberdrautal-eroeffnet\/#primaryimage"},"image":{"@id":"https:\/\/www.tsp.at\/en\/2014\/03\/20\/modellflugjahr-2014-im-oberdrautal-eroeffnet\/#primaryimage"},"thumbnailUrl":"https:\/\/www.tsp.at\/wp-content\/uploads\/2025\/10\/Flugschule-2012-03.jpg","datePublished":"2014-03-20T12:00:00+00:00","dateModified":"2025-10-21T12:58:48+00:00","breadcrumb":{"@id":"https:\/\/www.tsp.at\/en\/2014\/03\/20\/modellflugjahr-2014-im-oberdrautal-eroeffnet\/#breadcrumb"},"inLanguage":"en-US","potentialAction":[{"@type":"ReadAction","target":["https:\/\/www.tsp.at\/en\/2014\/03\/20\/modellflugjahr-2014-im-oberdrautal-eroeffnet\/"]}]},{"@type":"ImageObject","inLanguage":"en-US","@id":"https:\/\/www.tsp.at\/en\/2014\/03\/20\/modellflugjahr-2014-im-oberdrautal-eroeffnet\/#primaryimage","url":"https:\/\/www.tsp.at\/wp-content\/uploads\/2025\/10\/Flugschule-2012-03.jpg","contentUrl":"https:\/\/www.tsp.at\/wp-content\/uploads\/2025\/10\/Flugschule-2012-03.jpg","width":2448,"height":1380},{"@type":"BreadcrumbList","@id":"https:\/\/www.tsp.at\/en\/2014\/03\/20\/modellflugjahr-2014-im-oberdrautal-eroeffnet\/#breadcrumb","itemListElement":[{"@type":"ListItem","position":1,"name":"Startseite","item":"https:\/\/www.tsp.at\/en\/"},{"@type":"ListItem","position":2,"name":"Modellflugjahr 2014 im Oberdrautal er\u00f6ffnet"}]},{"@type":"WebSite","@id":"https:\/\/www.tsp.at\/en\/#website","url":"https:\/\/www.tsp.at\/en\/","name":"Temmel | Seywald - Corporate Communications","description":"Kommunikation ist Beziehungsarbeit","publisher":{"@id":"https:\/\/www.tsp.at\/en\/#organization"},"potentialAction":[{"@type":"SearchAction","target":{"@type":"EntryPoint","urlTemplate":"https:\/\/www.tsp.at\/en\/?s={search_term_string}"},"query-input":{"@type":"PropertyValueSpecification","valueRequired":true,"valueName":"search_term_string"}}],"inLanguage":"en-US"},{"@type":"Organization","@id":"https:\/\/www.tsp.at\/en\/#organization","name":"Temmel, Seywald & Partner Communications GesmbH","alternateName":"TSP","url":"https:\/\/www.tsp.at\/en\/","logo":{"@type":"ImageObject","inLanguage":"en-US","@id":"https:\/\/www.tsp.at\/en\/#\/schema\/logo\/image\/","url":"https:\/\/www.tsp.at\/wp-content\/uploads\/2025\/10\/favicontsp.png","contentUrl":"https:\/\/www.tsp.at\/wp-content\/uploads\/2025\/10\/favicontsp.png","width":125,"height":125,"caption":"Temmel, Seywald & Partner Communications GesmbH"},"image":{"@id":"https:\/\/www.tsp.at\/en\/#\/schema\/logo\/image\/"},"sameAs":["https:\/\/www.facebook.com\/TemmelSeywald"]},{"@type":"Person","@id":"https:\/\/www.tsp.at\/en\/#\/schema\/person\/1ba5600c29da17b902b0925cea567f8a","name":"TSP Redaktion"}]}},"_links":{"self":[{"href":"https:\/\/www.tsp.at\/en\/wp-json\/wp\/v2\/posts\/10576","targetHints":{"allow":["GET"]}}],"collection":[{"href":"https:\/\/www.tsp.at\/en\/wp-json\/wp\/v2\/posts"}],"about":[{"href":"https:\/\/www.tsp.at\/en\/wp-json\/wp\/v2\/types\/post"}],"author":[{"embeddable":true,"href":"https:\/\/www.tsp.at\/en\/wp-json\/wp\/v2\/users\/2"}],"replies":[{"embeddable":true,"href":"https:\/\/www.tsp.at\/en\/wp-json\/wp\/v2\/comments?post=10576"}],"version-history":[{"count":1,"href":"https:\/\/www.tsp.at\/en\/wp-json\/wp\/v2\/posts\/10576\/revisions"}],"predecessor-version":[{"id":11698,"href":"https:\/\/www.tsp.at\/en\/wp-json\/wp\/v2\/posts\/10576\/revisions\/11698"}],"wp:featuredmedia":[{"embeddable":true,"href":"https:\/\/www.tsp.at\/en\/wp-json\/wp\/v2\/media\/10575"}],"wp:attachment":[{"href":"https:\/\/www.tsp.at\/en\/wp-json\/wp\/v2\/media?parent=10576"}],"wp:term":[{"taxonomy":"category","embeddable":true,"href":"https:\/\/www.tsp.at\/en\/wp-json\/wp\/v2\/categories?post=10576"},{"taxonomy":"post_tag","embeddable":true,"href":"https:\/\/www.tsp.at\/en\/wp-json\/wp\/v2\/tags?post=10576"}],"curies":[{"name":"wp","href":"https:\/\/api.w.org\/{rel}","templated":true}]}}