{"id":10582,"date":"2014-03-12T10:11:00","date_gmt":"2014-03-12T09:11:00","guid":{"rendered":"https:\/\/staging.tsp.at\/2014\/03\/12\/kaernten-setzt-auf-neue-bescheidenheit\/"},"modified":"2025-10-21T14:58:48","modified_gmt":"2025-10-21T12:58:48","slug":"kaernten-setzt-auf-neue-bescheidenheit","status":"publish","type":"post","link":"https:\/\/www.tsp.at\/en\/2014\/03\/12\/kaernten-setzt-auf-neue-bescheidenheit\/","title":{"rendered":"K\u00e4rnten setzt auf neue Bescheidenheit"},"content":{"rendered":"<article class=\"item\">\n<h2><strong>Landeshauptmann Kaiser zieht erste Bilanz der Regierungsarbeit<\/strong><\/h2>\n<p>12.03.2014<\/p>\n<\/p>\n<\/p>\n<\/p>\n<\/p>\n<\/p>\n<p>Wien \u2013 Knapp ein Jahr nach seiner Wahl zieht Landeshauptmann Peter Kaiser eine erste Bilanz der Regierungsarbeit im skandalgesch\u00fcttelten s\u00fcdlichsten Bundesland. &#8220;Wir haben einiges auf die Reihe gebracht, sind aber bei weitem noch nicht zufrieden.&#8221; Einige Menschen h\u00e4tten sich gr\u00f6\u00dfere Hoffnungen gemacht, so Kaiser Dienstagabend selbstkritisch vor dem vollbesetzten Club Carinthia <a href=\"http:\/\/club-carinthia.at\" rel=\"external\" target=\"_blank\">http:\/\/club-carinthia.at<\/a> in Wien. Doch dem steht die Hypo Alpe Adria <a href=\"http:\/\/hypo-alpe-adria.at\" rel=\"external\" target=\"_blank\">http:\/\/hypo-alpe-adria.at<\/a>im Weg. Kaiser entschuldigte sich sich f\u00fcr das von seinen Vorg\u00e4ngern verursachte Milliardendesaster. K\u00e4rnten sei gespr\u00e4chsbereit.\n<\/p>\n<p class=\"FtxtP\">Der Landeshauptmann nannte drei Vorhaben der rot-schwarz-gr\u00fcnen Koalition, die bis 2018 umgesetzt werden sollen: eine Ver\u00e4nderung der K\u00e4rntner Landesverfassung (und damit eine Abkehr von der Konzentrationsregierung), ein Ende der Neuverschuldung und empfindliche Einschnitte bei \u00f6ffentlichen Ausgaben und Besch\u00e4ftigten. &#8220;Es werden drei harte Jahre&#8221;, versprach der Landeshauptmann, denen aber 30 bessere Jahre folgen sollen. Zum Hypo-Desaster wiederholte Kaiser, sein Land werde alles dazu beitragen, dass der Schaden f\u00fcr den Steuerzahler so gering wie m\u00f6glich ausf\u00e4llt. Vor der Alternative einer Insolvenz warnte er ausdr\u00fccklich.<\/p>\n<p class=\"FtxtP\">&#8220;Tripple I&#8221; statt &#8220;Tripple A&#8221;<\/p>\n<p class=\"FtxtP\">Zur Zukunftsstrategie erkl\u00e4rte der sozialdemokratische Politiker, das Land m\u00fcsse wegkommen vom &#8220;Tripple A&#8221; &#8211; Armut, Arbeitslosigkeit und Abwanderung (K\u00e4rnten hat aktuell die h\u00f6chste Erwerbslosigkeit, die h\u00f6chste Armutsquote und die h\u00f6chste Abwanderungsquote aller Bundesl\u00e4nder \u00d6sterreichs). &#8220;Wir brauchen Tripple I&#8221;, forderte Kaiser: &#8220;Innovation, Investition und Internationalisierung.&#8221; Die Voraussetzungen f\u00fcr eine positive Entwicklung seien gut, durch das hohe Bildungsniveau ebenso wie Struktur- und F\u00f6rderprogramme der EU.<\/p>\n<p class=\"FtxtP\">Zu den wichtigsten Assets z\u00e4hlte Kaiser die hohe soziale Stabilit\u00e4t und Sicherheit des Landes sowie die einmalige topografische Lage K\u00e4rntens im Schnittpunkt von drei transeurop\u00e4ischen Handelsrouten (Balkan, Alpen-Adria und Donauraum). Alle makro\u00f6konomischen Daten und Strategien gehen davon aus, dass sich der Balkanraum und die Adriah\u00e4fen Koper und Triest in den n\u00e4chsten Jahren weiter positiv entwickeln werden, sagte Kaiser. Die Politik k\u00f6nne hier die Rahmenbedingungen schaffen.<\/p>\n<p class=\"FtxtP\">Chancen im Alpen-Adria-Balkanraum<\/p>\n<p class=\"FtxtP\">Der Landeshauptmann verdeutlichte seine Analyse so: &#8220;Wir liegen in allen Daten ein bis drei Punkte hinter den anderen Bundesl\u00e4ndern. Wenn nur ein Faktor eintritt, n\u00e4mlich dass sich der Balkan wirtschaftlich gut entwickelt, ist das mehr als die H\u00e4lfte, was wir wirtschaftlich durch eigene Kraft bewirken k\u00f6nnen.&#8221; Die weitere Entwicklung der Alpen-Adria-Region und des Balkans sei wesentlich f\u00fcr die Chancen in K\u00e4rnten, betonte Kaiser. Deshalb werde das Land auch alle Ressourcen und F\u00f6rderungen in diese Richtung b\u00fcndeln.<\/p>\n<p class=\"FtxtP\">Vern\u00fcnftige Geduld<\/p>\n<p class=\"FtxtP\">Zur einj\u00e4hrigen Regierungsbilanz z\u00e4hlte der Landeshauptmann schlie\u00dflich auch den neuen Stil in der K\u00e4rntner Politik und die Richtung, in die es weiter gehen soll. Wir brauchen &#8220;mehr politische Tiefe&#8221;, um die Ursachen f\u00fcr bestehende Probleme zu beseitigen. Und wir brauchen eine neue Bescheidenheit, betonte Kaiser. Geld und Materialismus d\u00fcrften nicht das einzige sein, auf das sich alles fokussiert. Es gebe andere Werte wie Kultur, Natur, Gespr\u00e4che und Bildung. Schulen etwa sollten zu &#8220;Lebensr\u00e4umen&#8221; werden, schw\u00e4rmte der Landeshauptmann, der grunds\u00e4tzlich f\u00fcr &#8220;vern\u00fcnftige Geduld&#8221; bei der Umsetzung k\u00fcnftiger Vorhaben pl\u00e4dierte. Von den derzeit 60 Gro\u00dfprojekten in der Pipeline werde sich das Land wohl nur ganz wenig leisten k\u00f6nnen. &#8220;Wir werden es versuchen, aber ob es gelingen wird, wissen wir nicht.&#8221;<\/p>\n<\/article>\n","protected":false},"excerpt":{"rendered":"<p>Landeshauptmann Kaiser zieht erste Bilanz der Regierungsarbeit 12.03.2014 Wien \u2013 Knapp ein Jahr nach seiner Wahl zieht Landeshauptmann Peter Kaiser eine erste Bilanz der Regierungsarbeit im skandalgesch\u00fcttelten s\u00fcdlichsten Bundesland. &#8220;Wir haben einiges auf die Reihe gebracht, sind aber bei weitem noch nicht zufrieden.&#8221; Einige Menschen h\u00e4tten sich gr\u00f6\u00dfere Hoffnungen gemacht, so Kaiser Dienstagabend selbstkritisch vor&hellip;<\/p>\n","protected":false},"author":2,"featured_media":10581,"comment_status":"closed","ping_status":"closed","sticky":false,"template":"","format":"standard","meta":{"footnotes":""},"categories":[3],"tags":[],"class_list":["post-10582","post","type-post","status-publish","format-standard","has-post-thumbnail","hentry","category-news","category-3","description-off"],"yoast_head":"<!-- This site is optimized with the Yoast SEO plugin v26.3 - https:\/\/yoast.com\/wordpress\/plugins\/seo\/ -->\n<title>K\u00e4rnten setzt auf neue Bescheidenheit - Temmel | Seywald - Corporate Communications<\/title>\n<meta name=\"robots\" content=\"index, follow, max-snippet:-1, max-image-preview:large, max-video-preview:-1\" \/>\n<link rel=\"canonical\" href=\"https:\/\/www.tsp.at\/en\/2014\/03\/12\/kaernten-setzt-auf-neue-bescheidenheit\/\" \/>\n<meta property=\"og:locale\" content=\"en_US\" \/>\n<meta property=\"og:type\" content=\"article\" \/>\n<meta property=\"og:title\" content=\"K\u00e4rnten setzt auf neue Bescheidenheit - Temmel | Seywald - Corporate Communications\" \/>\n<meta property=\"og:description\" content=\"Landeshauptmann Kaiser zieht erste Bilanz der Regierungsarbeit 12.03.2014 Wien \u2013 Knapp ein Jahr nach seiner Wahl zieht Landeshauptmann Peter Kaiser eine erste Bilanz der Regierungsarbeit im skandalgesch\u00fcttelten s\u00fcdlichsten Bundesland. &#8220;Wir haben einiges auf die Reihe gebracht, sind aber bei weitem noch nicht zufrieden.&#8221; Einige Menschen h\u00e4tten sich gr\u00f6\u00dfere Hoffnungen gemacht, so Kaiser Dienstagabend selbstkritisch vor&hellip;\" \/>\n<meta property=\"og:url\" content=\"https:\/\/www.tsp.at\/en\/2014\/03\/12\/kaernten-setzt-auf-neue-bescheidenheit\/\" \/>\n<meta property=\"og:site_name\" content=\"Temmel | Seywald - Corporate Communications\" \/>\n<meta property=\"article:publisher\" content=\"https:\/\/www.facebook.com\/TemmelSeywald\" \/>\n<meta property=\"article:published_time\" content=\"2014-03-12T09:11:00+00:00\" \/>\n<meta property=\"article:modified_time\" content=\"2025-10-21T12:58:48+00:00\" \/>\n<meta property=\"og:image\" content=\"https:\/\/www.tsp.at\/wp-content\/uploads\/2025\/10\/1_07.jpg\" \/>\n\t<meta property=\"og:image:width\" content=\"938\" \/>\n\t<meta property=\"og:image:height\" content=\"720\" \/>\n\t<meta property=\"og:image:type\" content=\"image\/jpeg\" \/>\n<meta name=\"author\" content=\"TSP Redaktion\" \/>\n<meta name=\"twitter:card\" content=\"summary_large_image\" \/>\n<meta name=\"twitter:label1\" content=\"Written by\" \/>\n\t<meta name=\"twitter:data1\" content=\"TSP Redaktion\" \/>\n\t<meta name=\"twitter:label2\" content=\"Est. reading time\" \/>\n\t<meta name=\"twitter:data2\" content=\"3 minutes\" \/>\n<script type=\"application\/ld+json\" class=\"yoast-schema-graph\">{\"@context\":\"https:\/\/schema.org\",\"@graph\":[{\"@type\":\"Article\",\"@id\":\"https:\/\/www.tsp.at\/en\/2014\/03\/12\/kaernten-setzt-auf-neue-bescheidenheit\/#article\",\"isPartOf\":{\"@id\":\"https:\/\/www.tsp.at\/en\/2014\/03\/12\/kaernten-setzt-auf-neue-bescheidenheit\/\"},\"author\":{\"name\":\"TSP Redaktion\",\"@id\":\"https:\/\/www.tsp.at\/en\/#\/schema\/person\/1ba5600c29da17b902b0925cea567f8a\"},\"headline\":\"K\u00e4rnten setzt auf neue Bescheidenheit\",\"datePublished\":\"2014-03-12T09:11:00+00:00\",\"dateModified\":\"2025-10-21T12:58:48+00:00\",\"mainEntityOfPage\":{\"@id\":\"https:\/\/www.tsp.at\/en\/2014\/03\/12\/kaernten-setzt-auf-neue-bescheidenheit\/\"},\"wordCount\":562,\"publisher\":{\"@id\":\"https:\/\/www.tsp.at\/en\/#organization\"},\"image\":{\"@id\":\"https:\/\/www.tsp.at\/en\/2014\/03\/12\/kaernten-setzt-auf-neue-bescheidenheit\/#primaryimage\"},\"thumbnailUrl\":\"https:\/\/www.tsp.at\/wp-content\/uploads\/2025\/10\/1_07.jpg\",\"articleSection\":[\"News\"],\"inLanguage\":\"en-US\"},{\"@type\":\"WebPage\",\"@id\":\"https:\/\/www.tsp.at\/en\/2014\/03\/12\/kaernten-setzt-auf-neue-bescheidenheit\/\",\"url\":\"https:\/\/www.tsp.at\/en\/2014\/03\/12\/kaernten-setzt-auf-neue-bescheidenheit\/\",\"name\":\"K\u00e4rnten setzt auf neue Bescheidenheit - Temmel | Seywald - Corporate Communications\",\"isPartOf\":{\"@id\":\"https:\/\/www.tsp.at\/en\/#website\"},\"primaryImageOfPage\":{\"@id\":\"https:\/\/www.tsp.at\/en\/2014\/03\/12\/kaernten-setzt-auf-neue-bescheidenheit\/#primaryimage\"},\"image\":{\"@id\":\"https:\/\/www.tsp.at\/en\/2014\/03\/12\/kaernten-setzt-auf-neue-bescheidenheit\/#primaryimage\"},\"thumbnailUrl\":\"https:\/\/www.tsp.at\/wp-content\/uploads\/2025\/10\/1_07.jpg\",\"datePublished\":\"2014-03-12T09:11:00+00:00\",\"dateModified\":\"2025-10-21T12:58:48+00:00\",\"breadcrumb\":{\"@id\":\"https:\/\/www.tsp.at\/en\/2014\/03\/12\/kaernten-setzt-auf-neue-bescheidenheit\/#breadcrumb\"},\"inLanguage\":\"en-US\",\"potentialAction\":[{\"@type\":\"ReadAction\",\"target\":[\"https:\/\/www.tsp.at\/en\/2014\/03\/12\/kaernten-setzt-auf-neue-bescheidenheit\/\"]}]},{\"@type\":\"ImageObject\",\"inLanguage\":\"en-US\",\"@id\":\"https:\/\/www.tsp.at\/en\/2014\/03\/12\/kaernten-setzt-auf-neue-bescheidenheit\/#primaryimage\",\"url\":\"https:\/\/www.tsp.at\/wp-content\/uploads\/2025\/10\/1_07.jpg\",\"contentUrl\":\"https:\/\/www.tsp.at\/wp-content\/uploads\/2025\/10\/1_07.jpg\",\"width\":938,\"height\":720,\"caption\":\"asdfasd\"},{\"@type\":\"BreadcrumbList\",\"@id\":\"https:\/\/www.tsp.at\/en\/2014\/03\/12\/kaernten-setzt-auf-neue-bescheidenheit\/#breadcrumb\",\"itemListElement\":[{\"@type\":\"ListItem\",\"position\":1,\"name\":\"Startseite\",\"item\":\"https:\/\/www.tsp.at\/en\/\"},{\"@type\":\"ListItem\",\"position\":2,\"name\":\"K\u00e4rnten setzt auf neue Bescheidenheit\"}]},{\"@type\":\"WebSite\",\"@id\":\"https:\/\/www.tsp.at\/en\/#website\",\"url\":\"https:\/\/www.tsp.at\/en\/\",\"name\":\"Temmel | Seywald - Corporate Communications\",\"description\":\"Kommunikation ist Beziehungsarbeit\",\"publisher\":{\"@id\":\"https:\/\/www.tsp.at\/en\/#organization\"},\"potentialAction\":[{\"@type\":\"SearchAction\",\"target\":{\"@type\":\"EntryPoint\",\"urlTemplate\":\"https:\/\/www.tsp.at\/en\/?s={search_term_string}\"},\"query-input\":{\"@type\":\"PropertyValueSpecification\",\"valueRequired\":true,\"valueName\":\"search_term_string\"}}],\"inLanguage\":\"en-US\"},{\"@type\":\"Organization\",\"@id\":\"https:\/\/www.tsp.at\/en\/#organization\",\"name\":\"Temmel, Seywald & Partner Communications GesmbH\",\"alternateName\":\"TSP\",\"url\":\"https:\/\/www.tsp.at\/en\/\",\"logo\":{\"@type\":\"ImageObject\",\"inLanguage\":\"en-US\",\"@id\":\"https:\/\/www.tsp.at\/en\/#\/schema\/logo\/image\/\",\"url\":\"https:\/\/www.tsp.at\/wp-content\/uploads\/2025\/10\/favicontsp.png\",\"contentUrl\":\"https:\/\/www.tsp.at\/wp-content\/uploads\/2025\/10\/favicontsp.png\",\"width\":125,\"height\":125,\"caption\":\"Temmel, Seywald & Partner Communications GesmbH\"},\"image\":{\"@id\":\"https:\/\/www.tsp.at\/en\/#\/schema\/logo\/image\/\"},\"sameAs\":[\"https:\/\/www.facebook.com\/TemmelSeywald\"]},{\"@type\":\"Person\",\"@id\":\"https:\/\/www.tsp.at\/en\/#\/schema\/person\/1ba5600c29da17b902b0925cea567f8a\",\"name\":\"TSP Redaktion\"}]}<\/script>\n<!-- \/ Yoast SEO plugin. -->","yoast_head_json":{"title":"K\u00e4rnten setzt auf neue Bescheidenheit - Temmel | Seywald - Corporate Communications","robots":{"index":"index","follow":"follow","max-snippet":"max-snippet:-1","max-image-preview":"max-image-preview:large","max-video-preview":"max-video-preview:-1"},"canonical":"https:\/\/www.tsp.at\/en\/2014\/03\/12\/kaernten-setzt-auf-neue-bescheidenheit\/","og_locale":"en_US","og_type":"article","og_title":"K\u00e4rnten setzt auf neue Bescheidenheit - Temmel | Seywald - Corporate Communications","og_description":"Landeshauptmann Kaiser zieht erste Bilanz der Regierungsarbeit 12.03.2014 Wien \u2013 Knapp ein Jahr nach seiner Wahl zieht Landeshauptmann Peter Kaiser eine erste Bilanz der Regierungsarbeit im skandalgesch\u00fcttelten s\u00fcdlichsten Bundesland. &#8220;Wir haben einiges auf die Reihe gebracht, sind aber bei weitem noch nicht zufrieden.&#8221; Einige Menschen h\u00e4tten sich gr\u00f6\u00dfere Hoffnungen gemacht, so Kaiser Dienstagabend selbstkritisch vor&hellip;","og_url":"https:\/\/www.tsp.at\/en\/2014\/03\/12\/kaernten-setzt-auf-neue-bescheidenheit\/","og_site_name":"Temmel | Seywald - Corporate Communications","article_publisher":"https:\/\/www.facebook.com\/TemmelSeywald","article_published_time":"2014-03-12T09:11:00+00:00","article_modified_time":"2025-10-21T12:58:48+00:00","og_image":[{"width":938,"height":720,"url":"https:\/\/www.tsp.at\/wp-content\/uploads\/2025\/10\/1_07.jpg","type":"image\/jpeg"}],"author":"TSP Redaktion","twitter_card":"summary_large_image","twitter_misc":{"Written by":"TSP Redaktion","Est. reading time":"3 minutes"},"schema":{"@context":"https:\/\/schema.org","@graph":[{"@type":"Article","@id":"https:\/\/www.tsp.at\/en\/2014\/03\/12\/kaernten-setzt-auf-neue-bescheidenheit\/#article","isPartOf":{"@id":"https:\/\/www.tsp.at\/en\/2014\/03\/12\/kaernten-setzt-auf-neue-bescheidenheit\/"},"author":{"name":"TSP Redaktion","@id":"https:\/\/www.tsp.at\/en\/#\/schema\/person\/1ba5600c29da17b902b0925cea567f8a"},"headline":"K\u00e4rnten setzt auf neue Bescheidenheit","datePublished":"2014-03-12T09:11:00+00:00","dateModified":"2025-10-21T12:58:48+00:00","mainEntityOfPage":{"@id":"https:\/\/www.tsp.at\/en\/2014\/03\/12\/kaernten-setzt-auf-neue-bescheidenheit\/"},"wordCount":562,"publisher":{"@id":"https:\/\/www.tsp.at\/en\/#organization"},"image":{"@id":"https:\/\/www.tsp.at\/en\/2014\/03\/12\/kaernten-setzt-auf-neue-bescheidenheit\/#primaryimage"},"thumbnailUrl":"https:\/\/www.tsp.at\/wp-content\/uploads\/2025\/10\/1_07.jpg","articleSection":["News"],"inLanguage":"en-US"},{"@type":"WebPage","@id":"https:\/\/www.tsp.at\/en\/2014\/03\/12\/kaernten-setzt-auf-neue-bescheidenheit\/","url":"https:\/\/www.tsp.at\/en\/2014\/03\/12\/kaernten-setzt-auf-neue-bescheidenheit\/","name":"K\u00e4rnten setzt auf neue Bescheidenheit - Temmel | Seywald - Corporate Communications","isPartOf":{"@id":"https:\/\/www.tsp.at\/en\/#website"},"primaryImageOfPage":{"@id":"https:\/\/www.tsp.at\/en\/2014\/03\/12\/kaernten-setzt-auf-neue-bescheidenheit\/#primaryimage"},"image":{"@id":"https:\/\/www.tsp.at\/en\/2014\/03\/12\/kaernten-setzt-auf-neue-bescheidenheit\/#primaryimage"},"thumbnailUrl":"https:\/\/www.tsp.at\/wp-content\/uploads\/2025\/10\/1_07.jpg","datePublished":"2014-03-12T09:11:00+00:00","dateModified":"2025-10-21T12:58:48+00:00","breadcrumb":{"@id":"https:\/\/www.tsp.at\/en\/2014\/03\/12\/kaernten-setzt-auf-neue-bescheidenheit\/#breadcrumb"},"inLanguage":"en-US","potentialAction":[{"@type":"ReadAction","target":["https:\/\/www.tsp.at\/en\/2014\/03\/12\/kaernten-setzt-auf-neue-bescheidenheit\/"]}]},{"@type":"ImageObject","inLanguage":"en-US","@id":"https:\/\/www.tsp.at\/en\/2014\/03\/12\/kaernten-setzt-auf-neue-bescheidenheit\/#primaryimage","url":"https:\/\/www.tsp.at\/wp-content\/uploads\/2025\/10\/1_07.jpg","contentUrl":"https:\/\/www.tsp.at\/wp-content\/uploads\/2025\/10\/1_07.jpg","width":938,"height":720,"caption":"asdfasd"},{"@type":"BreadcrumbList","@id":"https:\/\/www.tsp.at\/en\/2014\/03\/12\/kaernten-setzt-auf-neue-bescheidenheit\/#breadcrumb","itemListElement":[{"@type":"ListItem","position":1,"name":"Startseite","item":"https:\/\/www.tsp.at\/en\/"},{"@type":"ListItem","position":2,"name":"K\u00e4rnten setzt auf neue Bescheidenheit"}]},{"@type":"WebSite","@id":"https:\/\/www.tsp.at\/en\/#website","url":"https:\/\/www.tsp.at\/en\/","name":"Temmel | Seywald - Corporate Communications","description":"Kommunikation ist Beziehungsarbeit","publisher":{"@id":"https:\/\/www.tsp.at\/en\/#organization"},"potentialAction":[{"@type":"SearchAction","target":{"@type":"EntryPoint","urlTemplate":"https:\/\/www.tsp.at\/en\/?s={search_term_string}"},"query-input":{"@type":"PropertyValueSpecification","valueRequired":true,"valueName":"search_term_string"}}],"inLanguage":"en-US"},{"@type":"Organization","@id":"https:\/\/www.tsp.at\/en\/#organization","name":"Temmel, Seywald & Partner Communications GesmbH","alternateName":"TSP","url":"https:\/\/www.tsp.at\/en\/","logo":{"@type":"ImageObject","inLanguage":"en-US","@id":"https:\/\/www.tsp.at\/en\/#\/schema\/logo\/image\/","url":"https:\/\/www.tsp.at\/wp-content\/uploads\/2025\/10\/favicontsp.png","contentUrl":"https:\/\/www.tsp.at\/wp-content\/uploads\/2025\/10\/favicontsp.png","width":125,"height":125,"caption":"Temmel, Seywald & Partner Communications GesmbH"},"image":{"@id":"https:\/\/www.tsp.at\/en\/#\/schema\/logo\/image\/"},"sameAs":["https:\/\/www.facebook.com\/TemmelSeywald"]},{"@type":"Person","@id":"https:\/\/www.tsp.at\/en\/#\/schema\/person\/1ba5600c29da17b902b0925cea567f8a","name":"TSP Redaktion"}]}},"_links":{"self":[{"href":"https:\/\/www.tsp.at\/en\/wp-json\/wp\/v2\/posts\/10582","targetHints":{"allow":["GET"]}}],"collection":[{"href":"https:\/\/www.tsp.at\/en\/wp-json\/wp\/v2\/posts"}],"about":[{"href":"https:\/\/www.tsp.at\/en\/wp-json\/wp\/v2\/types\/post"}],"author":[{"embeddable":true,"href":"https:\/\/www.tsp.at\/en\/wp-json\/wp\/v2\/users\/2"}],"replies":[{"embeddable":true,"href":"https:\/\/www.tsp.at\/en\/wp-json\/wp\/v2\/comments?post=10582"}],"version-history":[{"count":1,"href":"https:\/\/www.tsp.at\/en\/wp-json\/wp\/v2\/posts\/10582\/revisions"}],"predecessor-version":[{"id":11701,"href":"https:\/\/www.tsp.at\/en\/wp-json\/wp\/v2\/posts\/10582\/revisions\/11701"}],"wp:featuredmedia":[{"embeddable":true,"href":"https:\/\/www.tsp.at\/en\/wp-json\/wp\/v2\/media\/10581"}],"wp:attachment":[{"href":"https:\/\/www.tsp.at\/en\/wp-json\/wp\/v2\/media?parent=10582"}],"wp:term":[{"taxonomy":"category","embeddable":true,"href":"https:\/\/www.tsp.at\/en\/wp-json\/wp\/v2\/categories?post=10582"},{"taxonomy":"post_tag","embeddable":true,"href":"https:\/\/www.tsp.at\/en\/wp-json\/wp\/v2\/tags?post=10582"}],"curies":[{"name":"wp","href":"https:\/\/api.w.org\/{rel}","templated":true}]}}