{"id":10585,"date":"2014-03-10T10:15:00","date_gmt":"2014-03-10T09:15:00","guid":{"rendered":"https:\/\/staging.tsp.at\/2014\/03\/10\/louis-widmer-fruehlingsfrische-von-kopf-bis-fuss\/"},"modified":"2025-10-21T14:58:48","modified_gmt":"2025-10-21T12:58:48","slug":"louis-widmer-fruehlingsfrische-von-kopf-bis-fuss","status":"publish","type":"post","link":"https:\/\/www.tsp.at\/en\/2014\/03\/10\/louis-widmer-fruehlingsfrische-von-kopf-bis-fuss\/","title":{"rendered":"Louis Widmer: Fr\u00fchlingsfrische von Kopf bis Fu\u00df"},"content":{"rendered":"<article class=\"item\">\n<h2><strong>Leichte und erfrischende K\u00f6rperpflege verleiht der Haut neuen Schwung<\/strong><\/h2>\n<p>10.03.2014<\/p>\n<\/p>\n<\/p>\n<\/p>\n<\/p>\n<\/p>\n<p>Salzburg \u2013 <strong>Auch wenn der Winter 2014 nicht so streng war, der &#8220;Fr\u00fchjahrsputz&#8221; f\u00fcr Haut und K\u00f6rper steht trotzdem bevor. Schlie\u00dflich wurde nicht nur die Gesichtshaut im Winter strapaziert, auch die \u00fcbrige K\u00f6rperhaut ist oft trocken und blass. Bei vielen hat sich selbst an den F\u00fc\u00dfen die eine oder andere Hornhautkruste gebildet. Zeit f\u00fcr eine gr\u00fcndliche Reinigung, gefolgt von leichter Pflege: und das von Kopf bis Fu\u00df. Vom Haarshampoo bis zur Fu\u00dfcreme: Louis Widmer hat, was Frau f\u00fcr ihren K\u00f6rper im Fr\u00fchling braucht.<\/strong> <\/p>\n<p class=\"FtxtP\"><strong>Duschvergn\u00fcgen am Morgen<\/strong><\/p>\n<p class=\"FtxtP\">Ein guter Morgen beginnt mit einer belebenden Dusche. Duschgel und Shampoo sind Standard im morgendlichen Badritual und leiten die K\u00f6rperpflege ein. F\u00fcr eine gr\u00fcndliche Reinigung, die gleichzeitig behutsam ist und die Haut garantiert nicht reizt, eignet sich das pH-neutrale Dusch Gel von Louis Widmer optimal. Es enth\u00e4lt eine Mischung von extra-milden, optimal hautvertr\u00e4glichen Tensiden, die die Haut gr\u00fcndlich, aber doch schonend reinigt. R\u00fcckfettende, nichtkomedogene Substanzen verhindern das Austrocknen der Haut. Das Dusch Gel ist so vertr\u00e4glich, dass es auch f\u00fcr empfindliche Kinderhaut geeignet ist.<\/p>\n<p class=\"FtxtP\">F\u00fcr h\u00e4ufiges Haarewaschen hat Louis Widmer das Soft Shampoo entwickelt. Es ist ausgezeichnet vertr\u00e4glich und brennt nicht in den Augen. Damit ist es ebenfalls bestens f\u00fcr Kinder geeignet. Der Conditioner-Komplex verbessert die Haarstruktur und verleiht Glanz und Volumen. Er wirkt antistatisch und klebt nicht.<\/p>\n<p class=\"FtxtP\"><strong>N\u00e4chster Schritt: K\u00f6rpermilch auftragen<\/strong><\/p>\n<p class=\"FtxtP\">Nach dem Duschen folgt die eigentliche K\u00f6rperpflege &#8211; das Eincremen. F\u00fcr den Fr\u00fchling empfiehlt sich eine leichte Pflege, die trotzdem viel Feuchtigkeit spendet, um die Haut nach dem Winter wieder in Top-Zustand zu bringen. F\u00fcr diesen Zweck ideal geeignet ist die fl\u00fcssige Remederm K\u00f6rpermilch 5% Urea. Sie wurde speziell f\u00fcr trockene, gereizte und ger\u00f6tete Haut entwickelt. Die angenehme Textur l\u00e4sst sich leicht auftragen, zieht schnell ein und spendet den ganzen Tag viel Feuchtigkeit. Das liegt an den hochwertigen Inhaltsstoffen: Carbamid (Urea) und Biostimulatoren befeuchten die Haut intensiv und machen sie weich, geschmeidig und elastisch. Panthenol verbessert das Feuchthalteverm\u00f6gen und beruhigt irritierte Hautstellen. Das hochwertige pflanzliche Jojoba\u00f6l sch\u00fctzt und pflegt die Haut, und Vitamin E neutralisiert sch\u00e4dliche freie Radikale.<\/p>\n<p class=\"FtxtP\"><strong>F\u00fc\u00dfe sandalenfit machen<\/strong><\/p>\n<p class=\"FtxtP\">Wer kennt das nicht: Trotz guter Vors\u00e4tze schleicht sich in Sachen Fu\u00dfpflege \u00fcber den Winter ein gewisser Schlendrian ein. Die harten Stellen und die Hornhaut sieht ja schlie\u00dflich niemand. Langsam wird es aber Zeit, auch den F\u00fc\u00dfen wieder mehr Aufmerksamkeit zu widmen, beispielsweise in Form einer professionellen Fu\u00dfpflege. Wer der Hornhaut selbst mit Feile und Bimsstein zu Leibe r\u00fcckt, sollte vorsichtig sein und im Zweifelsfall lieber zu viel als zu wenig Hornhaut auf den F\u00fc\u00dfen lassen. Nach dem Abtragen der Hornhaut sollte man die F\u00fc\u00dfe jedenfalls mit der richtigen Creme behandeln. Damit beugt man auch einer Neubildung der Hornhaut vor.<\/p>\n<p class=\"FtxtP\">Aus dem Hause Louis Widmer kommt f\u00fcr solche F\u00e4lle die Carbamid Forte Anti-Hornhaut Fu\u00dfcreme 18% Urea. Die hohe Konzentration an Carbamid\/Urea (18 %) wirkt keratolytisch (entfernt abgestorbene Zellen aus der Hornschicht) und feuchtigkeitsspendend. Eine \u00e4hnliche Wirkung hat die nat\u00fcrliche Fruchts\u00e4ure Glycols\u00e4ure. Zus\u00e4tzlich macht sie die Haut weich und verbessert das Hautbild. Panthenol verbessert das Feuchthalteverm\u00f6gen und beruhigt. Vitamin E neutralisiert die sch\u00e4dlichen Eigenschaften freier Radikale. Durch den Wirkstoff Menthol hat die Carbamid Forte Fu\u00dfcreme au\u00dferdem einen erfrischenden K\u00fchleffekt. Die Silbermolek\u00fcle wirken leicht desinfizierend und antibakteriell. Die Carbamid Forte Fu\u00dfcreme zieht schnell ein und wird ein- bis zweimal t\u00e4glich auf die betroffenen Hautstellen aufgetragen und einmassiert. Der Fr\u00fchling kann kommen!<\/p>\n<p class=\"FtxtP\"><strong>Preise<\/strong><\/p>\n<p class=\"FtxtP\">Dusch Gel*: Eur 11,90<br \/> Soft Shampoo*: Eur 9,40<br \/> Remederm K\u00f6rpermilch 5 % Urea: Eur 18,50<br \/> Carbamid Forte 18 % Urea*: Eur 11,90<\/p>\n<p class=\"FtxtP\">*Unverbindlicher Apothekenverkaufspreis.<br \/> Erh\u00e4ltlich in jeder Apotheke.<\/p>\n<\/article>\n","protected":false},"excerpt":{"rendered":"<p>Leichte und erfrischende K\u00f6rperpflege verleiht der Haut neuen Schwung 10.03.2014 Salzburg \u2013 Auch wenn der Winter 2014 nicht so streng war, der &#8220;Fr\u00fchjahrsputz&#8221; f\u00fcr Haut und K\u00f6rper steht trotzdem bevor. Schlie\u00dflich wurde nicht nur die Gesichtshaut im Winter strapaziert, auch die \u00fcbrige K\u00f6rperhaut ist oft trocken und blass. Bei vielen hat sich selbst an den&hellip;<\/p>\n","protected":false},"author":2,"featured_media":10584,"comment_status":"closed","ping_status":"closed","sticky":false,"template":"","format":"standard","meta":{"footnotes":""},"categories":[3],"tags":[],"class_list":["post-10585","post","type-post","status-publish","format-standard","has-post-thumbnail","hentry","category-news","category-3","description-off"],"yoast_head":"<!-- This site is optimized with the Yoast SEO plugin v26.3 - https:\/\/yoast.com\/wordpress\/plugins\/seo\/ -->\n<title>Louis Widmer: Fr\u00fchlingsfrische von Kopf bis Fu\u00df - Temmel | Seywald - Corporate Communications<\/title>\n<meta name=\"robots\" content=\"index, follow, max-snippet:-1, max-image-preview:large, max-video-preview:-1\" \/>\n<link rel=\"canonical\" href=\"https:\/\/www.tsp.at\/en\/2014\/03\/10\/louis-widmer-fruehlingsfrische-von-kopf-bis-fuss\/\" \/>\n<meta property=\"og:locale\" content=\"en_US\" \/>\n<meta property=\"og:type\" content=\"article\" \/>\n<meta property=\"og:title\" content=\"Louis Widmer: Fr\u00fchlingsfrische von Kopf bis Fu\u00df - Temmel | Seywald - Corporate Communications\" \/>\n<meta property=\"og:description\" content=\"Leichte und erfrischende K\u00f6rperpflege verleiht der Haut neuen Schwung 10.03.2014 Salzburg \u2013 Auch wenn der Winter 2014 nicht so streng war, der &#8220;Fr\u00fchjahrsputz&#8221; f\u00fcr Haut und K\u00f6rper steht trotzdem bevor. Schlie\u00dflich wurde nicht nur die Gesichtshaut im Winter strapaziert, auch die \u00fcbrige K\u00f6rperhaut ist oft trocken und blass. Bei vielen hat sich selbst an den&hellip;\" \/>\n<meta property=\"og:url\" content=\"https:\/\/www.tsp.at\/en\/2014\/03\/10\/louis-widmer-fruehlingsfrische-von-kopf-bis-fuss\/\" \/>\n<meta property=\"og:site_name\" content=\"Temmel | Seywald - Corporate Communications\" \/>\n<meta property=\"article:publisher\" content=\"https:\/\/www.facebook.com\/TemmelSeywald\" \/>\n<meta property=\"article:published_time\" content=\"2014-03-10T09:15:00+00:00\" \/>\n<meta property=\"article:modified_time\" content=\"2025-10-21T12:58:48+00:00\" \/>\n<meta property=\"og:image\" content=\"https:\/\/www.tsp.at\/wp-content\/uploads\/2025\/10\/Dusch_Gel_200ml-scaled.jpg\" \/>\n\t<meta property=\"og:image:width\" content=\"1455\" \/>\n\t<meta property=\"og:image:height\" content=\"2560\" \/>\n\t<meta property=\"og:image:type\" content=\"image\/jpeg\" \/>\n<meta name=\"author\" content=\"TSP Redaktion\" \/>\n<meta name=\"twitter:card\" content=\"summary_large_image\" \/>\n<meta name=\"twitter:label1\" content=\"Written by\" \/>\n\t<meta name=\"twitter:data1\" content=\"TSP Redaktion\" \/>\n\t<meta name=\"twitter:label2\" content=\"Est. reading time\" \/>\n\t<meta name=\"twitter:data2\" content=\"4 minutes\" \/>\n<script type=\"application\/ld+json\" class=\"yoast-schema-graph\">{\"@context\":\"https:\/\/schema.org\",\"@graph\":[{\"@type\":\"Article\",\"@id\":\"https:\/\/www.tsp.at\/en\/2014\/03\/10\/louis-widmer-fruehlingsfrische-von-kopf-bis-fuss\/#article\",\"isPartOf\":{\"@id\":\"https:\/\/www.tsp.at\/en\/2014\/03\/10\/louis-widmer-fruehlingsfrische-von-kopf-bis-fuss\/\"},\"author\":{\"name\":\"TSP Redaktion\",\"@id\":\"https:\/\/www.tsp.at\/en\/#\/schema\/person\/1ba5600c29da17b902b0925cea567f8a\"},\"headline\":\"Louis Widmer: Fr\u00fchlingsfrische von Kopf bis Fu\u00df\",\"datePublished\":\"2014-03-10T09:15:00+00:00\",\"dateModified\":\"2025-10-21T12:58:48+00:00\",\"mainEntityOfPage\":{\"@id\":\"https:\/\/www.tsp.at\/en\/2014\/03\/10\/louis-widmer-fruehlingsfrische-von-kopf-bis-fuss\/\"},\"wordCount\":650,\"publisher\":{\"@id\":\"https:\/\/www.tsp.at\/en\/#organization\"},\"image\":{\"@id\":\"https:\/\/www.tsp.at\/en\/2014\/03\/10\/louis-widmer-fruehlingsfrische-von-kopf-bis-fuss\/#primaryimage\"},\"thumbnailUrl\":\"https:\/\/www.tsp.at\/wp-content\/uploads\/2025\/10\/Dusch_Gel_200ml-scaled.jpg\",\"articleSection\":[\"News\"],\"inLanguage\":\"en-US\"},{\"@type\":\"WebPage\",\"@id\":\"https:\/\/www.tsp.at\/en\/2014\/03\/10\/louis-widmer-fruehlingsfrische-von-kopf-bis-fuss\/\",\"url\":\"https:\/\/www.tsp.at\/en\/2014\/03\/10\/louis-widmer-fruehlingsfrische-von-kopf-bis-fuss\/\",\"name\":\"Louis Widmer: Fr\u00fchlingsfrische von Kopf bis Fu\u00df - Temmel | Seywald - Corporate Communications\",\"isPartOf\":{\"@id\":\"https:\/\/www.tsp.at\/en\/#website\"},\"primaryImageOfPage\":{\"@id\":\"https:\/\/www.tsp.at\/en\/2014\/03\/10\/louis-widmer-fruehlingsfrische-von-kopf-bis-fuss\/#primaryimage\"},\"image\":{\"@id\":\"https:\/\/www.tsp.at\/en\/2014\/03\/10\/louis-widmer-fruehlingsfrische-von-kopf-bis-fuss\/#primaryimage\"},\"thumbnailUrl\":\"https:\/\/www.tsp.at\/wp-content\/uploads\/2025\/10\/Dusch_Gel_200ml-scaled.jpg\",\"datePublished\":\"2014-03-10T09:15:00+00:00\",\"dateModified\":\"2025-10-21T12:58:48+00:00\",\"breadcrumb\":{\"@id\":\"https:\/\/www.tsp.at\/en\/2014\/03\/10\/louis-widmer-fruehlingsfrische-von-kopf-bis-fuss\/#breadcrumb\"},\"inLanguage\":\"en-US\",\"potentialAction\":[{\"@type\":\"ReadAction\",\"target\":[\"https:\/\/www.tsp.at\/en\/2014\/03\/10\/louis-widmer-fruehlingsfrische-von-kopf-bis-fuss\/\"]}]},{\"@type\":\"ImageObject\",\"inLanguage\":\"en-US\",\"@id\":\"https:\/\/www.tsp.at\/en\/2014\/03\/10\/louis-widmer-fruehlingsfrische-von-kopf-bis-fuss\/#primaryimage\",\"url\":\"https:\/\/www.tsp.at\/wp-content\/uploads\/2025\/10\/Dusch_Gel_200ml-scaled.jpg\",\"contentUrl\":\"https:\/\/www.tsp.at\/wp-content\/uploads\/2025\/10\/Dusch_Gel_200ml-scaled.jpg\",\"width\":1455,\"height\":2560},{\"@type\":\"BreadcrumbList\",\"@id\":\"https:\/\/www.tsp.at\/en\/2014\/03\/10\/louis-widmer-fruehlingsfrische-von-kopf-bis-fuss\/#breadcrumb\",\"itemListElement\":[{\"@type\":\"ListItem\",\"position\":1,\"name\":\"Startseite\",\"item\":\"https:\/\/www.tsp.at\/en\/\"},{\"@type\":\"ListItem\",\"position\":2,\"name\":\"Louis Widmer: Fr\u00fchlingsfrische von Kopf bis Fu\u00df\"}]},{\"@type\":\"WebSite\",\"@id\":\"https:\/\/www.tsp.at\/en\/#website\",\"url\":\"https:\/\/www.tsp.at\/en\/\",\"name\":\"Temmel | Seywald - Corporate Communications\",\"description\":\"Kommunikation ist Beziehungsarbeit\",\"publisher\":{\"@id\":\"https:\/\/www.tsp.at\/en\/#organization\"},\"potentialAction\":[{\"@type\":\"SearchAction\",\"target\":{\"@type\":\"EntryPoint\",\"urlTemplate\":\"https:\/\/www.tsp.at\/en\/?s={search_term_string}\"},\"query-input\":{\"@type\":\"PropertyValueSpecification\",\"valueRequired\":true,\"valueName\":\"search_term_string\"}}],\"inLanguage\":\"en-US\"},{\"@type\":\"Organization\",\"@id\":\"https:\/\/www.tsp.at\/en\/#organization\",\"name\":\"Temmel, Seywald & Partner Communications GesmbH\",\"alternateName\":\"TSP\",\"url\":\"https:\/\/www.tsp.at\/en\/\",\"logo\":{\"@type\":\"ImageObject\",\"inLanguage\":\"en-US\",\"@id\":\"https:\/\/www.tsp.at\/en\/#\/schema\/logo\/image\/\",\"url\":\"https:\/\/www.tsp.at\/wp-content\/uploads\/2025\/10\/favicontsp.png\",\"contentUrl\":\"https:\/\/www.tsp.at\/wp-content\/uploads\/2025\/10\/favicontsp.png\",\"width\":125,\"height\":125,\"caption\":\"Temmel, Seywald & Partner Communications GesmbH\"},\"image\":{\"@id\":\"https:\/\/www.tsp.at\/en\/#\/schema\/logo\/image\/\"},\"sameAs\":[\"https:\/\/www.facebook.com\/TemmelSeywald\"]},{\"@type\":\"Person\",\"@id\":\"https:\/\/www.tsp.at\/en\/#\/schema\/person\/1ba5600c29da17b902b0925cea567f8a\",\"name\":\"TSP Redaktion\"}]}<\/script>\n<!-- \/ Yoast SEO plugin. -->","yoast_head_json":{"title":"Louis Widmer: Fr\u00fchlingsfrische von Kopf bis Fu\u00df - Temmel | Seywald - Corporate Communications","robots":{"index":"index","follow":"follow","max-snippet":"max-snippet:-1","max-image-preview":"max-image-preview:large","max-video-preview":"max-video-preview:-1"},"canonical":"https:\/\/www.tsp.at\/en\/2014\/03\/10\/louis-widmer-fruehlingsfrische-von-kopf-bis-fuss\/","og_locale":"en_US","og_type":"article","og_title":"Louis Widmer: Fr\u00fchlingsfrische von Kopf bis Fu\u00df - Temmel | Seywald - Corporate Communications","og_description":"Leichte und erfrischende K\u00f6rperpflege verleiht der Haut neuen Schwung 10.03.2014 Salzburg \u2013 Auch wenn der Winter 2014 nicht so streng war, der &#8220;Fr\u00fchjahrsputz&#8221; f\u00fcr Haut und K\u00f6rper steht trotzdem bevor. Schlie\u00dflich wurde nicht nur die Gesichtshaut im Winter strapaziert, auch die \u00fcbrige K\u00f6rperhaut ist oft trocken und blass. Bei vielen hat sich selbst an den&hellip;","og_url":"https:\/\/www.tsp.at\/en\/2014\/03\/10\/louis-widmer-fruehlingsfrische-von-kopf-bis-fuss\/","og_site_name":"Temmel | Seywald - Corporate Communications","article_publisher":"https:\/\/www.facebook.com\/TemmelSeywald","article_published_time":"2014-03-10T09:15:00+00:00","article_modified_time":"2025-10-21T12:58:48+00:00","og_image":[{"width":1455,"height":2560,"url":"https:\/\/www.tsp.at\/wp-content\/uploads\/2025\/10\/Dusch_Gel_200ml-scaled.jpg","type":"image\/jpeg"}],"author":"TSP Redaktion","twitter_card":"summary_large_image","twitter_misc":{"Written by":"TSP Redaktion","Est. reading time":"4 minutes"},"schema":{"@context":"https:\/\/schema.org","@graph":[{"@type":"Article","@id":"https:\/\/www.tsp.at\/en\/2014\/03\/10\/louis-widmer-fruehlingsfrische-von-kopf-bis-fuss\/#article","isPartOf":{"@id":"https:\/\/www.tsp.at\/en\/2014\/03\/10\/louis-widmer-fruehlingsfrische-von-kopf-bis-fuss\/"},"author":{"name":"TSP Redaktion","@id":"https:\/\/www.tsp.at\/en\/#\/schema\/person\/1ba5600c29da17b902b0925cea567f8a"},"headline":"Louis Widmer: Fr\u00fchlingsfrische von Kopf bis Fu\u00df","datePublished":"2014-03-10T09:15:00+00:00","dateModified":"2025-10-21T12:58:48+00:00","mainEntityOfPage":{"@id":"https:\/\/www.tsp.at\/en\/2014\/03\/10\/louis-widmer-fruehlingsfrische-von-kopf-bis-fuss\/"},"wordCount":650,"publisher":{"@id":"https:\/\/www.tsp.at\/en\/#organization"},"image":{"@id":"https:\/\/www.tsp.at\/en\/2014\/03\/10\/louis-widmer-fruehlingsfrische-von-kopf-bis-fuss\/#primaryimage"},"thumbnailUrl":"https:\/\/www.tsp.at\/wp-content\/uploads\/2025\/10\/Dusch_Gel_200ml-scaled.jpg","articleSection":["News"],"inLanguage":"en-US"},{"@type":"WebPage","@id":"https:\/\/www.tsp.at\/en\/2014\/03\/10\/louis-widmer-fruehlingsfrische-von-kopf-bis-fuss\/","url":"https:\/\/www.tsp.at\/en\/2014\/03\/10\/louis-widmer-fruehlingsfrische-von-kopf-bis-fuss\/","name":"Louis Widmer: Fr\u00fchlingsfrische von Kopf bis Fu\u00df - Temmel | Seywald - Corporate Communications","isPartOf":{"@id":"https:\/\/www.tsp.at\/en\/#website"},"primaryImageOfPage":{"@id":"https:\/\/www.tsp.at\/en\/2014\/03\/10\/louis-widmer-fruehlingsfrische-von-kopf-bis-fuss\/#primaryimage"},"image":{"@id":"https:\/\/www.tsp.at\/en\/2014\/03\/10\/louis-widmer-fruehlingsfrische-von-kopf-bis-fuss\/#primaryimage"},"thumbnailUrl":"https:\/\/www.tsp.at\/wp-content\/uploads\/2025\/10\/Dusch_Gel_200ml-scaled.jpg","datePublished":"2014-03-10T09:15:00+00:00","dateModified":"2025-10-21T12:58:48+00:00","breadcrumb":{"@id":"https:\/\/www.tsp.at\/en\/2014\/03\/10\/louis-widmer-fruehlingsfrische-von-kopf-bis-fuss\/#breadcrumb"},"inLanguage":"en-US","potentialAction":[{"@type":"ReadAction","target":["https:\/\/www.tsp.at\/en\/2014\/03\/10\/louis-widmer-fruehlingsfrische-von-kopf-bis-fuss\/"]}]},{"@type":"ImageObject","inLanguage":"en-US","@id":"https:\/\/www.tsp.at\/en\/2014\/03\/10\/louis-widmer-fruehlingsfrische-von-kopf-bis-fuss\/#primaryimage","url":"https:\/\/www.tsp.at\/wp-content\/uploads\/2025\/10\/Dusch_Gel_200ml-scaled.jpg","contentUrl":"https:\/\/www.tsp.at\/wp-content\/uploads\/2025\/10\/Dusch_Gel_200ml-scaled.jpg","width":1455,"height":2560},{"@type":"BreadcrumbList","@id":"https:\/\/www.tsp.at\/en\/2014\/03\/10\/louis-widmer-fruehlingsfrische-von-kopf-bis-fuss\/#breadcrumb","itemListElement":[{"@type":"ListItem","position":1,"name":"Startseite","item":"https:\/\/www.tsp.at\/en\/"},{"@type":"ListItem","position":2,"name":"Louis Widmer: Fr\u00fchlingsfrische von Kopf bis Fu\u00df"}]},{"@type":"WebSite","@id":"https:\/\/www.tsp.at\/en\/#website","url":"https:\/\/www.tsp.at\/en\/","name":"Temmel | Seywald - Corporate Communications","description":"Kommunikation ist Beziehungsarbeit","publisher":{"@id":"https:\/\/www.tsp.at\/en\/#organization"},"potentialAction":[{"@type":"SearchAction","target":{"@type":"EntryPoint","urlTemplate":"https:\/\/www.tsp.at\/en\/?s={search_term_string}"},"query-input":{"@type":"PropertyValueSpecification","valueRequired":true,"valueName":"search_term_string"}}],"inLanguage":"en-US"},{"@type":"Organization","@id":"https:\/\/www.tsp.at\/en\/#organization","name":"Temmel, Seywald & Partner Communications GesmbH","alternateName":"TSP","url":"https:\/\/www.tsp.at\/en\/","logo":{"@type":"ImageObject","inLanguage":"en-US","@id":"https:\/\/www.tsp.at\/en\/#\/schema\/logo\/image\/","url":"https:\/\/www.tsp.at\/wp-content\/uploads\/2025\/10\/favicontsp.png","contentUrl":"https:\/\/www.tsp.at\/wp-content\/uploads\/2025\/10\/favicontsp.png","width":125,"height":125,"caption":"Temmel, Seywald & Partner Communications GesmbH"},"image":{"@id":"https:\/\/www.tsp.at\/en\/#\/schema\/logo\/image\/"},"sameAs":["https:\/\/www.facebook.com\/TemmelSeywald"]},{"@type":"Person","@id":"https:\/\/www.tsp.at\/en\/#\/schema\/person\/1ba5600c29da17b902b0925cea567f8a","name":"TSP Redaktion"}]}},"_links":{"self":[{"href":"https:\/\/www.tsp.at\/en\/wp-json\/wp\/v2\/posts\/10585","targetHints":{"allow":["GET"]}}],"collection":[{"href":"https:\/\/www.tsp.at\/en\/wp-json\/wp\/v2\/posts"}],"about":[{"href":"https:\/\/www.tsp.at\/en\/wp-json\/wp\/v2\/types\/post"}],"author":[{"embeddable":true,"href":"https:\/\/www.tsp.at\/en\/wp-json\/wp\/v2\/users\/2"}],"replies":[{"embeddable":true,"href":"https:\/\/www.tsp.at\/en\/wp-json\/wp\/v2\/comments?post=10585"}],"version-history":[{"count":1,"href":"https:\/\/www.tsp.at\/en\/wp-json\/wp\/v2\/posts\/10585\/revisions"}],"predecessor-version":[{"id":11703,"href":"https:\/\/www.tsp.at\/en\/wp-json\/wp\/v2\/posts\/10585\/revisions\/11703"}],"wp:featuredmedia":[{"embeddable":true,"href":"https:\/\/www.tsp.at\/en\/wp-json\/wp\/v2\/media\/10584"}],"wp:attachment":[{"href":"https:\/\/www.tsp.at\/en\/wp-json\/wp\/v2\/media?parent=10585"}],"wp:term":[{"taxonomy":"category","embeddable":true,"href":"https:\/\/www.tsp.at\/en\/wp-json\/wp\/v2\/categories?post=10585"},{"taxonomy":"post_tag","embeddable":true,"href":"https:\/\/www.tsp.at\/en\/wp-json\/wp\/v2\/tags?post=10585"}],"curies":[{"name":"wp","href":"https:\/\/api.w.org\/{rel}","templated":true}]}}