{"id":10591,"date":"2014-02-11T11:00:00","date_gmt":"2014-02-11T10:00:00","guid":{"rendered":"https:\/\/staging.tsp.at\/2014\/02\/11\/schoen-gepflegt-in-den-fruehling-mit-louis-widmer\/"},"modified":"2025-10-21T14:58:49","modified_gmt":"2025-10-21T12:58:49","slug":"schoen-gepflegt-in-den-fruehling-mit-louis-widmer","status":"publish","type":"post","link":"https:\/\/www.tsp.at\/en\/2014\/02\/11\/schoen-gepflegt-in-den-fruehling-mit-louis-widmer\/","title":{"rendered":"Sch\u00f6n gepflegt in den Fr\u00fchling mit Louis Widmer"},"content":{"rendered":"<article class=\"item\">\n<h2><strong>Weg mit dem Fett in reichhaltigen Cremes &#8211; Her mit der Feuchtigkeit<\/strong><\/h2>\n<p>11.02.2014<\/p>\n<\/p>\n<\/p>\n<\/p>\n<\/p>\n<\/p>\n<p>Salzburg \u2013 <strong>Nach einem kalten Winter sehnt sich die Gesichtshaut nach Sonne und W\u00e4rme. Dann hei\u00dft es ad\u00e9 f\u00fcr fetthaltige Cremes und K\u00e4lteschutz. Um die naturgem\u00e4\u00df fahle und m\u00fcde Winterhaut wieder zum Leuchten zu bringen, empfehlen die Experten der Schweizer Markenkosmetik Louis Widmer ein gr\u00fcndliches Peeling, eine leichte Tagespflege mit niedrigem UV-Schutz und ein erfrischendes Augengel.<\/strong> <\/p>\n<p class=\"FtxtP\"><strong>Winterluft schadet der Haut<\/strong><\/p>\n<p class=\"FtxtP\">Winter, K\u00e4lte und Trockenheit tun der Haut nicht gut. Aufgrund der niedrigen UV-Intensit\u00e4t k\u00f6nnen Schadstoffe leichter eindringen, die Bildung und Verteilung von Talg funktioniert bedingt durch niedrige Temperaturen schlechter, und die geringe Luftfeuchtigkeit l\u00e4sst die Haut austrocknen. Insgesamt wirkt sie dadurch fahl und schlaff. Mit Beginn des Fr\u00fchlings bl\u00fcht die Haut wieder auf, sofern sie die richtige Unterst\u00fctzung bekommt.<\/p>\n<p class=\"FtxtP\"><strong>Fr\u00fchlingspflege: Alles beginnt mit der richtigen Reinigung<\/strong><\/p>\n<p class=\"FtxtP\">Wer fit und sch\u00f6n in den Fr\u00fchling starten will, sollte viel Bewegung in frischer Luft machen, ausreichend Wasser trinken und der Haut Feuchtigkeit zuf\u00fchren. Die Fr\u00fchlingspflege startet als erstes mit der richtigen Reinigung, um die Haut optimal vorzubereiten. Mit einem sanften und trotzdem gr\u00fcndlichen Peeling werden Hautsch\u00fcppchen entfernt, verstopfte Poren wieder ge\u00f6ffnet und die Durchblutung gef\u00f6rdert. Die Haut kann so Wirkstoffe besser aufnehmen.<\/p>\n<p class=\"FtxtP\">Das Gesichtspeeling von Louis Widmer entfernt die verhornten Hautzellen mit Hilfe von feinstem Polyethylengranulat und reinigt die Haut gr\u00fcndlich. Ein Jojoba\u00f6l-Derivat erg\u00e4nzt diesen Effekt durch ein sanftes biologisches Peeling. Gleichzeitig befeuchten Biostimulatoren und Harnstoff die Haut; sie wird dadurch weich, geschmeidig und elastisch. Komplettiert wird die gr\u00fcndliche Reinigung mit dem erfrischenden Tonique ohne Alkohol.<\/p>\n<p class=\"FtxtP\"><strong>Feuchtigkeit, Feuchtigkeit und noch einmal Feuchtigkeit<\/strong><\/p>\n<p class=\"FtxtP\">Auf die Reinigung folgt die Pflege. Reichhaltige Cremes sind jetzt pass\u00e9, au\u00dfer bei sehr trockener Haut. Am besten ist jetzt eine leichtere Tagescreme mit viel Feuchtigkeit und wenig Fett. Ab M\u00e4rz ist auch ein leichter Sonnenschutz zu empfehlen, schlie\u00dflich ist die Haut nach dem Winter noch blass und die UV-Strahlung nimmt zu.<\/p>\n<p class=\"FtxtP\">Ideal f\u00fcr diese Jahreszeit ist die Tagescreme UV 10 von Louis Widmer. Sie enth\u00e4lt wertvolle Anti-Aging Wirkstoffe, mildert erste F\u00e4ltchen und beugt Pigmentflecken vor. UVA- und UVB-Filter sch\u00fctzen die empfindliche Gesichtshaut vor sch\u00e4dlichen ultravioletten Strahlen und beugen so lichtbedingter Hautalterung vor. Hyalurons\u00e4ure und Vitamin E erh\u00f6hen das Wasserbindeverm\u00f6gen der Haut und befeuchten intensiv. Panthenol beruhigt die irritierte Haut und erh\u00f6ht das Feuchthalteverm\u00f6gen. Vitamin E sch\u00fctzt au\u00dferdem vor freien Radikalen und gl\u00e4ttet das Hautbild.<\/p>\n<p class=\"FtxtP\"><strong>Augen nicht vergessen<\/strong><\/p>\n<p class=\"FtxtP\">Auch die empfindliche Haut rund um die Augen bedarf besonderer Pflege. Die wichtigste Ma\u00dfnahme gegen m\u00fcde Augen ist nat\u00fcrlich der Sch\u00f6nheitsschlaf. Abgesehen davon hilft die richtige Pflege. Das Gel f\u00fcr die Augenpartie von Louis Widmer erfrischt, befeuchtet, pflegt und strafft die empfindliche Haut rund um die Augen. Gleichzeitig mildert es F\u00e4ltchen. Dank der Liposomentechnologie gelangen Biostimulatoren direkt ins Zellinnere und k\u00f6nnen dort ihre Wirkung entfalten. Das Gel ist ideal f\u00fcr die morgendliche Anwendung.<\/p>\n<p class=\"FtxtP\">Ideal f\u00fcr den Abend ist die Creme f\u00fcr die Augenpartie. Ihre speziellen Feuchthalte-Substanzen dringen tief in die Haut ein. Durch die hohe Wirkstoffkonzentration ist sie au\u00dferdem ein wirksames Anti-Aging Pr\u00e4parat. Zus\u00e4tzlich kann sie auch als Intensivcreme, f\u00fcr die Narbenpflege oder als Maske f\u00fcr Gesicht und Hals verwendet werden.<\/p>\n<p class=\"FtxtP\"><strong>Preise<\/strong><\/p>\n<p class=\"FtxtP\">Gesichtspeeling*: Eur 13,30<br \/> Tonique ohne Alkohol*: Eur 13,30<br \/> Tagescreme UV 10*: Eur 19,90<br \/> Gel f\u00fcr die Augenpartie*: Eur 20,50<br \/> Creme f\u00fcr die Augenpartie*: Eur 22,90<\/p>\n<p class=\"FtxtP\">*Unverbindlicher Apothekenverkaufspreis.<\/p>\n<p class=\"FtxtP\">Erh\u00e4ltlich in jeder Apotheke.<\/p>\n<\/article>\n","protected":false},"excerpt":{"rendered":"<p>Weg mit dem Fett in reichhaltigen Cremes &#8211; Her mit der Feuchtigkeit 11.02.2014 Salzburg \u2013 Nach einem kalten Winter sehnt sich die Gesichtshaut nach Sonne und W\u00e4rme. Dann hei\u00dft es ad\u00e9 f\u00fcr fetthaltige Cremes und K\u00e4lteschutz. Um die naturgem\u00e4\u00df fahle und m\u00fcde Winterhaut wieder zum Leuchten zu bringen, empfehlen die Experten der Schweizer Markenkosmetik Louis&hellip;<\/p>\n","protected":false},"author":2,"featured_media":10590,"comment_status":"closed","ping_status":"closed","sticky":false,"template":"","format":"standard","meta":{"footnotes":""},"categories":[3],"tags":[],"class_list":["post-10591","post","type-post","status-publish","format-standard","has-post-thumbnail","hentry","category-news","category-3","description-off"],"yoast_head":"<!-- This site is optimized with the Yoast SEO plugin v26.3 - https:\/\/yoast.com\/wordpress\/plugins\/seo\/ -->\n<title>Sch\u00f6n gepflegt in den Fr\u00fchling mit Louis Widmer - Temmel | Seywald - Corporate Communications<\/title>\n<meta name=\"robots\" content=\"index, follow, max-snippet:-1, max-image-preview:large, max-video-preview:-1\" \/>\n<link rel=\"canonical\" href=\"https:\/\/www.tsp.at\/en\/2014\/02\/11\/schoen-gepflegt-in-den-fruehling-mit-louis-widmer\/\" \/>\n<meta property=\"og:locale\" content=\"en_US\" \/>\n<meta property=\"og:type\" content=\"article\" \/>\n<meta property=\"og:title\" content=\"Sch\u00f6n gepflegt in den Fr\u00fchling mit Louis Widmer - Temmel | Seywald - Corporate Communications\" \/>\n<meta property=\"og:description\" content=\"Weg mit dem Fett in reichhaltigen Cremes &#8211; Her mit der Feuchtigkeit 11.02.2014 Salzburg \u2013 Nach einem kalten Winter sehnt sich die Gesichtshaut nach Sonne und W\u00e4rme. Dann hei\u00dft es ad\u00e9 f\u00fcr fetthaltige Cremes und K\u00e4lteschutz. Um die naturgem\u00e4\u00df fahle und m\u00fcde Winterhaut wieder zum Leuchten zu bringen, empfehlen die Experten der Schweizer Markenkosmetik Louis&hellip;\" \/>\n<meta property=\"og:url\" content=\"https:\/\/www.tsp.at\/en\/2014\/02\/11\/schoen-gepflegt-in-den-fruehling-mit-louis-widmer\/\" \/>\n<meta property=\"og:site_name\" content=\"Temmel | Seywald - Corporate Communications\" \/>\n<meta property=\"article:publisher\" content=\"https:\/\/www.facebook.com\/TemmelSeywald\" \/>\n<meta property=\"article:published_time\" content=\"2014-02-11T10:00:00+00:00\" \/>\n<meta property=\"article:modified_time\" content=\"2025-10-21T12:58:49+00:00\" \/>\n<meta property=\"og:image\" content=\"https:\/\/www.tsp.at\/wp-content\/uploads\/2025\/10\/TN_Gesichtspeeling_DL-scaled.jpg\" \/>\n\t<meta property=\"og:image:width\" content=\"1925\" \/>\n\t<meta property=\"og:image:height\" content=\"2560\" \/>\n\t<meta property=\"og:image:type\" content=\"image\/jpeg\" \/>\n<meta name=\"author\" content=\"TSP Redaktion\" \/>\n<meta name=\"twitter:card\" content=\"summary_large_image\" \/>\n<meta name=\"twitter:label1\" content=\"Written by\" \/>\n\t<meta name=\"twitter:data1\" content=\"TSP Redaktion\" \/>\n\t<meta name=\"twitter:label2\" content=\"Est. reading time\" \/>\n\t<meta name=\"twitter:data2\" content=\"4 minutes\" \/>\n<script type=\"application\/ld+json\" class=\"yoast-schema-graph\">{\"@context\":\"https:\/\/schema.org\",\"@graph\":[{\"@type\":\"Article\",\"@id\":\"https:\/\/www.tsp.at\/en\/2014\/02\/11\/schoen-gepflegt-in-den-fruehling-mit-louis-widmer\/#article\",\"isPartOf\":{\"@id\":\"https:\/\/www.tsp.at\/en\/2014\/02\/11\/schoen-gepflegt-in-den-fruehling-mit-louis-widmer\/\"},\"author\":{\"name\":\"TSP Redaktion\",\"@id\":\"https:\/\/www.tsp.at\/en\/#\/schema\/person\/1ba5600c29da17b902b0925cea567f8a\"},\"headline\":\"Sch\u00f6n gepflegt in den Fr\u00fchling mit Louis Widmer\",\"datePublished\":\"2014-02-11T10:00:00+00:00\",\"dateModified\":\"2025-10-21T12:58:49+00:00\",\"mainEntityOfPage\":{\"@id\":\"https:\/\/www.tsp.at\/en\/2014\/02\/11\/schoen-gepflegt-in-den-fruehling-mit-louis-widmer\/\"},\"wordCount\":604,\"publisher\":{\"@id\":\"https:\/\/www.tsp.at\/en\/#organization\"},\"image\":{\"@id\":\"https:\/\/www.tsp.at\/en\/2014\/02\/11\/schoen-gepflegt-in-den-fruehling-mit-louis-widmer\/#primaryimage\"},\"thumbnailUrl\":\"https:\/\/www.tsp.at\/wp-content\/uploads\/2025\/10\/TN_Gesichtspeeling_DL-scaled.jpg\",\"articleSection\":[\"News\"],\"inLanguage\":\"en-US\"},{\"@type\":\"WebPage\",\"@id\":\"https:\/\/www.tsp.at\/en\/2014\/02\/11\/schoen-gepflegt-in-den-fruehling-mit-louis-widmer\/\",\"url\":\"https:\/\/www.tsp.at\/en\/2014\/02\/11\/schoen-gepflegt-in-den-fruehling-mit-louis-widmer\/\",\"name\":\"Sch\u00f6n gepflegt in den Fr\u00fchling mit Louis Widmer - Temmel | Seywald - Corporate Communications\",\"isPartOf\":{\"@id\":\"https:\/\/www.tsp.at\/en\/#website\"},\"primaryImageOfPage\":{\"@id\":\"https:\/\/www.tsp.at\/en\/2014\/02\/11\/schoen-gepflegt-in-den-fruehling-mit-louis-widmer\/#primaryimage\"},\"image\":{\"@id\":\"https:\/\/www.tsp.at\/en\/2014\/02\/11\/schoen-gepflegt-in-den-fruehling-mit-louis-widmer\/#primaryimage\"},\"thumbnailUrl\":\"https:\/\/www.tsp.at\/wp-content\/uploads\/2025\/10\/TN_Gesichtspeeling_DL-scaled.jpg\",\"datePublished\":\"2014-02-11T10:00:00+00:00\",\"dateModified\":\"2025-10-21T12:58:49+00:00\",\"breadcrumb\":{\"@id\":\"https:\/\/www.tsp.at\/en\/2014\/02\/11\/schoen-gepflegt-in-den-fruehling-mit-louis-widmer\/#breadcrumb\"},\"inLanguage\":\"en-US\",\"potentialAction\":[{\"@type\":\"ReadAction\",\"target\":[\"https:\/\/www.tsp.at\/en\/2014\/02\/11\/schoen-gepflegt-in-den-fruehling-mit-louis-widmer\/\"]}]},{\"@type\":\"ImageObject\",\"inLanguage\":\"en-US\",\"@id\":\"https:\/\/www.tsp.at\/en\/2014\/02\/11\/schoen-gepflegt-in-den-fruehling-mit-louis-widmer\/#primaryimage\",\"url\":\"https:\/\/www.tsp.at\/wp-content\/uploads\/2025\/10\/TN_Gesichtspeeling_DL-scaled.jpg\",\"contentUrl\":\"https:\/\/www.tsp.at\/wp-content\/uploads\/2025\/10\/TN_Gesichtspeeling_DL-scaled.jpg\",\"width\":1925,\"height\":2560},{\"@type\":\"BreadcrumbList\",\"@id\":\"https:\/\/www.tsp.at\/en\/2014\/02\/11\/schoen-gepflegt-in-den-fruehling-mit-louis-widmer\/#breadcrumb\",\"itemListElement\":[{\"@type\":\"ListItem\",\"position\":1,\"name\":\"Startseite\",\"item\":\"https:\/\/www.tsp.at\/en\/\"},{\"@type\":\"ListItem\",\"position\":2,\"name\":\"Sch\u00f6n gepflegt in den Fr\u00fchling mit Louis Widmer\"}]},{\"@type\":\"WebSite\",\"@id\":\"https:\/\/www.tsp.at\/en\/#website\",\"url\":\"https:\/\/www.tsp.at\/en\/\",\"name\":\"Temmel | Seywald - Corporate Communications\",\"description\":\"Kommunikation ist Beziehungsarbeit\",\"publisher\":{\"@id\":\"https:\/\/www.tsp.at\/en\/#organization\"},\"potentialAction\":[{\"@type\":\"SearchAction\",\"target\":{\"@type\":\"EntryPoint\",\"urlTemplate\":\"https:\/\/www.tsp.at\/en\/?s={search_term_string}\"},\"query-input\":{\"@type\":\"PropertyValueSpecification\",\"valueRequired\":true,\"valueName\":\"search_term_string\"}}],\"inLanguage\":\"en-US\"},{\"@type\":\"Organization\",\"@id\":\"https:\/\/www.tsp.at\/en\/#organization\",\"name\":\"Temmel, Seywald & Partner Communications GesmbH\",\"alternateName\":\"TSP\",\"url\":\"https:\/\/www.tsp.at\/en\/\",\"logo\":{\"@type\":\"ImageObject\",\"inLanguage\":\"en-US\",\"@id\":\"https:\/\/www.tsp.at\/en\/#\/schema\/logo\/image\/\",\"url\":\"https:\/\/www.tsp.at\/wp-content\/uploads\/2025\/10\/favicontsp.png\",\"contentUrl\":\"https:\/\/www.tsp.at\/wp-content\/uploads\/2025\/10\/favicontsp.png\",\"width\":125,\"height\":125,\"caption\":\"Temmel, Seywald & Partner Communications GesmbH\"},\"image\":{\"@id\":\"https:\/\/www.tsp.at\/en\/#\/schema\/logo\/image\/\"},\"sameAs\":[\"https:\/\/www.facebook.com\/TemmelSeywald\"]},{\"@type\":\"Person\",\"@id\":\"https:\/\/www.tsp.at\/en\/#\/schema\/person\/1ba5600c29da17b902b0925cea567f8a\",\"name\":\"TSP Redaktion\"}]}<\/script>\n<!-- \/ Yoast SEO plugin. -->","yoast_head_json":{"title":"Sch\u00f6n gepflegt in den Fr\u00fchling mit Louis Widmer - Temmel | Seywald - Corporate Communications","robots":{"index":"index","follow":"follow","max-snippet":"max-snippet:-1","max-image-preview":"max-image-preview:large","max-video-preview":"max-video-preview:-1"},"canonical":"https:\/\/www.tsp.at\/en\/2014\/02\/11\/schoen-gepflegt-in-den-fruehling-mit-louis-widmer\/","og_locale":"en_US","og_type":"article","og_title":"Sch\u00f6n gepflegt in den Fr\u00fchling mit Louis Widmer - Temmel | Seywald - Corporate Communications","og_description":"Weg mit dem Fett in reichhaltigen Cremes &#8211; Her mit der Feuchtigkeit 11.02.2014 Salzburg \u2013 Nach einem kalten Winter sehnt sich die Gesichtshaut nach Sonne und W\u00e4rme. Dann hei\u00dft es ad\u00e9 f\u00fcr fetthaltige Cremes und K\u00e4lteschutz. Um die naturgem\u00e4\u00df fahle und m\u00fcde Winterhaut wieder zum Leuchten zu bringen, empfehlen die Experten der Schweizer Markenkosmetik Louis&hellip;","og_url":"https:\/\/www.tsp.at\/en\/2014\/02\/11\/schoen-gepflegt-in-den-fruehling-mit-louis-widmer\/","og_site_name":"Temmel | Seywald - Corporate Communications","article_publisher":"https:\/\/www.facebook.com\/TemmelSeywald","article_published_time":"2014-02-11T10:00:00+00:00","article_modified_time":"2025-10-21T12:58:49+00:00","og_image":[{"width":1925,"height":2560,"url":"https:\/\/www.tsp.at\/wp-content\/uploads\/2025\/10\/TN_Gesichtspeeling_DL-scaled.jpg","type":"image\/jpeg"}],"author":"TSP Redaktion","twitter_card":"summary_large_image","twitter_misc":{"Written by":"TSP Redaktion","Est. reading time":"4 minutes"},"schema":{"@context":"https:\/\/schema.org","@graph":[{"@type":"Article","@id":"https:\/\/www.tsp.at\/en\/2014\/02\/11\/schoen-gepflegt-in-den-fruehling-mit-louis-widmer\/#article","isPartOf":{"@id":"https:\/\/www.tsp.at\/en\/2014\/02\/11\/schoen-gepflegt-in-den-fruehling-mit-louis-widmer\/"},"author":{"name":"TSP Redaktion","@id":"https:\/\/www.tsp.at\/en\/#\/schema\/person\/1ba5600c29da17b902b0925cea567f8a"},"headline":"Sch\u00f6n gepflegt in den Fr\u00fchling mit Louis Widmer","datePublished":"2014-02-11T10:00:00+00:00","dateModified":"2025-10-21T12:58:49+00:00","mainEntityOfPage":{"@id":"https:\/\/www.tsp.at\/en\/2014\/02\/11\/schoen-gepflegt-in-den-fruehling-mit-louis-widmer\/"},"wordCount":604,"publisher":{"@id":"https:\/\/www.tsp.at\/en\/#organization"},"image":{"@id":"https:\/\/www.tsp.at\/en\/2014\/02\/11\/schoen-gepflegt-in-den-fruehling-mit-louis-widmer\/#primaryimage"},"thumbnailUrl":"https:\/\/www.tsp.at\/wp-content\/uploads\/2025\/10\/TN_Gesichtspeeling_DL-scaled.jpg","articleSection":["News"],"inLanguage":"en-US"},{"@type":"WebPage","@id":"https:\/\/www.tsp.at\/en\/2014\/02\/11\/schoen-gepflegt-in-den-fruehling-mit-louis-widmer\/","url":"https:\/\/www.tsp.at\/en\/2014\/02\/11\/schoen-gepflegt-in-den-fruehling-mit-louis-widmer\/","name":"Sch\u00f6n gepflegt in den Fr\u00fchling mit Louis Widmer - Temmel | Seywald - Corporate Communications","isPartOf":{"@id":"https:\/\/www.tsp.at\/en\/#website"},"primaryImageOfPage":{"@id":"https:\/\/www.tsp.at\/en\/2014\/02\/11\/schoen-gepflegt-in-den-fruehling-mit-louis-widmer\/#primaryimage"},"image":{"@id":"https:\/\/www.tsp.at\/en\/2014\/02\/11\/schoen-gepflegt-in-den-fruehling-mit-louis-widmer\/#primaryimage"},"thumbnailUrl":"https:\/\/www.tsp.at\/wp-content\/uploads\/2025\/10\/TN_Gesichtspeeling_DL-scaled.jpg","datePublished":"2014-02-11T10:00:00+00:00","dateModified":"2025-10-21T12:58:49+00:00","breadcrumb":{"@id":"https:\/\/www.tsp.at\/en\/2014\/02\/11\/schoen-gepflegt-in-den-fruehling-mit-louis-widmer\/#breadcrumb"},"inLanguage":"en-US","potentialAction":[{"@type":"ReadAction","target":["https:\/\/www.tsp.at\/en\/2014\/02\/11\/schoen-gepflegt-in-den-fruehling-mit-louis-widmer\/"]}]},{"@type":"ImageObject","inLanguage":"en-US","@id":"https:\/\/www.tsp.at\/en\/2014\/02\/11\/schoen-gepflegt-in-den-fruehling-mit-louis-widmer\/#primaryimage","url":"https:\/\/www.tsp.at\/wp-content\/uploads\/2025\/10\/TN_Gesichtspeeling_DL-scaled.jpg","contentUrl":"https:\/\/www.tsp.at\/wp-content\/uploads\/2025\/10\/TN_Gesichtspeeling_DL-scaled.jpg","width":1925,"height":2560},{"@type":"BreadcrumbList","@id":"https:\/\/www.tsp.at\/en\/2014\/02\/11\/schoen-gepflegt-in-den-fruehling-mit-louis-widmer\/#breadcrumb","itemListElement":[{"@type":"ListItem","position":1,"name":"Startseite","item":"https:\/\/www.tsp.at\/en\/"},{"@type":"ListItem","position":2,"name":"Sch\u00f6n gepflegt in den Fr\u00fchling mit Louis Widmer"}]},{"@type":"WebSite","@id":"https:\/\/www.tsp.at\/en\/#website","url":"https:\/\/www.tsp.at\/en\/","name":"Temmel | Seywald - Corporate Communications","description":"Kommunikation ist Beziehungsarbeit","publisher":{"@id":"https:\/\/www.tsp.at\/en\/#organization"},"potentialAction":[{"@type":"SearchAction","target":{"@type":"EntryPoint","urlTemplate":"https:\/\/www.tsp.at\/en\/?s={search_term_string}"},"query-input":{"@type":"PropertyValueSpecification","valueRequired":true,"valueName":"search_term_string"}}],"inLanguage":"en-US"},{"@type":"Organization","@id":"https:\/\/www.tsp.at\/en\/#organization","name":"Temmel, Seywald & Partner Communications GesmbH","alternateName":"TSP","url":"https:\/\/www.tsp.at\/en\/","logo":{"@type":"ImageObject","inLanguage":"en-US","@id":"https:\/\/www.tsp.at\/en\/#\/schema\/logo\/image\/","url":"https:\/\/www.tsp.at\/wp-content\/uploads\/2025\/10\/favicontsp.png","contentUrl":"https:\/\/www.tsp.at\/wp-content\/uploads\/2025\/10\/favicontsp.png","width":125,"height":125,"caption":"Temmel, Seywald & Partner Communications GesmbH"},"image":{"@id":"https:\/\/www.tsp.at\/en\/#\/schema\/logo\/image\/"},"sameAs":["https:\/\/www.facebook.com\/TemmelSeywald"]},{"@type":"Person","@id":"https:\/\/www.tsp.at\/en\/#\/schema\/person\/1ba5600c29da17b902b0925cea567f8a","name":"TSP Redaktion"}]}},"_links":{"self":[{"href":"https:\/\/www.tsp.at\/en\/wp-json\/wp\/v2\/posts\/10591","targetHints":{"allow":["GET"]}}],"collection":[{"href":"https:\/\/www.tsp.at\/en\/wp-json\/wp\/v2\/posts"}],"about":[{"href":"https:\/\/www.tsp.at\/en\/wp-json\/wp\/v2\/types\/post"}],"author":[{"embeddable":true,"href":"https:\/\/www.tsp.at\/en\/wp-json\/wp\/v2\/users\/2"}],"replies":[{"embeddable":true,"href":"https:\/\/www.tsp.at\/en\/wp-json\/wp\/v2\/comments?post=10591"}],"version-history":[{"count":1,"href":"https:\/\/www.tsp.at\/en\/wp-json\/wp\/v2\/posts\/10591\/revisions"}],"predecessor-version":[{"id":11706,"href":"https:\/\/www.tsp.at\/en\/wp-json\/wp\/v2\/posts\/10591\/revisions\/11706"}],"wp:featuredmedia":[{"embeddable":true,"href":"https:\/\/www.tsp.at\/en\/wp-json\/wp\/v2\/media\/10590"}],"wp:attachment":[{"href":"https:\/\/www.tsp.at\/en\/wp-json\/wp\/v2\/media?parent=10591"}],"wp:term":[{"taxonomy":"category","embeddable":true,"href":"https:\/\/www.tsp.at\/en\/wp-json\/wp\/v2\/categories?post=10591"},{"taxonomy":"post_tag","embeddable":true,"href":"https:\/\/www.tsp.at\/en\/wp-json\/wp\/v2\/tags?post=10591"}],"curies":[{"name":"wp","href":"https:\/\/api.w.org\/{rel}","templated":true}]}}