{"id":10593,"date":"2014-01-27T15:35:00","date_gmt":"2014-01-27T14:35:00","guid":{"rendered":"https:\/\/staging.tsp.at\/2014\/01\/27\/schweizer-manager-zuversichtlich-fuer-2014\/"},"modified":"2025-10-21T14:58:49","modified_gmt":"2025-10-21T12:58:49","slug":"schweizer-manager-zuversichtlich-fuer-2014","status":"publish","type":"post","link":"https:\/\/www.tsp.at\/en\/2014\/01\/27\/schweizer-manager-zuversichtlich-fuer-2014\/","title":{"rendered":"Schweizer Manager zuversichtlich f\u00fcr 2014"},"content":{"rendered":"<article class=\"item\">\n<h2><strong>Aber: Weiterhin wenig Vertrauen in die Finanzbranche<\/strong><\/h2>\n<p>27.01.2014<\/p>\n<\/p>\n<\/p>\n<\/p>\n<\/p>\n<\/p>\n<p>Z\u00fcrich \u2013 <span class=\"FtxtBold\">Schweizer Manager gehen mit starker Zuversicht in das Jahr 2014. Dies ergibt die aktuelle Studie &#8220;Konjunkturaussichten der Schweizer Wirtschaft&#8221;, die von der Universit\u00e4t Z\u00fcrich, Lehrstuhl Marketing, mit dem Beratungsunternehmen <span class=\"FtxtHl\">Horv\u00e1th<\/span> &amp; Partners bei \u00fcber 230 Managern durchgef\u00fchrt wurde. Die Befragung umfasste die Einsch\u00e4tzungen zum Wirtschaftsklima der Schweiz, zur Weltwirtschaft sowie zu den Erwartungen f\u00fcr die jeweils eigene Branche. Die aktuellen Einsch\u00e4tzungen bedeuten eine Trendumkehr. Denn erstmals seit 2009, auf dem H\u00f6hepunkt der Finanzkrise, gehen die Schweizer F\u00fchrungskr\u00e4fte branchen\u00fcbergreifend wieder von einer Verbesserung des Wirtschaftsklimas aus. \u00dcber 76 Prozent der Befragten glauben an eine leichte bis mittlere Verbesserung der Schweizer Wirtschaft im Jahr 2014.<\/span> <\/p>\n<p class=\"FtxtP\">Etwas geringer, aber immer noch positiv fallen die Erwartungen zum Klima der Weltwirtschaft aus, wo 73 Prozent der Befragten von einer Verbesserung ausgehen. Ferner glauben 67 Prozent der Teilnehmer an eine positive Entwicklung ihrer Branche. Einzig die Strombranche schert aus diesem positiven Trend aus. Zwei von drei Befragten gehen innerhalb ihrer Branche von einer Verschlechterung der Lage aus. Davon erwarten 13 Prozent gar eine starke Verschlechterung.<\/p>\n<p class=\"FtxtP\"><strong><span class=\"FtxtBold\" style=\"margin-bottom: 10px;\">Neuer Fokus liegt bei Wachstumsthemen<\/span><\/strong><\/p>\n<p class=\"FtxtP\">Erstmals seit der Einf\u00fchrung der Studie im Jahr 2009 f\u00fchren Themen wie Produktinnovation und Vertriebsoptimierung die Liste der Topthemen von Schweizer Managern an und deuten auf Expansionspl\u00e4ne in den F\u00fchrungsetagen der Schweizer Wirtschaft. &#8220;Diese Verschiebung weg von Sanierungsmassnahmen unterstreicht die Absicht, in neue M\u00e4rkte und Produkte zu investieren und best\u00e4tigt das gegenw\u00e4rtige Vertrauen in die Schweizer Wirtschaftskonjunktur&#8221;, so Professor Hans-Peter Wehrli von der Universit\u00e4t Z\u00fcrich. Trotzdem wird das Thema Kostensenkung noch von 60 Prozent der Befragten weiterhin als eine hohe Priorit\u00e4t angesehen. &#8220;Wie zu erwarten, werden besonders in der Energieversorgungsbranche nebst der Kostensenkung vor allem strukturelle Themen und F\u00fchrungsthemen wie die Anpassung der Unternehmenskultur und des Gesch\u00e4ftsmodells priorisiert.&#8221;<\/p>\n<p class=\"FtxtP\"><strong><span class=\"FtxtBold\" style=\"margin-bottom: 10px;\">Kaum Vertrauen in die Finanzbranche<\/span><\/strong><\/p>\n<p class=\"FtxtP\">Aufhorchen l\u00e4sst das Ergebnis zu einer neuen Fragestellung \u00fcber das Vertrauen in Finanzinstitute. 66 Prozent der Manager, die nicht in Banken oder Versicherungen arbeiten, vertrauen der Finanzbranche kaum. F\u00fcnf Jahre nach der Lehman-Pleite haben Schweizer F\u00fchrungskr\u00e4fte die Finanzkrise noch nicht verdaut und stellen der Finanzbranche ein schlechtes Zeugnis aus. Dagegen geniessen Beh\u00f6rden mit Verantwortung f\u00fcr die Marktaufsicht wie die FINMA und der Bundesrat zu 82 Prozent hohes Vertrauen der Studienteilnehmer. Trotz vermehrter Kritik am Bundesrat (Steuerstreit USA), vertrauen in der Finanzbranche immer noch 58 Prozent der befragten F\u00fchrungskr\u00e4fte den Beh\u00f6rden.<\/p>\n<p class=\"FtxtP\"><strong><span class=\"FtxtBold\" style=\"margin-bottom: 10px;\">Branchen zeigen Unterschiede in Prognosen und Topthemen<\/span><\/strong><\/p>\n<p class=\"FtxtP\">\u00dcberdurchschnittlich optimistisch sind die Befragten aus der Konsumg\u00fcterbranche, jener Branche, welche seit der ersten Umfrage im Jahr 2009 stets eine positive Tendenz des Wirtschaftsklimas aufweist. Dies spiegelt sich auch in den angegebenen Priorit\u00e4ten bez\u00fcglich der Managementthemen wider: Wachstumsbezogene Themen wie Produktinnovation und Expansion in neue M\u00e4rkte stehen hier im Vordergrund.<\/p>\n<p class=\"FtxtP\">Weiterhin sehr positiv &#8211; wenn auch im Vergleich zum Vorjahr leicht reduziert &#8211; bleiben die Aussichten in den Branchen Industrieg\u00fcter (84 Prozent der Befragten gehen von einer Verbesserung innerhalb ihrer Branche aus) Dienstleistung (80 Prozent), sowie Transport (77 Prozent). Topthemen f\u00fcr diese Branchen &#8211; nebst Kostenreduktion &#8211; sind strategische Allianzen, IT-Optimierung und Produktinnovation.<\/p>\n<p class=\"FtxtP\">In der Versicherungs- und Bankenindustrie ist der Anteil derjenigen, die eine Verbesserung in ihrer Branche erwarten, im Vergleich zum Vorjahr von 78 auf 58 Prozent gesunken, bleibt aber weiter im positiven Bereich. Dementsprechend ist das Thema Kostensenkung vom dritten auf den ersten Platz vorger\u00fcckt. Weitere Topthemen in der Branche sind die Entwicklung alternativer Vertriebskan\u00e4le und IT-Optimierung.<\/p>\n<p class=\"FtxtP\"><strong><span class=\"FtxtBold\" style=\"margin-bottom: 10px;\">Zur Studie:<\/span><\/strong><br \/> Die Studie zu den &#8220;Aussichten der Schweizer Wirtschaft&#8221; wird seit 2009 von der Universit\u00e4t Z\u00fcrich und der Managementberatung <span class=\"FtxtHl\">Horv\u00e1th<\/span> &amp; Partners durchgef\u00fchrt. Dabei werden F\u00fchrungskr\u00e4fte aus dem Topmanagement zu der erwarteten Entwicklung des Wirtschaftsklimas sowie zu den wichtigsten Themen der kommenden 12 Monaten befragt. Die diesj\u00e4hrige Studie wurde im Dezember 2013 mit 237 Managern von Unternehmen aus neun verschiedenen Branchen durchgef\u00fchrt.<\/p>\n<\/article>\n","protected":false},"excerpt":{"rendered":"<p>Aber: Weiterhin wenig Vertrauen in die Finanzbranche 27.01.2014 Z\u00fcrich \u2013 Schweizer Manager gehen mit starker Zuversicht in das Jahr 2014. Dies ergibt die aktuelle Studie &#8220;Konjunkturaussichten der Schweizer Wirtschaft&#8221;, die von der Universit\u00e4t Z\u00fcrich, Lehrstuhl Marketing, mit dem Beratungsunternehmen Horv\u00e1th &amp; Partners bei \u00fcber 230 Managern durchgef\u00fchrt wurde. Die Befragung umfasste die Einsch\u00e4tzungen zum Wirtschaftsklima&hellip;<\/p>\n","protected":false},"author":2,"featured_media":10592,"comment_status":"closed","ping_status":"closed","sticky":false,"template":"","format":"standard","meta":{"footnotes":""},"categories":[3],"tags":[],"class_list":["post-10593","post","type-post","status-publish","format-standard","has-post-thumbnail","hentry","category-news","category-3","description-off"],"yoast_head":"<!-- This site is optimized with the Yoast SEO plugin v26.3 - https:\/\/yoast.com\/wordpress\/plugins\/seo\/ -->\n<title>Schweizer Manager zuversichtlich f\u00fcr 2014 - Temmel | Seywald - Corporate Communications<\/title>\n<meta name=\"robots\" content=\"index, follow, max-snippet:-1, max-image-preview:large, max-video-preview:-1\" \/>\n<link rel=\"canonical\" href=\"https:\/\/www.tsp.at\/en\/2014\/01\/27\/schweizer-manager-zuversichtlich-fuer-2014\/\" \/>\n<meta property=\"og:locale\" content=\"en_US\" \/>\n<meta property=\"og:type\" content=\"article\" \/>\n<meta property=\"og:title\" content=\"Schweizer Manager zuversichtlich f\u00fcr 2014 - Temmel | Seywald - Corporate Communications\" \/>\n<meta property=\"og:description\" content=\"Aber: Weiterhin wenig Vertrauen in die Finanzbranche 27.01.2014 Z\u00fcrich \u2013 Schweizer Manager gehen mit starker Zuversicht in das Jahr 2014. Dies ergibt die aktuelle Studie &#8220;Konjunkturaussichten der Schweizer Wirtschaft&#8221;, die von der Universit\u00e4t Z\u00fcrich, Lehrstuhl Marketing, mit dem Beratungsunternehmen Horv\u00e1th &amp; Partners bei \u00fcber 230 Managern durchgef\u00fchrt wurde. Die Befragung umfasste die Einsch\u00e4tzungen zum Wirtschaftsklima&hellip;\" \/>\n<meta property=\"og:url\" content=\"https:\/\/www.tsp.at\/en\/2014\/01\/27\/schweizer-manager-zuversichtlich-fuer-2014\/\" \/>\n<meta property=\"og:site_name\" content=\"Temmel | Seywald - Corporate Communications\" \/>\n<meta property=\"article:publisher\" content=\"https:\/\/www.facebook.com\/TemmelSeywald\" \/>\n<meta property=\"article:published_time\" content=\"2014-01-27T14:35:00+00:00\" \/>\n<meta property=\"article:modified_time\" content=\"2025-10-21T12:58:49+00:00\" \/>\n<meta property=\"og:image\" content=\"https:\/\/www.tsp.at\/wp-content\/uploads\/2025\/10\/Mountfield.jpg\" \/>\n\t<meta property=\"og:image:width\" content=\"1240\" \/>\n\t<meta property=\"og:image:height\" content=\"1048\" \/>\n\t<meta property=\"og:image:type\" content=\"image\/jpeg\" \/>\n<meta name=\"author\" content=\"TSP Redaktion\" \/>\n<meta name=\"twitter:card\" content=\"summary_large_image\" \/>\n<meta name=\"twitter:label1\" content=\"Written by\" \/>\n\t<meta name=\"twitter:data1\" content=\"TSP Redaktion\" \/>\n\t<meta name=\"twitter:label2\" content=\"Est. reading time\" \/>\n\t<meta name=\"twitter:data2\" content=\"4 minutes\" \/>\n<script type=\"application\/ld+json\" class=\"yoast-schema-graph\">{\"@context\":\"https:\/\/schema.org\",\"@graph\":[{\"@type\":\"Article\",\"@id\":\"https:\/\/www.tsp.at\/en\/2014\/01\/27\/schweizer-manager-zuversichtlich-fuer-2014\/#article\",\"isPartOf\":{\"@id\":\"https:\/\/www.tsp.at\/en\/2014\/01\/27\/schweizer-manager-zuversichtlich-fuer-2014\/\"},\"author\":{\"name\":\"TSP Redaktion\",\"@id\":\"https:\/\/www.tsp.at\/en\/#\/schema\/person\/1ba5600c29da17b902b0925cea567f8a\"},\"headline\":\"Schweizer Manager zuversichtlich f\u00fcr 2014\",\"datePublished\":\"2014-01-27T14:35:00+00:00\",\"dateModified\":\"2025-10-21T12:58:49+00:00\",\"mainEntityOfPage\":{\"@id\":\"https:\/\/www.tsp.at\/en\/2014\/01\/27\/schweizer-manager-zuversichtlich-fuer-2014\/\"},\"wordCount\":645,\"publisher\":{\"@id\":\"https:\/\/www.tsp.at\/en\/#organization\"},\"image\":{\"@id\":\"https:\/\/www.tsp.at\/en\/2014\/01\/27\/schweizer-manager-zuversichtlich-fuer-2014\/#primaryimage\"},\"thumbnailUrl\":\"https:\/\/www.tsp.at\/wp-content\/uploads\/2025\/10\/Mountfield.jpg\",\"articleSection\":[\"News\"],\"inLanguage\":\"en-US\"},{\"@type\":\"WebPage\",\"@id\":\"https:\/\/www.tsp.at\/en\/2014\/01\/27\/schweizer-manager-zuversichtlich-fuer-2014\/\",\"url\":\"https:\/\/www.tsp.at\/en\/2014\/01\/27\/schweizer-manager-zuversichtlich-fuer-2014\/\",\"name\":\"Schweizer Manager zuversichtlich f\u00fcr 2014 - Temmel | Seywald - Corporate Communications\",\"isPartOf\":{\"@id\":\"https:\/\/www.tsp.at\/en\/#website\"},\"primaryImageOfPage\":{\"@id\":\"https:\/\/www.tsp.at\/en\/2014\/01\/27\/schweizer-manager-zuversichtlich-fuer-2014\/#primaryimage\"},\"image\":{\"@id\":\"https:\/\/www.tsp.at\/en\/2014\/01\/27\/schweizer-manager-zuversichtlich-fuer-2014\/#primaryimage\"},\"thumbnailUrl\":\"https:\/\/www.tsp.at\/wp-content\/uploads\/2025\/10\/Mountfield.jpg\",\"datePublished\":\"2014-01-27T14:35:00+00:00\",\"dateModified\":\"2025-10-21T12:58:49+00:00\",\"breadcrumb\":{\"@id\":\"https:\/\/www.tsp.at\/en\/2014\/01\/27\/schweizer-manager-zuversichtlich-fuer-2014\/#breadcrumb\"},\"inLanguage\":\"en-US\",\"potentialAction\":[{\"@type\":\"ReadAction\",\"target\":[\"https:\/\/www.tsp.at\/en\/2014\/01\/27\/schweizer-manager-zuversichtlich-fuer-2014\/\"]}]},{\"@type\":\"ImageObject\",\"inLanguage\":\"en-US\",\"@id\":\"https:\/\/www.tsp.at\/en\/2014\/01\/27\/schweizer-manager-zuversichtlich-fuer-2014\/#primaryimage\",\"url\":\"https:\/\/www.tsp.at\/wp-content\/uploads\/2025\/10\/Mountfield.jpg\",\"contentUrl\":\"https:\/\/www.tsp.at\/wp-content\/uploads\/2025\/10\/Mountfield.jpg\",\"width\":1240,\"height\":1048,\"caption\":\"Andrew Mountfield, Gesch\u00e4ftsf\u00fchrer Horv\u00e1th &amp; Partner AG, Schweiz\"},{\"@type\":\"BreadcrumbList\",\"@id\":\"https:\/\/www.tsp.at\/en\/2014\/01\/27\/schweizer-manager-zuversichtlich-fuer-2014\/#breadcrumb\",\"itemListElement\":[{\"@type\":\"ListItem\",\"position\":1,\"name\":\"Startseite\",\"item\":\"https:\/\/www.tsp.at\/en\/\"},{\"@type\":\"ListItem\",\"position\":2,\"name\":\"Schweizer Manager zuversichtlich f\u00fcr 2014\"}]},{\"@type\":\"WebSite\",\"@id\":\"https:\/\/www.tsp.at\/en\/#website\",\"url\":\"https:\/\/www.tsp.at\/en\/\",\"name\":\"Temmel | Seywald - Corporate Communications\",\"description\":\"Kommunikation ist Beziehungsarbeit\",\"publisher\":{\"@id\":\"https:\/\/www.tsp.at\/en\/#organization\"},\"potentialAction\":[{\"@type\":\"SearchAction\",\"target\":{\"@type\":\"EntryPoint\",\"urlTemplate\":\"https:\/\/www.tsp.at\/en\/?s={search_term_string}\"},\"query-input\":{\"@type\":\"PropertyValueSpecification\",\"valueRequired\":true,\"valueName\":\"search_term_string\"}}],\"inLanguage\":\"en-US\"},{\"@type\":\"Organization\",\"@id\":\"https:\/\/www.tsp.at\/en\/#organization\",\"name\":\"Temmel, Seywald & Partner Communications GesmbH\",\"alternateName\":\"TSP\",\"url\":\"https:\/\/www.tsp.at\/en\/\",\"logo\":{\"@type\":\"ImageObject\",\"inLanguage\":\"en-US\",\"@id\":\"https:\/\/www.tsp.at\/en\/#\/schema\/logo\/image\/\",\"url\":\"https:\/\/www.tsp.at\/wp-content\/uploads\/2025\/10\/favicontsp.png\",\"contentUrl\":\"https:\/\/www.tsp.at\/wp-content\/uploads\/2025\/10\/favicontsp.png\",\"width\":125,\"height\":125,\"caption\":\"Temmel, Seywald & Partner Communications GesmbH\"},\"image\":{\"@id\":\"https:\/\/www.tsp.at\/en\/#\/schema\/logo\/image\/\"},\"sameAs\":[\"https:\/\/www.facebook.com\/TemmelSeywald\"]},{\"@type\":\"Person\",\"@id\":\"https:\/\/www.tsp.at\/en\/#\/schema\/person\/1ba5600c29da17b902b0925cea567f8a\",\"name\":\"TSP Redaktion\"}]}<\/script>\n<!-- \/ Yoast SEO plugin. -->","yoast_head_json":{"title":"Schweizer Manager zuversichtlich f\u00fcr 2014 - Temmel | Seywald - Corporate Communications","robots":{"index":"index","follow":"follow","max-snippet":"max-snippet:-1","max-image-preview":"max-image-preview:large","max-video-preview":"max-video-preview:-1"},"canonical":"https:\/\/www.tsp.at\/en\/2014\/01\/27\/schweizer-manager-zuversichtlich-fuer-2014\/","og_locale":"en_US","og_type":"article","og_title":"Schweizer Manager zuversichtlich f\u00fcr 2014 - Temmel | Seywald - Corporate Communications","og_description":"Aber: Weiterhin wenig Vertrauen in die Finanzbranche 27.01.2014 Z\u00fcrich \u2013 Schweizer Manager gehen mit starker Zuversicht in das Jahr 2014. Dies ergibt die aktuelle Studie &#8220;Konjunkturaussichten der Schweizer Wirtschaft&#8221;, die von der Universit\u00e4t Z\u00fcrich, Lehrstuhl Marketing, mit dem Beratungsunternehmen Horv\u00e1th &amp; Partners bei \u00fcber 230 Managern durchgef\u00fchrt wurde. Die Befragung umfasste die Einsch\u00e4tzungen zum Wirtschaftsklima&hellip;","og_url":"https:\/\/www.tsp.at\/en\/2014\/01\/27\/schweizer-manager-zuversichtlich-fuer-2014\/","og_site_name":"Temmel | Seywald - Corporate Communications","article_publisher":"https:\/\/www.facebook.com\/TemmelSeywald","article_published_time":"2014-01-27T14:35:00+00:00","article_modified_time":"2025-10-21T12:58:49+00:00","og_image":[{"width":1240,"height":1048,"url":"https:\/\/www.tsp.at\/wp-content\/uploads\/2025\/10\/Mountfield.jpg","type":"image\/jpeg"}],"author":"TSP Redaktion","twitter_card":"summary_large_image","twitter_misc":{"Written by":"TSP Redaktion","Est. reading time":"4 minutes"},"schema":{"@context":"https:\/\/schema.org","@graph":[{"@type":"Article","@id":"https:\/\/www.tsp.at\/en\/2014\/01\/27\/schweizer-manager-zuversichtlich-fuer-2014\/#article","isPartOf":{"@id":"https:\/\/www.tsp.at\/en\/2014\/01\/27\/schweizer-manager-zuversichtlich-fuer-2014\/"},"author":{"name":"TSP Redaktion","@id":"https:\/\/www.tsp.at\/en\/#\/schema\/person\/1ba5600c29da17b902b0925cea567f8a"},"headline":"Schweizer Manager zuversichtlich f\u00fcr 2014","datePublished":"2014-01-27T14:35:00+00:00","dateModified":"2025-10-21T12:58:49+00:00","mainEntityOfPage":{"@id":"https:\/\/www.tsp.at\/en\/2014\/01\/27\/schweizer-manager-zuversichtlich-fuer-2014\/"},"wordCount":645,"publisher":{"@id":"https:\/\/www.tsp.at\/en\/#organization"},"image":{"@id":"https:\/\/www.tsp.at\/en\/2014\/01\/27\/schweizer-manager-zuversichtlich-fuer-2014\/#primaryimage"},"thumbnailUrl":"https:\/\/www.tsp.at\/wp-content\/uploads\/2025\/10\/Mountfield.jpg","articleSection":["News"],"inLanguage":"en-US"},{"@type":"WebPage","@id":"https:\/\/www.tsp.at\/en\/2014\/01\/27\/schweizer-manager-zuversichtlich-fuer-2014\/","url":"https:\/\/www.tsp.at\/en\/2014\/01\/27\/schweizer-manager-zuversichtlich-fuer-2014\/","name":"Schweizer Manager zuversichtlich f\u00fcr 2014 - Temmel | Seywald - Corporate Communications","isPartOf":{"@id":"https:\/\/www.tsp.at\/en\/#website"},"primaryImageOfPage":{"@id":"https:\/\/www.tsp.at\/en\/2014\/01\/27\/schweizer-manager-zuversichtlich-fuer-2014\/#primaryimage"},"image":{"@id":"https:\/\/www.tsp.at\/en\/2014\/01\/27\/schweizer-manager-zuversichtlich-fuer-2014\/#primaryimage"},"thumbnailUrl":"https:\/\/www.tsp.at\/wp-content\/uploads\/2025\/10\/Mountfield.jpg","datePublished":"2014-01-27T14:35:00+00:00","dateModified":"2025-10-21T12:58:49+00:00","breadcrumb":{"@id":"https:\/\/www.tsp.at\/en\/2014\/01\/27\/schweizer-manager-zuversichtlich-fuer-2014\/#breadcrumb"},"inLanguage":"en-US","potentialAction":[{"@type":"ReadAction","target":["https:\/\/www.tsp.at\/en\/2014\/01\/27\/schweizer-manager-zuversichtlich-fuer-2014\/"]}]},{"@type":"ImageObject","inLanguage":"en-US","@id":"https:\/\/www.tsp.at\/en\/2014\/01\/27\/schweizer-manager-zuversichtlich-fuer-2014\/#primaryimage","url":"https:\/\/www.tsp.at\/wp-content\/uploads\/2025\/10\/Mountfield.jpg","contentUrl":"https:\/\/www.tsp.at\/wp-content\/uploads\/2025\/10\/Mountfield.jpg","width":1240,"height":1048,"caption":"Andrew Mountfield, Gesch\u00e4ftsf\u00fchrer Horv\u00e1th &amp; Partner AG, Schweiz"},{"@type":"BreadcrumbList","@id":"https:\/\/www.tsp.at\/en\/2014\/01\/27\/schweizer-manager-zuversichtlich-fuer-2014\/#breadcrumb","itemListElement":[{"@type":"ListItem","position":1,"name":"Startseite","item":"https:\/\/www.tsp.at\/en\/"},{"@type":"ListItem","position":2,"name":"Schweizer Manager zuversichtlich f\u00fcr 2014"}]},{"@type":"WebSite","@id":"https:\/\/www.tsp.at\/en\/#website","url":"https:\/\/www.tsp.at\/en\/","name":"Temmel | Seywald - Corporate Communications","description":"Kommunikation ist Beziehungsarbeit","publisher":{"@id":"https:\/\/www.tsp.at\/en\/#organization"},"potentialAction":[{"@type":"SearchAction","target":{"@type":"EntryPoint","urlTemplate":"https:\/\/www.tsp.at\/en\/?s={search_term_string}"},"query-input":{"@type":"PropertyValueSpecification","valueRequired":true,"valueName":"search_term_string"}}],"inLanguage":"en-US"},{"@type":"Organization","@id":"https:\/\/www.tsp.at\/en\/#organization","name":"Temmel, Seywald & Partner Communications GesmbH","alternateName":"TSP","url":"https:\/\/www.tsp.at\/en\/","logo":{"@type":"ImageObject","inLanguage":"en-US","@id":"https:\/\/www.tsp.at\/en\/#\/schema\/logo\/image\/","url":"https:\/\/www.tsp.at\/wp-content\/uploads\/2025\/10\/favicontsp.png","contentUrl":"https:\/\/www.tsp.at\/wp-content\/uploads\/2025\/10\/favicontsp.png","width":125,"height":125,"caption":"Temmel, Seywald & Partner Communications GesmbH"},"image":{"@id":"https:\/\/www.tsp.at\/en\/#\/schema\/logo\/image\/"},"sameAs":["https:\/\/www.facebook.com\/TemmelSeywald"]},{"@type":"Person","@id":"https:\/\/www.tsp.at\/en\/#\/schema\/person\/1ba5600c29da17b902b0925cea567f8a","name":"TSP Redaktion"}]}},"_links":{"self":[{"href":"https:\/\/www.tsp.at\/en\/wp-json\/wp\/v2\/posts\/10593","targetHints":{"allow":["GET"]}}],"collection":[{"href":"https:\/\/www.tsp.at\/en\/wp-json\/wp\/v2\/posts"}],"about":[{"href":"https:\/\/www.tsp.at\/en\/wp-json\/wp\/v2\/types\/post"}],"author":[{"embeddable":true,"href":"https:\/\/www.tsp.at\/en\/wp-json\/wp\/v2\/users\/2"}],"replies":[{"embeddable":true,"href":"https:\/\/www.tsp.at\/en\/wp-json\/wp\/v2\/comments?post=10593"}],"version-history":[{"count":1,"href":"https:\/\/www.tsp.at\/en\/wp-json\/wp\/v2\/posts\/10593\/revisions"}],"predecessor-version":[{"id":11707,"href":"https:\/\/www.tsp.at\/en\/wp-json\/wp\/v2\/posts\/10593\/revisions\/11707"}],"wp:featuredmedia":[{"embeddable":true,"href":"https:\/\/www.tsp.at\/en\/wp-json\/wp\/v2\/media\/10592"}],"wp:attachment":[{"href":"https:\/\/www.tsp.at\/en\/wp-json\/wp\/v2\/media?parent=10593"}],"wp:term":[{"taxonomy":"category","embeddable":true,"href":"https:\/\/www.tsp.at\/en\/wp-json\/wp\/v2\/categories?post=10593"},{"taxonomy":"post_tag","embeddable":true,"href":"https:\/\/www.tsp.at\/en\/wp-json\/wp\/v2\/tags?post=10593"}],"curies":[{"name":"wp","href":"https:\/\/api.w.org\/{rel}","templated":true}]}}