{"id":10643,"date":"2013-05-13T10:42:00","date_gmt":"2013-05-13T08:42:00","guid":{"rendered":"https:\/\/staging.tsp.at\/2013\/05\/13\/schoenheit-verpflichtet-anti-aging-sonnenschutz\/"},"modified":"2025-10-21T14:58:52","modified_gmt":"2025-10-21T12:58:52","slug":"schoenheit-verpflichtet-anti-aging-sonnenschutz","status":"publish","type":"post","link":"https:\/\/www.tsp.at\/en\/2013\/05\/13\/schoenheit-verpflichtet-anti-aging-sonnenschutz\/","title":{"rendered":"Sch\u00f6nheit verpflichtet: Anti-Aging-Sonnenschutz"},"content":{"rendered":"<article class=\"item\">\n<h2><strong>Louis Widmer hat f\u00fcr jeden Haut- und Sonnentyp die passende Pflege<\/strong><\/h2>\n<p>13.05.2013<\/p>\n<\/p>\n<\/p>\n<\/p>\n<\/p>\n<\/p>\n<p>Salzburg \u2013 <strong>UV-Strahlung ist die Hauptursache f\u00fcr Hautalterung. Bis zur Erfindung der Sonnencreme vor 80 Jahren sahen Landarbeiter und Seeleute daher deutlich \u00e4lter aus als sie tats\u00e4chlich waren. Auch die Gesundheit leidet unter zuviel Sonne: Haut\u00e4rzte warnen Jahr f\u00fcr Jahr vor Sonnenbrand und erh\u00f6htem Hautkrebsrisiko. Dabei m\u00fcsste das alles l\u00e4ngst nicht mehr sein. &#8220;Auswahl und Qualit\u00e4t von Sonnenschutzmitteln waren noch nie so gut wie heute&#8221;, best\u00e4tigt Philipp Wied, Gesch\u00e4ftsf\u00fchrer von Louis Widmer \u00d6sterreich.<\/strong> <\/p>\n<p class=\"FtxtP\">&#8220;Heute gibt es keine nachvollziehbare Ausrede mehr, auf Sonnenschutz zu verzichten. Je nach Hauttyp und Aktivit\u00e4t in der Sonne kann man zwischen Cremes, Fluids und Gelen ausw\u00e4hlen. F\u00fcr die &#8216;Schmier-Muffel&#8217; gibt es auch Sonnenschutz-Sprays&#8221;, erkl\u00e4rt Dr. Sylvia Salamon, Apothekerin in Wien. Wie hoch der verwendete Lichtschutzfaktor sein muss, ist vom Hauttyp abh\u00e4ngig. Menschen mit sehr empfindlicher Haut (keltischer Hauttyp) brauchen einen Lichtschutzfaktor von 50+, w\u00e4hrend f\u00fcr den sogenannten Mittelmeer-Hauttyp Schutzfaktor 15 bis 20 ausreicht. Dr. Salamon: &#8220;Am Mittelmeer vermindert sich die Eigenschutzzeit um etwa 30 Prozent. Der Lichtschutzfaktor sollte entsprechend angepasst werden.&#8221; Kompetente Beratung bei der Auswahl des individuell richtigen Sonnenschutzproduktes gibt es in jeder Apotheke.<\/p>\n<p class=\"FtxtP\">Keinesfalls sparen sollte man jedenfalls bei der Menge der Sonnencreme. Als Faustregel f\u00fcr Erwachsene gilt: 1 Teel\u00f6ffel (TL) f\u00fcr Gesicht und Oberk\u00f6rper, 1 TL f\u00fcr den R\u00fccken und 1 TL f\u00fcr jedes Bein und jeden Arm. Das entspricht etwa 30 ml pro Anwendung. Wer l\u00e4nger auf Urlaub f\u00e4hrt, sollte daher gleich mehrere Packungen Sonnencreme mitnehmen. Zus\u00e4tzlich zur Verwendung von Schutzprodukten empfiehlt die Apothekerin folgende Grundregeln zu beachten: Mittagssonne meiden, Sonnenbrillen und Kopfbedeckung verwenden, viel trinken. Kinder unter einem Jahr sollten sich gar nicht in der direkten Sonne aufhalten.<\/p>\n<p class=\"FtxtP\"><strong>Doppelte Anti-Aging-Wirkung<\/strong><\/p>\n<p class=\"FtxtP\">Gerade im Gesicht ist der richtige Schutz essenziell. Der Schweizer Kosmetikspezialist Louis Widmer hat daher f\u00fcr die empfindliche Gesichtshaut die Sonnencreme Sun Protection Face 30 entwickelt. Diese Tagescreme mit integriertem Sonnenschutz wirkt doppelt: Sie sch\u00fctzt die Haut mit hochwirksamen UVA- und UVB-Filtern vor der Sonne und mildert gleichzeitig erste F\u00e4ltchen. Letzteres liegt am Antifalten-Wirkstoff Matrixyl, der die hauteigene Feuchtigkeitsregulierung unterst\u00fctzt und den nat\u00fcrlichen Reparaturprozess stimuliert. Zudem sch\u00fctzt der Anti-Aging-Wirkstoff Advanced Photo Protection die Haut mit einem dreifachen Schutzmechanismus rund um die Uhr vor langfristigen Sch\u00e4den durch freie Radikale.<\/p>\n<p class=\"FtxtP\"><strong>Hohe Standards<\/strong><\/p>\n<p class=\"FtxtP\">Die Sonnenschutzprodukte von Louis Widmer werden in der Schweiz hergestellt und unterliegen h\u00f6chsten Qualit\u00e4tsstandards. Ein Klassiker ist die All Day-Sonnenmilch, erh\u00e4ltlich mit Lichtschutzfaktor 15, 20 und 30. Sie ist ein wasserfester, pflegender Sonnenschutz geeignet f\u00fcr alle Hauttypen. Dank hoch entwickelter Liposomen-Technologie, mit der die UVA- und UVB-Filter bis tief in die Hornschicht gelangen, bietet die All Day-Sonnenmilch einen langandauernden Schutz gegen UV-Strahlen. Auch bei regelm\u00e4\u00dfigem Wasserkontakt. Sie wird auch von sehr empfindlicher und zu Akne neigender Haut gut vertragen. Die All Day-Sonnenmilch ist Mineral\u00f6l- und PEG-frei.<\/p>\n<p class=\"FtxtP\"><strong>Spezieller Schutz f\u00fcr Kinder<\/strong><\/p>\n<p class=\"FtxtP\">Speziell f\u00fcr die empfindliche Kinderhaut hat Louis Widmer die Kids Hautschutz Creme 25 entwickelt. Sie enth\u00e4lt keine chemischen Filter, sondern ausschlie\u00dflich mineralische Pigmente. Diese verbleiben auf der Hautoberfl\u00e4che und bewirken die Reflexion der UV-Strahlung. Die Kids Hautschutz Creme 25 ist wasser- und schwei\u00dffest und sch\u00fctzt sowohl vor UVA- als auch vor UVB-Strahlung. Da sie auch keine Parf\u00fcm- oder Farbstoffe beinhaltet, ist sie nicht nur f\u00fcr Kinder, sondern f\u00fcr jede besonders empfindliche Haut geeignet. Sie zieht gut ein und entfaltet ihre Schutzwirkung sofort nach dem Auftragen.<\/p>\n<p class=\"FtxtP\">Ebenfalls in bester Widmer-Qualit\u00e4t in allen Apotheken erh\u00e4ltlich: Extra Sun Fluid 50+, Extra Sun Protection 50, Clear Sun Spray 30, Sonnencreme 25 mit Lippenpflege, Sun Spray 25 und die k\u00fchlende Feuchtigkeitslotion After Sun.<\/p>\n<p class=\"FtxtP\"><strong>Preise<\/strong><br \/> Sun Protection Face 30: Eur 16,95<br \/> All Day 15 Duo Pack Eur 23,95<br \/> All Day 20 Duo Pack: Eur 26,90 (100ml Eur 16,50)<br \/> All Day 30 Family Pack: Eur 28,55 (100ml Eur 17,70)<br \/> Kids Hautschutz Creme 25: Eur 16,50<br \/> Erh\u00e4ltlich in jeder Apotheke.<\/p>\n<p class=\"FtxtP\"><strong>\u00dcber Louis Widmer<\/strong><br \/> Der Kosmetikhersteller Louis Widmer wurde 1960 in der Schweiz gegr\u00fcndet und wird nach wie vor als Familienunternehmen gef\u00fchrt. Heute ist Louis Widmer eine internationale Firma mit mehr als 250 Mitarbeitern, eigenen Tochtergesellschaften in f\u00fcnf und Kooperationen in 15 weiteren L\u00e4ndern. Der Sitz der \u00f6sterreichischen Niederlassung befindet sich in Salzburg. Die Produkte werden seit Jahrzehnten in den Laboratoires Louis Widmer in Schlieren bei Z\u00fcrich hergestellt. Das Unternehmen setzt auf h\u00f6chste Qualit\u00e4t, bestm\u00f6gliche Wirksamkeit und optimale Vertr\u00e4glichkeit f\u00fcr die Haut. Weitere Informationen und Bestellung von Produktproben unter <a href=\"http:\/\/www.louis-widmer.at\" rel=\"external\" target=\"_blank\">http:\/\/www.louis-widmer.at<\/a><\/p>\n<\/article>\n","protected":false},"excerpt":{"rendered":"<p>Louis Widmer hat f\u00fcr jeden Haut- und Sonnentyp die passende Pflege 13.05.2013 Salzburg \u2013 UV-Strahlung ist die Hauptursache f\u00fcr Hautalterung. Bis zur Erfindung der Sonnencreme vor 80 Jahren sahen Landarbeiter und Seeleute daher deutlich \u00e4lter aus als sie tats\u00e4chlich waren. Auch die Gesundheit leidet unter zuviel Sonne: Haut\u00e4rzte warnen Jahr f\u00fcr Jahr vor Sonnenbrand und&hellip;<\/p>\n","protected":false},"author":2,"featured_media":10642,"comment_status":"closed","ping_status":"closed","sticky":false,"template":"","format":"standard","meta":{"footnotes":""},"categories":[3],"tags":[],"class_list":["post-10643","post","type-post","status-publish","format-standard","has-post-thumbnail","hentry","category-news","category-3","description-off"],"yoast_head":"<!-- This site is optimized with the Yoast SEO plugin v26.3 - https:\/\/yoast.com\/wordpress\/plugins\/seo\/ -->\n<title>Sch\u00f6nheit verpflichtet: Anti-Aging-Sonnenschutz - Temmel | Seywald - Corporate Communications<\/title>\n<meta name=\"robots\" content=\"index, follow, max-snippet:-1, max-image-preview:large, max-video-preview:-1\" \/>\n<link rel=\"canonical\" href=\"https:\/\/www.tsp.at\/en\/2013\/05\/13\/schoenheit-verpflichtet-anti-aging-sonnenschutz\/\" \/>\n<meta property=\"og:locale\" content=\"en_US\" \/>\n<meta property=\"og:type\" content=\"article\" \/>\n<meta property=\"og:title\" content=\"Sch\u00f6nheit verpflichtet: Anti-Aging-Sonnenschutz - Temmel | Seywald - Corporate Communications\" \/>\n<meta property=\"og:description\" content=\"Louis Widmer hat f\u00fcr jeden Haut- und Sonnentyp die passende Pflege 13.05.2013 Salzburg \u2013 UV-Strahlung ist die Hauptursache f\u00fcr Hautalterung. Bis zur Erfindung der Sonnencreme vor 80 Jahren sahen Landarbeiter und Seeleute daher deutlich \u00e4lter aus als sie tats\u00e4chlich waren. Auch die Gesundheit leidet unter zuviel Sonne: Haut\u00e4rzte warnen Jahr f\u00fcr Jahr vor Sonnenbrand und&hellip;\" \/>\n<meta property=\"og:url\" content=\"https:\/\/www.tsp.at\/en\/2013\/05\/13\/schoenheit-verpflichtet-anti-aging-sonnenschutz\/\" \/>\n<meta property=\"og:site_name\" content=\"Temmel | Seywald - Corporate Communications\" \/>\n<meta property=\"article:publisher\" content=\"https:\/\/www.facebook.com\/TemmelSeywald\" \/>\n<meta property=\"article:published_time\" content=\"2013-05-13T08:42:00+00:00\" \/>\n<meta property=\"article:modified_time\" content=\"2025-10-21T12:58:52+00:00\" \/>\n<meta property=\"og:image\" content=\"https:\/\/www.tsp.at\/wp-content\/uploads\/2025\/10\/Sun_Key_Mutter_Kind_LSF30_DL.jpg\" \/>\n\t<meta property=\"og:image:width\" content=\"1793\" \/>\n\t<meta property=\"og:image:height\" content=\"1382\" \/>\n\t<meta property=\"og:image:type\" content=\"image\/jpeg\" \/>\n<meta name=\"author\" content=\"TSP Redaktion\" \/>\n<meta name=\"twitter:card\" content=\"summary_large_image\" \/>\n<meta name=\"twitter:label1\" content=\"Written by\" \/>\n\t<meta name=\"twitter:data1\" content=\"TSP Redaktion\" \/>\n\t<meta name=\"twitter:label2\" content=\"Est. reading time\" \/>\n\t<meta name=\"twitter:data2\" content=\"5 minutes\" \/>\n<script type=\"application\/ld+json\" class=\"yoast-schema-graph\">{\"@context\":\"https:\/\/schema.org\",\"@graph\":[{\"@type\":\"Article\",\"@id\":\"https:\/\/www.tsp.at\/en\/2013\/05\/13\/schoenheit-verpflichtet-anti-aging-sonnenschutz\/#article\",\"isPartOf\":{\"@id\":\"https:\/\/www.tsp.at\/en\/2013\/05\/13\/schoenheit-verpflichtet-anti-aging-sonnenschutz\/\"},\"author\":{\"name\":\"TSP Redaktion\",\"@id\":\"https:\/\/www.tsp.at\/en\/#\/schema\/person\/1ba5600c29da17b902b0925cea567f8a\"},\"headline\":\"Sch\u00f6nheit verpflichtet: Anti-Aging-Sonnenschutz\",\"datePublished\":\"2013-05-13T08:42:00+00:00\",\"dateModified\":\"2025-10-21T12:58:52+00:00\",\"mainEntityOfPage\":{\"@id\":\"https:\/\/www.tsp.at\/en\/2013\/05\/13\/schoenheit-verpflichtet-anti-aging-sonnenschutz\/\"},\"wordCount\":748,\"publisher\":{\"@id\":\"https:\/\/www.tsp.at\/en\/#organization\"},\"image\":{\"@id\":\"https:\/\/www.tsp.at\/en\/2013\/05\/13\/schoenheit-verpflichtet-anti-aging-sonnenschutz\/#primaryimage\"},\"thumbnailUrl\":\"https:\/\/www.tsp.at\/wp-content\/uploads\/2025\/10\/Sun_Key_Mutter_Kind_LSF30_DL.jpg\",\"articleSection\":[\"News\"],\"inLanguage\":\"en-US\"},{\"@type\":\"WebPage\",\"@id\":\"https:\/\/www.tsp.at\/en\/2013\/05\/13\/schoenheit-verpflichtet-anti-aging-sonnenschutz\/\",\"url\":\"https:\/\/www.tsp.at\/en\/2013\/05\/13\/schoenheit-verpflichtet-anti-aging-sonnenschutz\/\",\"name\":\"Sch\u00f6nheit verpflichtet: Anti-Aging-Sonnenschutz - Temmel | Seywald - Corporate Communications\",\"isPartOf\":{\"@id\":\"https:\/\/www.tsp.at\/en\/#website\"},\"primaryImageOfPage\":{\"@id\":\"https:\/\/www.tsp.at\/en\/2013\/05\/13\/schoenheit-verpflichtet-anti-aging-sonnenschutz\/#primaryimage\"},\"image\":{\"@id\":\"https:\/\/www.tsp.at\/en\/2013\/05\/13\/schoenheit-verpflichtet-anti-aging-sonnenschutz\/#primaryimage\"},\"thumbnailUrl\":\"https:\/\/www.tsp.at\/wp-content\/uploads\/2025\/10\/Sun_Key_Mutter_Kind_LSF30_DL.jpg\",\"datePublished\":\"2013-05-13T08:42:00+00:00\",\"dateModified\":\"2025-10-21T12:58:52+00:00\",\"breadcrumb\":{\"@id\":\"https:\/\/www.tsp.at\/en\/2013\/05\/13\/schoenheit-verpflichtet-anti-aging-sonnenschutz\/#breadcrumb\"},\"inLanguage\":\"en-US\",\"potentialAction\":[{\"@type\":\"ReadAction\",\"target\":[\"https:\/\/www.tsp.at\/en\/2013\/05\/13\/schoenheit-verpflichtet-anti-aging-sonnenschutz\/\"]}]},{\"@type\":\"ImageObject\",\"inLanguage\":\"en-US\",\"@id\":\"https:\/\/www.tsp.at\/en\/2013\/05\/13\/schoenheit-verpflichtet-anti-aging-sonnenschutz\/#primaryimage\",\"url\":\"https:\/\/www.tsp.at\/wp-content\/uploads\/2025\/10\/Sun_Key_Mutter_Kind_LSF30_DL.jpg\",\"contentUrl\":\"https:\/\/www.tsp.at\/wp-content\/uploads\/2025\/10\/Sun_Key_Mutter_Kind_LSF30_DL.jpg\",\"width\":1793,\"height\":1382},{\"@type\":\"BreadcrumbList\",\"@id\":\"https:\/\/www.tsp.at\/en\/2013\/05\/13\/schoenheit-verpflichtet-anti-aging-sonnenschutz\/#breadcrumb\",\"itemListElement\":[{\"@type\":\"ListItem\",\"position\":1,\"name\":\"Startseite\",\"item\":\"https:\/\/www.tsp.at\/en\/\"},{\"@type\":\"ListItem\",\"position\":2,\"name\":\"Sch\u00f6nheit verpflichtet: Anti-Aging-Sonnenschutz\"}]},{\"@type\":\"WebSite\",\"@id\":\"https:\/\/www.tsp.at\/en\/#website\",\"url\":\"https:\/\/www.tsp.at\/en\/\",\"name\":\"Temmel | Seywald - Corporate Communications\",\"description\":\"Kommunikation ist Beziehungsarbeit\",\"publisher\":{\"@id\":\"https:\/\/www.tsp.at\/en\/#organization\"},\"potentialAction\":[{\"@type\":\"SearchAction\",\"target\":{\"@type\":\"EntryPoint\",\"urlTemplate\":\"https:\/\/www.tsp.at\/en\/?s={search_term_string}\"},\"query-input\":{\"@type\":\"PropertyValueSpecification\",\"valueRequired\":true,\"valueName\":\"search_term_string\"}}],\"inLanguage\":\"en-US\"},{\"@type\":\"Organization\",\"@id\":\"https:\/\/www.tsp.at\/en\/#organization\",\"name\":\"Temmel, Seywald & Partner Communications GesmbH\",\"alternateName\":\"TSP\",\"url\":\"https:\/\/www.tsp.at\/en\/\",\"logo\":{\"@type\":\"ImageObject\",\"inLanguage\":\"en-US\",\"@id\":\"https:\/\/www.tsp.at\/en\/#\/schema\/logo\/image\/\",\"url\":\"https:\/\/www.tsp.at\/wp-content\/uploads\/2025\/10\/favicontsp.png\",\"contentUrl\":\"https:\/\/www.tsp.at\/wp-content\/uploads\/2025\/10\/favicontsp.png\",\"width\":125,\"height\":125,\"caption\":\"Temmel, Seywald & Partner Communications GesmbH\"},\"image\":{\"@id\":\"https:\/\/www.tsp.at\/en\/#\/schema\/logo\/image\/\"},\"sameAs\":[\"https:\/\/www.facebook.com\/TemmelSeywald\"]},{\"@type\":\"Person\",\"@id\":\"https:\/\/www.tsp.at\/en\/#\/schema\/person\/1ba5600c29da17b902b0925cea567f8a\",\"name\":\"TSP Redaktion\"}]}<\/script>\n<!-- \/ Yoast SEO plugin. -->","yoast_head_json":{"title":"Sch\u00f6nheit verpflichtet: Anti-Aging-Sonnenschutz - Temmel | Seywald - Corporate Communications","robots":{"index":"index","follow":"follow","max-snippet":"max-snippet:-1","max-image-preview":"max-image-preview:large","max-video-preview":"max-video-preview:-1"},"canonical":"https:\/\/www.tsp.at\/en\/2013\/05\/13\/schoenheit-verpflichtet-anti-aging-sonnenschutz\/","og_locale":"en_US","og_type":"article","og_title":"Sch\u00f6nheit verpflichtet: Anti-Aging-Sonnenschutz - Temmel | Seywald - Corporate Communications","og_description":"Louis Widmer hat f\u00fcr jeden Haut- und Sonnentyp die passende Pflege 13.05.2013 Salzburg \u2013 UV-Strahlung ist die Hauptursache f\u00fcr Hautalterung. Bis zur Erfindung der Sonnencreme vor 80 Jahren sahen Landarbeiter und Seeleute daher deutlich \u00e4lter aus als sie tats\u00e4chlich waren. Auch die Gesundheit leidet unter zuviel Sonne: Haut\u00e4rzte warnen Jahr f\u00fcr Jahr vor Sonnenbrand und&hellip;","og_url":"https:\/\/www.tsp.at\/en\/2013\/05\/13\/schoenheit-verpflichtet-anti-aging-sonnenschutz\/","og_site_name":"Temmel | Seywald - Corporate Communications","article_publisher":"https:\/\/www.facebook.com\/TemmelSeywald","article_published_time":"2013-05-13T08:42:00+00:00","article_modified_time":"2025-10-21T12:58:52+00:00","og_image":[{"width":1793,"height":1382,"url":"https:\/\/www.tsp.at\/wp-content\/uploads\/2025\/10\/Sun_Key_Mutter_Kind_LSF30_DL.jpg","type":"image\/jpeg"}],"author":"TSP Redaktion","twitter_card":"summary_large_image","twitter_misc":{"Written by":"TSP Redaktion","Est. reading time":"5 minutes"},"schema":{"@context":"https:\/\/schema.org","@graph":[{"@type":"Article","@id":"https:\/\/www.tsp.at\/en\/2013\/05\/13\/schoenheit-verpflichtet-anti-aging-sonnenschutz\/#article","isPartOf":{"@id":"https:\/\/www.tsp.at\/en\/2013\/05\/13\/schoenheit-verpflichtet-anti-aging-sonnenschutz\/"},"author":{"name":"TSP Redaktion","@id":"https:\/\/www.tsp.at\/en\/#\/schema\/person\/1ba5600c29da17b902b0925cea567f8a"},"headline":"Sch\u00f6nheit verpflichtet: Anti-Aging-Sonnenschutz","datePublished":"2013-05-13T08:42:00+00:00","dateModified":"2025-10-21T12:58:52+00:00","mainEntityOfPage":{"@id":"https:\/\/www.tsp.at\/en\/2013\/05\/13\/schoenheit-verpflichtet-anti-aging-sonnenschutz\/"},"wordCount":748,"publisher":{"@id":"https:\/\/www.tsp.at\/en\/#organization"},"image":{"@id":"https:\/\/www.tsp.at\/en\/2013\/05\/13\/schoenheit-verpflichtet-anti-aging-sonnenschutz\/#primaryimage"},"thumbnailUrl":"https:\/\/www.tsp.at\/wp-content\/uploads\/2025\/10\/Sun_Key_Mutter_Kind_LSF30_DL.jpg","articleSection":["News"],"inLanguage":"en-US"},{"@type":"WebPage","@id":"https:\/\/www.tsp.at\/en\/2013\/05\/13\/schoenheit-verpflichtet-anti-aging-sonnenschutz\/","url":"https:\/\/www.tsp.at\/en\/2013\/05\/13\/schoenheit-verpflichtet-anti-aging-sonnenschutz\/","name":"Sch\u00f6nheit verpflichtet: Anti-Aging-Sonnenschutz - Temmel | Seywald - Corporate Communications","isPartOf":{"@id":"https:\/\/www.tsp.at\/en\/#website"},"primaryImageOfPage":{"@id":"https:\/\/www.tsp.at\/en\/2013\/05\/13\/schoenheit-verpflichtet-anti-aging-sonnenschutz\/#primaryimage"},"image":{"@id":"https:\/\/www.tsp.at\/en\/2013\/05\/13\/schoenheit-verpflichtet-anti-aging-sonnenschutz\/#primaryimage"},"thumbnailUrl":"https:\/\/www.tsp.at\/wp-content\/uploads\/2025\/10\/Sun_Key_Mutter_Kind_LSF30_DL.jpg","datePublished":"2013-05-13T08:42:00+00:00","dateModified":"2025-10-21T12:58:52+00:00","breadcrumb":{"@id":"https:\/\/www.tsp.at\/en\/2013\/05\/13\/schoenheit-verpflichtet-anti-aging-sonnenschutz\/#breadcrumb"},"inLanguage":"en-US","potentialAction":[{"@type":"ReadAction","target":["https:\/\/www.tsp.at\/en\/2013\/05\/13\/schoenheit-verpflichtet-anti-aging-sonnenschutz\/"]}]},{"@type":"ImageObject","inLanguage":"en-US","@id":"https:\/\/www.tsp.at\/en\/2013\/05\/13\/schoenheit-verpflichtet-anti-aging-sonnenschutz\/#primaryimage","url":"https:\/\/www.tsp.at\/wp-content\/uploads\/2025\/10\/Sun_Key_Mutter_Kind_LSF30_DL.jpg","contentUrl":"https:\/\/www.tsp.at\/wp-content\/uploads\/2025\/10\/Sun_Key_Mutter_Kind_LSF30_DL.jpg","width":1793,"height":1382},{"@type":"BreadcrumbList","@id":"https:\/\/www.tsp.at\/en\/2013\/05\/13\/schoenheit-verpflichtet-anti-aging-sonnenschutz\/#breadcrumb","itemListElement":[{"@type":"ListItem","position":1,"name":"Startseite","item":"https:\/\/www.tsp.at\/en\/"},{"@type":"ListItem","position":2,"name":"Sch\u00f6nheit verpflichtet: Anti-Aging-Sonnenschutz"}]},{"@type":"WebSite","@id":"https:\/\/www.tsp.at\/en\/#website","url":"https:\/\/www.tsp.at\/en\/","name":"Temmel | Seywald - Corporate Communications","description":"Kommunikation ist Beziehungsarbeit","publisher":{"@id":"https:\/\/www.tsp.at\/en\/#organization"},"potentialAction":[{"@type":"SearchAction","target":{"@type":"EntryPoint","urlTemplate":"https:\/\/www.tsp.at\/en\/?s={search_term_string}"},"query-input":{"@type":"PropertyValueSpecification","valueRequired":true,"valueName":"search_term_string"}}],"inLanguage":"en-US"},{"@type":"Organization","@id":"https:\/\/www.tsp.at\/en\/#organization","name":"Temmel, Seywald & Partner Communications GesmbH","alternateName":"TSP","url":"https:\/\/www.tsp.at\/en\/","logo":{"@type":"ImageObject","inLanguage":"en-US","@id":"https:\/\/www.tsp.at\/en\/#\/schema\/logo\/image\/","url":"https:\/\/www.tsp.at\/wp-content\/uploads\/2025\/10\/favicontsp.png","contentUrl":"https:\/\/www.tsp.at\/wp-content\/uploads\/2025\/10\/favicontsp.png","width":125,"height":125,"caption":"Temmel, Seywald & Partner Communications GesmbH"},"image":{"@id":"https:\/\/www.tsp.at\/en\/#\/schema\/logo\/image\/"},"sameAs":["https:\/\/www.facebook.com\/TemmelSeywald"]},{"@type":"Person","@id":"https:\/\/www.tsp.at\/en\/#\/schema\/person\/1ba5600c29da17b902b0925cea567f8a","name":"TSP Redaktion"}]}},"_links":{"self":[{"href":"https:\/\/www.tsp.at\/en\/wp-json\/wp\/v2\/posts\/10643","targetHints":{"allow":["GET"]}}],"collection":[{"href":"https:\/\/www.tsp.at\/en\/wp-json\/wp\/v2\/posts"}],"about":[{"href":"https:\/\/www.tsp.at\/en\/wp-json\/wp\/v2\/types\/post"}],"author":[{"embeddable":true,"href":"https:\/\/www.tsp.at\/en\/wp-json\/wp\/v2\/users\/2"}],"replies":[{"embeddable":true,"href":"https:\/\/www.tsp.at\/en\/wp-json\/wp\/v2\/comments?post=10643"}],"version-history":[{"count":1,"href":"https:\/\/www.tsp.at\/en\/wp-json\/wp\/v2\/posts\/10643\/revisions"}],"predecessor-version":[{"id":11732,"href":"https:\/\/www.tsp.at\/en\/wp-json\/wp\/v2\/posts\/10643\/revisions\/11732"}],"wp:featuredmedia":[{"embeddable":true,"href":"https:\/\/www.tsp.at\/en\/wp-json\/wp\/v2\/media\/10642"}],"wp:attachment":[{"href":"https:\/\/www.tsp.at\/en\/wp-json\/wp\/v2\/media?parent=10643"}],"wp:term":[{"taxonomy":"category","embeddable":true,"href":"https:\/\/www.tsp.at\/en\/wp-json\/wp\/v2\/categories?post=10643"},{"taxonomy":"post_tag","embeddable":true,"href":"https:\/\/www.tsp.at\/en\/wp-json\/wp\/v2\/tags?post=10643"}],"curies":[{"name":"wp","href":"https:\/\/api.w.org\/{rel}","templated":true}]}}