{"id":10695,"date":"2012-05-21T12:25:00","date_gmt":"2012-05-21T10:25:00","guid":{"rendered":"https:\/\/staging.tsp.at\/2012\/05\/21\/social-media-praxis-tour-geht-in-die-sommerpause\/"},"modified":"2025-10-21T14:58:56","modified_gmt":"2025-10-21T12:58:56","slug":"social-media-praxis-tour-geht-in-die-sommerpause","status":"publish","type":"post","link":"https:\/\/www.tsp.at\/en\/2012\/05\/21\/social-media-praxis-tour-geht-in-die-sommerpause\/","title":{"rendered":"Social Media Praxis-Tour geht in die Sommerpause"},"content":{"rendered":"<article class=\"item\">\n<h2><strong>Weitere Workshops im Herbst geplant: Wissen und Know-how z\u00e4hlen<\/strong><\/h2>\n<p>21.05.2012<\/p>\n<\/p>\n<\/p>\n<\/p>\n<\/p>\n<\/p>\n<p>Wien \u2013 40 Workshops in \u00fcber 20 St\u00e4dten, 900 TeilnehmerInnen und eine Frage: Unternehmenskommunikation 2.0, wie funktioniert sie und worauf kommt es an? Das Social Media-Team der Nachrichtenagentur pressetext gab im Rahmen seiner Praxis-Tour im Fr\u00fchjahr 2012 viele praktische Antworten, warf aber auch neue Fragen auf, die es bei der Kommunikation in sozialen Netzwerken zu beachten gilt. Fest steht, dass die Praxis-Tour mit der Staffel V. im Herbst fortgesetzt wird, sagt Organisator Wilfried <span class=\"FtxtHl\">Seywald<\/span> <a href=\"http:\/\/pressetext.com\/workshops\/smp4\" rel=\"external\" target=\"_blank\">http:\/\/pressetext.com\/workshops\/smp4<\/a>. Bis dahin steht das Team f\u00fcr Inhouse-Trainings zur Verf\u00fcgung. Information: workshops@pressetext.com.\n<\/p>\n<p class=\"FtxtP\">Teilnehmer wie Referenten waren sich einig: Die Informationsspirale dreht sich immer rascher. Thomas Langenberg von Halalati <a href=\"http:\/\/halalati.com\" rel=\"external\" target=\"_blank\">http:\/\/halalati.com<\/a> informierte in M\u00fcnchen \u00fcber neue Facebook-Strategien, Michael Kausch von vibrio <a href=\"http:\/\/vibrio.de\" rel=\"external\" target=\"_blank\">http:\/\/vibrio.de<\/a> \u00fcber die PR-Zukunft im Social Web. Stephan Fink von Fink &amp; Fuchs <a href=\"http:\/\/ffpr.de\" rel=\"external\" target=\"_blank\">http:\/\/ffpr.de<\/a> gab in Wiesbaden Einblick in sein Leben als Social Media-Manager. Was will ich mit Facebook, Twitter &amp; Co. \u00fcberhaupt erreichen? Das sei die Kernfrage, die sich jeder Kommunikationsverantwortliche stellen m\u00fcsse. Am Ende z\u00e4hlt nicht die Masse, sondern die Klasse. Die Zielgruppe muss erreicht werden.<\/p>\n<p class=\"FtxtP\"><strong><span class=\"FtxtBold\" style=\"margin-bottom: 10px;\">Social Media Community wie einen Garten pflegen<\/span><\/strong><\/p>\n<p class=\"FtxtP\">Der Basler Networking-Profi Daniel Kobell <a href=\"http:\/\/www.commpact.ch\" rel=\"external\" target=\"_blank\">http:\/\/www.commpact.ch<\/a> erl\u00e4uterte, soziale Netzwerke m\u00fcssten wie ein Garten gepflegt werden. Nur dann bringen sie Freude. Marie-Christine Schindler <a href=\"http:\/\/www.mcschindler.com\" rel=\"external\" target=\"_blank\">http:\/\/www.mcschindler.com<\/a> warnte in Z\u00fcrich aber vor allzu gro\u00dfen Illusionen: Fans &amp; Followers aufzubauen sei eine m\u00fchsame Aufgabenstellung, und brauche Zeit und Know-how. Daniel Schwarz von den Schweizer Bundesbahnen gab in Bern Einblick in die Arbeit eines Community-Managers. Bei den SBB dienten Facebook, Twitter &amp; Co. vor allem dem Kundensupport, sagte Schwarz.<\/p>\n<p class=\"FtxtP\">Beim Praxis-Workshop in Wien stand Google+ auf dem Pr\u00fcfstand. Die Unternehmensberaterin Natascha Ljubic <a href=\"http:\/\/wds7.at\" rel=\"external\" target=\"_blank\">http:\/\/wds7.at<\/a> gab sich hier \u00fcberzeugt, dass sich Google+ mit Features wie Hangouts oder Google Docs mittelfristig als Netzwerk f\u00fcr Professionals durchsetzen werde. Die Pr\u00e4senz dort diene nicht zuletzt auch dem Google-Ranking eines Unternehmens, sagte Ljubic.<\/p>\n<p class=\"FtxtP\">F\u00fcr den Social Media-Spezialisten Andr\u00e9 Lapehn <a href=\"http:\/\/reviergold.de\" rel=\"external\" target=\"_blank\">http:\/\/reviergold.de<\/a> von der Agentur Reviergold ist Social Media nicht nur Marketing und Verkauf. Intakte Beziehungen mit Kunden und Stakeholdern k\u00f6nnten Gold wert sein, zum Beispiel in Momenten, in denen es unternehmerisch mal nicht so glatt l\u00e4uft, sagte er in K\u00f6ln und betonte, die eigene Webseite sei dabei zentrale Informations- und Anlaufstelle.<\/p>\n<p class=\"FtxtP\"><span class=\"FtxtBold\" style=\"margin-bottom: 10px;\"><strong> Das Rezept &#8220;Disruptive Scheme&#8221;<\/strong> <\/span><\/p>\n<p class=\"FtxtP\">Bj\u00f6rn K\u00f6cher von JDB Media in Hamburg <a href=\"http:\/\/www.jdb.de\" rel=\"external\" target=\"_blank\">http:\/\/www.jdb.de<\/a> verglich die Notwendigkeit des Investments in soziale Netzwerke mit dem Roh\u00f6l-Bedarf der Industrie. Man braucht den Rohstoff zum Betrieb des Unternehmens. Torsten Panzer, Gesch\u00e4ftsf\u00fchrer der Social Media Akademie <a href=\"http:\/\/socialmediaakademie.de\/\" rel=\"external\" target=\"_blank\">http:\/\/socialmediaakademie.de\/<\/a> erl\u00e4uterte das &#8220;Disruptive Scheme&#8221;: Nur wer gegen in der Kommunikation gegen den Strich b\u00fcgelt, der f\u00e4llt auf. Aber auch die Zeit des Experimientierens sei vorbei &#8211; Professionalit\u00e4t und fundierte Planung sind die Schl\u00fcssel zum Erfolg.<\/p>\n<p class=\"FtxtP\">Unter den Gastreferenten der Workshop-Tour waren zahlreiche bekannte PR- und Social Media-Profis, so Stephan Fink von Fink &amp; Fuchs, Pia Lauck oder Eike T\u00f6lle von Landau Media. <a href=\"http:\/\/landau-media.de\" rel=\"external\" target=\"_blank\">http:\/\/landau-media.de<\/a> . Alle Referate der Tour sind f\u00fcr TeilnehmerInnen in der Downloadzone verf\u00fcgbar. Und mit dem Besuch des Workshops sind auch Beratung und Hilfestellung im Anschluss verkn\u00fcpft. Alle Vortragenden haben angeboten, im Nachgang f\u00fcr Fragen und Tipps zur Verf\u00fcgung zu stehen, allen voran die Hauptreferenten Alex Wunschel aus M\u00fcnchen und Michael Ehlers aus Bamberg.<\/p>\n<p class=\"FtxtP\"><strong>Die n\u00e4chsten Workshop-Stationen im Herbst:<\/strong> <a href=\"http:\/\/pressetext.com\/workshops\/smp4\" rel=\"external\" target=\"_blank\">http:\/\/pressetext.com\/workshops\/smp4<\/a><\/p>\n<p class=\"FtxtP\">Impressionen von der Social Media Praxis Tour im April und Mai 2012auf Fotodienst (frei zum Download, frei zur Verwendung): <a href=\"http:\/\/fotodienst.pressetext.com\/album\/3001\" rel=\"external\" target=\"_blank\">http:\/\/fotodienst.pressetext.com\/album\/3001<\/a><\/p>\n<p class=\"FtxtP\">Fotodienst Social Media Praxis Tour Februar 2012:<br \/> <a href=\"http:\/\/fotodienst.pressetext.com\/album\/2929\" rel=\"external\" target=\"_blank\">http:\/\/fotodienst.pressetext.com\/album\/2929<\/a><\/p>\n<p class=\"FtxtP\">Facebook: Fotos von der Tour auch auf <a href=\"http:\/\/facebook.com\/pressetext\" rel=\"external\" target=\"_blank\">http:\/\/facebook.com\/pressetext<\/a><\/p>\n<p class=\"FtxtP\">Informationen f\u00fcr Referenten und TeilnehmerInnen: <br \/> 0043-1-81140-300 und workshops@pressetext.com<\/p>\n<\/article>\n","protected":false},"excerpt":{"rendered":"<p>Weitere Workshops im Herbst geplant: Wissen und Know-how z\u00e4hlen 21.05.2012 Wien \u2013 40 Workshops in \u00fcber 20 St\u00e4dten, 900 TeilnehmerInnen und eine Frage: Unternehmenskommunikation 2.0, wie funktioniert sie und worauf kommt es an? Das Social Media-Team der Nachrichtenagentur pressetext gab im Rahmen seiner Praxis-Tour im Fr\u00fchjahr 2012 viele praktische Antworten, warf aber auch neue Fragen&hellip;<\/p>\n","protected":false},"author":2,"featured_media":10694,"comment_status":"closed","ping_status":"closed","sticky":false,"template":"","format":"standard","meta":{"footnotes":""},"categories":[3],"tags":[],"class_list":["post-10695","post","type-post","status-publish","format-standard","has-post-thumbnail","hentry","category-news","category-3","description-off"],"yoast_head":"<!-- This site is optimized with the Yoast SEO plugin v26.3 - https:\/\/yoast.com\/wordpress\/plugins\/seo\/ -->\n<title>Social Media Praxis-Tour geht in die Sommerpause - Temmel | Seywald - Corporate Communications<\/title>\n<meta name=\"robots\" content=\"index, follow, max-snippet:-1, max-image-preview:large, max-video-preview:-1\" \/>\n<link rel=\"canonical\" href=\"https:\/\/www.tsp.at\/en\/2012\/05\/21\/social-media-praxis-tour-geht-in-die-sommerpause\/\" \/>\n<meta property=\"og:locale\" content=\"en_US\" \/>\n<meta property=\"og:type\" content=\"article\" \/>\n<meta property=\"og:title\" content=\"Social Media Praxis-Tour geht in die Sommerpause - Temmel | Seywald - Corporate Communications\" \/>\n<meta property=\"og:description\" content=\"Weitere Workshops im Herbst geplant: Wissen und Know-how z\u00e4hlen 21.05.2012 Wien \u2013 40 Workshops in \u00fcber 20 St\u00e4dten, 900 TeilnehmerInnen und eine Frage: Unternehmenskommunikation 2.0, wie funktioniert sie und worauf kommt es an? Das Social Media-Team der Nachrichtenagentur pressetext gab im Rahmen seiner Praxis-Tour im Fr\u00fchjahr 2012 viele praktische Antworten, warf aber auch neue Fragen&hellip;\" \/>\n<meta property=\"og:url\" content=\"https:\/\/www.tsp.at\/en\/2012\/05\/21\/social-media-praxis-tour-geht-in-die-sommerpause\/\" \/>\n<meta property=\"og:site_name\" content=\"Temmel | Seywald - Corporate Communications\" \/>\n<meta property=\"article:publisher\" content=\"https:\/\/www.facebook.com\/TemmelSeywald\" \/>\n<meta property=\"article:published_time\" content=\"2012-05-21T10:25:00+00:00\" \/>\n<meta property=\"article:modified_time\" content=\"2025-10-21T12:58:56+00:00\" \/>\n<meta property=\"og:image\" content=\"https:\/\/www.tsp.at\/wp-content\/uploads\/2025\/10\/3_02.jpg\" \/>\n\t<meta property=\"og:image:width\" content=\"2100\" \/>\n\t<meta property=\"og:image:height\" content=\"1575\" \/>\n\t<meta property=\"og:image:type\" content=\"image\/jpeg\" \/>\n<meta name=\"author\" content=\"TSP Redaktion\" \/>\n<meta name=\"twitter:card\" content=\"summary_large_image\" \/>\n<meta name=\"twitter:label1\" content=\"Written by\" \/>\n\t<meta name=\"twitter:data1\" content=\"TSP Redaktion\" \/>\n\t<meta name=\"twitter:label2\" content=\"Est. reading time\" \/>\n\t<meta name=\"twitter:data2\" content=\"4 minutes\" \/>\n<script type=\"application\/ld+json\" class=\"yoast-schema-graph\">{\"@context\":\"https:\/\/schema.org\",\"@graph\":[{\"@type\":\"Article\",\"@id\":\"https:\/\/www.tsp.at\/en\/2012\/05\/21\/social-media-praxis-tour-geht-in-die-sommerpause\/#article\",\"isPartOf\":{\"@id\":\"https:\/\/www.tsp.at\/en\/2012\/05\/21\/social-media-praxis-tour-geht-in-die-sommerpause\/\"},\"author\":{\"name\":\"TSP Redaktion\",\"@id\":\"https:\/\/www.tsp.at\/en\/#\/schema\/person\/1ba5600c29da17b902b0925cea567f8a\"},\"headline\":\"Social Media Praxis-Tour geht in die Sommerpause\",\"datePublished\":\"2012-05-21T10:25:00+00:00\",\"dateModified\":\"2025-10-21T12:58:56+00:00\",\"mainEntityOfPage\":{\"@id\":\"https:\/\/www.tsp.at\/en\/2012\/05\/21\/social-media-praxis-tour-geht-in-die-sommerpause\/\"},\"wordCount\":658,\"publisher\":{\"@id\":\"https:\/\/www.tsp.at\/en\/#organization\"},\"image\":{\"@id\":\"https:\/\/www.tsp.at\/en\/2012\/05\/21\/social-media-praxis-tour-geht-in-die-sommerpause\/#primaryimage\"},\"thumbnailUrl\":\"https:\/\/www.tsp.at\/wp-content\/uploads\/2025\/10\/3_02.jpg\",\"articleSection\":[\"News\"],\"inLanguage\":\"en-US\"},{\"@type\":\"WebPage\",\"@id\":\"https:\/\/www.tsp.at\/en\/2012\/05\/21\/social-media-praxis-tour-geht-in-die-sommerpause\/\",\"url\":\"https:\/\/www.tsp.at\/en\/2012\/05\/21\/social-media-praxis-tour-geht-in-die-sommerpause\/\",\"name\":\"Social Media Praxis-Tour geht in die Sommerpause - Temmel | Seywald - Corporate Communications\",\"isPartOf\":{\"@id\":\"https:\/\/www.tsp.at\/en\/#website\"},\"primaryImageOfPage\":{\"@id\":\"https:\/\/www.tsp.at\/en\/2012\/05\/21\/social-media-praxis-tour-geht-in-die-sommerpause\/#primaryimage\"},\"image\":{\"@id\":\"https:\/\/www.tsp.at\/en\/2012\/05\/21\/social-media-praxis-tour-geht-in-die-sommerpause\/#primaryimage\"},\"thumbnailUrl\":\"https:\/\/www.tsp.at\/wp-content\/uploads\/2025\/10\/3_02.jpg\",\"datePublished\":\"2012-05-21T10:25:00+00:00\",\"dateModified\":\"2025-10-21T12:58:56+00:00\",\"breadcrumb\":{\"@id\":\"https:\/\/www.tsp.at\/en\/2012\/05\/21\/social-media-praxis-tour-geht-in-die-sommerpause\/#breadcrumb\"},\"inLanguage\":\"en-US\",\"potentialAction\":[{\"@type\":\"ReadAction\",\"target\":[\"https:\/\/www.tsp.at\/en\/2012\/05\/21\/social-media-praxis-tour-geht-in-die-sommerpause\/\"]}]},{\"@type\":\"ImageObject\",\"inLanguage\":\"en-US\",\"@id\":\"https:\/\/www.tsp.at\/en\/2012\/05\/21\/social-media-praxis-tour-geht-in-die-sommerpause\/#primaryimage\",\"url\":\"https:\/\/www.tsp.at\/wp-content\/uploads\/2025\/10\/3_02.jpg\",\"contentUrl\":\"https:\/\/www.tsp.at\/wp-content\/uploads\/2025\/10\/3_02.jpg\",\"width\":2100,\"height\":1575},{\"@type\":\"BreadcrumbList\",\"@id\":\"https:\/\/www.tsp.at\/en\/2012\/05\/21\/social-media-praxis-tour-geht-in-die-sommerpause\/#breadcrumb\",\"itemListElement\":[{\"@type\":\"ListItem\",\"position\":1,\"name\":\"Startseite\",\"item\":\"https:\/\/www.tsp.at\/en\/\"},{\"@type\":\"ListItem\",\"position\":2,\"name\":\"Social Media Praxis-Tour geht in die Sommerpause\"}]},{\"@type\":\"WebSite\",\"@id\":\"https:\/\/www.tsp.at\/en\/#website\",\"url\":\"https:\/\/www.tsp.at\/en\/\",\"name\":\"Temmel | Seywald - Corporate Communications\",\"description\":\"Kommunikation ist Beziehungsarbeit\",\"publisher\":{\"@id\":\"https:\/\/www.tsp.at\/en\/#organization\"},\"potentialAction\":[{\"@type\":\"SearchAction\",\"target\":{\"@type\":\"EntryPoint\",\"urlTemplate\":\"https:\/\/www.tsp.at\/en\/?s={search_term_string}\"},\"query-input\":{\"@type\":\"PropertyValueSpecification\",\"valueRequired\":true,\"valueName\":\"search_term_string\"}}],\"inLanguage\":\"en-US\"},{\"@type\":\"Organization\",\"@id\":\"https:\/\/www.tsp.at\/en\/#organization\",\"name\":\"Temmel, Seywald & Partner Communications GesmbH\",\"alternateName\":\"TSP\",\"url\":\"https:\/\/www.tsp.at\/en\/\",\"logo\":{\"@type\":\"ImageObject\",\"inLanguage\":\"en-US\",\"@id\":\"https:\/\/www.tsp.at\/en\/#\/schema\/logo\/image\/\",\"url\":\"https:\/\/www.tsp.at\/wp-content\/uploads\/2025\/10\/favicontsp.png\",\"contentUrl\":\"https:\/\/www.tsp.at\/wp-content\/uploads\/2025\/10\/favicontsp.png\",\"width\":125,\"height\":125,\"caption\":\"Temmel, Seywald & Partner Communications GesmbH\"},\"image\":{\"@id\":\"https:\/\/www.tsp.at\/en\/#\/schema\/logo\/image\/\"},\"sameAs\":[\"https:\/\/www.facebook.com\/TemmelSeywald\"]},{\"@type\":\"Person\",\"@id\":\"https:\/\/www.tsp.at\/en\/#\/schema\/person\/1ba5600c29da17b902b0925cea567f8a\",\"name\":\"TSP Redaktion\"}]}<\/script>\n<!-- \/ Yoast SEO plugin. -->","yoast_head_json":{"title":"Social Media Praxis-Tour geht in die Sommerpause - Temmel | Seywald - Corporate Communications","robots":{"index":"index","follow":"follow","max-snippet":"max-snippet:-1","max-image-preview":"max-image-preview:large","max-video-preview":"max-video-preview:-1"},"canonical":"https:\/\/www.tsp.at\/en\/2012\/05\/21\/social-media-praxis-tour-geht-in-die-sommerpause\/","og_locale":"en_US","og_type":"article","og_title":"Social Media Praxis-Tour geht in die Sommerpause - Temmel | Seywald - Corporate Communications","og_description":"Weitere Workshops im Herbst geplant: Wissen und Know-how z\u00e4hlen 21.05.2012 Wien \u2013 40 Workshops in \u00fcber 20 St\u00e4dten, 900 TeilnehmerInnen und eine Frage: Unternehmenskommunikation 2.0, wie funktioniert sie und worauf kommt es an? Das Social Media-Team der Nachrichtenagentur pressetext gab im Rahmen seiner Praxis-Tour im Fr\u00fchjahr 2012 viele praktische Antworten, warf aber auch neue Fragen&hellip;","og_url":"https:\/\/www.tsp.at\/en\/2012\/05\/21\/social-media-praxis-tour-geht-in-die-sommerpause\/","og_site_name":"Temmel | Seywald - Corporate Communications","article_publisher":"https:\/\/www.facebook.com\/TemmelSeywald","article_published_time":"2012-05-21T10:25:00+00:00","article_modified_time":"2025-10-21T12:58:56+00:00","og_image":[{"width":2100,"height":1575,"url":"https:\/\/www.tsp.at\/wp-content\/uploads\/2025\/10\/3_02.jpg","type":"image\/jpeg"}],"author":"TSP Redaktion","twitter_card":"summary_large_image","twitter_misc":{"Written by":"TSP Redaktion","Est. reading time":"4 minutes"},"schema":{"@context":"https:\/\/schema.org","@graph":[{"@type":"Article","@id":"https:\/\/www.tsp.at\/en\/2012\/05\/21\/social-media-praxis-tour-geht-in-die-sommerpause\/#article","isPartOf":{"@id":"https:\/\/www.tsp.at\/en\/2012\/05\/21\/social-media-praxis-tour-geht-in-die-sommerpause\/"},"author":{"name":"TSP Redaktion","@id":"https:\/\/www.tsp.at\/en\/#\/schema\/person\/1ba5600c29da17b902b0925cea567f8a"},"headline":"Social Media Praxis-Tour geht in die Sommerpause","datePublished":"2012-05-21T10:25:00+00:00","dateModified":"2025-10-21T12:58:56+00:00","mainEntityOfPage":{"@id":"https:\/\/www.tsp.at\/en\/2012\/05\/21\/social-media-praxis-tour-geht-in-die-sommerpause\/"},"wordCount":658,"publisher":{"@id":"https:\/\/www.tsp.at\/en\/#organization"},"image":{"@id":"https:\/\/www.tsp.at\/en\/2012\/05\/21\/social-media-praxis-tour-geht-in-die-sommerpause\/#primaryimage"},"thumbnailUrl":"https:\/\/www.tsp.at\/wp-content\/uploads\/2025\/10\/3_02.jpg","articleSection":["News"],"inLanguage":"en-US"},{"@type":"WebPage","@id":"https:\/\/www.tsp.at\/en\/2012\/05\/21\/social-media-praxis-tour-geht-in-die-sommerpause\/","url":"https:\/\/www.tsp.at\/en\/2012\/05\/21\/social-media-praxis-tour-geht-in-die-sommerpause\/","name":"Social Media Praxis-Tour geht in die Sommerpause - Temmel | Seywald - Corporate Communications","isPartOf":{"@id":"https:\/\/www.tsp.at\/en\/#website"},"primaryImageOfPage":{"@id":"https:\/\/www.tsp.at\/en\/2012\/05\/21\/social-media-praxis-tour-geht-in-die-sommerpause\/#primaryimage"},"image":{"@id":"https:\/\/www.tsp.at\/en\/2012\/05\/21\/social-media-praxis-tour-geht-in-die-sommerpause\/#primaryimage"},"thumbnailUrl":"https:\/\/www.tsp.at\/wp-content\/uploads\/2025\/10\/3_02.jpg","datePublished":"2012-05-21T10:25:00+00:00","dateModified":"2025-10-21T12:58:56+00:00","breadcrumb":{"@id":"https:\/\/www.tsp.at\/en\/2012\/05\/21\/social-media-praxis-tour-geht-in-die-sommerpause\/#breadcrumb"},"inLanguage":"en-US","potentialAction":[{"@type":"ReadAction","target":["https:\/\/www.tsp.at\/en\/2012\/05\/21\/social-media-praxis-tour-geht-in-die-sommerpause\/"]}]},{"@type":"ImageObject","inLanguage":"en-US","@id":"https:\/\/www.tsp.at\/en\/2012\/05\/21\/social-media-praxis-tour-geht-in-die-sommerpause\/#primaryimage","url":"https:\/\/www.tsp.at\/wp-content\/uploads\/2025\/10\/3_02.jpg","contentUrl":"https:\/\/www.tsp.at\/wp-content\/uploads\/2025\/10\/3_02.jpg","width":2100,"height":1575},{"@type":"BreadcrumbList","@id":"https:\/\/www.tsp.at\/en\/2012\/05\/21\/social-media-praxis-tour-geht-in-die-sommerpause\/#breadcrumb","itemListElement":[{"@type":"ListItem","position":1,"name":"Startseite","item":"https:\/\/www.tsp.at\/en\/"},{"@type":"ListItem","position":2,"name":"Social Media Praxis-Tour geht in die Sommerpause"}]},{"@type":"WebSite","@id":"https:\/\/www.tsp.at\/en\/#website","url":"https:\/\/www.tsp.at\/en\/","name":"Temmel | Seywald - Corporate Communications","description":"Kommunikation ist Beziehungsarbeit","publisher":{"@id":"https:\/\/www.tsp.at\/en\/#organization"},"potentialAction":[{"@type":"SearchAction","target":{"@type":"EntryPoint","urlTemplate":"https:\/\/www.tsp.at\/en\/?s={search_term_string}"},"query-input":{"@type":"PropertyValueSpecification","valueRequired":true,"valueName":"search_term_string"}}],"inLanguage":"en-US"},{"@type":"Organization","@id":"https:\/\/www.tsp.at\/en\/#organization","name":"Temmel, Seywald & Partner Communications GesmbH","alternateName":"TSP","url":"https:\/\/www.tsp.at\/en\/","logo":{"@type":"ImageObject","inLanguage":"en-US","@id":"https:\/\/www.tsp.at\/en\/#\/schema\/logo\/image\/","url":"https:\/\/www.tsp.at\/wp-content\/uploads\/2025\/10\/favicontsp.png","contentUrl":"https:\/\/www.tsp.at\/wp-content\/uploads\/2025\/10\/favicontsp.png","width":125,"height":125,"caption":"Temmel, Seywald & Partner Communications GesmbH"},"image":{"@id":"https:\/\/www.tsp.at\/en\/#\/schema\/logo\/image\/"},"sameAs":["https:\/\/www.facebook.com\/TemmelSeywald"]},{"@type":"Person","@id":"https:\/\/www.tsp.at\/en\/#\/schema\/person\/1ba5600c29da17b902b0925cea567f8a","name":"TSP Redaktion"}]}},"_links":{"self":[{"href":"https:\/\/www.tsp.at\/en\/wp-json\/wp\/v2\/posts\/10695","targetHints":{"allow":["GET"]}}],"collection":[{"href":"https:\/\/www.tsp.at\/en\/wp-json\/wp\/v2\/posts"}],"about":[{"href":"https:\/\/www.tsp.at\/en\/wp-json\/wp\/v2\/types\/post"}],"author":[{"embeddable":true,"href":"https:\/\/www.tsp.at\/en\/wp-json\/wp\/v2\/users\/2"}],"replies":[{"embeddable":true,"href":"https:\/\/www.tsp.at\/en\/wp-json\/wp\/v2\/comments?post=10695"}],"version-history":[{"count":1,"href":"https:\/\/www.tsp.at\/en\/wp-json\/wp\/v2\/posts\/10695\/revisions"}],"predecessor-version":[{"id":11758,"href":"https:\/\/www.tsp.at\/en\/wp-json\/wp\/v2\/posts\/10695\/revisions\/11758"}],"wp:featuredmedia":[{"embeddable":true,"href":"https:\/\/www.tsp.at\/en\/wp-json\/wp\/v2\/media\/10694"}],"wp:attachment":[{"href":"https:\/\/www.tsp.at\/en\/wp-json\/wp\/v2\/media?parent=10695"}],"wp:term":[{"taxonomy":"category","embeddable":true,"href":"https:\/\/www.tsp.at\/en\/wp-json\/wp\/v2\/categories?post=10695"},{"taxonomy":"post_tag","embeddable":true,"href":"https:\/\/www.tsp.at\/en\/wp-json\/wp\/v2\/tags?post=10695"}],"curies":[{"name":"wp","href":"https:\/\/api.w.org\/{rel}","templated":true}]}}